{"id":11366,"date":"2018-04-05T09:39:18","date_gmt":"2018-04-05T09:39:18","guid":{"rendered":"http:\/\/www.altominho.tv\/site\/?p=11366"},"modified":"2018-04-05T09:39:18","modified_gmt":"2018-04-05T09:39:18","slug":"tribunal-europeu-dos-direitos-do-homem-rejeita-queixa-contra-portugal","status":"publish","type":"post","link":"https:\/\/www.altominho.tv\/site\/2018\/04\/05\/tribunal-europeu-dos-direitos-do-homem-rejeita-queixa-contra-portugal\/","title":{"rendered":"Tribunal Europeu dos Direitos do Homem rejeita queixa contra Portugal"},"content":{"rendered":"<p>O plen\u00e1rio do Tribunal Europeu dos Direitos do Homem (TEDH) julgou, por nove votos contra oito, que no caso que op\u00f5e o cidad\u00e3o portugu\u00eas Correia de Matos ao Estado n\u00e3o houve viola\u00e7\u00e3o do direito do arguido a ter um processo equitativo.<\/p>\n<p>O TEDH entendeu que a decis\u00e3o dos tribunais portugueses de exigir que Correia de Matos, advogado de forma\u00e7\u00e3o e t\u00e9cnico de contas de profiss\u00e3o, se fizesse representar por um advogado de defesa no processo penal em que era arguido n\u00e3o violou a Conven\u00e7\u00e3o Europeia dos Direitos do Homem.<\/p>\n<p>Carlos Correia de Matos, nascido em 1944, residente em Viana do Castelo, pretendia agir pessoalmente em ju\u00edzo e fazer a sua pr\u00f3pria defesa num processo penal em que estava acusado de inj\u00farias a um magistrado e no qual acabou condenado a dias de multa e a pagar uma indemniza\u00e7\u00e3o.<\/p>\n<p>No entanto, a sua inscri\u00e7\u00e3o na Ordem dos Advogados estava suspensa desde setembro de 1993 por se considerar que o exerc\u00edcio da profiss\u00e3o de advogado \u00e9 incompat\u00edvel com a de t\u00e9cnico de contas.<\/p>\n<p>Na decis\u00e3o agora tomada, o TEDH salienta que a imposi\u00e7\u00e3o dos tribunais portugueses resulta da obriga\u00e7\u00e3o legal do arguido se fazer representar por um advogado, por forma a garantir a defesa efetiva dos seus direitos e a boa administra\u00e7\u00e3o da justi\u00e7a.<\/p>\n<p>De acordo com a jurisprud\u00eancia do Supremo Tribunal de Justi\u00e7a portugu\u00eas, o arguido em processo penal n\u00e3o pode intervir pessoalmente, mesmo sendo advogado ou magistrado.<\/p>\n<p>Invocando o artigo 6.\u00ba da Conven\u00e7\u00e3o Europeia dos Direitos do Homem, Correia de Matos queixou-se ao TEDH de n\u00e3o ter beneficiado de um processo equitativo, insurgindo-se, em especial, pelo facto de ter sido impedido de se defender a si pr\u00f3prio.<\/p>\n","protected":false},"excerpt":{"rendered":"<p>O plen\u00e1rio do Tribunal Europeu dos Direitos do Homem (TEDH) julgou, por nove votos contra oito, que no caso que op\u00f5e o cidad\u00e3o portugu\u00eas Correia de Matos ao Estado n\u00e3o houve viola\u00e7\u00e3o do direito do arguido a ter um processo equitativo. O TEDH entendeu que a decis\u00e3o dos tribunais portugueses de exigir que Correia de [&hellip;]<\/p>\n","protected":false},"author":7,"featured_media":11367,"comment_status":"closed","ping_status":"closed","sticky":false,"template":"","format":"standard","meta":{"_exactmetrics_skip_tracking":false,"_exactmetrics_sitenote_active":false,"_exactmetrics_sitenote_note":"","_exactmetrics_sitenote_category":0,"footnotes":""},"categories":[73],"tags":[27],"class_list":["post-11366","post","type-post","status-publish","format-standard","has-post-thumbnail","hentry","category-alto-minho","tag-sociedade"],"yoast_head":"<!-- This site is optimized with the Yoast SEO Premium plugin v27.5 (Yoast SEO v27.5) - https:\/\/yoast.com\/product\/yoast-seo-premium-wordpress\/ -->\n<title>Tribunal Europeu dos Direitos do Homem rejeita queixa contra Portugal<\/title>\n<meta name=\"robots\" content=\"index, follow, max-snippet:-1, max-image-preview:large, max-video-preview:-1\" \/>\n<link rel=\"canonical\" href=\"https:\/\/www.altominho.tv\/site\/2018\/04\/05\/tribunal-europeu-dos-direitos-do-homem-rejeita-queixa-contra-portugal\/\" \/>\n<meta property=\"og:locale\" content=\"pt_PT\" \/>\n<meta property=\"og:type\" content=\"article\" \/>\n<meta property=\"og:title\" content=\"Tribunal Europeu dos Direitos do Homem rejeita queixa contra Portugal\" \/>\n<meta property=\"og:description\" content=\"O plen\u00e1rio do Tribunal Europeu dos Direitos do Homem (TEDH) julgou, por nove votos contra oito, que no caso que op\u00f5e o cidad\u00e3o portugu\u00eas Correia de Matos ao Estado n\u00e3o houve viola\u00e7\u00e3o do direito do arguido a ter um processo equitativo. O TEDH entendeu que a decis\u00e3o dos tribunais portugueses de exigir que Correia de [&hellip;]\" \/>\n<meta property=\"og:url\" content=\"https:\/\/www.altominho.tv\/site\/2018\/04\/05\/tribunal-europeu-dos-direitos-do-homem-rejeita-queixa-contra-portugal\/\" \/>\n<meta property=\"og:site_name\" content=\"Altominho.tv\" \/>\n<meta property=\"article:publisher\" content=\"https:\/\/www.facebook.com\/altominhotv\" \/>\n<meta property=\"article:published_time\" content=\"2018-04-05T09:39:18+00:00\" \/>\n<meta property=\"og:image\" content=\"https:\/\/www.altominho.tv\/site\/wp-content\/uploads\/2018\/04\/tribunal.jpg\" \/>\n\t<meta property=\"og:image:width\" content=\"818\" \/>\n\t<meta property=\"og:image:height\" content=\"455\" \/>\n\t<meta property=\"og:image:type\" content=\"image\/jpeg\" \/>\n<meta name=\"author\" content=\"Andreia Cunha\" \/>\n<meta name=\"twitter:card\" content=\"summary_large_image\" \/>\n<meta name=\"twitter:creator\" content=\"@altominhoTV\" \/>\n<meta name=\"twitter:site\" content=\"@altominhoTV\" \/>\n<meta name=\"twitter:label1\" content=\"Escrito por\" \/>\n\t<meta name=\"twitter:data1\" content=\"Andreia Cunha\" \/>\n\t<meta name=\"twitter:label2\" content=\"Tempo estimado de leitura\" \/>\n\t<meta name=\"twitter:data2\" content=\"2 minutos\" \/>\n<script type=\"application\/ld+json\" class=\"yoast-schema-graph\">{\"@context\":\"https:\\\/\\\/schema.org\",\"@graph\":[{\"@type\":\"Article\",\"@id\":\"https:\\\/\\\/www.altominho.tv\\\/site\\\/2018\\\/04\\\/05\\\/tribunal-europeu-dos-direitos-do-homem-rejeita-queixa-contra-portugal\\\/#article\",\"isPartOf\":{\"@id\":\"https:\\\/\\\/www.altominho.tv\\\/site\\\/2018\\\/04\\\/05\\\/tribunal-europeu-dos-direitos-do-homem-rejeita-queixa-contra-portugal\\\/\"},\"author\":{\"name\":\"Andreia Cunha\",\"@id\":\"https:\\\/\\\/www.altominho.tv\\\/site\\\/#\\\/schema\\\/person\\\/a0e4ef6d041f98ca284393d8f1d97153\"},\"headline\":\"Tribunal Europeu dos Direitos do Homem rejeita queixa contra Portugal\",\"datePublished\":\"2018-04-05T09:39:18+00:00\",\"mainEntityOfPage\":{\"@id\":\"https:\\\/\\\/www.altominho.tv\\\/site\\\/2018\\\/04\\\/05\\\/tribunal-europeu-dos-direitos-do-homem-rejeita-queixa-contra-portugal\\\/\"},\"wordCount\":316,\"image\":{\"@id\":\"https:\\\/\\\/www.altominho.tv\\\/site\\\/2018\\\/04\\\/05\\\/tribunal-europeu-dos-direitos-do-homem-rejeita-queixa-contra-portugal\\\/#primaryimage\"},\"thumbnailUrl\":\"https:\\\/\\\/www.altominho.tv\\\/site\\\/wp-content\\\/uploads\\\/2018\\\/04\\\/tribunal.jpg\",\"keywords\":[\"Sociedade\"],\"articleSection\":[\"Alto Minho\"],\"inLanguage\":\"pt-PT\",\"copyrightYear\":\"2018\",\"copyrightHolder\":{\"@id\":\"https:\\\/\\\/www.altominho.tv\\\/site\\\/#organization\"}},{\"@type\":\"WebPage\",\"@id\":\"https:\\\/\\\/www.altominho.tv\\\/site\\\/2018\\\/04\\\/05\\\/tribunal-europeu-dos-direitos-do-homem-rejeita-queixa-contra-portugal\\\/\",\"url\":\"https:\\\/\\\/www.altominho.tv\\\/site\\\/2018\\\/04\\\/05\\\/tribunal-europeu-dos-direitos-do-homem-rejeita-queixa-contra-portugal\\\/\",\"name\":\"Tribunal Europeu dos Direitos do Homem rejeita queixa contra Portugal\",\"isPartOf\":{\"@id\":\"https:\\\/\\\/www.altominho.tv\\\/site\\\/#website\"},\"primaryImageOfPage\":{\"@id\":\"https:\\\/\\\/www.altominho.tv\\\/site\\\/2018\\\/04\\\/05\\\/tribunal-europeu-dos-direitos-do-homem-rejeita-queixa-contra-portugal\\\/#primaryimage\"},\"image\":{\"@id\":\"https:\\\/\\\/www.altominho.tv\\\/site\\\/2018\\\/04\\\/05\\\/tribunal-europeu-dos-direitos-do-homem-rejeita-queixa-contra-portugal\\\/#primaryimage\"},\"thumbnailUrl\":\"https:\\\/\\\/www.altominho.tv\\\/site\\\/wp-content\\\/uploads\\\/2018\\\/04\\\/tribunal.jpg\",\"datePublished\":\"2018-04-05T09:39:18+00:00\",\"author\":{\"@id\":\"https:\\\/\\\/www.altominho.tv\\\/site\\\/#\\\/schema\\\/person\\\/a0e4ef6d041f98ca284393d8f1d97153\"},\"breadcrumb\":{\"@id\":\"https:\\\/\\\/www.altominho.tv\\\/site\\\/2018\\\/04\\\/05\\\/tribunal-europeu-dos-direitos-do-homem-rejeita-queixa-contra-portugal\\\/#breadcrumb\"},\"inLanguage\":\"pt-PT\",\"potentialAction\":[{\"@type\":\"ReadAction\",\"target\":[\"https:\\\/\\\/www.altominho.tv\\\/site\\\/2018\\\/04\\\/05\\\/tribunal-europeu-dos-direitos-do-homem-rejeita-queixa-contra-portugal\\\/\"]}]},{\"@type\":\"ImageObject\",\"inLanguage\":\"pt-PT\",\"@id\":\"https:\\\/\\\/www.altominho.tv\\\/site\\\/2018\\\/04\\\/05\\\/tribunal-europeu-dos-direitos-do-homem-rejeita-queixa-contra-portugal\\\/#primaryimage\",\"url\":\"https:\\\/\\\/www.altominho.tv\\\/site\\\/wp-content\\\/uploads\\\/2018\\\/04\\\/tribunal.jpg\",\"contentUrl\":\"https:\\\/\\\/www.altominho.tv\\\/site\\\/wp-content\\\/uploads\\\/2018\\\/04\\\/tribunal.jpg\",\"width\":818,\"height\":455},{\"@type\":\"BreadcrumbList\",\"@id\":\"https:\\\/\\\/www.altominho.tv\\\/site\\\/2018\\\/04\\\/05\\\/tribunal-europeu-dos-direitos-do-homem-rejeita-queixa-contra-portugal\\\/#breadcrumb\",\"itemListElement\":[{\"@type\":\"ListItem\",\"position\":1,\"name\":\"In\u00edcio\",\"item\":\"https:\\\/\\\/www.altominho.tv\\\/site\\\/\"},{\"@type\":\"ListItem\",\"position\":2,\"name\":\"Tribunal Europeu dos Direitos do Homem rejeita queixa contra Portugal\"}]},{\"@type\":\"WebSite\",\"@id\":\"https:\\\/\\\/www.altominho.tv\\\/site\\\/#website\",\"url\":\"https:\\\/\\\/www.altominho.tv\\\/site\\\/\",\"name\":\"Altominho.tv\",\"description\":\"A sua regi\u00e3o \u00e0 dist\u00e2ncia de um clique...\",\"potentialAction\":[{\"@type\":\"SearchAction\",\"target\":{\"@type\":\"EntryPoint\",\"urlTemplate\":\"https:\\\/\\\/www.altominho.tv\\\/site\\\/?s={search_term_string}\"},\"query-input\":{\"@type\":\"PropertyValueSpecification\",\"valueRequired\":true,\"valueName\":\"search_term_string\"}}],\"inLanguage\":\"pt-PT\"},{\"@type\":\"Person\",\"@id\":\"https:\\\/\\\/www.altominho.tv\\\/site\\\/#\\\/schema\\\/person\\\/a0e4ef6d041f98ca284393d8f1d97153\",\"name\":\"Andreia Cunha\",\"image\":{\"@type\":\"ImageObject\",\"inLanguage\":\"pt-PT\",\"@id\":\"https:\\\/\\\/www.altominho.tv\\\/site\\\/wp-content\\\/uploads\\\/2017\\\/11\\\/Andreia_Cunha-1-150x150.jpg\",\"url\":\"https:\\\/\\\/www.altominho.tv\\\/site\\\/wp-content\\\/uploads\\\/2017\\\/11\\\/Andreia_Cunha-1-150x150.jpg\",\"contentUrl\":\"https:\\\/\\\/www.altominho.tv\\\/site\\\/wp-content\\\/uploads\\\/2017\\\/11\\\/Andreia_Cunha-1-150x150.jpg\",\"caption\":\"Andreia Cunha\"},\"url\":\"https:\\\/\\\/www.altominho.tv\\\/site\\\/author\\\/andreiacunha\\\/\"}]}<\/script>\n<!-- \/ Yoast SEO Premium plugin. -->","yoast_head_json":{"title":"Tribunal Europeu dos Direitos do Homem rejeita queixa contra Portugal","robots":{"index":"index","follow":"follow","max-snippet":"max-snippet:-1","max-image-preview":"max-image-preview:large","max-video-preview":"max-video-preview:-1"},"canonical":"https:\/\/www.altominho.tv\/site\/2018\/04\/05\/tribunal-europeu-dos-direitos-do-homem-rejeita-queixa-contra-portugal\/","og_locale":"pt_PT","og_type":"article","og_title":"Tribunal Europeu dos Direitos do Homem rejeita queixa contra Portugal","og_description":"O plen\u00e1rio do Tribunal Europeu dos Direitos do Homem (TEDH) julgou, por nove votos contra oito, que no caso que op\u00f5e o cidad\u00e3o portugu\u00eas Correia de Matos ao Estado n\u00e3o houve viola\u00e7\u00e3o do direito do arguido a ter um processo equitativo. O TEDH entendeu que a decis\u00e3o dos tribunais portugueses de exigir que Correia de [&hellip;]","og_url":"https:\/\/www.altominho.tv\/site\/2018\/04\/05\/tribunal-europeu-dos-direitos-do-homem-rejeita-queixa-contra-portugal\/","og_site_name":"Altominho.tv","article_publisher":"https:\/\/www.facebook.com\/altominhotv","article_published_time":"2018-04-05T09:39:18+00:00","og_image":[{"width":818,"height":455,"url":"https:\/\/www.altominho.tv\/site\/wp-content\/uploads\/2018\/04\/tribunal.jpg","type":"image\/jpeg"}],"author":"Andreia Cunha","twitter_card":"summary_large_image","twitter_creator":"@altominhoTV","twitter_site":"@altominhoTV","twitter_misc":{"Escrito por":"Andreia Cunha","Tempo estimado de leitura":"2 minutos"},"schema":{"@context":"https:\/\/schema.org","@graph":[{"@type":"Article","@id":"https:\/\/www.altominho.tv\/site\/2018\/04\/05\/tribunal-europeu-dos-direitos-do-homem-rejeita-queixa-contra-portugal\/#article","isPartOf":{"@id":"https:\/\/www.altominho.tv\/site\/2018\/04\/05\/tribunal-europeu-dos-direitos-do-homem-rejeita-queixa-contra-portugal\/"},"author":{"name":"Andreia Cunha","@id":"https:\/\/www.altominho.tv\/site\/#\/schema\/person\/a0e4ef6d041f98ca284393d8f1d97153"},"headline":"Tribunal Europeu dos Direitos do Homem rejeita queixa contra Portugal","datePublished":"2018-04-05T09:39:18+00:00","mainEntityOfPage":{"@id":"https:\/\/www.altominho.tv\/site\/2018\/04\/05\/tribunal-europeu-dos-direitos-do-homem-rejeita-queixa-contra-portugal\/"},"wordCount":316,"image":{"@id":"https:\/\/www.altominho.tv\/site\/2018\/04\/05\/tribunal-europeu-dos-direitos-do-homem-rejeita-queixa-contra-portugal\/#primaryimage"},"thumbnailUrl":"https:\/\/www.altominho.tv\/site\/wp-content\/uploads\/2018\/04\/tribunal.jpg","keywords":["Sociedade"],"articleSection":["Alto Minho"],"inLanguage":"pt-PT","copyrightYear":"2018","copyrightHolder":{"@id":"https:\/\/www.altominho.tv\/site\/#organization"}},{"@type":"WebPage","@id":"https:\/\/www.altominho.tv\/site\/2018\/04\/05\/tribunal-europeu-dos-direitos-do-homem-rejeita-queixa-contra-portugal\/","url":"https:\/\/www.altominho.tv\/site\/2018\/04\/05\/tribunal-europeu-dos-direitos-do-homem-rejeita-queixa-contra-portugal\/","name":"Tribunal Europeu dos Direitos do Homem rejeita queixa contra Portugal","isPartOf":{"@id":"https:\/\/www.altominho.tv\/site\/#website"},"primaryImageOfPage":{"@id":"https:\/\/www.altominho.tv\/site\/2018\/04\/05\/tribunal-europeu-dos-direitos-do-homem-rejeita-queixa-contra-portugal\/#primaryimage"},"image":{"@id":"https:\/\/www.altominho.tv\/site\/2018\/04\/05\/tribunal-europeu-dos-direitos-do-homem-rejeita-queixa-contra-portugal\/#primaryimage"},"thumbnailUrl":"https:\/\/www.altominho.tv\/site\/wp-content\/uploads\/2018\/04\/tribunal.jpg","datePublished":"2018-04-05T09:39:18+00:00","author":{"@id":"https:\/\/www.altominho.tv\/site\/#\/schema\/person\/a0e4ef6d041f98ca284393d8f1d97153"},"breadcrumb":{"@id":"https:\/\/www.altominho.tv\/site\/2018\/04\/05\/tribunal-europeu-dos-direitos-do-homem-rejeita-queixa-contra-portugal\/#breadcrumb"},"inLanguage":"pt-PT","potentialAction":[{"@type":"ReadAction","target":["https:\/\/www.altominho.tv\/site\/2018\/04\/05\/tribunal-europeu-dos-direitos-do-homem-rejeita-queixa-contra-portugal\/"]}]},{"@type":"ImageObject","inLanguage":"pt-PT","@id":"https:\/\/www.altominho.tv\/site\/2018\/04\/05\/tribunal-europeu-dos-direitos-do-homem-rejeita-queixa-contra-portugal\/#primaryimage","url":"https:\/\/www.altominho.tv\/site\/wp-content\/uploads\/2018\/04\/tribunal.jpg","contentUrl":"https:\/\/www.altominho.tv\/site\/wp-content\/uploads\/2018\/04\/tribunal.jpg","width":818,"height":455},{"@type":"BreadcrumbList","@id":"https:\/\/www.altominho.tv\/site\/2018\/04\/05\/tribunal-europeu-dos-direitos-do-homem-rejeita-queixa-contra-portugal\/#breadcrumb","itemListElement":[{"@type":"ListItem","position":1,"name":"In\u00edcio","item":"https:\/\/www.altominho.tv\/site\/"},{"@type":"ListItem","position":2,"name":"Tribunal Europeu dos Direitos do Homem rejeita queixa contra Portugal"}]},{"@type":"WebSite","@id":"https:\/\/www.altominho.tv\/site\/#website","url":"https:\/\/www.altominho.tv\/site\/","name":"Altominho.tv","description":"A sua regi\u00e3o \u00e0 dist\u00e2ncia de um clique...","potentialAction":[{"@type":"SearchAction","target":{"@type":"EntryPoint","urlTemplate":"https:\/\/www.altominho.tv\/site\/?s={search_term_string}"},"query-input":{"@type":"PropertyValueSpecification","valueRequired":true,"valueName":"search_term_string"}}],"inLanguage":"pt-PT"},{"@type":"Person","@id":"https:\/\/www.altominho.tv\/site\/#\/schema\/person\/a0e4ef6d041f98ca284393d8f1d97153","name":"Andreia Cunha","image":{"@type":"ImageObject","inLanguage":"pt-PT","@id":"https:\/\/www.altominho.tv\/site\/wp-content\/uploads\/2017\/11\/Andreia_Cunha-1-150x150.jpg","url":"https:\/\/www.altominho.tv\/site\/wp-content\/uploads\/2017\/11\/Andreia_Cunha-1-150x150.jpg","contentUrl":"https:\/\/www.altominho.tv\/site\/wp-content\/uploads\/2017\/11\/Andreia_Cunha-1-150x150.jpg","caption":"Andreia Cunha"},"url":"https:\/\/www.altominho.tv\/site\/author\/andreiacunha\/"}]}},"_links":{"self":[{"href":"https:\/\/www.altominho.tv\/site\/wp-json\/wp\/v2\/posts\/11366","targetHints":{"allow":["GET"]}}],"collection":[{"href":"https:\/\/www.altominho.tv\/site\/wp-json\/wp\/v2\/posts"}],"about":[{"href":"https:\/\/www.altominho.tv\/site\/wp-json\/wp\/v2\/types\/post"}],"author":[{"embeddable":true,"href":"https:\/\/www.altominho.tv\/site\/wp-json\/wp\/v2\/users\/7"}],"replies":[{"embeddable":true,"href":"https:\/\/www.altominho.tv\/site\/wp-json\/wp\/v2\/comments?post=11366"}],"version-history":[{"count":0,"href":"https:\/\/www.altominho.tv\/site\/wp-json\/wp\/v2\/posts\/11366\/revisions"}],"wp:featuredmedia":[{"embeddable":true,"href":"https:\/\/www.altominho.tv\/site\/wp-json\/wp\/v2\/media\/11367"}],"wp:attachment":[{"href":"https:\/\/www.altominho.tv\/site\/wp-json\/wp\/v2\/media?parent=11366"}],"wp:term":[{"taxonomy":"category","embeddable":true,"href":"https:\/\/www.altominho.tv\/site\/wp-json\/wp\/v2\/categories?post=11366"},{"taxonomy":"post_tag","embeddable":true,"href":"https:\/\/www.altominho.tv\/site\/wp-json\/wp\/v2\/tags?post=11366"}],"curies":[{"name":"wp","href":"https:\/\/api.w.org\/{rel}","templated":true}]}}