{"id":113652,"date":"2025-01-08T11:55:54","date_gmt":"2025-01-08T11:55:54","guid":{"rendered":"https:\/\/www.altominho.tv\/site\/?p=113652"},"modified":"2025-01-08T12:15:28","modified_gmt":"2025-01-08T12:15:28","slug":"camara-de-viana-atribui-13-bolsas-de-estudo-para-o-ensino-superior","status":"publish","type":"post","link":"https:\/\/www.altominho.tv\/site\/2025\/01\/08\/camara-de-viana-atribui-13-bolsas-de-estudo-para-o-ensino-superior\/","title":{"rendered":"C\u00e2mara de Viana atribui 13 Bolsas de Estudo para o Ensino Superior"},"content":{"rendered":"<p><span data-contrast=\"auto\">A C\u00e2mara Municipal de Viana do Castelo aprovou ontem, em reuni\u00e3o ordin\u00e1ria, atribuir 13 Bolsas de Estudo do 1\u00ba ciclo do Ensino Superior para o ano letivo 2024\/2025.<\/span><span data-ccp-props=\"{}\">\u00a0<\/span><\/p>\n<p><span data-contrast=\"auto\">&#8220;A atribui\u00e7\u00e3o de bolsas de estudo aos alunos matriculados ou inscritos no 1\u00ba ciclo do ensino superior, residentes no concelho vianense, \u00e9 uma forma de estimular a continua\u00e7\u00e3o dos estudos pelos alunos com menos possibilidades econ\u00f3micas. O objetivo \u00e9 contribuir ativamente para o desenvolvimento educacional do concelho de Viana do Castelo&#8221;, afirma a autarquia.<\/span><\/p>\n<p><span data-contrast=\"auto\">Para o presente ano letivo, ser\u00e3o atribu\u00eddas 13 bolsas, das quais 11 para alunos que frequentem o Instituto Polit\u00e9cnico de Viana do Castelo e 2 para alunos que frequentem outras institui\u00e7\u00f5es de ensino superior.<\/span><span data-ccp-props=\"{}\">\u00a0<\/span><\/p>\n<p><span data-contrast=\"auto\">A Bolsa de Estudo \u00e9 paga em presta\u00e7\u00f5es trimestrais, mediante apresenta\u00e7\u00e3o de comprovativo de frequ\u00eancia do estabelecimento de ensino. O Munic\u00edpio recebeu 34 candidaturas, das quais resultaram 13 benefici\u00e1rios, sendo que o valor atribu\u00eddo pela autarquia para as bolsas de estudo deste ano \u00e9 de 9.061 euros.<\/span><span data-ccp-props=\"{}\">\u00a0<\/span><\/p>\n","protected":false},"excerpt":{"rendered":"<p>A C\u00e2mara Municipal de Viana do Castelo aprovou ontem, em reuni\u00e3o ordin\u00e1ria, atribuir 13 Bolsas de Estudo do 1\u00ba ciclo do Ensino Superior para o ano letivo 2024\/2025.\u00a0 &#8220;A atribui\u00e7\u00e3o de bolsas de estudo aos alunos matriculados ou inscritos no 1\u00ba ciclo do ensino superior, residentes no concelho vianense, \u00e9 uma forma de estimular a [&hellip;]<\/p>\n","protected":false},"author":1,"featured_media":113653,"comment_status":"closed","ping_status":"closed","sticky":false,"template":"","format":"standard","meta":{"_exactmetrics_skip_tracking":false,"_exactmetrics_sitenote_active":false,"_exactmetrics_sitenote_note":"","_exactmetrics_sitenote_category":0,"footnotes":""},"categories":[14],"tags":[22],"class_list":["post-113652","post","type-post","status-publish","format-standard","has-post-thumbnail","hentry","category-viana-do-castelo","tag-educacao"],"yoast_head":"<!-- This site is optimized with the Yoast SEO Premium plugin v27.4 (Yoast SEO v27.4) - https:\/\/yoast.com\/product\/yoast-seo-premium-wordpress\/ -->\n<title>C\u00e2mara de Viana atribui 13 Bolsas de Estudo para o Ensino Superior<\/title>\n<meta name=\"description\" content=\"A C\u00e2mara Municipal de Viana do Castelo aprovou ontem, em reuni\u00e3o ordin\u00e1ria, atribuir 13 Bolsas de Estudo do 1\u00ba ciclo do Ensino Superior para o ano letivo 2024\/2025.\u00a0\" \/>\n<meta name=\"robots\" content=\"index, follow, max-snippet:-1, max-image-preview:large, max-video-preview:-1\" \/>\n<link rel=\"canonical\" href=\"https:\/\/www.altominho.tv\/site\/2025\/01\/08\/camara-de-viana-atribui-13-bolsas-de-estudo-para-o-ensino-superior\/\" \/>\n<meta property=\"og:locale\" content=\"pt_PT\" \/>\n<meta property=\"og:type\" content=\"article\" \/>\n<meta property=\"og:title\" content=\"C\u00e2mara de Viana atribui 13 Bolsas de Estudo para o Ensino Superior\" \/>\n<meta property=\"og:description\" content=\"A C\u00e2mara Municipal de Viana do Castelo aprovou ontem, em reuni\u00e3o ordin\u00e1ria, atribuir 13 Bolsas de Estudo do 1\u00ba ciclo do Ensino Superior para o ano letivo 2024\/2025.\u00a0\" \/>\n<meta property=\"og:url\" content=\"https:\/\/www.altominho.tv\/site\/2025\/01\/08\/camara-de-viana-atribui-13-bolsas-de-estudo-para-o-ensino-superior\/\" \/>\n<meta property=\"og:site_name\" content=\"Altominho.tv\" \/>\n<meta property=\"article:publisher\" content=\"https:\/\/www.facebook.com\/altominhotv\" \/>\n<meta property=\"article:published_time\" content=\"2025-01-08T11:55:54+00:00\" \/>\n<meta property=\"article:modified_time\" content=\"2025-01-08T12:15:28+00:00\" \/>\n<meta property=\"og:image\" content=\"https:\/\/www.altominho.tv\/site\/wp-content\/uploads\/2025\/01\/bolsas-estudo-viana.png\" \/>\n\t<meta property=\"og:image:width\" content=\"1200\" \/>\n\t<meta property=\"og:image:height\" content=\"630\" \/>\n\t<meta property=\"og:image:type\" content=\"image\/png\" \/>\n<meta name=\"author\" content=\"Altominho.tv\" \/>\n<meta name=\"twitter:card\" content=\"summary_large_image\" \/>\n<meta name=\"twitter:creator\" content=\"@altominhoTV\" \/>\n<meta name=\"twitter:site\" content=\"@altominhoTV\" \/>\n<meta name=\"twitter:label1\" content=\"Escrito por\" \/>\n\t<meta name=\"twitter:data1\" content=\"Altominho.tv\" \/>\n\t<meta name=\"twitter:label2\" content=\"Tempo estimado de leitura\" \/>\n\t<meta name=\"twitter:data2\" content=\"2 minutos\" \/>\n<script type=\"application\/ld+json\" class=\"yoast-schema-graph\">{\"@context\":\"https:\\\/\\\/schema.org\",\"@graph\":[{\"@type\":\"Article\",\"@id\":\"https:\\\/\\\/www.altominho.tv\\\/site\\\/2025\\\/01\\\/08\\\/camara-de-viana-atribui-13-bolsas-de-estudo-para-o-ensino-superior\\\/#article\",\"isPartOf\":{\"@id\":\"https:\\\/\\\/www.altominho.tv\\\/site\\\/2025\\\/01\\\/08\\\/camara-de-viana-atribui-13-bolsas-de-estudo-para-o-ensino-superior\\\/\"},\"author\":{\"name\":\"Altominho.tv\",\"@id\":\"https:\\\/\\\/www.altominho.tv\\\/site\\\/#\\\/schema\\\/person\\\/4e536851627d7914baf3dac752b6af22\"},\"headline\":\"C\u00e2mara de Viana atribui 13 Bolsas de Estudo para o Ensino Superior\",\"datePublished\":\"2025-01-08T11:55:54+00:00\",\"dateModified\":\"2025-01-08T12:15:28+00:00\",\"mainEntityOfPage\":{\"@id\":\"https:\\\/\\\/www.altominho.tv\\\/site\\\/2025\\\/01\\\/08\\\/camara-de-viana-atribui-13-bolsas-de-estudo-para-o-ensino-superior\\\/\"},\"wordCount\":177,\"image\":{\"@id\":\"https:\\\/\\\/www.altominho.tv\\\/site\\\/2025\\\/01\\\/08\\\/camara-de-viana-atribui-13-bolsas-de-estudo-para-o-ensino-superior\\\/#primaryimage\"},\"thumbnailUrl\":\"https:\\\/\\\/www.altominho.tv\\\/site\\\/wp-content\\\/uploads\\\/2025\\\/01\\\/bolsas-estudo-viana.png\",\"keywords\":[\"Educa\u00e7\u00e3o\"],\"articleSection\":[\"Viana do Castelo\"],\"inLanguage\":\"pt-PT\",\"copyrightYear\":\"2025\",\"copyrightHolder\":{\"@id\":\"https:\\\/\\\/www.altominho.tv\\\/site\\\/#organization\"}},{\"@type\":\"WebPage\",\"@id\":\"https:\\\/\\\/www.altominho.tv\\\/site\\\/2025\\\/01\\\/08\\\/camara-de-viana-atribui-13-bolsas-de-estudo-para-o-ensino-superior\\\/\",\"url\":\"https:\\\/\\\/www.altominho.tv\\\/site\\\/2025\\\/01\\\/08\\\/camara-de-viana-atribui-13-bolsas-de-estudo-para-o-ensino-superior\\\/\",\"name\":\"C\u00e2mara de Viana atribui 13 Bolsas de Estudo para o Ensino Superior\",\"isPartOf\":{\"@id\":\"https:\\\/\\\/www.altominho.tv\\\/site\\\/#website\"},\"primaryImageOfPage\":{\"@id\":\"https:\\\/\\\/www.altominho.tv\\\/site\\\/2025\\\/01\\\/08\\\/camara-de-viana-atribui-13-bolsas-de-estudo-para-o-ensino-superior\\\/#primaryimage\"},\"image\":{\"@id\":\"https:\\\/\\\/www.altominho.tv\\\/site\\\/2025\\\/01\\\/08\\\/camara-de-viana-atribui-13-bolsas-de-estudo-para-o-ensino-superior\\\/#primaryimage\"},\"thumbnailUrl\":\"https:\\\/\\\/www.altominho.tv\\\/site\\\/wp-content\\\/uploads\\\/2025\\\/01\\\/bolsas-estudo-viana.png\",\"datePublished\":\"2025-01-08T11:55:54+00:00\",\"dateModified\":\"2025-01-08T12:15:28+00:00\",\"author\":{\"@id\":\"https:\\\/\\\/www.altominho.tv\\\/site\\\/#\\\/schema\\\/person\\\/4e536851627d7914baf3dac752b6af22\"},\"description\":\"A C\u00e2mara Municipal de Viana do Castelo aprovou ontem, em reuni\u00e3o ordin\u00e1ria, atribuir 13 Bolsas de Estudo do 1\u00ba ciclo do Ensino Superior para o ano letivo 2024\\\/2025.\u00a0\",\"breadcrumb\":{\"@id\":\"https:\\\/\\\/www.altominho.tv\\\/site\\\/2025\\\/01\\\/08\\\/camara-de-viana-atribui-13-bolsas-de-estudo-para-o-ensino-superior\\\/#breadcrumb\"},\"inLanguage\":\"pt-PT\",\"potentialAction\":[{\"@type\":\"ReadAction\",\"target\":[\"https:\\\/\\\/www.altominho.tv\\\/site\\\/2025\\\/01\\\/08\\\/camara-de-viana-atribui-13-bolsas-de-estudo-para-o-ensino-superior\\\/\"]}]},{\"@type\":\"ImageObject\",\"inLanguage\":\"pt-PT\",\"@id\":\"https:\\\/\\\/www.altominho.tv\\\/site\\\/2025\\\/01\\\/08\\\/camara-de-viana-atribui-13-bolsas-de-estudo-para-o-ensino-superior\\\/#primaryimage\",\"url\":\"https:\\\/\\\/www.altominho.tv\\\/site\\\/wp-content\\\/uploads\\\/2025\\\/01\\\/bolsas-estudo-viana.png\",\"contentUrl\":\"https:\\\/\\\/www.altominho.tv\\\/site\\\/wp-content\\\/uploads\\\/2025\\\/01\\\/bolsas-estudo-viana.png\",\"width\":1200,\"height\":630},{\"@type\":\"BreadcrumbList\",\"@id\":\"https:\\\/\\\/www.altominho.tv\\\/site\\\/2025\\\/01\\\/08\\\/camara-de-viana-atribui-13-bolsas-de-estudo-para-o-ensino-superior\\\/#breadcrumb\",\"itemListElement\":[{\"@type\":\"ListItem\",\"position\":1,\"name\":\"In\u00edcio\",\"item\":\"https:\\\/\\\/www.altominho.tv\\\/site\\\/\"},{\"@type\":\"ListItem\",\"position\":2,\"name\":\"C\u00e2mara de Viana atribui 13 Bolsas de Estudo para o Ensino Superior\"}]},{\"@type\":\"WebSite\",\"@id\":\"https:\\\/\\\/www.altominho.tv\\\/site\\\/#website\",\"url\":\"https:\\\/\\\/www.altominho.tv\\\/site\\\/\",\"name\":\"Altominho.tv\",\"description\":\"A sua regi\u00e3o \u00e0 dist\u00e2ncia de um clique...\",\"potentialAction\":[{\"@type\":\"SearchAction\",\"target\":{\"@type\":\"EntryPoint\",\"urlTemplate\":\"https:\\\/\\\/www.altominho.tv\\\/site\\\/?s={search_term_string}\"},\"query-input\":{\"@type\":\"PropertyValueSpecification\",\"valueRequired\":true,\"valueName\":\"search_term_string\"}}],\"inLanguage\":\"pt-PT\"},{\"@type\":\"Person\",\"@id\":\"https:\\\/\\\/www.altominho.tv\\\/site\\\/#\\\/schema\\\/person\\\/4e536851627d7914baf3dac752b6af22\",\"name\":\"Altominho.tv\",\"image\":{\"@type\":\"ImageObject\",\"inLanguage\":\"pt-PT\",\"@id\":\"https:\\\/\\\/www.altominho.tv\\\/site\\\/wp-content\\\/uploads\\\/2019\\\/11\\\/Logo_Avatar_2-150x150.jpg\",\"url\":\"https:\\\/\\\/www.altominho.tv\\\/site\\\/wp-content\\\/uploads\\\/2019\\\/11\\\/Logo_Avatar_2-150x150.jpg\",\"contentUrl\":\"https:\\\/\\\/www.altominho.tv\\\/site\\\/wp-content\\\/uploads\\\/2019\\\/11\\\/Logo_Avatar_2-150x150.jpg\",\"caption\":\"Altominho.tv\"},\"url\":\"https:\\\/\\\/www.altominho.tv\\\/site\\\/author\\\/altominhotv-tecnico\\\/\"}]}<\/script>\n<!-- \/ Yoast SEO Premium plugin. -->","yoast_head_json":{"title":"C\u00e2mara de Viana atribui 13 Bolsas de Estudo para o Ensino Superior","description":"A C\u00e2mara Municipal de Viana do Castelo aprovou ontem, em reuni\u00e3o ordin\u00e1ria, atribuir 13 Bolsas de Estudo do 1\u00ba ciclo do Ensino Superior para o ano letivo 2024\/2025.\u00a0","robots":{"index":"index","follow":"follow","max-snippet":"max-snippet:-1","max-image-preview":"max-image-preview:large","max-video-preview":"max-video-preview:-1"},"canonical":"https:\/\/www.altominho.tv\/site\/2025\/01\/08\/camara-de-viana-atribui-13-bolsas-de-estudo-para-o-ensino-superior\/","og_locale":"pt_PT","og_type":"article","og_title":"C\u00e2mara de Viana atribui 13 Bolsas de Estudo para o Ensino Superior","og_description":"A C\u00e2mara Municipal de Viana do Castelo aprovou ontem, em reuni\u00e3o ordin\u00e1ria, atribuir 13 Bolsas de Estudo do 1\u00ba ciclo do Ensino Superior para o ano letivo 2024\/2025.\u00a0","og_url":"https:\/\/www.altominho.tv\/site\/2025\/01\/08\/camara-de-viana-atribui-13-bolsas-de-estudo-para-o-ensino-superior\/","og_site_name":"Altominho.tv","article_publisher":"https:\/\/www.facebook.com\/altominhotv","article_published_time":"2025-01-08T11:55:54+00:00","article_modified_time":"2025-01-08T12:15:28+00:00","og_image":[{"width":1200,"height":630,"url":"https:\/\/www.altominho.tv\/site\/wp-content\/uploads\/2025\/01\/bolsas-estudo-viana.png","type":"image\/png"}],"author":"Altominho.tv","twitter_card":"summary_large_image","twitter_creator":"@altominhoTV","twitter_site":"@altominhoTV","twitter_misc":{"Escrito por":"Altominho.tv","Tempo estimado de leitura":"2 minutos"},"schema":{"@context":"https:\/\/schema.org","@graph":[{"@type":"Article","@id":"https:\/\/www.altominho.tv\/site\/2025\/01\/08\/camara-de-viana-atribui-13-bolsas-de-estudo-para-o-ensino-superior\/#article","isPartOf":{"@id":"https:\/\/www.altominho.tv\/site\/2025\/01\/08\/camara-de-viana-atribui-13-bolsas-de-estudo-para-o-ensino-superior\/"},"author":{"name":"Altominho.tv","@id":"https:\/\/www.altominho.tv\/site\/#\/schema\/person\/4e536851627d7914baf3dac752b6af22"},"headline":"C\u00e2mara de Viana atribui 13 Bolsas de Estudo para o Ensino Superior","datePublished":"2025-01-08T11:55:54+00:00","dateModified":"2025-01-08T12:15:28+00:00","mainEntityOfPage":{"@id":"https:\/\/www.altominho.tv\/site\/2025\/01\/08\/camara-de-viana-atribui-13-bolsas-de-estudo-para-o-ensino-superior\/"},"wordCount":177,"image":{"@id":"https:\/\/www.altominho.tv\/site\/2025\/01\/08\/camara-de-viana-atribui-13-bolsas-de-estudo-para-o-ensino-superior\/#primaryimage"},"thumbnailUrl":"https:\/\/www.altominho.tv\/site\/wp-content\/uploads\/2025\/01\/bolsas-estudo-viana.png","keywords":["Educa\u00e7\u00e3o"],"articleSection":["Viana do Castelo"],"inLanguage":"pt-PT","copyrightYear":"2025","copyrightHolder":{"@id":"https:\/\/www.altominho.tv\/site\/#organization"}},{"@type":"WebPage","@id":"https:\/\/www.altominho.tv\/site\/2025\/01\/08\/camara-de-viana-atribui-13-bolsas-de-estudo-para-o-ensino-superior\/","url":"https:\/\/www.altominho.tv\/site\/2025\/01\/08\/camara-de-viana-atribui-13-bolsas-de-estudo-para-o-ensino-superior\/","name":"C\u00e2mara de Viana atribui 13 Bolsas de Estudo para o Ensino Superior","isPartOf":{"@id":"https:\/\/www.altominho.tv\/site\/#website"},"primaryImageOfPage":{"@id":"https:\/\/www.altominho.tv\/site\/2025\/01\/08\/camara-de-viana-atribui-13-bolsas-de-estudo-para-o-ensino-superior\/#primaryimage"},"image":{"@id":"https:\/\/www.altominho.tv\/site\/2025\/01\/08\/camara-de-viana-atribui-13-bolsas-de-estudo-para-o-ensino-superior\/#primaryimage"},"thumbnailUrl":"https:\/\/www.altominho.tv\/site\/wp-content\/uploads\/2025\/01\/bolsas-estudo-viana.png","datePublished":"2025-01-08T11:55:54+00:00","dateModified":"2025-01-08T12:15:28+00:00","author":{"@id":"https:\/\/www.altominho.tv\/site\/#\/schema\/person\/4e536851627d7914baf3dac752b6af22"},"description":"A C\u00e2mara Municipal de Viana do Castelo aprovou ontem, em reuni\u00e3o ordin\u00e1ria, atribuir 13 Bolsas de Estudo do 1\u00ba ciclo do Ensino Superior para o ano letivo 2024\/2025.\u00a0","breadcrumb":{"@id":"https:\/\/www.altominho.tv\/site\/2025\/01\/08\/camara-de-viana-atribui-13-bolsas-de-estudo-para-o-ensino-superior\/#breadcrumb"},"inLanguage":"pt-PT","potentialAction":[{"@type":"ReadAction","target":["https:\/\/www.altominho.tv\/site\/2025\/01\/08\/camara-de-viana-atribui-13-bolsas-de-estudo-para-o-ensino-superior\/"]}]},{"@type":"ImageObject","inLanguage":"pt-PT","@id":"https:\/\/www.altominho.tv\/site\/2025\/01\/08\/camara-de-viana-atribui-13-bolsas-de-estudo-para-o-ensino-superior\/#primaryimage","url":"https:\/\/www.altominho.tv\/site\/wp-content\/uploads\/2025\/01\/bolsas-estudo-viana.png","contentUrl":"https:\/\/www.altominho.tv\/site\/wp-content\/uploads\/2025\/01\/bolsas-estudo-viana.png","width":1200,"height":630},{"@type":"BreadcrumbList","@id":"https:\/\/www.altominho.tv\/site\/2025\/01\/08\/camara-de-viana-atribui-13-bolsas-de-estudo-para-o-ensino-superior\/#breadcrumb","itemListElement":[{"@type":"ListItem","position":1,"name":"In\u00edcio","item":"https:\/\/www.altominho.tv\/site\/"},{"@type":"ListItem","position":2,"name":"C\u00e2mara de Viana atribui 13 Bolsas de Estudo para o Ensino Superior"}]},{"@type":"WebSite","@id":"https:\/\/www.altominho.tv\/site\/#website","url":"https:\/\/www.altominho.tv\/site\/","name":"Altominho.tv","description":"A sua regi\u00e3o \u00e0 dist\u00e2ncia de um clique...","potentialAction":[{"@type":"SearchAction","target":{"@type":"EntryPoint","urlTemplate":"https:\/\/www.altominho.tv\/site\/?s={search_term_string}"},"query-input":{"@type":"PropertyValueSpecification","valueRequired":true,"valueName":"search_term_string"}}],"inLanguage":"pt-PT"},{"@type":"Person","@id":"https:\/\/www.altominho.tv\/site\/#\/schema\/person\/4e536851627d7914baf3dac752b6af22","name":"Altominho.tv","image":{"@type":"ImageObject","inLanguage":"pt-PT","@id":"https:\/\/www.altominho.tv\/site\/wp-content\/uploads\/2019\/11\/Logo_Avatar_2-150x150.jpg","url":"https:\/\/www.altominho.tv\/site\/wp-content\/uploads\/2019\/11\/Logo_Avatar_2-150x150.jpg","contentUrl":"https:\/\/www.altominho.tv\/site\/wp-content\/uploads\/2019\/11\/Logo_Avatar_2-150x150.jpg","caption":"Altominho.tv"},"url":"https:\/\/www.altominho.tv\/site\/author\/altominhotv-tecnico\/"}]}},"_links":{"self":[{"href":"https:\/\/www.altominho.tv\/site\/wp-json\/wp\/v2\/posts\/113652","targetHints":{"allow":["GET"]}}],"collection":[{"href":"https:\/\/www.altominho.tv\/site\/wp-json\/wp\/v2\/posts"}],"about":[{"href":"https:\/\/www.altominho.tv\/site\/wp-json\/wp\/v2\/types\/post"}],"author":[{"embeddable":true,"href":"https:\/\/www.altominho.tv\/site\/wp-json\/wp\/v2\/users\/1"}],"replies":[{"embeddable":true,"href":"https:\/\/www.altominho.tv\/site\/wp-json\/wp\/v2\/comments?post=113652"}],"version-history":[{"count":2,"href":"https:\/\/www.altominho.tv\/site\/wp-json\/wp\/v2\/posts\/113652\/revisions"}],"predecessor-version":[{"id":113658,"href":"https:\/\/www.altominho.tv\/site\/wp-json\/wp\/v2\/posts\/113652\/revisions\/113658"}],"wp:featuredmedia":[{"embeddable":true,"href":"https:\/\/www.altominho.tv\/site\/wp-json\/wp\/v2\/media\/113653"}],"wp:attachment":[{"href":"https:\/\/www.altominho.tv\/site\/wp-json\/wp\/v2\/media?parent=113652"}],"wp:term":[{"taxonomy":"category","embeddable":true,"href":"https:\/\/www.altominho.tv\/site\/wp-json\/wp\/v2\/categories?post=113652"},{"taxonomy":"post_tag","embeddable":true,"href":"https:\/\/www.altominho.tv\/site\/wp-json\/wp\/v2\/tags?post=113652"}],"curies":[{"name":"wp","href":"https:\/\/api.w.org\/{rel}","templated":true}]}}