{"id":113642,"date":"2025-01-08T11:35:12","date_gmt":"2025-01-08T11:35:12","guid":{"rendered":"https:\/\/www.altominho.tv\/site\/?p=113642"},"modified":"2025-01-08T20:25:14","modified_gmt":"2025-01-08T20:25:14","slug":"infiltracoes-de-agua-afetam-atividade-programada-do-hospital-de-santa-luzia","status":"publish","type":"post","link":"https:\/\/www.altominho.tv\/site\/2025\/01\/08\/infiltracoes-de-agua-afetam-atividade-programada-do-hospital-de-santa-luzia\/","title":{"rendered":"Infiltra\u00e7\u00f5es de \u00e1gua afetam atividade programada do Hospital de Santa Luzia"},"content":{"rendered":"\n<p>O Hospital de Santa Luzia, em Viana do Castelo, sofreu hoje infiltra\u00e7\u00f5es de \u00e1gua e danos ao n\u00edvel da cobertura do edif\u00edcio que provocaram condicionamento em alguns servi\u00e7os, sobretudo o de cirurgia de ambulat\u00f3rio.<\/p>\n\n\n\n<p>Em comunicado enviado \u00e0s reda\u00e7\u00f5es, a prop\u00f3sito da chuva e vento fortes que se fizeram sentir ao in\u00edcio da manh\u00e3, a Unidade Local de Sa\u00fade do Altro Minho (ULSAM) refere que \u201cos principais condicionamentos registam-se ao n\u00edvel da cirurgia de ambulat\u00f3rio, que implicou a mudan\u00e7a dos procedimentos urgentes para o bloco operat\u00f3rio central\u201d.<\/p>\n\n\n\n<p>Segundo a ULSAM, \u201cas infiltra\u00e7\u00f5es de \u00e1gua atingiram os servi\u00e7os de neonatologia e de forma\u00e7\u00e3o, com danos ligeiros e que n\u00e3o perturbam o funcionamento\u201d.<\/p>\n\n\n\n<p>Os \u201claborat\u00f3rios de imunohemoterapia e patologia cl\u00ednica t\u00eam alguns condicionamentos \u00e0 atividade programada\u201d, sendo que \u201ctodos os procedimentos urgentes\/n\u00e3o programados est\u00e3o a realizar-se sem constrangimentos\u201d.<\/p>\n\n\n\n<p>O \u201cservi\u00e7o de imagiologia, que registou alguns condicionamentos, j\u00e1 se encontra a funcionar na plenitude\u201d.<\/p>\n\n\n\n<p>\u201cForam verificados danos nos contentores do servi\u00e7o de urg\u00eancia geral de adultos, com infiltra\u00e7\u00f5es numa estrutura com mais de 10 anos. Ainda assim, a atividade dos servi\u00e7os de urg\u00eancia est\u00e1 a funcionar com normalidade\u201d, acrescenta.<\/p>\n\n\n\n<p>As \u201cequipas da Unidade Local de Sa\u00fade do Alto Minho est\u00e3o a trabalhar para repor as condi\u00e7\u00f5es normais de funcionamento nos servi\u00e7os mais afetados pelos estragos\u201d, sendo que \u201c\u00e0 exce\u00e7\u00e3o dos condicionamentos mencionados, toda a atividade assistencial decorre com normalidade\u201d.<\/p>\n\n\n\n<p>Viana do Castelo, Porto e Braga foram colocados hoje sob aviso laranja entre as 06:00 e as 09:00 horas de hoje devido \u00e0 precipita\u00e7\u00e3o forte e \u00e0s rajadas de vento que podem atingir os 100 quil\u00f3metros por hora (km\/h) nas zonas altas.<\/p>\n\n\n\n<p>Os distritos de Vila Real, Bragan\u00e7a, Viseu, Guarda, Castelo Branco, Portalegre, Santar\u00e9m e \u00c9vora, v\u00e3o continuar sob aviso amarelo devido \u00e0 precipita\u00e7\u00e3o at\u00e9 \u00e0s 18:00 horas.<\/p>\n\n\n\n<p>Os distritos do litoral, Aveiro, Coimbra, Leiria, Lisboa, Set\u00fabal, Beja e Faro ficam sob aviso amarelo at\u00e9 quinta-feira \u00e0s 18:00 devido \u00e0 agita\u00e7\u00e3o mar\u00edtima, al\u00e9m do aviso amarelo para precipita\u00e7\u00e3o at\u00e9 quarta-feira.<\/p>\n\n\n\n<p><\/p>\n","protected":false},"excerpt":{"rendered":"<p>O Hospital de Santa Luzia, em Viana do Castelo, sofreu hoje infiltra\u00e7\u00f5es de \u00e1gua e danos ao n\u00edvel da cobertura do edif\u00edcio que provocaram condicionamento em alguns servi\u00e7os, sobretudo o de cirurgia de ambulat\u00f3rio. Em comunicado enviado \u00e0s reda\u00e7\u00f5es, a prop\u00f3sito da chuva e vento fortes que se fizeram sentir ao in\u00edcio da manh\u00e3, a [&hellip;]<\/p>\n","protected":false},"author":13,"featured_media":113644,"comment_status":"closed","ping_status":"closed","sticky":false,"template":"","format":"standard","meta":{"_exactmetrics_skip_tracking":false,"_exactmetrics_sitenote_active":false,"_exactmetrics_sitenote_note":"","_exactmetrics_sitenote_category":0,"footnotes":""},"categories":[14],"tags":[],"class_list":["post-113642","post","type-post","status-publish","format-standard","has-post-thumbnail","hentry","category-viana-do-castelo"],"yoast_head":"<!-- This site is optimized with the Yoast SEO Premium plugin v27.4 (Yoast SEO v27.4) - https:\/\/yoast.com\/product\/yoast-seo-premium-wordpress\/ -->\n<title>Infiltra\u00e7\u00f5es de \u00e1gua afetam atividade programada do Hospital de Santa Luzia<\/title>\n<meta name=\"robots\" content=\"index, follow, max-snippet:-1, max-image-preview:large, max-video-preview:-1\" \/>\n<link rel=\"canonical\" href=\"https:\/\/www.altominho.tv\/site\/2025\/01\/08\/infiltracoes-de-agua-afetam-atividade-programada-do-hospital-de-santa-luzia\/\" \/>\n<meta property=\"og:locale\" content=\"pt_PT\" \/>\n<meta property=\"og:type\" content=\"article\" \/>\n<meta property=\"og:title\" content=\"Infiltra\u00e7\u00f5es de \u00e1gua afetam atividade programada do Hospital de Santa Luzia\" \/>\n<meta property=\"og:description\" content=\"O Hospital de Santa Luzia, em Viana do Castelo, sofreu hoje infiltra\u00e7\u00f5es de \u00e1gua e danos ao n\u00edvel da cobertura do edif\u00edcio que provocaram condicionamento em alguns servi\u00e7os, sobretudo o de cirurgia de ambulat\u00f3rio. Em comunicado enviado \u00e0s reda\u00e7\u00f5es, a prop\u00f3sito da chuva e vento fortes que se fizeram sentir ao in\u00edcio da manh\u00e3, a [&hellip;]\" \/>\n<meta property=\"og:url\" content=\"https:\/\/www.altominho.tv\/site\/2025\/01\/08\/infiltracoes-de-agua-afetam-atividade-programada-do-hospital-de-santa-luzia\/\" \/>\n<meta property=\"og:site_name\" content=\"Altominho.tv\" \/>\n<meta property=\"article:publisher\" content=\"https:\/\/www.facebook.com\/altominhotv\" \/>\n<meta property=\"article:published_time\" content=\"2025-01-08T11:35:12+00:00\" \/>\n<meta property=\"article:modified_time\" content=\"2025-01-08T20:25:14+00:00\" \/>\n<meta property=\"og:image\" content=\"https:\/\/www.altominho.tv\/site\/wp-content\/uploads\/2025\/01\/Design-sem-nome-3.jpg\" \/>\n\t<meta property=\"og:image:width\" content=\"1920\" \/>\n\t<meta property=\"og:image:height\" content=\"1080\" \/>\n\t<meta property=\"og:image:type\" content=\"image\/jpeg\" \/>\n<meta name=\"author\" content=\"Lusa\" \/>\n<meta name=\"twitter:card\" content=\"summary_large_image\" \/>\n<meta name=\"twitter:creator\" content=\"@altominhoTV\" \/>\n<meta name=\"twitter:site\" content=\"@altominhoTV\" \/>\n<meta name=\"twitter:label1\" content=\"Escrito por\" \/>\n\t<meta name=\"twitter:data1\" content=\"Lusa\" \/>\n\t<meta name=\"twitter:label2\" content=\"Tempo estimado de leitura\" \/>\n\t<meta name=\"twitter:data2\" content=\"3 minutos\" \/>\n<script type=\"application\/ld+json\" class=\"yoast-schema-graph\">{\"@context\":\"https:\\\/\\\/schema.org\",\"@graph\":[{\"@type\":\"Article\",\"@id\":\"https:\\\/\\\/www.altominho.tv\\\/site\\\/2025\\\/01\\\/08\\\/infiltracoes-de-agua-afetam-atividade-programada-do-hospital-de-santa-luzia\\\/#article\",\"isPartOf\":{\"@id\":\"https:\\\/\\\/www.altominho.tv\\\/site\\\/2025\\\/01\\\/08\\\/infiltracoes-de-agua-afetam-atividade-programada-do-hospital-de-santa-luzia\\\/\"},\"author\":{\"name\":\"Lusa\",\"@id\":\"https:\\\/\\\/www.altominho.tv\\\/site\\\/#\\\/schema\\\/person\\\/63f693da3e1899361cbe955c46f3232e\"},\"headline\":\"Infiltra\u00e7\u00f5es de \u00e1gua afetam atividade programada do Hospital de Santa Luzia\",\"datePublished\":\"2025-01-08T11:35:12+00:00\",\"dateModified\":\"2025-01-08T20:25:14+00:00\",\"mainEntityOfPage\":{\"@id\":\"https:\\\/\\\/www.altominho.tv\\\/site\\\/2025\\\/01\\\/08\\\/infiltracoes-de-agua-afetam-atividade-programada-do-hospital-de-santa-luzia\\\/\"},\"wordCount\":373,\"image\":{\"@id\":\"https:\\\/\\\/www.altominho.tv\\\/site\\\/2025\\\/01\\\/08\\\/infiltracoes-de-agua-afetam-atividade-programada-do-hospital-de-santa-luzia\\\/#primaryimage\"},\"thumbnailUrl\":\"https:\\\/\\\/www.altominho.tv\\\/site\\\/wp-content\\\/uploads\\\/2025\\\/01\\\/Design-sem-nome-3.jpg\",\"articleSection\":[\"Viana do Castelo\"],\"inLanguage\":\"pt-PT\",\"copyrightYear\":\"2025\",\"copyrightHolder\":{\"@id\":\"https:\\\/\\\/www.altominho.tv\\\/site\\\/#organization\"}},{\"@type\":\"WebPage\",\"@id\":\"https:\\\/\\\/www.altominho.tv\\\/site\\\/2025\\\/01\\\/08\\\/infiltracoes-de-agua-afetam-atividade-programada-do-hospital-de-santa-luzia\\\/\",\"url\":\"https:\\\/\\\/www.altominho.tv\\\/site\\\/2025\\\/01\\\/08\\\/infiltracoes-de-agua-afetam-atividade-programada-do-hospital-de-santa-luzia\\\/\",\"name\":\"Infiltra\u00e7\u00f5es de \u00e1gua afetam atividade programada do Hospital de Santa Luzia\",\"isPartOf\":{\"@id\":\"https:\\\/\\\/www.altominho.tv\\\/site\\\/#website\"},\"primaryImageOfPage\":{\"@id\":\"https:\\\/\\\/www.altominho.tv\\\/site\\\/2025\\\/01\\\/08\\\/infiltracoes-de-agua-afetam-atividade-programada-do-hospital-de-santa-luzia\\\/#primaryimage\"},\"image\":{\"@id\":\"https:\\\/\\\/www.altominho.tv\\\/site\\\/2025\\\/01\\\/08\\\/infiltracoes-de-agua-afetam-atividade-programada-do-hospital-de-santa-luzia\\\/#primaryimage\"},\"thumbnailUrl\":\"https:\\\/\\\/www.altominho.tv\\\/site\\\/wp-content\\\/uploads\\\/2025\\\/01\\\/Design-sem-nome-3.jpg\",\"datePublished\":\"2025-01-08T11:35:12+00:00\",\"dateModified\":\"2025-01-08T20:25:14+00:00\",\"author\":{\"@id\":\"https:\\\/\\\/www.altominho.tv\\\/site\\\/#\\\/schema\\\/person\\\/63f693da3e1899361cbe955c46f3232e\"},\"breadcrumb\":{\"@id\":\"https:\\\/\\\/www.altominho.tv\\\/site\\\/2025\\\/01\\\/08\\\/infiltracoes-de-agua-afetam-atividade-programada-do-hospital-de-santa-luzia\\\/#breadcrumb\"},\"inLanguage\":\"pt-PT\",\"potentialAction\":[{\"@type\":\"ReadAction\",\"target\":[\"https:\\\/\\\/www.altominho.tv\\\/site\\\/2025\\\/01\\\/08\\\/infiltracoes-de-agua-afetam-atividade-programada-do-hospital-de-santa-luzia\\\/\"]}]},{\"@type\":\"ImageObject\",\"inLanguage\":\"pt-PT\",\"@id\":\"https:\\\/\\\/www.altominho.tv\\\/site\\\/2025\\\/01\\\/08\\\/infiltracoes-de-agua-afetam-atividade-programada-do-hospital-de-santa-luzia\\\/#primaryimage\",\"url\":\"https:\\\/\\\/www.altominho.tv\\\/site\\\/wp-content\\\/uploads\\\/2025\\\/01\\\/Design-sem-nome-3.jpg\",\"contentUrl\":\"https:\\\/\\\/www.altominho.tv\\\/site\\\/wp-content\\\/uploads\\\/2025\\\/01\\\/Design-sem-nome-3.jpg\",\"width\":1920,\"height\":1080},{\"@type\":\"BreadcrumbList\",\"@id\":\"https:\\\/\\\/www.altominho.tv\\\/site\\\/2025\\\/01\\\/08\\\/infiltracoes-de-agua-afetam-atividade-programada-do-hospital-de-santa-luzia\\\/#breadcrumb\",\"itemListElement\":[{\"@type\":\"ListItem\",\"position\":1,\"name\":\"In\u00edcio\",\"item\":\"https:\\\/\\\/www.altominho.tv\\\/site\\\/\"},{\"@type\":\"ListItem\",\"position\":2,\"name\":\"Infiltra\u00e7\u00f5es de \u00e1gua afetam atividade programada do Hospital de Santa Luzia\"}]},{\"@type\":\"WebSite\",\"@id\":\"https:\\\/\\\/www.altominho.tv\\\/site\\\/#website\",\"url\":\"https:\\\/\\\/www.altominho.tv\\\/site\\\/\",\"name\":\"Altominho.tv\",\"description\":\"A sua regi\u00e3o \u00e0 dist\u00e2ncia de um clique...\",\"potentialAction\":[{\"@type\":\"SearchAction\",\"target\":{\"@type\":\"EntryPoint\",\"urlTemplate\":\"https:\\\/\\\/www.altominho.tv\\\/site\\\/?s={search_term_string}\"},\"query-input\":{\"@type\":\"PropertyValueSpecification\",\"valueRequired\":true,\"valueName\":\"search_term_string\"}}],\"inLanguage\":\"pt-PT\"},{\"@type\":\"Person\",\"@id\":\"https:\\\/\\\/www.altominho.tv\\\/site\\\/#\\\/schema\\\/person\\\/63f693da3e1899361cbe955c46f3232e\",\"name\":\"Lusa\",\"image\":{\"@type\":\"ImageObject\",\"inLanguage\":\"pt-PT\",\"@id\":\"https:\\\/\\\/www.altominho.tv\\\/site\\\/wp-content\\\/uploads\\\/2019\\\/08\\\/LUSA_Logo.gif\",\"url\":\"https:\\\/\\\/www.altominho.tv\\\/site\\\/wp-content\\\/uploads\\\/2019\\\/08\\\/LUSA_Logo.gif\",\"contentUrl\":\"https:\\\/\\\/www.altominho.tv\\\/site\\\/wp-content\\\/uploads\\\/2019\\\/08\\\/LUSA_Logo.gif\",\"caption\":\"Lusa\"},\"sameAs\":[\"http:\\\/\\\/\\\/\\\/www.altominho.tv\\\/site\"],\"url\":\"https:\\\/\\\/www.altominho.tv\\\/site\\\/author\\\/lusa\\\/\"}]}<\/script>\n<!-- \/ Yoast SEO Premium plugin. -->","yoast_head_json":{"title":"Infiltra\u00e7\u00f5es de \u00e1gua afetam atividade programada do Hospital de Santa Luzia","robots":{"index":"index","follow":"follow","max-snippet":"max-snippet:-1","max-image-preview":"max-image-preview:large","max-video-preview":"max-video-preview:-1"},"canonical":"https:\/\/www.altominho.tv\/site\/2025\/01\/08\/infiltracoes-de-agua-afetam-atividade-programada-do-hospital-de-santa-luzia\/","og_locale":"pt_PT","og_type":"article","og_title":"Infiltra\u00e7\u00f5es de \u00e1gua afetam atividade programada do Hospital de Santa Luzia","og_description":"O Hospital de Santa Luzia, em Viana do Castelo, sofreu hoje infiltra\u00e7\u00f5es de \u00e1gua e danos ao n\u00edvel da cobertura do edif\u00edcio que provocaram condicionamento em alguns servi\u00e7os, sobretudo o de cirurgia de ambulat\u00f3rio. Em comunicado enviado \u00e0s reda\u00e7\u00f5es, a prop\u00f3sito da chuva e vento fortes que se fizeram sentir ao in\u00edcio da manh\u00e3, a [&hellip;]","og_url":"https:\/\/www.altominho.tv\/site\/2025\/01\/08\/infiltracoes-de-agua-afetam-atividade-programada-do-hospital-de-santa-luzia\/","og_site_name":"Altominho.tv","article_publisher":"https:\/\/www.facebook.com\/altominhotv","article_published_time":"2025-01-08T11:35:12+00:00","article_modified_time":"2025-01-08T20:25:14+00:00","og_image":[{"width":1920,"height":1080,"url":"https:\/\/www.altominho.tv\/site\/wp-content\/uploads\/2025\/01\/Design-sem-nome-3.jpg","type":"image\/jpeg"}],"author":"Lusa","twitter_card":"summary_large_image","twitter_creator":"@altominhoTV","twitter_site":"@altominhoTV","twitter_misc":{"Escrito por":"Lusa","Tempo estimado de leitura":"3 minutos"},"schema":{"@context":"https:\/\/schema.org","@graph":[{"@type":"Article","@id":"https:\/\/www.altominho.tv\/site\/2025\/01\/08\/infiltracoes-de-agua-afetam-atividade-programada-do-hospital-de-santa-luzia\/#article","isPartOf":{"@id":"https:\/\/www.altominho.tv\/site\/2025\/01\/08\/infiltracoes-de-agua-afetam-atividade-programada-do-hospital-de-santa-luzia\/"},"author":{"name":"Lusa","@id":"https:\/\/www.altominho.tv\/site\/#\/schema\/person\/63f693da3e1899361cbe955c46f3232e"},"headline":"Infiltra\u00e7\u00f5es de \u00e1gua afetam atividade programada do Hospital de Santa Luzia","datePublished":"2025-01-08T11:35:12+00:00","dateModified":"2025-01-08T20:25:14+00:00","mainEntityOfPage":{"@id":"https:\/\/www.altominho.tv\/site\/2025\/01\/08\/infiltracoes-de-agua-afetam-atividade-programada-do-hospital-de-santa-luzia\/"},"wordCount":373,"image":{"@id":"https:\/\/www.altominho.tv\/site\/2025\/01\/08\/infiltracoes-de-agua-afetam-atividade-programada-do-hospital-de-santa-luzia\/#primaryimage"},"thumbnailUrl":"https:\/\/www.altominho.tv\/site\/wp-content\/uploads\/2025\/01\/Design-sem-nome-3.jpg","articleSection":["Viana do Castelo"],"inLanguage":"pt-PT","copyrightYear":"2025","copyrightHolder":{"@id":"https:\/\/www.altominho.tv\/site\/#organization"}},{"@type":"WebPage","@id":"https:\/\/www.altominho.tv\/site\/2025\/01\/08\/infiltracoes-de-agua-afetam-atividade-programada-do-hospital-de-santa-luzia\/","url":"https:\/\/www.altominho.tv\/site\/2025\/01\/08\/infiltracoes-de-agua-afetam-atividade-programada-do-hospital-de-santa-luzia\/","name":"Infiltra\u00e7\u00f5es de \u00e1gua afetam atividade programada do Hospital de Santa Luzia","isPartOf":{"@id":"https:\/\/www.altominho.tv\/site\/#website"},"primaryImageOfPage":{"@id":"https:\/\/www.altominho.tv\/site\/2025\/01\/08\/infiltracoes-de-agua-afetam-atividade-programada-do-hospital-de-santa-luzia\/#primaryimage"},"image":{"@id":"https:\/\/www.altominho.tv\/site\/2025\/01\/08\/infiltracoes-de-agua-afetam-atividade-programada-do-hospital-de-santa-luzia\/#primaryimage"},"thumbnailUrl":"https:\/\/www.altominho.tv\/site\/wp-content\/uploads\/2025\/01\/Design-sem-nome-3.jpg","datePublished":"2025-01-08T11:35:12+00:00","dateModified":"2025-01-08T20:25:14+00:00","author":{"@id":"https:\/\/www.altominho.tv\/site\/#\/schema\/person\/63f693da3e1899361cbe955c46f3232e"},"breadcrumb":{"@id":"https:\/\/www.altominho.tv\/site\/2025\/01\/08\/infiltracoes-de-agua-afetam-atividade-programada-do-hospital-de-santa-luzia\/#breadcrumb"},"inLanguage":"pt-PT","potentialAction":[{"@type":"ReadAction","target":["https:\/\/www.altominho.tv\/site\/2025\/01\/08\/infiltracoes-de-agua-afetam-atividade-programada-do-hospital-de-santa-luzia\/"]}]},{"@type":"ImageObject","inLanguage":"pt-PT","@id":"https:\/\/www.altominho.tv\/site\/2025\/01\/08\/infiltracoes-de-agua-afetam-atividade-programada-do-hospital-de-santa-luzia\/#primaryimage","url":"https:\/\/www.altominho.tv\/site\/wp-content\/uploads\/2025\/01\/Design-sem-nome-3.jpg","contentUrl":"https:\/\/www.altominho.tv\/site\/wp-content\/uploads\/2025\/01\/Design-sem-nome-3.jpg","width":1920,"height":1080},{"@type":"BreadcrumbList","@id":"https:\/\/www.altominho.tv\/site\/2025\/01\/08\/infiltracoes-de-agua-afetam-atividade-programada-do-hospital-de-santa-luzia\/#breadcrumb","itemListElement":[{"@type":"ListItem","position":1,"name":"In\u00edcio","item":"https:\/\/www.altominho.tv\/site\/"},{"@type":"ListItem","position":2,"name":"Infiltra\u00e7\u00f5es de \u00e1gua afetam atividade programada do Hospital de Santa Luzia"}]},{"@type":"WebSite","@id":"https:\/\/www.altominho.tv\/site\/#website","url":"https:\/\/www.altominho.tv\/site\/","name":"Altominho.tv","description":"A sua regi\u00e3o \u00e0 dist\u00e2ncia de um clique...","potentialAction":[{"@type":"SearchAction","target":{"@type":"EntryPoint","urlTemplate":"https:\/\/www.altominho.tv\/site\/?s={search_term_string}"},"query-input":{"@type":"PropertyValueSpecification","valueRequired":true,"valueName":"search_term_string"}}],"inLanguage":"pt-PT"},{"@type":"Person","@id":"https:\/\/www.altominho.tv\/site\/#\/schema\/person\/63f693da3e1899361cbe955c46f3232e","name":"Lusa","image":{"@type":"ImageObject","inLanguage":"pt-PT","@id":"https:\/\/www.altominho.tv\/site\/wp-content\/uploads\/2019\/08\/LUSA_Logo.gif","url":"https:\/\/www.altominho.tv\/site\/wp-content\/uploads\/2019\/08\/LUSA_Logo.gif","contentUrl":"https:\/\/www.altominho.tv\/site\/wp-content\/uploads\/2019\/08\/LUSA_Logo.gif","caption":"Lusa"},"sameAs":["http:\/\/\/\/www.altominho.tv\/site"],"url":"https:\/\/www.altominho.tv\/site\/author\/lusa\/"}]}},"_links":{"self":[{"href":"https:\/\/www.altominho.tv\/site\/wp-json\/wp\/v2\/posts\/113642","targetHints":{"allow":["GET"]}}],"collection":[{"href":"https:\/\/www.altominho.tv\/site\/wp-json\/wp\/v2\/posts"}],"about":[{"href":"https:\/\/www.altominho.tv\/site\/wp-json\/wp\/v2\/types\/post"}],"author":[{"embeddable":true,"href":"https:\/\/www.altominho.tv\/site\/wp-json\/wp\/v2\/users\/13"}],"replies":[{"embeddable":true,"href":"https:\/\/www.altominho.tv\/site\/wp-json\/wp\/v2\/comments?post=113642"}],"version-history":[{"count":1,"href":"https:\/\/www.altominho.tv\/site\/wp-json\/wp\/v2\/posts\/113642\/revisions"}],"predecessor-version":[{"id":113645,"href":"https:\/\/www.altominho.tv\/site\/wp-json\/wp\/v2\/posts\/113642\/revisions\/113645"}],"wp:featuredmedia":[{"embeddable":true,"href":"https:\/\/www.altominho.tv\/site\/wp-json\/wp\/v2\/media\/113644"}],"wp:attachment":[{"href":"https:\/\/www.altominho.tv\/site\/wp-json\/wp\/v2\/media?parent=113642"}],"wp:term":[{"taxonomy":"category","embeddable":true,"href":"https:\/\/www.altominho.tv\/site\/wp-json\/wp\/v2\/categories?post=113642"},{"taxonomy":"post_tag","embeddable":true,"href":"https:\/\/www.altominho.tv\/site\/wp-json\/wp\/v2\/tags?post=113642"}],"curies":[{"name":"wp","href":"https:\/\/api.w.org\/{rel}","templated":true}]}}