{"id":11363,"date":"2018-04-05T09:29:49","date_gmt":"2018-04-05T09:29:49","guid":{"rendered":"http:\/\/www.altominho.tv\/site\/?p=11363"},"modified":"2018-04-05T09:29:49","modified_gmt":"2018-04-05T09:29:49","slug":"presidente-da-cim-alto-minho-visita-a-regiao-francesa-do-finistere","status":"publish","type":"post","link":"https:\/\/www.altominho.tv\/site\/2018\/04\/05\/presidente-da-cim-alto-minho-visita-a-regiao-francesa-do-finistere\/","title":{"rendered":"Presidente da CIM Alto Minho visita a regi\u00e3o francesa do Finist\u00e8re"},"content":{"rendered":"<p>O Presidente da CIM Alto Minho, Jos\u00e9 Maria Costa, vai visitar a regi\u00e3o francesa do Finist\u00e8re.<\/p>\n<p>A CIM informou em comunicado, que &#8220;No \u00e2mbito do protocolo de coopera\u00e7\u00e3o celebrado entre a Comunidade Intermunicipal do Alto Minho (CIM Alto Minho) e o D\u00e9partement do Finist\u00e8re, da regi\u00e3o francesa da Bretanha, o presidente do Conselho Intermunicipal da CIM Alto Minho, Jos\u00e9 Maria Costa, estar\u00e1 no dia 5 de abril, em Finist\u00e8re, para participar no lan\u00e7amento do projeto inter-regional \u201cErasmus+ Desporto SANA &#8211; Desenvolvimento do desporto de natureza para todas\/os\u201d.<\/p>\n<p>Jos\u00e9 Maria Costa ter\u00e1 tamb\u00e9m a oportunidade de abordar quest\u00f5es relacionadas com o futuro da Europa e da coopera\u00e7\u00e3o luso-francesa com a sua hom\u00f3loga francesa Nathalie Sarrabezolles, presidente do Conseil D\u00e9partemental de Finist\u00e8re.<\/p>\n<p>Na ocasi\u00e3o ser\u00e1 ainda assinado um acordo conjunto com propostas para uma Europa p\u00f3s 2020 das regi\u00f5es.<\/p>\n<p>&#8220;O projeto SANA &#8211; Sporto Adaptita Naturo Nautika (em l\u00edngua esperanto, que significa \u201cDesporto Adaptado Natureza N\u00e1utica\u201d) \u00e9 um projeto europeu que foi aprovado em julho de 2017 pela Ag\u00eancia Erasmus+, com um custo global de 69.750,00\u20ac. O objetivo deste projeto \u00e9 promover o desenvolvimento do desporto de natureza para todas\/os, nomeadamente a adapta\u00e7\u00e3o\/acessibilidade do desporto de natureza para pessoas com defici\u00eancia. Os desportos abrangidos pelo projeto s\u00e3o: a n\u00e1utica (remo, vela, canoagem), o trilho e o ciclismo. Todos os tipos de defici\u00eancias s\u00e3o considerados: audiovisual, motor\/f\u00edsica, ps\u00edquica&#8221;.<\/p>\n<p>Este projeto integra como parceiros quatro organismos de tr\u00eas pa\u00edses da Europa, nomeadamente o Conseil d\u00e9partemental do Finist\u00e8re (chefe de fila do projeto) e o Comit\u00e9 d\u00e9partemental handisport do Finist\u00e8re, da Fran\u00e7a; a AGAN+ (associa\u00e7\u00e3o de atividades n\u00e1uticas da Galiza), de Espanha; e a CIM Alto Minho, de Portugal.<\/p>\n<p>&nbsp;<\/p>\n","protected":false},"excerpt":{"rendered":"<p>O Presidente da CIM Alto Minho, Jos\u00e9 Maria Costa, vai visitar a regi\u00e3o francesa do Finist\u00e8re. A CIM informou em comunicado, que &#8220;No \u00e2mbito do protocolo de coopera\u00e7\u00e3o celebrado entre a Comunidade Intermunicipal do Alto Minho (CIM Alto Minho) e o D\u00e9partement do Finist\u00e8re, da regi\u00e3o francesa da Bretanha, o presidente do Conselho Intermunicipal da [&hellip;]<\/p>\n","protected":false},"author":7,"featured_media":11364,"comment_status":"closed","ping_status":"closed","sticky":false,"template":"","format":"standard","meta":{"_exactmetrics_skip_tracking":false,"_exactmetrics_sitenote_active":false,"_exactmetrics_sitenote_note":"","_exactmetrics_sitenote_category":0,"footnotes":""},"categories":[73],"tags":[27],"class_list":["post-11363","post","type-post","status-publish","format-standard","has-post-thumbnail","hentry","category-alto-minho","tag-sociedade"],"yoast_head":"<!-- This site is optimized with the Yoast SEO Premium plugin v27.5 (Yoast SEO v27.5) - https:\/\/yoast.com\/product\/yoast-seo-premium-wordpress\/ -->\n<title>Presidente da CIM Alto Minho visita a regi\u00e3o francesa do Finist\u00e8re<\/title>\n<meta name=\"robots\" content=\"index, follow, max-snippet:-1, max-image-preview:large, max-video-preview:-1\" \/>\n<link rel=\"canonical\" href=\"https:\/\/www.altominho.tv\/site\/2018\/04\/05\/presidente-da-cim-alto-minho-visita-a-regiao-francesa-do-finistere\/\" \/>\n<meta property=\"og:locale\" content=\"pt_PT\" \/>\n<meta property=\"og:type\" content=\"article\" \/>\n<meta property=\"og:title\" content=\"Presidente da CIM Alto Minho visita a regi\u00e3o francesa do Finist\u00e8re\" \/>\n<meta property=\"og:description\" content=\"O Presidente da CIM Alto Minho, Jos\u00e9 Maria Costa, vai visitar a regi\u00e3o francesa do Finist\u00e8re. A CIM informou em comunicado, que &#8220;No \u00e2mbito do protocolo de coopera\u00e7\u00e3o celebrado entre a Comunidade Intermunicipal do Alto Minho (CIM Alto Minho) e o D\u00e9partement do Finist\u00e8re, da regi\u00e3o francesa da Bretanha, o presidente do Conselho Intermunicipal da [&hellip;]\" \/>\n<meta property=\"og:url\" content=\"https:\/\/www.altominho.tv\/site\/2018\/04\/05\/presidente-da-cim-alto-minho-visita-a-regiao-francesa-do-finistere\/\" \/>\n<meta property=\"og:site_name\" content=\"Altominho.tv\" \/>\n<meta property=\"article:publisher\" content=\"https:\/\/www.facebook.com\/altominhotv\" \/>\n<meta property=\"article:published_time\" content=\"2018-04-05T09:29:49+00:00\" \/>\n<meta property=\"og:image\" content=\"https:\/\/www.altominho.tv\/site\/wp-content\/uploads\/2018\/04\/jose.jpg\" \/>\n\t<meta property=\"og:image:width\" content=\"900\" \/>\n\t<meta property=\"og:image:height\" content=\"507\" \/>\n\t<meta property=\"og:image:type\" content=\"image\/jpeg\" \/>\n<meta name=\"author\" content=\"Andreia Cunha\" \/>\n<meta name=\"twitter:card\" content=\"summary_large_image\" \/>\n<meta name=\"twitter:creator\" content=\"@altominhoTV\" \/>\n<meta name=\"twitter:site\" content=\"@altominhoTV\" \/>\n<meta name=\"twitter:label1\" content=\"Escrito por\" \/>\n\t<meta name=\"twitter:data1\" content=\"Andreia Cunha\" \/>\n\t<meta name=\"twitter:label2\" content=\"Tempo estimado de leitura\" \/>\n\t<meta name=\"twitter:data2\" content=\"2 minutos\" \/>\n<script type=\"application\/ld+json\" class=\"yoast-schema-graph\">{\"@context\":\"https:\\\/\\\/schema.org\",\"@graph\":[{\"@type\":\"Article\",\"@id\":\"https:\\\/\\\/www.altominho.tv\\\/site\\\/2018\\\/04\\\/05\\\/presidente-da-cim-alto-minho-visita-a-regiao-francesa-do-finistere\\\/#article\",\"isPartOf\":{\"@id\":\"https:\\\/\\\/www.altominho.tv\\\/site\\\/2018\\\/04\\\/05\\\/presidente-da-cim-alto-minho-visita-a-regiao-francesa-do-finistere\\\/\"},\"author\":{\"name\":\"Andreia Cunha\",\"@id\":\"https:\\\/\\\/www.altominho.tv\\\/site\\\/#\\\/schema\\\/person\\\/a0e4ef6d041f98ca284393d8f1d97153\"},\"headline\":\"Presidente da CIM Alto Minho visita a regi\u00e3o francesa do Finist\u00e8re\",\"datePublished\":\"2018-04-05T09:29:49+00:00\",\"mainEntityOfPage\":{\"@id\":\"https:\\\/\\\/www.altominho.tv\\\/site\\\/2018\\\/04\\\/05\\\/presidente-da-cim-alto-minho-visita-a-regiao-francesa-do-finistere\\\/\"},\"wordCount\":323,\"image\":{\"@id\":\"https:\\\/\\\/www.altominho.tv\\\/site\\\/2018\\\/04\\\/05\\\/presidente-da-cim-alto-minho-visita-a-regiao-francesa-do-finistere\\\/#primaryimage\"},\"thumbnailUrl\":\"https:\\\/\\\/www.altominho.tv\\\/site\\\/wp-content\\\/uploads\\\/2018\\\/04\\\/jose.jpg\",\"keywords\":[\"Sociedade\"],\"articleSection\":[\"Alto Minho\"],\"inLanguage\":\"pt-PT\",\"copyrightYear\":\"2018\",\"copyrightHolder\":{\"@id\":\"https:\\\/\\\/www.altominho.tv\\\/site\\\/#organization\"}},{\"@type\":\"WebPage\",\"@id\":\"https:\\\/\\\/www.altominho.tv\\\/site\\\/2018\\\/04\\\/05\\\/presidente-da-cim-alto-minho-visita-a-regiao-francesa-do-finistere\\\/\",\"url\":\"https:\\\/\\\/www.altominho.tv\\\/site\\\/2018\\\/04\\\/05\\\/presidente-da-cim-alto-minho-visita-a-regiao-francesa-do-finistere\\\/\",\"name\":\"Presidente da CIM Alto Minho visita a regi\u00e3o francesa do Finist\u00e8re\",\"isPartOf\":{\"@id\":\"https:\\\/\\\/www.altominho.tv\\\/site\\\/#website\"},\"primaryImageOfPage\":{\"@id\":\"https:\\\/\\\/www.altominho.tv\\\/site\\\/2018\\\/04\\\/05\\\/presidente-da-cim-alto-minho-visita-a-regiao-francesa-do-finistere\\\/#primaryimage\"},\"image\":{\"@id\":\"https:\\\/\\\/www.altominho.tv\\\/site\\\/2018\\\/04\\\/05\\\/presidente-da-cim-alto-minho-visita-a-regiao-francesa-do-finistere\\\/#primaryimage\"},\"thumbnailUrl\":\"https:\\\/\\\/www.altominho.tv\\\/site\\\/wp-content\\\/uploads\\\/2018\\\/04\\\/jose.jpg\",\"datePublished\":\"2018-04-05T09:29:49+00:00\",\"author\":{\"@id\":\"https:\\\/\\\/www.altominho.tv\\\/site\\\/#\\\/schema\\\/person\\\/a0e4ef6d041f98ca284393d8f1d97153\"},\"breadcrumb\":{\"@id\":\"https:\\\/\\\/www.altominho.tv\\\/site\\\/2018\\\/04\\\/05\\\/presidente-da-cim-alto-minho-visita-a-regiao-francesa-do-finistere\\\/#breadcrumb\"},\"inLanguage\":\"pt-PT\",\"potentialAction\":[{\"@type\":\"ReadAction\",\"target\":[\"https:\\\/\\\/www.altominho.tv\\\/site\\\/2018\\\/04\\\/05\\\/presidente-da-cim-alto-minho-visita-a-regiao-francesa-do-finistere\\\/\"]}]},{\"@type\":\"ImageObject\",\"inLanguage\":\"pt-PT\",\"@id\":\"https:\\\/\\\/www.altominho.tv\\\/site\\\/2018\\\/04\\\/05\\\/presidente-da-cim-alto-minho-visita-a-regiao-francesa-do-finistere\\\/#primaryimage\",\"url\":\"https:\\\/\\\/www.altominho.tv\\\/site\\\/wp-content\\\/uploads\\\/2018\\\/04\\\/jose.jpg\",\"contentUrl\":\"https:\\\/\\\/www.altominho.tv\\\/site\\\/wp-content\\\/uploads\\\/2018\\\/04\\\/jose.jpg\",\"width\":900,\"height\":507},{\"@type\":\"BreadcrumbList\",\"@id\":\"https:\\\/\\\/www.altominho.tv\\\/site\\\/2018\\\/04\\\/05\\\/presidente-da-cim-alto-minho-visita-a-regiao-francesa-do-finistere\\\/#breadcrumb\",\"itemListElement\":[{\"@type\":\"ListItem\",\"position\":1,\"name\":\"In\u00edcio\",\"item\":\"https:\\\/\\\/www.altominho.tv\\\/site\\\/\"},{\"@type\":\"ListItem\",\"position\":2,\"name\":\"Presidente da CIM Alto Minho visita a regi\u00e3o francesa do Finist\u00e8re\"}]},{\"@type\":\"WebSite\",\"@id\":\"https:\\\/\\\/www.altominho.tv\\\/site\\\/#website\",\"url\":\"https:\\\/\\\/www.altominho.tv\\\/site\\\/\",\"name\":\"Altominho.tv\",\"description\":\"A sua regi\u00e3o \u00e0 dist\u00e2ncia de um clique...\",\"potentialAction\":[{\"@type\":\"SearchAction\",\"target\":{\"@type\":\"EntryPoint\",\"urlTemplate\":\"https:\\\/\\\/www.altominho.tv\\\/site\\\/?s={search_term_string}\"},\"query-input\":{\"@type\":\"PropertyValueSpecification\",\"valueRequired\":true,\"valueName\":\"search_term_string\"}}],\"inLanguage\":\"pt-PT\"},{\"@type\":\"Person\",\"@id\":\"https:\\\/\\\/www.altominho.tv\\\/site\\\/#\\\/schema\\\/person\\\/a0e4ef6d041f98ca284393d8f1d97153\",\"name\":\"Andreia Cunha\",\"image\":{\"@type\":\"ImageObject\",\"inLanguage\":\"pt-PT\",\"@id\":\"https:\\\/\\\/www.altominho.tv\\\/site\\\/wp-content\\\/uploads\\\/2017\\\/11\\\/Andreia_Cunha-1-150x150.jpg\",\"url\":\"https:\\\/\\\/www.altominho.tv\\\/site\\\/wp-content\\\/uploads\\\/2017\\\/11\\\/Andreia_Cunha-1-150x150.jpg\",\"contentUrl\":\"https:\\\/\\\/www.altominho.tv\\\/site\\\/wp-content\\\/uploads\\\/2017\\\/11\\\/Andreia_Cunha-1-150x150.jpg\",\"caption\":\"Andreia Cunha\"},\"url\":\"https:\\\/\\\/www.altominho.tv\\\/site\\\/author\\\/andreiacunha\\\/\"}]}<\/script>\n<!-- \/ Yoast SEO Premium plugin. -->","yoast_head_json":{"title":"Presidente da CIM Alto Minho visita a regi\u00e3o francesa do Finist\u00e8re","robots":{"index":"index","follow":"follow","max-snippet":"max-snippet:-1","max-image-preview":"max-image-preview:large","max-video-preview":"max-video-preview:-1"},"canonical":"https:\/\/www.altominho.tv\/site\/2018\/04\/05\/presidente-da-cim-alto-minho-visita-a-regiao-francesa-do-finistere\/","og_locale":"pt_PT","og_type":"article","og_title":"Presidente da CIM Alto Minho visita a regi\u00e3o francesa do Finist\u00e8re","og_description":"O Presidente da CIM Alto Minho, Jos\u00e9 Maria Costa, vai visitar a regi\u00e3o francesa do Finist\u00e8re. A CIM informou em comunicado, que &#8220;No \u00e2mbito do protocolo de coopera\u00e7\u00e3o celebrado entre a Comunidade Intermunicipal do Alto Minho (CIM Alto Minho) e o D\u00e9partement do Finist\u00e8re, da regi\u00e3o francesa da Bretanha, o presidente do Conselho Intermunicipal da [&hellip;]","og_url":"https:\/\/www.altominho.tv\/site\/2018\/04\/05\/presidente-da-cim-alto-minho-visita-a-regiao-francesa-do-finistere\/","og_site_name":"Altominho.tv","article_publisher":"https:\/\/www.facebook.com\/altominhotv","article_published_time":"2018-04-05T09:29:49+00:00","og_image":[{"width":900,"height":507,"url":"https:\/\/www.altominho.tv\/site\/wp-content\/uploads\/2018\/04\/jose.jpg","type":"image\/jpeg"}],"author":"Andreia Cunha","twitter_card":"summary_large_image","twitter_creator":"@altominhoTV","twitter_site":"@altominhoTV","twitter_misc":{"Escrito por":"Andreia Cunha","Tempo estimado de leitura":"2 minutos"},"schema":{"@context":"https:\/\/schema.org","@graph":[{"@type":"Article","@id":"https:\/\/www.altominho.tv\/site\/2018\/04\/05\/presidente-da-cim-alto-minho-visita-a-regiao-francesa-do-finistere\/#article","isPartOf":{"@id":"https:\/\/www.altominho.tv\/site\/2018\/04\/05\/presidente-da-cim-alto-minho-visita-a-regiao-francesa-do-finistere\/"},"author":{"name":"Andreia Cunha","@id":"https:\/\/www.altominho.tv\/site\/#\/schema\/person\/a0e4ef6d041f98ca284393d8f1d97153"},"headline":"Presidente da CIM Alto Minho visita a regi\u00e3o francesa do Finist\u00e8re","datePublished":"2018-04-05T09:29:49+00:00","mainEntityOfPage":{"@id":"https:\/\/www.altominho.tv\/site\/2018\/04\/05\/presidente-da-cim-alto-minho-visita-a-regiao-francesa-do-finistere\/"},"wordCount":323,"image":{"@id":"https:\/\/www.altominho.tv\/site\/2018\/04\/05\/presidente-da-cim-alto-minho-visita-a-regiao-francesa-do-finistere\/#primaryimage"},"thumbnailUrl":"https:\/\/www.altominho.tv\/site\/wp-content\/uploads\/2018\/04\/jose.jpg","keywords":["Sociedade"],"articleSection":["Alto Minho"],"inLanguage":"pt-PT","copyrightYear":"2018","copyrightHolder":{"@id":"https:\/\/www.altominho.tv\/site\/#organization"}},{"@type":"WebPage","@id":"https:\/\/www.altominho.tv\/site\/2018\/04\/05\/presidente-da-cim-alto-minho-visita-a-regiao-francesa-do-finistere\/","url":"https:\/\/www.altominho.tv\/site\/2018\/04\/05\/presidente-da-cim-alto-minho-visita-a-regiao-francesa-do-finistere\/","name":"Presidente da CIM Alto Minho visita a regi\u00e3o francesa do Finist\u00e8re","isPartOf":{"@id":"https:\/\/www.altominho.tv\/site\/#website"},"primaryImageOfPage":{"@id":"https:\/\/www.altominho.tv\/site\/2018\/04\/05\/presidente-da-cim-alto-minho-visita-a-regiao-francesa-do-finistere\/#primaryimage"},"image":{"@id":"https:\/\/www.altominho.tv\/site\/2018\/04\/05\/presidente-da-cim-alto-minho-visita-a-regiao-francesa-do-finistere\/#primaryimage"},"thumbnailUrl":"https:\/\/www.altominho.tv\/site\/wp-content\/uploads\/2018\/04\/jose.jpg","datePublished":"2018-04-05T09:29:49+00:00","author":{"@id":"https:\/\/www.altominho.tv\/site\/#\/schema\/person\/a0e4ef6d041f98ca284393d8f1d97153"},"breadcrumb":{"@id":"https:\/\/www.altominho.tv\/site\/2018\/04\/05\/presidente-da-cim-alto-minho-visita-a-regiao-francesa-do-finistere\/#breadcrumb"},"inLanguage":"pt-PT","potentialAction":[{"@type":"ReadAction","target":["https:\/\/www.altominho.tv\/site\/2018\/04\/05\/presidente-da-cim-alto-minho-visita-a-regiao-francesa-do-finistere\/"]}]},{"@type":"ImageObject","inLanguage":"pt-PT","@id":"https:\/\/www.altominho.tv\/site\/2018\/04\/05\/presidente-da-cim-alto-minho-visita-a-regiao-francesa-do-finistere\/#primaryimage","url":"https:\/\/www.altominho.tv\/site\/wp-content\/uploads\/2018\/04\/jose.jpg","contentUrl":"https:\/\/www.altominho.tv\/site\/wp-content\/uploads\/2018\/04\/jose.jpg","width":900,"height":507},{"@type":"BreadcrumbList","@id":"https:\/\/www.altominho.tv\/site\/2018\/04\/05\/presidente-da-cim-alto-minho-visita-a-regiao-francesa-do-finistere\/#breadcrumb","itemListElement":[{"@type":"ListItem","position":1,"name":"In\u00edcio","item":"https:\/\/www.altominho.tv\/site\/"},{"@type":"ListItem","position":2,"name":"Presidente da CIM Alto Minho visita a regi\u00e3o francesa do Finist\u00e8re"}]},{"@type":"WebSite","@id":"https:\/\/www.altominho.tv\/site\/#website","url":"https:\/\/www.altominho.tv\/site\/","name":"Altominho.tv","description":"A sua regi\u00e3o \u00e0 dist\u00e2ncia de um clique...","potentialAction":[{"@type":"SearchAction","target":{"@type":"EntryPoint","urlTemplate":"https:\/\/www.altominho.tv\/site\/?s={search_term_string}"},"query-input":{"@type":"PropertyValueSpecification","valueRequired":true,"valueName":"search_term_string"}}],"inLanguage":"pt-PT"},{"@type":"Person","@id":"https:\/\/www.altominho.tv\/site\/#\/schema\/person\/a0e4ef6d041f98ca284393d8f1d97153","name":"Andreia Cunha","image":{"@type":"ImageObject","inLanguage":"pt-PT","@id":"https:\/\/www.altominho.tv\/site\/wp-content\/uploads\/2017\/11\/Andreia_Cunha-1-150x150.jpg","url":"https:\/\/www.altominho.tv\/site\/wp-content\/uploads\/2017\/11\/Andreia_Cunha-1-150x150.jpg","contentUrl":"https:\/\/www.altominho.tv\/site\/wp-content\/uploads\/2017\/11\/Andreia_Cunha-1-150x150.jpg","caption":"Andreia Cunha"},"url":"https:\/\/www.altominho.tv\/site\/author\/andreiacunha\/"}]}},"_links":{"self":[{"href":"https:\/\/www.altominho.tv\/site\/wp-json\/wp\/v2\/posts\/11363","targetHints":{"allow":["GET"]}}],"collection":[{"href":"https:\/\/www.altominho.tv\/site\/wp-json\/wp\/v2\/posts"}],"about":[{"href":"https:\/\/www.altominho.tv\/site\/wp-json\/wp\/v2\/types\/post"}],"author":[{"embeddable":true,"href":"https:\/\/www.altominho.tv\/site\/wp-json\/wp\/v2\/users\/7"}],"replies":[{"embeddable":true,"href":"https:\/\/www.altominho.tv\/site\/wp-json\/wp\/v2\/comments?post=11363"}],"version-history":[{"count":0,"href":"https:\/\/www.altominho.tv\/site\/wp-json\/wp\/v2\/posts\/11363\/revisions"}],"wp:featuredmedia":[{"embeddable":true,"href":"https:\/\/www.altominho.tv\/site\/wp-json\/wp\/v2\/media\/11364"}],"wp:attachment":[{"href":"https:\/\/www.altominho.tv\/site\/wp-json\/wp\/v2\/media?parent=11363"}],"wp:term":[{"taxonomy":"category","embeddable":true,"href":"https:\/\/www.altominho.tv\/site\/wp-json\/wp\/v2\/categories?post=11363"},{"taxonomy":"post_tag","embeddable":true,"href":"https:\/\/www.altominho.tv\/site\/wp-json\/wp\/v2\/tags?post=11363"}],"curies":[{"name":"wp","href":"https:\/\/api.w.org\/{rel}","templated":true}]}}