{"id":113349,"date":"2024-12-20T17:11:16","date_gmt":"2024-12-20T17:11:16","guid":{"rendered":"https:\/\/www.altominho.tv\/site\/?p=113349"},"modified":"2024-12-20T17:13:17","modified_gmt":"2024-12-20T17:13:17","slug":"estendal-dos-direitos-da-crianca-une-comunidade-educativa-em-arcos-de-valdevez-2","status":"publish","type":"post","link":"https:\/\/www.altominho.tv\/site\/2024\/12\/20\/estendal-dos-direitos-da-crianca-une-comunidade-educativa-em-arcos-de-valdevez-2\/","title":{"rendered":"Estendal dos Direitos da Crian\u00e7a une comunidade educativa em Arcos de Valdevez"},"content":{"rendered":"\n<p>No \u00e2mbito das comemora\u00e7\u00f5es do Dia Universal dos Direitos da Crian\u00e7a, a C\u00e2mara<br>Municipal e a Comiss\u00e3o de Prote\u00e7\u00e3o de Crian\u00e7as e Jovens (CPCJ) de Arcos de Valdevez promoveram uma iniciativa envolvendo os jardins de inf\u00e2ncia do concelho.<\/p>\n\n\n\n<p>Assim, a CPCJ lan\u00e7ou o repto aos\/\u00e0s alunos\/as, educadores\/as e auxiliares, para que<br>elaborassem \u201cEstendais dos Direitos das Crian\u00e7as\u201d. Esta atividade teve como intuito sensibilizar para a necessidade de salvaguarda dos seus direitos, nomeadamente, \u00e0 educa\u00e7\u00e3o, \u00e0 sa\u00fade, \u00e0 prote\u00e7\u00e3o, ao lazer, \u00e0 fam\u00edlia, entre outros, bem como para acautelar a prote\u00e7\u00e3o contra qualquer tipo de abuso, neglig\u00eancia ou discrimina\u00e7\u00e3o.<\/p>\n\n\n\n<p>A C\u00e2mara Municipal e a CPCJ agradecem a todos\/todas os que se dedicaram a este projeto, enaltecendo o esfor\u00e7o e a criatividade demonstrados. O \u201cEstendal dos Direitos das Crian\u00e7as\u201d tornou-se um s\u00edmbolo de esperan\u00e7a e compromisso, refor\u00e7ando a responsabilidade de todos e de todas em promover e proteger os direitos das crian\u00e7as.<\/p>\n","protected":false},"excerpt":{"rendered":"<p>No \u00e2mbito das comemora\u00e7\u00f5es do Dia Universal dos Direitos da Crian\u00e7a, a C\u00e2maraMunicipal e a Comiss\u00e3o de Prote\u00e7\u00e3o de Crian\u00e7as e Jovens (CPCJ) de Arcos de Valdevez promoveram uma iniciativa envolvendo os jardins de inf\u00e2ncia do concelho. Assim, a CPCJ lan\u00e7ou o repto aos\/\u00e0s alunos\/as, educadores\/as e auxiliares, para queelaborassem \u201cEstendais dos Direitos das Crian\u00e7as\u201d. [&hellip;]<\/p>\n","protected":false},"author":1,"featured_media":113350,"comment_status":"closed","ping_status":"closed","sticky":false,"template":"","format":"standard","meta":{"_exactmetrics_skip_tracking":false,"_exactmetrics_sitenote_active":false,"_exactmetrics_sitenote_note":"","_exactmetrics_sitenote_category":0,"footnotes":""},"categories":[2],"tags":[27],"class_list":["post-113349","post","type-post","status-publish","format-standard","has-post-thumbnail","hentry","category-arcos-de-valdevez","tag-sociedade"],"yoast_head":"<!-- This site is optimized with the Yoast SEO Premium plugin v27.5 (Yoast SEO v27.5) - https:\/\/yoast.com\/product\/yoast-seo-premium-wordpress\/ -->\n<title>Estendal dos Direitos da Crian\u00e7a une comunidade educativa em Arcos de Valdevez<\/title>\n<meta name=\"robots\" content=\"index, follow, max-snippet:-1, max-image-preview:large, max-video-preview:-1\" \/>\n<link rel=\"canonical\" href=\"https:\/\/www.altominho.tv\/site\/2024\/12\/20\/estendal-dos-direitos-da-crianca-une-comunidade-educativa-em-arcos-de-valdevez-2\/\" \/>\n<meta property=\"og:locale\" content=\"pt_PT\" \/>\n<meta property=\"og:type\" content=\"article\" \/>\n<meta property=\"og:title\" content=\"Estendal dos Direitos da Crian\u00e7a une comunidade educativa em Arcos de Valdevez\" \/>\n<meta property=\"og:description\" content=\"No \u00e2mbito das comemora\u00e7\u00f5es do Dia Universal dos Direitos da Crian\u00e7a, a C\u00e2maraMunicipal e a Comiss\u00e3o de Prote\u00e7\u00e3o de Crian\u00e7as e Jovens (CPCJ) de Arcos de Valdevez promoveram uma iniciativa envolvendo os jardins de inf\u00e2ncia do concelho. Assim, a CPCJ lan\u00e7ou o repto aos\/\u00e0s alunos\/as, educadores\/as e auxiliares, para queelaborassem \u201cEstendais dos Direitos das Crian\u00e7as\u201d. [&hellip;]\" \/>\n<meta property=\"og:url\" content=\"https:\/\/www.altominho.tv\/site\/2024\/12\/20\/estendal-dos-direitos-da-crianca-une-comunidade-educativa-em-arcos-de-valdevez-2\/\" \/>\n<meta property=\"og:site_name\" content=\"Altominho.tv\" \/>\n<meta property=\"article:publisher\" content=\"https:\/\/www.facebook.com\/altominhotv\" \/>\n<meta property=\"article:published_time\" content=\"2024-12-20T17:11:16+00:00\" \/>\n<meta property=\"article:modified_time\" content=\"2024-12-20T17:13:17+00:00\" \/>\n<meta property=\"og:image\" content=\"https:\/\/www.altominho.tv\/site\/wp-content\/uploads\/2024\/12\/Design-sem-nome-copia-4.jpg\" \/>\n\t<meta property=\"og:image:width\" content=\"1920\" \/>\n\t<meta property=\"og:image:height\" content=\"1080\" \/>\n\t<meta property=\"og:image:type\" content=\"image\/jpeg\" \/>\n<meta name=\"author\" content=\"Altominho.tv\" \/>\n<meta name=\"twitter:card\" content=\"summary_large_image\" \/>\n<meta name=\"twitter:creator\" content=\"@altominhoTV\" \/>\n<meta name=\"twitter:site\" content=\"@altominhoTV\" \/>\n<meta name=\"twitter:label1\" content=\"Escrito por\" \/>\n\t<meta name=\"twitter:data1\" content=\"Altominho.tv\" \/>\n\t<meta name=\"twitter:label2\" content=\"Tempo estimado de leitura\" \/>\n\t<meta name=\"twitter:data2\" content=\"2 minutos\" \/>\n<script type=\"application\/ld+json\" class=\"yoast-schema-graph\">{\"@context\":\"https:\\\/\\\/schema.org\",\"@graph\":[{\"@type\":\"Article\",\"@id\":\"https:\\\/\\\/www.altominho.tv\\\/site\\\/2024\\\/12\\\/20\\\/estendal-dos-direitos-da-crianca-une-comunidade-educativa-em-arcos-de-valdevez-2\\\/#article\",\"isPartOf\":{\"@id\":\"https:\\\/\\\/www.altominho.tv\\\/site\\\/2024\\\/12\\\/20\\\/estendal-dos-direitos-da-crianca-une-comunidade-educativa-em-arcos-de-valdevez-2\\\/\"},\"author\":{\"name\":\"Altominho.tv\",\"@id\":\"https:\\\/\\\/www.altominho.tv\\\/site\\\/#\\\/schema\\\/person\\\/4e536851627d7914baf3dac752b6af22\"},\"headline\":\"Estendal dos Direitos da Crian\u00e7a une comunidade educativa em Arcos de Valdevez\",\"datePublished\":\"2024-12-20T17:11:16+00:00\",\"dateModified\":\"2024-12-20T17:13:17+00:00\",\"mainEntityOfPage\":{\"@id\":\"https:\\\/\\\/www.altominho.tv\\\/site\\\/2024\\\/12\\\/20\\\/estendal-dos-direitos-da-crianca-une-comunidade-educativa-em-arcos-de-valdevez-2\\\/\"},\"wordCount\":184,\"image\":{\"@id\":\"https:\\\/\\\/www.altominho.tv\\\/site\\\/2024\\\/12\\\/20\\\/estendal-dos-direitos-da-crianca-une-comunidade-educativa-em-arcos-de-valdevez-2\\\/#primaryimage\"},\"thumbnailUrl\":\"https:\\\/\\\/www.altominho.tv\\\/site\\\/wp-content\\\/uploads\\\/2024\\\/12\\\/Design-sem-nome-copia-4.jpg\",\"keywords\":[\"Sociedade\"],\"articleSection\":[\"Arcos de Valdevez\"],\"inLanguage\":\"pt-PT\",\"copyrightYear\":\"2024\",\"copyrightHolder\":{\"@id\":\"https:\\\/\\\/www.altominho.tv\\\/site\\\/#organization\"}},{\"@type\":\"WebPage\",\"@id\":\"https:\\\/\\\/www.altominho.tv\\\/site\\\/2024\\\/12\\\/20\\\/estendal-dos-direitos-da-crianca-une-comunidade-educativa-em-arcos-de-valdevez-2\\\/\",\"url\":\"https:\\\/\\\/www.altominho.tv\\\/site\\\/2024\\\/12\\\/20\\\/estendal-dos-direitos-da-crianca-une-comunidade-educativa-em-arcos-de-valdevez-2\\\/\",\"name\":\"Estendal dos Direitos da Crian\u00e7a une comunidade educativa em Arcos de Valdevez\",\"isPartOf\":{\"@id\":\"https:\\\/\\\/www.altominho.tv\\\/site\\\/#website\"},\"primaryImageOfPage\":{\"@id\":\"https:\\\/\\\/www.altominho.tv\\\/site\\\/2024\\\/12\\\/20\\\/estendal-dos-direitos-da-crianca-une-comunidade-educativa-em-arcos-de-valdevez-2\\\/#primaryimage\"},\"image\":{\"@id\":\"https:\\\/\\\/www.altominho.tv\\\/site\\\/2024\\\/12\\\/20\\\/estendal-dos-direitos-da-crianca-une-comunidade-educativa-em-arcos-de-valdevez-2\\\/#primaryimage\"},\"thumbnailUrl\":\"https:\\\/\\\/www.altominho.tv\\\/site\\\/wp-content\\\/uploads\\\/2024\\\/12\\\/Design-sem-nome-copia-4.jpg\",\"datePublished\":\"2024-12-20T17:11:16+00:00\",\"dateModified\":\"2024-12-20T17:13:17+00:00\",\"author\":{\"@id\":\"https:\\\/\\\/www.altominho.tv\\\/site\\\/#\\\/schema\\\/person\\\/4e536851627d7914baf3dac752b6af22\"},\"breadcrumb\":{\"@id\":\"https:\\\/\\\/www.altominho.tv\\\/site\\\/2024\\\/12\\\/20\\\/estendal-dos-direitos-da-crianca-une-comunidade-educativa-em-arcos-de-valdevez-2\\\/#breadcrumb\"},\"inLanguage\":\"pt-PT\",\"potentialAction\":[{\"@type\":\"ReadAction\",\"target\":[\"https:\\\/\\\/www.altominho.tv\\\/site\\\/2024\\\/12\\\/20\\\/estendal-dos-direitos-da-crianca-une-comunidade-educativa-em-arcos-de-valdevez-2\\\/\"]}]},{\"@type\":\"ImageObject\",\"inLanguage\":\"pt-PT\",\"@id\":\"https:\\\/\\\/www.altominho.tv\\\/site\\\/2024\\\/12\\\/20\\\/estendal-dos-direitos-da-crianca-une-comunidade-educativa-em-arcos-de-valdevez-2\\\/#primaryimage\",\"url\":\"https:\\\/\\\/www.altominho.tv\\\/site\\\/wp-content\\\/uploads\\\/2024\\\/12\\\/Design-sem-nome-copia-4.jpg\",\"contentUrl\":\"https:\\\/\\\/www.altominho.tv\\\/site\\\/wp-content\\\/uploads\\\/2024\\\/12\\\/Design-sem-nome-copia-4.jpg\",\"width\":1920,\"height\":1080},{\"@type\":\"BreadcrumbList\",\"@id\":\"https:\\\/\\\/www.altominho.tv\\\/site\\\/2024\\\/12\\\/20\\\/estendal-dos-direitos-da-crianca-une-comunidade-educativa-em-arcos-de-valdevez-2\\\/#breadcrumb\",\"itemListElement\":[{\"@type\":\"ListItem\",\"position\":1,\"name\":\"In\u00edcio\",\"item\":\"https:\\\/\\\/www.altominho.tv\\\/site\\\/\"},{\"@type\":\"ListItem\",\"position\":2,\"name\":\"Estendal dos Direitos da Crian\u00e7a une comunidade educativa em Arcos de Valdevez\"}]},{\"@type\":\"WebSite\",\"@id\":\"https:\\\/\\\/www.altominho.tv\\\/site\\\/#website\",\"url\":\"https:\\\/\\\/www.altominho.tv\\\/site\\\/\",\"name\":\"Altominho.tv\",\"description\":\"A sua regi\u00e3o \u00e0 dist\u00e2ncia de um clique...\",\"potentialAction\":[{\"@type\":\"SearchAction\",\"target\":{\"@type\":\"EntryPoint\",\"urlTemplate\":\"https:\\\/\\\/www.altominho.tv\\\/site\\\/?s={search_term_string}\"},\"query-input\":{\"@type\":\"PropertyValueSpecification\",\"valueRequired\":true,\"valueName\":\"search_term_string\"}}],\"inLanguage\":\"pt-PT\"},{\"@type\":\"Person\",\"@id\":\"https:\\\/\\\/www.altominho.tv\\\/site\\\/#\\\/schema\\\/person\\\/4e536851627d7914baf3dac752b6af22\",\"name\":\"Altominho.tv\",\"image\":{\"@type\":\"ImageObject\",\"inLanguage\":\"pt-PT\",\"@id\":\"https:\\\/\\\/www.altominho.tv\\\/site\\\/wp-content\\\/uploads\\\/2019\\\/11\\\/Logo_Avatar_2-150x150.jpg\",\"url\":\"https:\\\/\\\/www.altominho.tv\\\/site\\\/wp-content\\\/uploads\\\/2019\\\/11\\\/Logo_Avatar_2-150x150.jpg\",\"contentUrl\":\"https:\\\/\\\/www.altominho.tv\\\/site\\\/wp-content\\\/uploads\\\/2019\\\/11\\\/Logo_Avatar_2-150x150.jpg\",\"caption\":\"Altominho.tv\"},\"url\":\"https:\\\/\\\/www.altominho.tv\\\/site\\\/author\\\/altominhotv-tecnico\\\/\"}]}<\/script>\n<!-- \/ Yoast SEO Premium plugin. -->","yoast_head_json":{"title":"Estendal dos Direitos da Crian\u00e7a une comunidade educativa em Arcos de Valdevez","robots":{"index":"index","follow":"follow","max-snippet":"max-snippet:-1","max-image-preview":"max-image-preview:large","max-video-preview":"max-video-preview:-1"},"canonical":"https:\/\/www.altominho.tv\/site\/2024\/12\/20\/estendal-dos-direitos-da-crianca-une-comunidade-educativa-em-arcos-de-valdevez-2\/","og_locale":"pt_PT","og_type":"article","og_title":"Estendal dos Direitos da Crian\u00e7a une comunidade educativa em Arcos de Valdevez","og_description":"No \u00e2mbito das comemora\u00e7\u00f5es do Dia Universal dos Direitos da Crian\u00e7a, a C\u00e2maraMunicipal e a Comiss\u00e3o de Prote\u00e7\u00e3o de Crian\u00e7as e Jovens (CPCJ) de Arcos de Valdevez promoveram uma iniciativa envolvendo os jardins de inf\u00e2ncia do concelho. Assim, a CPCJ lan\u00e7ou o repto aos\/\u00e0s alunos\/as, educadores\/as e auxiliares, para queelaborassem \u201cEstendais dos Direitos das Crian\u00e7as\u201d. [&hellip;]","og_url":"https:\/\/www.altominho.tv\/site\/2024\/12\/20\/estendal-dos-direitos-da-crianca-une-comunidade-educativa-em-arcos-de-valdevez-2\/","og_site_name":"Altominho.tv","article_publisher":"https:\/\/www.facebook.com\/altominhotv","article_published_time":"2024-12-20T17:11:16+00:00","article_modified_time":"2024-12-20T17:13:17+00:00","og_image":[{"width":1920,"height":1080,"url":"https:\/\/www.altominho.tv\/site\/wp-content\/uploads\/2024\/12\/Design-sem-nome-copia-4.jpg","type":"image\/jpeg"}],"author":"Altominho.tv","twitter_card":"summary_large_image","twitter_creator":"@altominhoTV","twitter_site":"@altominhoTV","twitter_misc":{"Escrito por":"Altominho.tv","Tempo estimado de leitura":"2 minutos"},"schema":{"@context":"https:\/\/schema.org","@graph":[{"@type":"Article","@id":"https:\/\/www.altominho.tv\/site\/2024\/12\/20\/estendal-dos-direitos-da-crianca-une-comunidade-educativa-em-arcos-de-valdevez-2\/#article","isPartOf":{"@id":"https:\/\/www.altominho.tv\/site\/2024\/12\/20\/estendal-dos-direitos-da-crianca-une-comunidade-educativa-em-arcos-de-valdevez-2\/"},"author":{"name":"Altominho.tv","@id":"https:\/\/www.altominho.tv\/site\/#\/schema\/person\/4e536851627d7914baf3dac752b6af22"},"headline":"Estendal dos Direitos da Crian\u00e7a une comunidade educativa em Arcos de Valdevez","datePublished":"2024-12-20T17:11:16+00:00","dateModified":"2024-12-20T17:13:17+00:00","mainEntityOfPage":{"@id":"https:\/\/www.altominho.tv\/site\/2024\/12\/20\/estendal-dos-direitos-da-crianca-une-comunidade-educativa-em-arcos-de-valdevez-2\/"},"wordCount":184,"image":{"@id":"https:\/\/www.altominho.tv\/site\/2024\/12\/20\/estendal-dos-direitos-da-crianca-une-comunidade-educativa-em-arcos-de-valdevez-2\/#primaryimage"},"thumbnailUrl":"https:\/\/www.altominho.tv\/site\/wp-content\/uploads\/2024\/12\/Design-sem-nome-copia-4.jpg","keywords":["Sociedade"],"articleSection":["Arcos de Valdevez"],"inLanguage":"pt-PT","copyrightYear":"2024","copyrightHolder":{"@id":"https:\/\/www.altominho.tv\/site\/#organization"}},{"@type":"WebPage","@id":"https:\/\/www.altominho.tv\/site\/2024\/12\/20\/estendal-dos-direitos-da-crianca-une-comunidade-educativa-em-arcos-de-valdevez-2\/","url":"https:\/\/www.altominho.tv\/site\/2024\/12\/20\/estendal-dos-direitos-da-crianca-une-comunidade-educativa-em-arcos-de-valdevez-2\/","name":"Estendal dos Direitos da Crian\u00e7a une comunidade educativa em Arcos de Valdevez","isPartOf":{"@id":"https:\/\/www.altominho.tv\/site\/#website"},"primaryImageOfPage":{"@id":"https:\/\/www.altominho.tv\/site\/2024\/12\/20\/estendal-dos-direitos-da-crianca-une-comunidade-educativa-em-arcos-de-valdevez-2\/#primaryimage"},"image":{"@id":"https:\/\/www.altominho.tv\/site\/2024\/12\/20\/estendal-dos-direitos-da-crianca-une-comunidade-educativa-em-arcos-de-valdevez-2\/#primaryimage"},"thumbnailUrl":"https:\/\/www.altominho.tv\/site\/wp-content\/uploads\/2024\/12\/Design-sem-nome-copia-4.jpg","datePublished":"2024-12-20T17:11:16+00:00","dateModified":"2024-12-20T17:13:17+00:00","author":{"@id":"https:\/\/www.altominho.tv\/site\/#\/schema\/person\/4e536851627d7914baf3dac752b6af22"},"breadcrumb":{"@id":"https:\/\/www.altominho.tv\/site\/2024\/12\/20\/estendal-dos-direitos-da-crianca-une-comunidade-educativa-em-arcos-de-valdevez-2\/#breadcrumb"},"inLanguage":"pt-PT","potentialAction":[{"@type":"ReadAction","target":["https:\/\/www.altominho.tv\/site\/2024\/12\/20\/estendal-dos-direitos-da-crianca-une-comunidade-educativa-em-arcos-de-valdevez-2\/"]}]},{"@type":"ImageObject","inLanguage":"pt-PT","@id":"https:\/\/www.altominho.tv\/site\/2024\/12\/20\/estendal-dos-direitos-da-crianca-une-comunidade-educativa-em-arcos-de-valdevez-2\/#primaryimage","url":"https:\/\/www.altominho.tv\/site\/wp-content\/uploads\/2024\/12\/Design-sem-nome-copia-4.jpg","contentUrl":"https:\/\/www.altominho.tv\/site\/wp-content\/uploads\/2024\/12\/Design-sem-nome-copia-4.jpg","width":1920,"height":1080},{"@type":"BreadcrumbList","@id":"https:\/\/www.altominho.tv\/site\/2024\/12\/20\/estendal-dos-direitos-da-crianca-une-comunidade-educativa-em-arcos-de-valdevez-2\/#breadcrumb","itemListElement":[{"@type":"ListItem","position":1,"name":"In\u00edcio","item":"https:\/\/www.altominho.tv\/site\/"},{"@type":"ListItem","position":2,"name":"Estendal dos Direitos da Crian\u00e7a une comunidade educativa em Arcos de Valdevez"}]},{"@type":"WebSite","@id":"https:\/\/www.altominho.tv\/site\/#website","url":"https:\/\/www.altominho.tv\/site\/","name":"Altominho.tv","description":"A sua regi\u00e3o \u00e0 dist\u00e2ncia de um clique...","potentialAction":[{"@type":"SearchAction","target":{"@type":"EntryPoint","urlTemplate":"https:\/\/www.altominho.tv\/site\/?s={search_term_string}"},"query-input":{"@type":"PropertyValueSpecification","valueRequired":true,"valueName":"search_term_string"}}],"inLanguage":"pt-PT"},{"@type":"Person","@id":"https:\/\/www.altominho.tv\/site\/#\/schema\/person\/4e536851627d7914baf3dac752b6af22","name":"Altominho.tv","image":{"@type":"ImageObject","inLanguage":"pt-PT","@id":"https:\/\/www.altominho.tv\/site\/wp-content\/uploads\/2019\/11\/Logo_Avatar_2-150x150.jpg","url":"https:\/\/www.altominho.tv\/site\/wp-content\/uploads\/2019\/11\/Logo_Avatar_2-150x150.jpg","contentUrl":"https:\/\/www.altominho.tv\/site\/wp-content\/uploads\/2019\/11\/Logo_Avatar_2-150x150.jpg","caption":"Altominho.tv"},"url":"https:\/\/www.altominho.tv\/site\/author\/altominhotv-tecnico\/"}]}},"_links":{"self":[{"href":"https:\/\/www.altominho.tv\/site\/wp-json\/wp\/v2\/posts\/113349","targetHints":{"allow":["GET"]}}],"collection":[{"href":"https:\/\/www.altominho.tv\/site\/wp-json\/wp\/v2\/posts"}],"about":[{"href":"https:\/\/www.altominho.tv\/site\/wp-json\/wp\/v2\/types\/post"}],"author":[{"embeddable":true,"href":"https:\/\/www.altominho.tv\/site\/wp-json\/wp\/v2\/users\/1"}],"replies":[{"embeddable":true,"href":"https:\/\/www.altominho.tv\/site\/wp-json\/wp\/v2\/comments?post=113349"}],"version-history":[{"count":2,"href":"https:\/\/www.altominho.tv\/site\/wp-json\/wp\/v2\/posts\/113349\/revisions"}],"predecessor-version":[{"id":113352,"href":"https:\/\/www.altominho.tv\/site\/wp-json\/wp\/v2\/posts\/113349\/revisions\/113352"}],"wp:featuredmedia":[{"embeddable":true,"href":"https:\/\/www.altominho.tv\/site\/wp-json\/wp\/v2\/media\/113350"}],"wp:attachment":[{"href":"https:\/\/www.altominho.tv\/site\/wp-json\/wp\/v2\/media?parent=113349"}],"wp:term":[{"taxonomy":"category","embeddable":true,"href":"https:\/\/www.altominho.tv\/site\/wp-json\/wp\/v2\/categories?post=113349"},{"taxonomy":"post_tag","embeddable":true,"href":"https:\/\/www.altominho.tv\/site\/wp-json\/wp\/v2\/tags?post=113349"}],"curies":[{"name":"wp","href":"https:\/\/api.w.org\/{rel}","templated":true}]}}