{"id":113287,"date":"2024-12-18T14:39:06","date_gmt":"2024-12-18T14:39:06","guid":{"rendered":"https:\/\/www.altominho.tv\/site\/?p=113287"},"modified":"2024-12-18T15:02:31","modified_gmt":"2024-12-18T15:02:31","slug":"paredes-de-coura-aquece-com-dois-dias-de-musica-no-xapas-sessions","status":"publish","type":"post","link":"https:\/\/www.altominho.tv\/site\/2024\/12\/18\/paredes-de-coura-aquece-com-dois-dias-de-musica-no-xapas-sessions\/","title":{"rendered":"Paredes de Coura aquece com dois dias de m\u00fasica no Xapas Sessions"},"content":{"rendered":"\n<p>O Xapas Sessions traz nos pr\u00f3ximos dias 21 e 22 de Dezembro um evento promete ser uma celebra\u00e7\u00e3o vibrante da m\u00fasica ao vivo, com um alinhamento de bandas nacionais emergentes.<\/p>\n\n\n\n<p>No dia 21 de Dezembro, o palco ser\u00e1 iluminado pelas atua\u00e7\u00f5es de Unsafe Space Garden e Travo. Ambas as bandas trazem propostas \u00fanicas e inovadoras, prometendo uma noite recheada de sonoridades envolventes e performances energ\u00e9ticas.<\/p>\n\n\n\n<p>No dia 22 de Dezembro, a m\u00fasica continua com 800 Gondomar e Solar Corona Elektrisch Maschine, que ir\u00e3o presentear os amantes de m\u00fasica com um espet\u00e1culo imperd\u00edvel, repleto de ritmos contagiantes e melodias cativantes.<\/p>\n\n\n\n<p>Os bilhetes para o Xapas Sessions est\u00e3o dispon\u00edveis a um pre\u00e7o acess\u00edvel e podem ser adquiridos nas redes sociais do Xapas Sessions ou ent\u00e3o na bilheteira do evento.<\/p>\n\n\n\n<p>O passe geral tem o custo de 15\u20ac, que d\u00e1 acesso aos dois dias de concertos, e 10\u20ac para os bilhetes di\u00e1rios.<\/p>\n\n\n\n<p>O evento ter\u00e1 lugar num ambiente acolhedor e descontra\u00eddo, ideal para os amantes da m\u00fasica e da boa companhia.<\/p>\n\n\n\n<p>Esta \u00e9 mais uma oportunidade de vivenciar dois dias repletos de boa m\u00fasica e uma atmosfera contagiante.<\/p>\n\n\n\n<p>O&nbsp;Xapas Sessions&nbsp;\u00e9 um projeto que nasceu em 2022, criado por um grupo de amigos com a miss\u00e3o de espalhar a energia dos concertos de bandas emergentes e o poder do rock por Paredes de Coura durante todo o ano.<\/p>\n\n\n\n<p>Conta com uma sala dedicada essencialmente \u00e0 cultura musical. Com uma entrada onde se pode apreciar uma exposi\u00e7\u00e3o de quadros que retratam os eventos passados. <\/p>\n\n\n\n<p>O Xapas Sessions, a m\u00fasica ganha vida, a amizade torna-se harmonia e a cultura \u00e9 fundida com a paix\u00e3o.<\/p>\n\n\n\n<figure class=\"wp-block-image size-large\"><img loading=\"lazy\" decoding=\"async\" width=\"1024\" height=\"536\" src=\"https:\/\/www.altominho.tv\/site\/wp-content\/uploads\/2024\/12\/Cartaz-1024x536.jpg\" alt=\"\" class=\"wp-image-113289\" srcset=\"https:\/\/www.altominho.tv\/site\/wp-content\/uploads\/2024\/12\/Cartaz-1024x536.jpg 1024w, https:\/\/www.altominho.tv\/site\/wp-content\/uploads\/2024\/12\/Cartaz-770x403.jpg 770w, https:\/\/www.altominho.tv\/site\/wp-content\/uploads\/2024\/12\/Cartaz-768x402.jpg 768w, https:\/\/www.altominho.tv\/site\/wp-content\/uploads\/2024\/12\/Cartaz-1536x804.jpg 1536w, https:\/\/www.altominho.tv\/site\/wp-content\/uploads\/2024\/12\/Cartaz-370x194.jpg 370w, https:\/\/www.altominho.tv\/site\/wp-content\/uploads\/2024\/12\/Cartaz-270x141.jpg 270w, https:\/\/www.altominho.tv\/site\/wp-content\/uploads\/2024\/12\/Cartaz-570x298.jpg 570w, https:\/\/www.altominho.tv\/site\/wp-content\/uploads\/2024\/12\/Cartaz-740x387.jpg 740w, https:\/\/www.altominho.tv\/site\/wp-content\/uploads\/2024\/12\/Cartaz.jpg 2048w\" sizes=\"auto, (max-width: 1024px) 100vw, 1024px\" \/><\/figure>\n","protected":false},"excerpt":{"rendered":"<p>O Xapas Sessions traz nos pr\u00f3ximos dias 21 e 22 de Dezembro um evento promete ser uma celebra\u00e7\u00e3o vibrante da m\u00fasica ao vivo, com um alinhamento de bandas nacionais emergentes. No dia 21 de Dezembro, o palco ser\u00e1 iluminado pelas atua\u00e7\u00f5es de Unsafe Space Garden e Travo. Ambas as bandas trazem propostas \u00fanicas e inovadoras, [&hellip;]<\/p>\n","protected":false},"author":9,"featured_media":113291,"comment_status":"closed","ping_status":"closed","sticky":false,"template":"","format":"standard","meta":{"_exactmetrics_skip_tracking":false,"_exactmetrics_sitenote_active":false,"_exactmetrics_sitenote_note":"","_exactmetrics_sitenote_category":0,"footnotes":""},"categories":[10],"tags":[19,27],"class_list":["post-113287","post","type-post","status-publish","format-standard","has-post-thumbnail","hentry","category-paredes-de-coura","tag-cultura","tag-sociedade"],"yoast_head":"<!-- This site is optimized with the Yoast SEO Premium plugin v27.4 (Yoast SEO v27.4) - https:\/\/yoast.com\/product\/yoast-seo-premium-wordpress\/ -->\n<title>Paredes de Coura aquece com dois dias de m\u00fasica no Xapas Sessions<\/title>\n<meta name=\"robots\" content=\"index, follow, max-snippet:-1, max-image-preview:large, max-video-preview:-1\" \/>\n<link rel=\"canonical\" href=\"https:\/\/www.altominho.tv\/site\/2024\/12\/18\/paredes-de-coura-aquece-com-dois-dias-de-musica-no-xapas-sessions\/\" \/>\n<meta property=\"og:locale\" content=\"pt_PT\" \/>\n<meta property=\"og:type\" content=\"article\" \/>\n<meta property=\"og:title\" content=\"Paredes de Coura aquece com dois dias de m\u00fasica no Xapas Sessions\" \/>\n<meta property=\"og:description\" content=\"O Xapas Sessions traz nos pr\u00f3ximos dias 21 e 22 de Dezembro um evento promete ser uma celebra\u00e7\u00e3o vibrante da m\u00fasica ao vivo, com um alinhamento de bandas nacionais emergentes. No dia 21 de Dezembro, o palco ser\u00e1 iluminado pelas atua\u00e7\u00f5es de Unsafe Space Garden e Travo. Ambas as bandas trazem propostas \u00fanicas e inovadoras, [&hellip;]\" \/>\n<meta property=\"og:url\" content=\"https:\/\/www.altominho.tv\/site\/2024\/12\/18\/paredes-de-coura-aquece-com-dois-dias-de-musica-no-xapas-sessions\/\" \/>\n<meta property=\"og:site_name\" content=\"Altominho.tv\" \/>\n<meta property=\"article:publisher\" content=\"https:\/\/www.facebook.com\/altominhotv\" \/>\n<meta property=\"article:published_time\" content=\"2024-12-18T14:39:06+00:00\" \/>\n<meta property=\"article:modified_time\" content=\"2024-12-18T15:02:31+00:00\" \/>\n<meta property=\"og:image\" content=\"https:\/\/www.altominho.tv\/site\/wp-content\/uploads\/2024\/12\/Design-sem-nome-10.jpg\" \/>\n\t<meta property=\"og:image:width\" content=\"1920\" \/>\n\t<meta property=\"og:image:height\" content=\"1080\" \/>\n\t<meta property=\"og:image:type\" content=\"image\/jpeg\" \/>\n<meta name=\"author\" content=\"Rafael Pereira\" \/>\n<meta name=\"twitter:card\" content=\"summary_large_image\" \/>\n<meta name=\"twitter:creator\" content=\"@altominhoTV\" \/>\n<meta name=\"twitter:site\" content=\"@altominhoTV\" \/>\n<meta name=\"twitter:label1\" content=\"Escrito por\" \/>\n\t<meta name=\"twitter:data1\" content=\"Rafael Pereira\" \/>\n\t<meta name=\"twitter:label2\" content=\"Tempo estimado de leitura\" \/>\n\t<meta name=\"twitter:data2\" content=\"2 minutos\" \/>\n<script type=\"application\/ld+json\" class=\"yoast-schema-graph\">{\"@context\":\"https:\\\/\\\/schema.org\",\"@graph\":[{\"@type\":\"Article\",\"@id\":\"https:\\\/\\\/www.altominho.tv\\\/site\\\/2024\\\/12\\\/18\\\/paredes-de-coura-aquece-com-dois-dias-de-musica-no-xapas-sessions\\\/#article\",\"isPartOf\":{\"@id\":\"https:\\\/\\\/www.altominho.tv\\\/site\\\/2024\\\/12\\\/18\\\/paredes-de-coura-aquece-com-dois-dias-de-musica-no-xapas-sessions\\\/\"},\"author\":{\"name\":\"Rafael Pereira\",\"@id\":\"https:\\\/\\\/www.altominho.tv\\\/site\\\/#\\\/schema\\\/person\\\/2690abd4f0b3984514ce0607afbfced7\"},\"headline\":\"Paredes de Coura aquece com dois dias de m\u00fasica no Xapas Sessions\",\"datePublished\":\"2024-12-18T14:39:06+00:00\",\"dateModified\":\"2024-12-18T15:02:31+00:00\",\"mainEntityOfPage\":{\"@id\":\"https:\\\/\\\/www.altominho.tv\\\/site\\\/2024\\\/12\\\/18\\\/paredes-de-coura-aquece-com-dois-dias-de-musica-no-xapas-sessions\\\/\"},\"wordCount\":296,\"image\":{\"@id\":\"https:\\\/\\\/www.altominho.tv\\\/site\\\/2024\\\/12\\\/18\\\/paredes-de-coura-aquece-com-dois-dias-de-musica-no-xapas-sessions\\\/#primaryimage\"},\"thumbnailUrl\":\"https:\\\/\\\/www.altominho.tv\\\/site\\\/wp-content\\\/uploads\\\/2024\\\/12\\\/Design-sem-nome-10.jpg\",\"keywords\":[\"Cultura\",\"Sociedade\"],\"articleSection\":[\"Paredes de Coura\"],\"inLanguage\":\"pt-PT\",\"copyrightYear\":\"2024\",\"copyrightHolder\":{\"@id\":\"https:\\\/\\\/www.altominho.tv\\\/site\\\/#organization\"}},{\"@type\":\"WebPage\",\"@id\":\"https:\\\/\\\/www.altominho.tv\\\/site\\\/2024\\\/12\\\/18\\\/paredes-de-coura-aquece-com-dois-dias-de-musica-no-xapas-sessions\\\/\",\"url\":\"https:\\\/\\\/www.altominho.tv\\\/site\\\/2024\\\/12\\\/18\\\/paredes-de-coura-aquece-com-dois-dias-de-musica-no-xapas-sessions\\\/\",\"name\":\"Paredes de Coura aquece com dois dias de m\u00fasica no Xapas Sessions\",\"isPartOf\":{\"@id\":\"https:\\\/\\\/www.altominho.tv\\\/site\\\/#website\"},\"primaryImageOfPage\":{\"@id\":\"https:\\\/\\\/www.altominho.tv\\\/site\\\/2024\\\/12\\\/18\\\/paredes-de-coura-aquece-com-dois-dias-de-musica-no-xapas-sessions\\\/#primaryimage\"},\"image\":{\"@id\":\"https:\\\/\\\/www.altominho.tv\\\/site\\\/2024\\\/12\\\/18\\\/paredes-de-coura-aquece-com-dois-dias-de-musica-no-xapas-sessions\\\/#primaryimage\"},\"thumbnailUrl\":\"https:\\\/\\\/www.altominho.tv\\\/site\\\/wp-content\\\/uploads\\\/2024\\\/12\\\/Design-sem-nome-10.jpg\",\"datePublished\":\"2024-12-18T14:39:06+00:00\",\"dateModified\":\"2024-12-18T15:02:31+00:00\",\"author\":{\"@id\":\"https:\\\/\\\/www.altominho.tv\\\/site\\\/#\\\/schema\\\/person\\\/2690abd4f0b3984514ce0607afbfced7\"},\"breadcrumb\":{\"@id\":\"https:\\\/\\\/www.altominho.tv\\\/site\\\/2024\\\/12\\\/18\\\/paredes-de-coura-aquece-com-dois-dias-de-musica-no-xapas-sessions\\\/#breadcrumb\"},\"inLanguage\":\"pt-PT\",\"potentialAction\":[{\"@type\":\"ReadAction\",\"target\":[\"https:\\\/\\\/www.altominho.tv\\\/site\\\/2024\\\/12\\\/18\\\/paredes-de-coura-aquece-com-dois-dias-de-musica-no-xapas-sessions\\\/\"]}]},{\"@type\":\"ImageObject\",\"inLanguage\":\"pt-PT\",\"@id\":\"https:\\\/\\\/www.altominho.tv\\\/site\\\/2024\\\/12\\\/18\\\/paredes-de-coura-aquece-com-dois-dias-de-musica-no-xapas-sessions\\\/#primaryimage\",\"url\":\"https:\\\/\\\/www.altominho.tv\\\/site\\\/wp-content\\\/uploads\\\/2024\\\/12\\\/Design-sem-nome-10.jpg\",\"contentUrl\":\"https:\\\/\\\/www.altominho.tv\\\/site\\\/wp-content\\\/uploads\\\/2024\\\/12\\\/Design-sem-nome-10.jpg\",\"width\":1920,\"height\":1080},{\"@type\":\"BreadcrumbList\",\"@id\":\"https:\\\/\\\/www.altominho.tv\\\/site\\\/2024\\\/12\\\/18\\\/paredes-de-coura-aquece-com-dois-dias-de-musica-no-xapas-sessions\\\/#breadcrumb\",\"itemListElement\":[{\"@type\":\"ListItem\",\"position\":1,\"name\":\"In\u00edcio\",\"item\":\"https:\\\/\\\/www.altominho.tv\\\/site\\\/\"},{\"@type\":\"ListItem\",\"position\":2,\"name\":\"Paredes de Coura aquece com dois dias de m\u00fasica no Xapas Sessions\"}]},{\"@type\":\"WebSite\",\"@id\":\"https:\\\/\\\/www.altominho.tv\\\/site\\\/#website\",\"url\":\"https:\\\/\\\/www.altominho.tv\\\/site\\\/\",\"name\":\"Altominho.tv\",\"description\":\"A sua regi\u00e3o \u00e0 dist\u00e2ncia de um clique...\",\"potentialAction\":[{\"@type\":\"SearchAction\",\"target\":{\"@type\":\"EntryPoint\",\"urlTemplate\":\"https:\\\/\\\/www.altominho.tv\\\/site\\\/?s={search_term_string}\"},\"query-input\":{\"@type\":\"PropertyValueSpecification\",\"valueRequired\":true,\"valueName\":\"search_term_string\"}}],\"inLanguage\":\"pt-PT\"},{\"@type\":\"Person\",\"@id\":\"https:\\\/\\\/www.altominho.tv\\\/site\\\/#\\\/schema\\\/person\\\/2690abd4f0b3984514ce0607afbfced7\",\"name\":\"Rafael Pereira\",\"image\":{\"@type\":\"ImageObject\",\"inLanguage\":\"pt-PT\",\"@id\":\"https:\\\/\\\/www.altominho.tv\\\/site\\\/wp-content\\\/uploads\\\/2021\\\/08\\\/42996867_1705603802900752_8292335788369117184_n-150x150.jpeg\",\"url\":\"https:\\\/\\\/www.altominho.tv\\\/site\\\/wp-content\\\/uploads\\\/2021\\\/08\\\/42996867_1705603802900752_8292335788369117184_n-150x150.jpeg\",\"contentUrl\":\"https:\\\/\\\/www.altominho.tv\\\/site\\\/wp-content\\\/uploads\\\/2021\\\/08\\\/42996867_1705603802900752_8292335788369117184_n-150x150.jpeg\",\"caption\":\"Rafael Pereira\"},\"url\":\"https:\\\/\\\/www.altominho.tv\\\/site\\\/author\\\/rafaelpereira\\\/\"}]}<\/script>\n<!-- \/ Yoast SEO Premium plugin. -->","yoast_head_json":{"title":"Paredes de Coura aquece com dois dias de m\u00fasica no Xapas Sessions","robots":{"index":"index","follow":"follow","max-snippet":"max-snippet:-1","max-image-preview":"max-image-preview:large","max-video-preview":"max-video-preview:-1"},"canonical":"https:\/\/www.altominho.tv\/site\/2024\/12\/18\/paredes-de-coura-aquece-com-dois-dias-de-musica-no-xapas-sessions\/","og_locale":"pt_PT","og_type":"article","og_title":"Paredes de Coura aquece com dois dias de m\u00fasica no Xapas Sessions","og_description":"O Xapas Sessions traz nos pr\u00f3ximos dias 21 e 22 de Dezembro um evento promete ser uma celebra\u00e7\u00e3o vibrante da m\u00fasica ao vivo, com um alinhamento de bandas nacionais emergentes. No dia 21 de Dezembro, o palco ser\u00e1 iluminado pelas atua\u00e7\u00f5es de Unsafe Space Garden e Travo. Ambas as bandas trazem propostas \u00fanicas e inovadoras, [&hellip;]","og_url":"https:\/\/www.altominho.tv\/site\/2024\/12\/18\/paredes-de-coura-aquece-com-dois-dias-de-musica-no-xapas-sessions\/","og_site_name":"Altominho.tv","article_publisher":"https:\/\/www.facebook.com\/altominhotv","article_published_time":"2024-12-18T14:39:06+00:00","article_modified_time":"2024-12-18T15:02:31+00:00","og_image":[{"width":1920,"height":1080,"url":"https:\/\/www.altominho.tv\/site\/wp-content\/uploads\/2024\/12\/Design-sem-nome-10.jpg","type":"image\/jpeg"}],"author":"Rafael Pereira","twitter_card":"summary_large_image","twitter_creator":"@altominhoTV","twitter_site":"@altominhoTV","twitter_misc":{"Escrito por":"Rafael Pereira","Tempo estimado de leitura":"2 minutos"},"schema":{"@context":"https:\/\/schema.org","@graph":[{"@type":"Article","@id":"https:\/\/www.altominho.tv\/site\/2024\/12\/18\/paredes-de-coura-aquece-com-dois-dias-de-musica-no-xapas-sessions\/#article","isPartOf":{"@id":"https:\/\/www.altominho.tv\/site\/2024\/12\/18\/paredes-de-coura-aquece-com-dois-dias-de-musica-no-xapas-sessions\/"},"author":{"name":"Rafael Pereira","@id":"https:\/\/www.altominho.tv\/site\/#\/schema\/person\/2690abd4f0b3984514ce0607afbfced7"},"headline":"Paredes de Coura aquece com dois dias de m\u00fasica no Xapas Sessions","datePublished":"2024-12-18T14:39:06+00:00","dateModified":"2024-12-18T15:02:31+00:00","mainEntityOfPage":{"@id":"https:\/\/www.altominho.tv\/site\/2024\/12\/18\/paredes-de-coura-aquece-com-dois-dias-de-musica-no-xapas-sessions\/"},"wordCount":296,"image":{"@id":"https:\/\/www.altominho.tv\/site\/2024\/12\/18\/paredes-de-coura-aquece-com-dois-dias-de-musica-no-xapas-sessions\/#primaryimage"},"thumbnailUrl":"https:\/\/www.altominho.tv\/site\/wp-content\/uploads\/2024\/12\/Design-sem-nome-10.jpg","keywords":["Cultura","Sociedade"],"articleSection":["Paredes de Coura"],"inLanguage":"pt-PT","copyrightYear":"2024","copyrightHolder":{"@id":"https:\/\/www.altominho.tv\/site\/#organization"}},{"@type":"WebPage","@id":"https:\/\/www.altominho.tv\/site\/2024\/12\/18\/paredes-de-coura-aquece-com-dois-dias-de-musica-no-xapas-sessions\/","url":"https:\/\/www.altominho.tv\/site\/2024\/12\/18\/paredes-de-coura-aquece-com-dois-dias-de-musica-no-xapas-sessions\/","name":"Paredes de Coura aquece com dois dias de m\u00fasica no Xapas Sessions","isPartOf":{"@id":"https:\/\/www.altominho.tv\/site\/#website"},"primaryImageOfPage":{"@id":"https:\/\/www.altominho.tv\/site\/2024\/12\/18\/paredes-de-coura-aquece-com-dois-dias-de-musica-no-xapas-sessions\/#primaryimage"},"image":{"@id":"https:\/\/www.altominho.tv\/site\/2024\/12\/18\/paredes-de-coura-aquece-com-dois-dias-de-musica-no-xapas-sessions\/#primaryimage"},"thumbnailUrl":"https:\/\/www.altominho.tv\/site\/wp-content\/uploads\/2024\/12\/Design-sem-nome-10.jpg","datePublished":"2024-12-18T14:39:06+00:00","dateModified":"2024-12-18T15:02:31+00:00","author":{"@id":"https:\/\/www.altominho.tv\/site\/#\/schema\/person\/2690abd4f0b3984514ce0607afbfced7"},"breadcrumb":{"@id":"https:\/\/www.altominho.tv\/site\/2024\/12\/18\/paredes-de-coura-aquece-com-dois-dias-de-musica-no-xapas-sessions\/#breadcrumb"},"inLanguage":"pt-PT","potentialAction":[{"@type":"ReadAction","target":["https:\/\/www.altominho.tv\/site\/2024\/12\/18\/paredes-de-coura-aquece-com-dois-dias-de-musica-no-xapas-sessions\/"]}]},{"@type":"ImageObject","inLanguage":"pt-PT","@id":"https:\/\/www.altominho.tv\/site\/2024\/12\/18\/paredes-de-coura-aquece-com-dois-dias-de-musica-no-xapas-sessions\/#primaryimage","url":"https:\/\/www.altominho.tv\/site\/wp-content\/uploads\/2024\/12\/Design-sem-nome-10.jpg","contentUrl":"https:\/\/www.altominho.tv\/site\/wp-content\/uploads\/2024\/12\/Design-sem-nome-10.jpg","width":1920,"height":1080},{"@type":"BreadcrumbList","@id":"https:\/\/www.altominho.tv\/site\/2024\/12\/18\/paredes-de-coura-aquece-com-dois-dias-de-musica-no-xapas-sessions\/#breadcrumb","itemListElement":[{"@type":"ListItem","position":1,"name":"In\u00edcio","item":"https:\/\/www.altominho.tv\/site\/"},{"@type":"ListItem","position":2,"name":"Paredes de Coura aquece com dois dias de m\u00fasica no Xapas Sessions"}]},{"@type":"WebSite","@id":"https:\/\/www.altominho.tv\/site\/#website","url":"https:\/\/www.altominho.tv\/site\/","name":"Altominho.tv","description":"A sua regi\u00e3o \u00e0 dist\u00e2ncia de um clique...","potentialAction":[{"@type":"SearchAction","target":{"@type":"EntryPoint","urlTemplate":"https:\/\/www.altominho.tv\/site\/?s={search_term_string}"},"query-input":{"@type":"PropertyValueSpecification","valueRequired":true,"valueName":"search_term_string"}}],"inLanguage":"pt-PT"},{"@type":"Person","@id":"https:\/\/www.altominho.tv\/site\/#\/schema\/person\/2690abd4f0b3984514ce0607afbfced7","name":"Rafael Pereira","image":{"@type":"ImageObject","inLanguage":"pt-PT","@id":"https:\/\/www.altominho.tv\/site\/wp-content\/uploads\/2021\/08\/42996867_1705603802900752_8292335788369117184_n-150x150.jpeg","url":"https:\/\/www.altominho.tv\/site\/wp-content\/uploads\/2021\/08\/42996867_1705603802900752_8292335788369117184_n-150x150.jpeg","contentUrl":"https:\/\/www.altominho.tv\/site\/wp-content\/uploads\/2021\/08\/42996867_1705603802900752_8292335788369117184_n-150x150.jpeg","caption":"Rafael Pereira"},"url":"https:\/\/www.altominho.tv\/site\/author\/rafaelpereira\/"}]}},"_links":{"self":[{"href":"https:\/\/www.altominho.tv\/site\/wp-json\/wp\/v2\/posts\/113287","targetHints":{"allow":["GET"]}}],"collection":[{"href":"https:\/\/www.altominho.tv\/site\/wp-json\/wp\/v2\/posts"}],"about":[{"href":"https:\/\/www.altominho.tv\/site\/wp-json\/wp\/v2\/types\/post"}],"author":[{"embeddable":true,"href":"https:\/\/www.altominho.tv\/site\/wp-json\/wp\/v2\/users\/9"}],"replies":[{"embeddable":true,"href":"https:\/\/www.altominho.tv\/site\/wp-json\/wp\/v2\/comments?post=113287"}],"version-history":[{"count":1,"href":"https:\/\/www.altominho.tv\/site\/wp-json\/wp\/v2\/posts\/113287\/revisions"}],"predecessor-version":[{"id":113290,"href":"https:\/\/www.altominho.tv\/site\/wp-json\/wp\/v2\/posts\/113287\/revisions\/113290"}],"wp:featuredmedia":[{"embeddable":true,"href":"https:\/\/www.altominho.tv\/site\/wp-json\/wp\/v2\/media\/113291"}],"wp:attachment":[{"href":"https:\/\/www.altominho.tv\/site\/wp-json\/wp\/v2\/media?parent=113287"}],"wp:term":[{"taxonomy":"category","embeddable":true,"href":"https:\/\/www.altominho.tv\/site\/wp-json\/wp\/v2\/categories?post=113287"},{"taxonomy":"post_tag","embeddable":true,"href":"https:\/\/www.altominho.tv\/site\/wp-json\/wp\/v2\/tags?post=113287"}],"curies":[{"name":"wp","href":"https:\/\/api.w.org\/{rel}","templated":true}]}}