{"id":113253,"date":"2024-12-17T15:25:49","date_gmt":"2024-12-17T15:25:49","guid":{"rendered":"https:\/\/www.altominho.tv\/site\/?p=113253"},"modified":"2024-12-19T10:18:15","modified_gmt":"2024-12-19T10:18:15","slug":"tiago-cunha-candidato-do-ps-a-presidente-da-camara","status":"publish","type":"post","link":"https:\/\/www.altominho.tv\/site\/2024\/12\/17\/tiago-cunha-candidato-do-ps-a-presidente-da-camara\/","title":{"rendered":"Tiago Cunha \u00e9 o candidato socialista \u00e0 C\u00e2mara de Paredes de Coura"},"content":{"rendered":"\n<p>O nome do atual vice-presidente da autarquia foi ontem ratificado por unanimidade pela Comiss\u00e3o Pol\u00edtica da Concelhia de Paredes de Coura do Partido Socialista, depois de antes ter sido designado e proposto, tamb\u00e9m por unanimidade, pelo secretariado daquela estrutura partid\u00e1ria. <\/p>\n\n\n\n<p>Tiago Cunha, que liderar\u00e1 agora a candidatura socialista nas Aut\u00e1rquicas de 2025, afirmou aos militantes presentes que o seu projeto \u201cn\u00e3o \u00e9 o de uma C\u00e2mara de um homem s\u00f3, mas sim o de uma equipa que se esfor\u00e7a por ouvir e sentir as necessidades dos Courenses.\u201d \u201cTransformar para melhor a vida das pessoas\u201d \u00e9 o prop\u00f3sito de Tiago Cunha, conforme vincou na sua mo\u00e7\u00e3o de candidatura \u00e0 concelhia do PS de Paredes de Coura, quando em julho avan\u00e7ou com o documento \u2018Desenhar o tempo\u2019. <\/p>\n\n\n\n<p>Na altura, o agora candidato a presidente da C\u00e2mara sugeria que \u201cas pessoas podem esperar de n\u00f3s a for\u00e7a do trabalho e servi\u00e7o p\u00fablico que, acreditamos, \u00e9 a \u00fanica forma de fazer e dignificar a atividade pol\u00edtica\u201d. <\/p>\n\n\n\n<p>Tiago Cunha tem consci\u00eancia \u201cdos tempos conturbados, de radicalismos e pulveriza\u00e7\u00e3o pol\u00edtica, em que vivemos e da responsabilidade que implicar\u00e1 apresentar pelo Partido Socialista alternativas cred\u00edveis e s\u00f3lidas a submeter ao escrut\u00ednio dos Courenses. \u00c9 com consci\u00eancia plena dessa responsabilidade que nos propomos ao desafio e com uma vontade f\u00e9rrea de, com as m\u00e3os de todos, desenharmos juntos o tempo futuro\u201d, sublinhou.<\/p>\n\n\n\n<p>Tiago Cunha tem 42 anos, \u00e9 casado e tem dois filhos. \u00c9 natural do Lugar do Espadanal, freguesia de Cristelo, a residir na freguesia de Castanheira.<\/p>\n\n\n\n<p>Licenciado em Direito pela Faculdade de Direito da Universidade de Coimbra no ramo de Ci\u00eancias Jur\u00eddico Publicistas, P\u00f3s-Graduado em Contrata\u00e7\u00e3o P\u00fablica pela Faculdade de Direito da Universidade de Lisboa e Mestrando em Direito Judici\u00e1rio pela Universidade do Minho, enquanto estudante universit\u00e1rio Tiago Cunha foi vice-presidente da Linha SOS-Estudante, sec\u00e7\u00e3o Cultural da Associa\u00e7\u00e3o Acad\u00e9mica de Coimbra. Estagiou na \u201cSociedade de Advogados Rocha Neves e A. Agostinho da Silva RL\u201d, em Viana do Castelo.<\/p>\n\n\n\n<p>Desempenhou fun\u00e7\u00f5es de jurista no Departamento de Estudos e Apoio ao Consumidor da DECO \u2013 Associa\u00e7\u00e3o Portuguesa Para a Defesa do Consumidor, exercendo advocacia em escrit\u00f3rio pr\u00f3prio e foi delegado da Ordem dos Advogados na Comarca de Paredes de Coura, membro do Conselho Econ\u00f3mico e Social da Diocese de Viana do Castelo e da Assembleia Municipal de Paredes de Coura. <\/p>\n\n\n\n<p><br>Nas elei\u00e7\u00f5es de 2013 foi eleito vereador da C\u00e2mara Municipal de Paredes de Coura e<br>nomeado Vice-Presidente da C\u00e2mara Municipal, fun\u00e7\u00f5es que exerce at\u00e9 hoje no<br>executivo liderado por Vitor Paulo Pereira.<\/p>\n","protected":false},"excerpt":{"rendered":"<p>O nome do atual vice-presidente da autarquia foi ontem ratificado por unanimidade pela Comiss\u00e3o Pol\u00edtica da Concelhia de Paredes de Coura do Partido Socialista, depois de antes ter sido designado e proposto, tamb\u00e9m por unanimidade, pelo secretariado daquela estrutura partid\u00e1ria. Tiago Cunha, que liderar\u00e1 agora a candidatura socialista nas Aut\u00e1rquicas de 2025, afirmou aos militantes [&hellip;]<\/p>\n","protected":false},"author":1,"featured_media":113255,"comment_status":"closed","ping_status":"closed","sticky":false,"template":"","format":"standard","meta":{"_exactmetrics_skip_tracking":false,"_exactmetrics_sitenote_active":false,"_exactmetrics_sitenote_note":"","_exactmetrics_sitenote_category":0,"footnotes":""},"categories":[10],"tags":[56326,27],"class_list":["post-113253","post","type-post","status-publish","format-standard","has-post-thumbnail","hentry","category-paredes-de-coura","tag-politica","tag-sociedade"],"yoast_head":"<!-- This site is optimized with the Yoast SEO Premium plugin v27.4 (Yoast SEO v27.4) - https:\/\/yoast.com\/product\/yoast-seo-premium-wordpress\/ -->\n<title>Tiago Cunha \u00e9 o candidato socialista \u00e0 C\u00e2mara de Paredes de Coura<\/title>\n<meta name=\"robots\" content=\"index, follow, max-snippet:-1, max-image-preview:large, max-video-preview:-1\" \/>\n<link rel=\"canonical\" href=\"https:\/\/www.altominho.tv\/site\/2024\/12\/17\/tiago-cunha-candidato-do-ps-a-presidente-da-camara\/\" \/>\n<meta property=\"og:locale\" content=\"pt_PT\" \/>\n<meta property=\"og:type\" content=\"article\" \/>\n<meta property=\"og:title\" content=\"Tiago Cunha \u00e9 o candidato socialista \u00e0 C\u00e2mara de Paredes de Coura\" \/>\n<meta property=\"og:description\" content=\"O nome do atual vice-presidente da autarquia foi ontem ratificado por unanimidade pela Comiss\u00e3o Pol\u00edtica da Concelhia de Paredes de Coura do Partido Socialista, depois de antes ter sido designado e proposto, tamb\u00e9m por unanimidade, pelo secretariado daquela estrutura partid\u00e1ria. Tiago Cunha, que liderar\u00e1 agora a candidatura socialista nas Aut\u00e1rquicas de 2025, afirmou aos militantes [&hellip;]\" \/>\n<meta property=\"og:url\" content=\"https:\/\/www.altominho.tv\/site\/2024\/12\/17\/tiago-cunha-candidato-do-ps-a-presidente-da-camara\/\" \/>\n<meta property=\"og:site_name\" content=\"Altominho.tv\" \/>\n<meta property=\"article:publisher\" content=\"https:\/\/www.facebook.com\/altominhotv\" \/>\n<meta property=\"article:published_time\" content=\"2024-12-17T15:25:49+00:00\" \/>\n<meta property=\"article:modified_time\" content=\"2024-12-19T10:18:15+00:00\" \/>\n<meta property=\"og:image\" content=\"https:\/\/www.altominho.tv\/site\/wp-content\/uploads\/2024\/12\/Design-sem-nome-7.jpg\" \/>\n\t<meta property=\"og:image:width\" content=\"1920\" \/>\n\t<meta property=\"og:image:height\" content=\"1080\" \/>\n\t<meta property=\"og:image:type\" content=\"image\/jpeg\" \/>\n<meta name=\"author\" content=\"Altominho.tv\" \/>\n<meta name=\"twitter:card\" content=\"summary_large_image\" \/>\n<meta name=\"twitter:creator\" content=\"@altominhoTV\" \/>\n<meta name=\"twitter:site\" content=\"@altominhoTV\" \/>\n<meta name=\"twitter:label1\" content=\"Escrito por\" \/>\n\t<meta name=\"twitter:data1\" content=\"Altominho.tv\" \/>\n\t<meta name=\"twitter:label2\" content=\"Tempo estimado de leitura\" \/>\n\t<meta name=\"twitter:data2\" content=\"3 minutos\" \/>\n<script type=\"application\/ld+json\" class=\"yoast-schema-graph\">{\"@context\":\"https:\\\/\\\/schema.org\",\"@graph\":[{\"@type\":\"Article\",\"@id\":\"https:\\\/\\\/www.altominho.tv\\\/site\\\/2024\\\/12\\\/17\\\/tiago-cunha-candidato-do-ps-a-presidente-da-camara\\\/#article\",\"isPartOf\":{\"@id\":\"https:\\\/\\\/www.altominho.tv\\\/site\\\/2024\\\/12\\\/17\\\/tiago-cunha-candidato-do-ps-a-presidente-da-camara\\\/\"},\"author\":{\"name\":\"Altominho.tv\",\"@id\":\"https:\\\/\\\/www.altominho.tv\\\/site\\\/#\\\/schema\\\/person\\\/4e536851627d7914baf3dac752b6af22\"},\"headline\":\"Tiago Cunha \u00e9 o candidato socialista \u00e0 C\u00e2mara de Paredes de Coura\",\"datePublished\":\"2024-12-17T15:25:49+00:00\",\"dateModified\":\"2024-12-19T10:18:15+00:00\",\"mainEntityOfPage\":{\"@id\":\"https:\\\/\\\/www.altominho.tv\\\/site\\\/2024\\\/12\\\/17\\\/tiago-cunha-candidato-do-ps-a-presidente-da-camara\\\/\"},\"wordCount\":457,\"image\":{\"@id\":\"https:\\\/\\\/www.altominho.tv\\\/site\\\/2024\\\/12\\\/17\\\/tiago-cunha-candidato-do-ps-a-presidente-da-camara\\\/#primaryimage\"},\"thumbnailUrl\":\"https:\\\/\\\/www.altominho.tv\\\/site\\\/wp-content\\\/uploads\\\/2024\\\/12\\\/Design-sem-nome-7.jpg\",\"keywords\":[\"Pol\u00edtica\",\"Sociedade\"],\"articleSection\":[\"Paredes de Coura\"],\"inLanguage\":\"pt-PT\",\"copyrightYear\":\"2024\",\"copyrightHolder\":{\"@id\":\"https:\\\/\\\/www.altominho.tv\\\/site\\\/#organization\"}},{\"@type\":\"WebPage\",\"@id\":\"https:\\\/\\\/www.altominho.tv\\\/site\\\/2024\\\/12\\\/17\\\/tiago-cunha-candidato-do-ps-a-presidente-da-camara\\\/\",\"url\":\"https:\\\/\\\/www.altominho.tv\\\/site\\\/2024\\\/12\\\/17\\\/tiago-cunha-candidato-do-ps-a-presidente-da-camara\\\/\",\"name\":\"Tiago Cunha \u00e9 o candidato socialista \u00e0 C\u00e2mara de Paredes de Coura\",\"isPartOf\":{\"@id\":\"https:\\\/\\\/www.altominho.tv\\\/site\\\/#website\"},\"primaryImageOfPage\":{\"@id\":\"https:\\\/\\\/www.altominho.tv\\\/site\\\/2024\\\/12\\\/17\\\/tiago-cunha-candidato-do-ps-a-presidente-da-camara\\\/#primaryimage\"},\"image\":{\"@id\":\"https:\\\/\\\/www.altominho.tv\\\/site\\\/2024\\\/12\\\/17\\\/tiago-cunha-candidato-do-ps-a-presidente-da-camara\\\/#primaryimage\"},\"thumbnailUrl\":\"https:\\\/\\\/www.altominho.tv\\\/site\\\/wp-content\\\/uploads\\\/2024\\\/12\\\/Design-sem-nome-7.jpg\",\"datePublished\":\"2024-12-17T15:25:49+00:00\",\"dateModified\":\"2024-12-19T10:18:15+00:00\",\"author\":{\"@id\":\"https:\\\/\\\/www.altominho.tv\\\/site\\\/#\\\/schema\\\/person\\\/4e536851627d7914baf3dac752b6af22\"},\"breadcrumb\":{\"@id\":\"https:\\\/\\\/www.altominho.tv\\\/site\\\/2024\\\/12\\\/17\\\/tiago-cunha-candidato-do-ps-a-presidente-da-camara\\\/#breadcrumb\"},\"inLanguage\":\"pt-PT\",\"potentialAction\":[{\"@type\":\"ReadAction\",\"target\":[\"https:\\\/\\\/www.altominho.tv\\\/site\\\/2024\\\/12\\\/17\\\/tiago-cunha-candidato-do-ps-a-presidente-da-camara\\\/\"]}]},{\"@type\":\"ImageObject\",\"inLanguage\":\"pt-PT\",\"@id\":\"https:\\\/\\\/www.altominho.tv\\\/site\\\/2024\\\/12\\\/17\\\/tiago-cunha-candidato-do-ps-a-presidente-da-camara\\\/#primaryimage\",\"url\":\"https:\\\/\\\/www.altominho.tv\\\/site\\\/wp-content\\\/uploads\\\/2024\\\/12\\\/Design-sem-nome-7.jpg\",\"contentUrl\":\"https:\\\/\\\/www.altominho.tv\\\/site\\\/wp-content\\\/uploads\\\/2024\\\/12\\\/Design-sem-nome-7.jpg\",\"width\":1920,\"height\":1080},{\"@type\":\"BreadcrumbList\",\"@id\":\"https:\\\/\\\/www.altominho.tv\\\/site\\\/2024\\\/12\\\/17\\\/tiago-cunha-candidato-do-ps-a-presidente-da-camara\\\/#breadcrumb\",\"itemListElement\":[{\"@type\":\"ListItem\",\"position\":1,\"name\":\"In\u00edcio\",\"item\":\"https:\\\/\\\/www.altominho.tv\\\/site\\\/\"},{\"@type\":\"ListItem\",\"position\":2,\"name\":\"Tiago Cunha \u00e9 o candidato socialista \u00e0 C\u00e2mara de Paredes de Coura\"}]},{\"@type\":\"WebSite\",\"@id\":\"https:\\\/\\\/www.altominho.tv\\\/site\\\/#website\",\"url\":\"https:\\\/\\\/www.altominho.tv\\\/site\\\/\",\"name\":\"Altominho.tv\",\"description\":\"A sua regi\u00e3o \u00e0 dist\u00e2ncia de um clique...\",\"potentialAction\":[{\"@type\":\"SearchAction\",\"target\":{\"@type\":\"EntryPoint\",\"urlTemplate\":\"https:\\\/\\\/www.altominho.tv\\\/site\\\/?s={search_term_string}\"},\"query-input\":{\"@type\":\"PropertyValueSpecification\",\"valueRequired\":true,\"valueName\":\"search_term_string\"}}],\"inLanguage\":\"pt-PT\"},{\"@type\":\"Person\",\"@id\":\"https:\\\/\\\/www.altominho.tv\\\/site\\\/#\\\/schema\\\/person\\\/4e536851627d7914baf3dac752b6af22\",\"name\":\"Altominho.tv\",\"image\":{\"@type\":\"ImageObject\",\"inLanguage\":\"pt-PT\",\"@id\":\"https:\\\/\\\/www.altominho.tv\\\/site\\\/wp-content\\\/uploads\\\/2019\\\/11\\\/Logo_Avatar_2-150x150.jpg\",\"url\":\"https:\\\/\\\/www.altominho.tv\\\/site\\\/wp-content\\\/uploads\\\/2019\\\/11\\\/Logo_Avatar_2-150x150.jpg\",\"contentUrl\":\"https:\\\/\\\/www.altominho.tv\\\/site\\\/wp-content\\\/uploads\\\/2019\\\/11\\\/Logo_Avatar_2-150x150.jpg\",\"caption\":\"Altominho.tv\"},\"url\":\"https:\\\/\\\/www.altominho.tv\\\/site\\\/author\\\/altominhotv-tecnico\\\/\"}]}<\/script>\n<!-- \/ Yoast SEO Premium plugin. -->","yoast_head_json":{"title":"Tiago Cunha \u00e9 o candidato socialista \u00e0 C\u00e2mara de Paredes de Coura","robots":{"index":"index","follow":"follow","max-snippet":"max-snippet:-1","max-image-preview":"max-image-preview:large","max-video-preview":"max-video-preview:-1"},"canonical":"https:\/\/www.altominho.tv\/site\/2024\/12\/17\/tiago-cunha-candidato-do-ps-a-presidente-da-camara\/","og_locale":"pt_PT","og_type":"article","og_title":"Tiago Cunha \u00e9 o candidato socialista \u00e0 C\u00e2mara de Paredes de Coura","og_description":"O nome do atual vice-presidente da autarquia foi ontem ratificado por unanimidade pela Comiss\u00e3o Pol\u00edtica da Concelhia de Paredes de Coura do Partido Socialista, depois de antes ter sido designado e proposto, tamb\u00e9m por unanimidade, pelo secretariado daquela estrutura partid\u00e1ria. Tiago Cunha, que liderar\u00e1 agora a candidatura socialista nas Aut\u00e1rquicas de 2025, afirmou aos militantes [&hellip;]","og_url":"https:\/\/www.altominho.tv\/site\/2024\/12\/17\/tiago-cunha-candidato-do-ps-a-presidente-da-camara\/","og_site_name":"Altominho.tv","article_publisher":"https:\/\/www.facebook.com\/altominhotv","article_published_time":"2024-12-17T15:25:49+00:00","article_modified_time":"2024-12-19T10:18:15+00:00","og_image":[{"width":1920,"height":1080,"url":"https:\/\/www.altominho.tv\/site\/wp-content\/uploads\/2024\/12\/Design-sem-nome-7.jpg","type":"image\/jpeg"}],"author":"Altominho.tv","twitter_card":"summary_large_image","twitter_creator":"@altominhoTV","twitter_site":"@altominhoTV","twitter_misc":{"Escrito por":"Altominho.tv","Tempo estimado de leitura":"3 minutos"},"schema":{"@context":"https:\/\/schema.org","@graph":[{"@type":"Article","@id":"https:\/\/www.altominho.tv\/site\/2024\/12\/17\/tiago-cunha-candidato-do-ps-a-presidente-da-camara\/#article","isPartOf":{"@id":"https:\/\/www.altominho.tv\/site\/2024\/12\/17\/tiago-cunha-candidato-do-ps-a-presidente-da-camara\/"},"author":{"name":"Altominho.tv","@id":"https:\/\/www.altominho.tv\/site\/#\/schema\/person\/4e536851627d7914baf3dac752b6af22"},"headline":"Tiago Cunha \u00e9 o candidato socialista \u00e0 C\u00e2mara de Paredes de Coura","datePublished":"2024-12-17T15:25:49+00:00","dateModified":"2024-12-19T10:18:15+00:00","mainEntityOfPage":{"@id":"https:\/\/www.altominho.tv\/site\/2024\/12\/17\/tiago-cunha-candidato-do-ps-a-presidente-da-camara\/"},"wordCount":457,"image":{"@id":"https:\/\/www.altominho.tv\/site\/2024\/12\/17\/tiago-cunha-candidato-do-ps-a-presidente-da-camara\/#primaryimage"},"thumbnailUrl":"https:\/\/www.altominho.tv\/site\/wp-content\/uploads\/2024\/12\/Design-sem-nome-7.jpg","keywords":["Pol\u00edtica","Sociedade"],"articleSection":["Paredes de Coura"],"inLanguage":"pt-PT","copyrightYear":"2024","copyrightHolder":{"@id":"https:\/\/www.altominho.tv\/site\/#organization"}},{"@type":"WebPage","@id":"https:\/\/www.altominho.tv\/site\/2024\/12\/17\/tiago-cunha-candidato-do-ps-a-presidente-da-camara\/","url":"https:\/\/www.altominho.tv\/site\/2024\/12\/17\/tiago-cunha-candidato-do-ps-a-presidente-da-camara\/","name":"Tiago Cunha \u00e9 o candidato socialista \u00e0 C\u00e2mara de Paredes de Coura","isPartOf":{"@id":"https:\/\/www.altominho.tv\/site\/#website"},"primaryImageOfPage":{"@id":"https:\/\/www.altominho.tv\/site\/2024\/12\/17\/tiago-cunha-candidato-do-ps-a-presidente-da-camara\/#primaryimage"},"image":{"@id":"https:\/\/www.altominho.tv\/site\/2024\/12\/17\/tiago-cunha-candidato-do-ps-a-presidente-da-camara\/#primaryimage"},"thumbnailUrl":"https:\/\/www.altominho.tv\/site\/wp-content\/uploads\/2024\/12\/Design-sem-nome-7.jpg","datePublished":"2024-12-17T15:25:49+00:00","dateModified":"2024-12-19T10:18:15+00:00","author":{"@id":"https:\/\/www.altominho.tv\/site\/#\/schema\/person\/4e536851627d7914baf3dac752b6af22"},"breadcrumb":{"@id":"https:\/\/www.altominho.tv\/site\/2024\/12\/17\/tiago-cunha-candidato-do-ps-a-presidente-da-camara\/#breadcrumb"},"inLanguage":"pt-PT","potentialAction":[{"@type":"ReadAction","target":["https:\/\/www.altominho.tv\/site\/2024\/12\/17\/tiago-cunha-candidato-do-ps-a-presidente-da-camara\/"]}]},{"@type":"ImageObject","inLanguage":"pt-PT","@id":"https:\/\/www.altominho.tv\/site\/2024\/12\/17\/tiago-cunha-candidato-do-ps-a-presidente-da-camara\/#primaryimage","url":"https:\/\/www.altominho.tv\/site\/wp-content\/uploads\/2024\/12\/Design-sem-nome-7.jpg","contentUrl":"https:\/\/www.altominho.tv\/site\/wp-content\/uploads\/2024\/12\/Design-sem-nome-7.jpg","width":1920,"height":1080},{"@type":"BreadcrumbList","@id":"https:\/\/www.altominho.tv\/site\/2024\/12\/17\/tiago-cunha-candidato-do-ps-a-presidente-da-camara\/#breadcrumb","itemListElement":[{"@type":"ListItem","position":1,"name":"In\u00edcio","item":"https:\/\/www.altominho.tv\/site\/"},{"@type":"ListItem","position":2,"name":"Tiago Cunha \u00e9 o candidato socialista \u00e0 C\u00e2mara de Paredes de Coura"}]},{"@type":"WebSite","@id":"https:\/\/www.altominho.tv\/site\/#website","url":"https:\/\/www.altominho.tv\/site\/","name":"Altominho.tv","description":"A sua regi\u00e3o \u00e0 dist\u00e2ncia de um clique...","potentialAction":[{"@type":"SearchAction","target":{"@type":"EntryPoint","urlTemplate":"https:\/\/www.altominho.tv\/site\/?s={search_term_string}"},"query-input":{"@type":"PropertyValueSpecification","valueRequired":true,"valueName":"search_term_string"}}],"inLanguage":"pt-PT"},{"@type":"Person","@id":"https:\/\/www.altominho.tv\/site\/#\/schema\/person\/4e536851627d7914baf3dac752b6af22","name":"Altominho.tv","image":{"@type":"ImageObject","inLanguage":"pt-PT","@id":"https:\/\/www.altominho.tv\/site\/wp-content\/uploads\/2019\/11\/Logo_Avatar_2-150x150.jpg","url":"https:\/\/www.altominho.tv\/site\/wp-content\/uploads\/2019\/11\/Logo_Avatar_2-150x150.jpg","contentUrl":"https:\/\/www.altominho.tv\/site\/wp-content\/uploads\/2019\/11\/Logo_Avatar_2-150x150.jpg","caption":"Altominho.tv"},"url":"https:\/\/www.altominho.tv\/site\/author\/altominhotv-tecnico\/"}]}},"_links":{"self":[{"href":"https:\/\/www.altominho.tv\/site\/wp-json\/wp\/v2\/posts\/113253","targetHints":{"allow":["GET"]}}],"collection":[{"href":"https:\/\/www.altominho.tv\/site\/wp-json\/wp\/v2\/posts"}],"about":[{"href":"https:\/\/www.altominho.tv\/site\/wp-json\/wp\/v2\/types\/post"}],"author":[{"embeddable":true,"href":"https:\/\/www.altominho.tv\/site\/wp-json\/wp\/v2\/users\/1"}],"replies":[{"embeddable":true,"href":"https:\/\/www.altominho.tv\/site\/wp-json\/wp\/v2\/comments?post=113253"}],"version-history":[{"count":2,"href":"https:\/\/www.altominho.tv\/site\/wp-json\/wp\/v2\/posts\/113253\/revisions"}],"predecessor-version":[{"id":113312,"href":"https:\/\/www.altominho.tv\/site\/wp-json\/wp\/v2\/posts\/113253\/revisions\/113312"}],"wp:featuredmedia":[{"embeddable":true,"href":"https:\/\/www.altominho.tv\/site\/wp-json\/wp\/v2\/media\/113255"}],"wp:attachment":[{"href":"https:\/\/www.altominho.tv\/site\/wp-json\/wp\/v2\/media?parent=113253"}],"wp:term":[{"taxonomy":"category","embeddable":true,"href":"https:\/\/www.altominho.tv\/site\/wp-json\/wp\/v2\/categories?post=113253"},{"taxonomy":"post_tag","embeddable":true,"href":"https:\/\/www.altominho.tv\/site\/wp-json\/wp\/v2\/tags?post=113253"}],"curies":[{"name":"wp","href":"https:\/\/api.w.org\/{rel}","templated":true}]}}