{"id":113226,"date":"2024-12-16T12:24:18","date_gmt":"2024-12-16T12:24:18","guid":{"rendered":"https:\/\/www.altominho.tv\/site\/?p=113226"},"modified":"2024-12-16T12:24:36","modified_gmt":"2024-12-16T12:24:36","slug":"gaiteiros-de-bravaes-aqueceram-noite-fria-na-praca-da-republica","status":"publish","type":"post","link":"https:\/\/www.altominho.tv\/site\/2024\/12\/16\/gaiteiros-de-bravaes-aqueceram-noite-fria-na-praca-da-republica\/","title":{"rendered":"Gaiteiros de Brav\u00e3es aqueceram noite fria na Pra\u00e7a da Rep\u00fablica"},"content":{"rendered":"<p><iframe loading=\"lazy\" title=\"Gaiteiros de Brav\u00e3es aqueceram noite fria na Pra\u00e7a da Rep\u00fablica | Altominho TV\" width=\"770\" height=\"433\" src=\"https:\/\/www.youtube.com\/embed\/MGdT0fh64AM?feature=oembed\" frameborder=\"0\" allow=\"accelerometer; autoplay; clipboard-write; encrypted-media; gyroscope; picture-in-picture; web-share\" referrerpolicy=\"strict-origin-when-cross-origin\" allowfullscreen><\/iframe><\/p>\n<p>A Pra\u00e7a da Rep\u00fablica, em Ponte da Barca, foi ontem palco de mais um momento inesquec\u00edvel da programa\u00e7\u00e3o natal\u00edcia do munic\u00edpio. O &#8220;Baile de Natal&#8221;, com os Gaiteiros de Brav\u00e3es, encheu o cora\u00e7\u00e3o de todos os presentes de magia e tradi\u00e7\u00e3o, num encontro que celebrou a m\u00fasica e o esp\u00edrito comunit\u00e1rio da \u00e9poca.<\/p>\n","protected":false},"excerpt":{"rendered":"<p>A Pra\u00e7a da Rep\u00fablica, em Ponte da Barca, foi ontem palco de mais um momento inesquec\u00edvel da programa\u00e7\u00e3o natal\u00edcia do munic\u00edpio. O &#8220;Baile de Natal&#8221;, com os Gaiteiros de Brav\u00e3es, encheu o cora\u00e7\u00e3o de todos os presentes de magia e tradi\u00e7\u00e3o, num encontro que celebrou a m\u00fasica e o esp\u00edrito comunit\u00e1rio da \u00e9poca.<\/p>\n","protected":false},"author":10,"featured_media":113225,"comment_status":"closed","ping_status":"closed","sticky":false,"template":"","format":"video","meta":{"_exactmetrics_skip_tracking":false,"_exactmetrics_sitenote_active":false,"_exactmetrics_sitenote_note":"","_exactmetrics_sitenote_category":0,"footnotes":""},"categories":[11],"tags":[19,24],"class_list":["post-113226","post","type-post","status-publish","format-video","has-post-thumbnail","hentry","category-ponte-da-barca","tag-cultura","tag-lazer","post_format-post-format-video"],"yoast_head":"<!-- This site is optimized with the Yoast SEO Premium plugin v27.5 (Yoast SEO v27.5) - https:\/\/yoast.com\/product\/yoast-seo-premium-wordpress\/ -->\n<title>Gaiteiros de Brav\u00e3es aqueceram noite fria na Pra\u00e7a da Rep\u00fablica<\/title>\n<meta name=\"robots\" content=\"index, follow, max-snippet:-1, max-image-preview:large, max-video-preview:-1\" \/>\n<link rel=\"canonical\" href=\"https:\/\/www.altominho.tv\/site\/2024\/12\/16\/gaiteiros-de-bravaes-aqueceram-noite-fria-na-praca-da-republica\/\" \/>\n<meta property=\"og:locale\" content=\"pt_PT\" \/>\n<meta property=\"og:type\" content=\"article\" \/>\n<meta property=\"og:title\" content=\"Gaiteiros de Brav\u00e3es aqueceram noite fria na Pra\u00e7a da Rep\u00fablica\" \/>\n<meta property=\"og:description\" content=\"A Pra\u00e7a da Rep\u00fablica, em Ponte da Barca, foi ontem palco de mais um momento inesquec\u00edvel da programa\u00e7\u00e3o natal\u00edcia do munic\u00edpio. O &#8220;Baile de Natal&#8221;, com os Gaiteiros de Brav\u00e3es, encheu o cora\u00e7\u00e3o de todos os presentes de magia e tradi\u00e7\u00e3o, num encontro que celebrou a m\u00fasica e o esp\u00edrito comunit\u00e1rio da \u00e9poca.\" \/>\n<meta property=\"og:url\" content=\"https:\/\/www.altominho.tv\/site\/2024\/12\/16\/gaiteiros-de-bravaes-aqueceram-noite-fria-na-praca-da-republica\/\" \/>\n<meta property=\"og:site_name\" content=\"Altominho.tv\" \/>\n<meta property=\"article:publisher\" content=\"https:\/\/www.facebook.com\/altominhotv\" \/>\n<meta property=\"article:published_time\" content=\"2024-12-16T12:24:18+00:00\" \/>\n<meta property=\"article:modified_time\" content=\"2024-12-16T12:24:36+00:00\" \/>\n<meta property=\"og:image\" content=\"https:\/\/www.altominho.tv\/site\/wp-content\/uploads\/2024\/12\/rhsb_j-6e9k.jpg\" \/>\n\t<meta property=\"og:image:width\" content=\"1280\" \/>\n\t<meta property=\"og:image:height\" content=\"720\" \/>\n\t<meta property=\"og:image:type\" content=\"image\/jpeg\" \/>\n<meta name=\"author\" content=\"Andreia Barreiro\" \/>\n<meta name=\"twitter:card\" content=\"summary_large_image\" \/>\n<meta name=\"twitter:creator\" content=\"@altominhoTV\" \/>\n<meta name=\"twitter:site\" content=\"@altominhoTV\" \/>\n<meta name=\"twitter:label1\" content=\"Escrito por\" \/>\n\t<meta name=\"twitter:data1\" content=\"Andreia Barreiro\" \/>\n<script type=\"application\/ld+json\" class=\"yoast-schema-graph\">{\"@context\":\"https:\\\/\\\/schema.org\",\"@graph\":[{\"@type\":\"Article\",\"@id\":\"https:\\\/\\\/www.altominho.tv\\\/site\\\/2024\\\/12\\\/16\\\/gaiteiros-de-bravaes-aqueceram-noite-fria-na-praca-da-republica\\\/#article\",\"isPartOf\":{\"@id\":\"https:\\\/\\\/www.altominho.tv\\\/site\\\/2024\\\/12\\\/16\\\/gaiteiros-de-bravaes-aqueceram-noite-fria-na-praca-da-republica\\\/\"},\"author\":{\"name\":\"Andreia Barreiro\",\"@id\":\"https:\\\/\\\/www.altominho.tv\\\/site\\\/#\\\/schema\\\/person\\\/4fa0996d8841f9d6cbb84eb43c555c2c\"},\"headline\":\"Gaiteiros de Brav\u00e3es aqueceram noite fria na Pra\u00e7a da Rep\u00fablica\",\"datePublished\":\"2024-12-16T12:24:18+00:00\",\"dateModified\":\"2024-12-16T12:24:36+00:00\",\"mainEntityOfPage\":{\"@id\":\"https:\\\/\\\/www.altominho.tv\\\/site\\\/2024\\\/12\\\/16\\\/gaiteiros-de-bravaes-aqueceram-noite-fria-na-praca-da-republica\\\/\"},\"wordCount\":86,\"image\":{\"@id\":\"https:\\\/\\\/www.altominho.tv\\\/site\\\/2024\\\/12\\\/16\\\/gaiteiros-de-bravaes-aqueceram-noite-fria-na-praca-da-republica\\\/#primaryimage\"},\"thumbnailUrl\":\"https:\\\/\\\/www.altominho.tv\\\/site\\\/wp-content\\\/uploads\\\/2024\\\/12\\\/rhsb_j-6e9k.jpg\",\"keywords\":[\"Cultura\",\"Lazer\"],\"articleSection\":[\"Ponte da Barca\"],\"inLanguage\":\"pt-PT\",\"copyrightYear\":\"2024\",\"copyrightHolder\":{\"@id\":\"https:\\\/\\\/www.altominho.tv\\\/site\\\/#organization\"}},{\"@type\":\"WebPage\",\"@id\":\"https:\\\/\\\/www.altominho.tv\\\/site\\\/2024\\\/12\\\/16\\\/gaiteiros-de-bravaes-aqueceram-noite-fria-na-praca-da-republica\\\/\",\"url\":\"https:\\\/\\\/www.altominho.tv\\\/site\\\/2024\\\/12\\\/16\\\/gaiteiros-de-bravaes-aqueceram-noite-fria-na-praca-da-republica\\\/\",\"name\":\"Gaiteiros de Brav\u00e3es aqueceram noite fria na Pra\u00e7a da Rep\u00fablica\",\"isPartOf\":{\"@id\":\"https:\\\/\\\/www.altominho.tv\\\/site\\\/#website\"},\"primaryImageOfPage\":{\"@id\":\"https:\\\/\\\/www.altominho.tv\\\/site\\\/2024\\\/12\\\/16\\\/gaiteiros-de-bravaes-aqueceram-noite-fria-na-praca-da-republica\\\/#primaryimage\"},\"image\":{\"@id\":\"https:\\\/\\\/www.altominho.tv\\\/site\\\/2024\\\/12\\\/16\\\/gaiteiros-de-bravaes-aqueceram-noite-fria-na-praca-da-republica\\\/#primaryimage\"},\"thumbnailUrl\":\"https:\\\/\\\/www.altominho.tv\\\/site\\\/wp-content\\\/uploads\\\/2024\\\/12\\\/rhsb_j-6e9k.jpg\",\"datePublished\":\"2024-12-16T12:24:18+00:00\",\"dateModified\":\"2024-12-16T12:24:36+00:00\",\"author\":{\"@id\":\"https:\\\/\\\/www.altominho.tv\\\/site\\\/#\\\/schema\\\/person\\\/4fa0996d8841f9d6cbb84eb43c555c2c\"},\"breadcrumb\":{\"@id\":\"https:\\\/\\\/www.altominho.tv\\\/site\\\/2024\\\/12\\\/16\\\/gaiteiros-de-bravaes-aqueceram-noite-fria-na-praca-da-republica\\\/#breadcrumb\"},\"inLanguage\":\"pt-PT\",\"potentialAction\":[{\"@type\":\"ReadAction\",\"target\":[\"https:\\\/\\\/www.altominho.tv\\\/site\\\/2024\\\/12\\\/16\\\/gaiteiros-de-bravaes-aqueceram-noite-fria-na-praca-da-republica\\\/\"]}]},{\"@type\":\"ImageObject\",\"inLanguage\":\"pt-PT\",\"@id\":\"https:\\\/\\\/www.altominho.tv\\\/site\\\/2024\\\/12\\\/16\\\/gaiteiros-de-bravaes-aqueceram-noite-fria-na-praca-da-republica\\\/#primaryimage\",\"url\":\"https:\\\/\\\/www.altominho.tv\\\/site\\\/wp-content\\\/uploads\\\/2024\\\/12\\\/rhsb_j-6e9k.jpg\",\"contentUrl\":\"https:\\\/\\\/www.altominho.tv\\\/site\\\/wp-content\\\/uploads\\\/2024\\\/12\\\/rhsb_j-6e9k.jpg\",\"width\":1280,\"height\":720},{\"@type\":\"BreadcrumbList\",\"@id\":\"https:\\\/\\\/www.altominho.tv\\\/site\\\/2024\\\/12\\\/16\\\/gaiteiros-de-bravaes-aqueceram-noite-fria-na-praca-da-republica\\\/#breadcrumb\",\"itemListElement\":[{\"@type\":\"ListItem\",\"position\":1,\"name\":\"In\u00edcio\",\"item\":\"https:\\\/\\\/www.altominho.tv\\\/site\\\/\"},{\"@type\":\"ListItem\",\"position\":2,\"name\":\"Gaiteiros de Brav\u00e3es aqueceram noite fria na Pra\u00e7a da Rep\u00fablica\"}]},{\"@type\":\"WebSite\",\"@id\":\"https:\\\/\\\/www.altominho.tv\\\/site\\\/#website\",\"url\":\"https:\\\/\\\/www.altominho.tv\\\/site\\\/\",\"name\":\"Altominho.tv\",\"description\":\"A sua regi\u00e3o \u00e0 dist\u00e2ncia de um clique...\",\"potentialAction\":[{\"@type\":\"SearchAction\",\"target\":{\"@type\":\"EntryPoint\",\"urlTemplate\":\"https:\\\/\\\/www.altominho.tv\\\/site\\\/?s={search_term_string}\"},\"query-input\":{\"@type\":\"PropertyValueSpecification\",\"valueRequired\":true,\"valueName\":\"search_term_string\"}}],\"inLanguage\":\"pt-PT\"},{\"@type\":\"Person\",\"@id\":\"https:\\\/\\\/www.altominho.tv\\\/site\\\/#\\\/schema\\\/person\\\/4fa0996d8841f9d6cbb84eb43c555c2c\",\"name\":\"Andreia Barreiro\",\"image\":{\"@type\":\"ImageObject\",\"inLanguage\":\"pt-PT\",\"@id\":\"https:\\\/\\\/www.altominho.tv\\\/site\\\/wp-content\\\/uploads\\\/2021\\\/01\\\/132443895_3480358142084005_3574327946369834311_o-150x150.jpg\",\"url\":\"https:\\\/\\\/www.altominho.tv\\\/site\\\/wp-content\\\/uploads\\\/2021\\\/01\\\/132443895_3480358142084005_3574327946369834311_o-150x150.jpg\",\"contentUrl\":\"https:\\\/\\\/www.altominho.tv\\\/site\\\/wp-content\\\/uploads\\\/2021\\\/01\\\/132443895_3480358142084005_3574327946369834311_o-150x150.jpg\",\"caption\":\"Andreia Barreiro\"},\"url\":\"https:\\\/\\\/www.altominho.tv\\\/site\\\/author\\\/andreiabarreiro\\\/\"}]}<\/script>\n<meta property=\"og:video\" content=\"https:\/\/www.youtube.com\/embed\/MGdT0fh64AM\" \/>\n<meta property=\"og:video:type\" content=\"text\/html\" \/>\n<meta property=\"og:video:duration\" content=\"171\" \/>\n<meta property=\"og:video:width\" content=\"480\" \/>\n<meta property=\"og:video:height\" content=\"270\" \/>\n<meta property=\"ya:ovs:adult\" content=\"false\" \/>\n<meta property=\"ya:ovs:upload_date\" content=\"2024-12-16T12:24:18+00:00\" \/>\n<meta property=\"ya:ovs:allow_embed\" content=\"true\" \/>\n<!-- \/ Yoast SEO Premium plugin. -->","yoast_head_json":{"title":"Gaiteiros de Brav\u00e3es aqueceram noite fria na Pra\u00e7a da Rep\u00fablica","robots":{"index":"index","follow":"follow","max-snippet":"max-snippet:-1","max-image-preview":"max-image-preview:large","max-video-preview":"max-video-preview:-1"},"canonical":"https:\/\/www.altominho.tv\/site\/2024\/12\/16\/gaiteiros-de-bravaes-aqueceram-noite-fria-na-praca-da-republica\/","og_locale":"pt_PT","og_type":"article","og_title":"Gaiteiros de Brav\u00e3es aqueceram noite fria na Pra\u00e7a da Rep\u00fablica","og_description":"A Pra\u00e7a da Rep\u00fablica, em Ponte da Barca, foi ontem palco de mais um momento inesquec\u00edvel da programa\u00e7\u00e3o natal\u00edcia do munic\u00edpio. O &#8220;Baile de Natal&#8221;, com os Gaiteiros de Brav\u00e3es, encheu o cora\u00e7\u00e3o de todos os presentes de magia e tradi\u00e7\u00e3o, num encontro que celebrou a m\u00fasica e o esp\u00edrito comunit\u00e1rio da \u00e9poca.","og_url":"https:\/\/www.altominho.tv\/site\/2024\/12\/16\/gaiteiros-de-bravaes-aqueceram-noite-fria-na-praca-da-republica\/","og_site_name":"Altominho.tv","article_publisher":"https:\/\/www.facebook.com\/altominhotv","article_published_time":"2024-12-16T12:24:18+00:00","article_modified_time":"2024-12-16T12:24:36+00:00","og_image":[{"width":1280,"height":720,"url":"https:\/\/www.altominho.tv\/site\/wp-content\/uploads\/2024\/12\/rhsb_j-6e9k.jpg","type":"image\/jpeg"}],"author":"Andreia Barreiro","twitter_card":"summary_large_image","twitter_creator":"@altominhoTV","twitter_site":"@altominhoTV","twitter_misc":{"Escrito por":"Andreia Barreiro"},"schema":{"@context":"https:\/\/schema.org","@graph":[{"@type":"Article","@id":"https:\/\/www.altominho.tv\/site\/2024\/12\/16\/gaiteiros-de-bravaes-aqueceram-noite-fria-na-praca-da-republica\/#article","isPartOf":{"@id":"https:\/\/www.altominho.tv\/site\/2024\/12\/16\/gaiteiros-de-bravaes-aqueceram-noite-fria-na-praca-da-republica\/"},"author":{"name":"Andreia Barreiro","@id":"https:\/\/www.altominho.tv\/site\/#\/schema\/person\/4fa0996d8841f9d6cbb84eb43c555c2c"},"headline":"Gaiteiros de Brav\u00e3es aqueceram noite fria na Pra\u00e7a da Rep\u00fablica","datePublished":"2024-12-16T12:24:18+00:00","dateModified":"2024-12-16T12:24:36+00:00","mainEntityOfPage":{"@id":"https:\/\/www.altominho.tv\/site\/2024\/12\/16\/gaiteiros-de-bravaes-aqueceram-noite-fria-na-praca-da-republica\/"},"wordCount":86,"image":{"@id":"https:\/\/www.altominho.tv\/site\/2024\/12\/16\/gaiteiros-de-bravaes-aqueceram-noite-fria-na-praca-da-republica\/#primaryimage"},"thumbnailUrl":"https:\/\/www.altominho.tv\/site\/wp-content\/uploads\/2024\/12\/rhsb_j-6e9k.jpg","keywords":["Cultura","Lazer"],"articleSection":["Ponte da Barca"],"inLanguage":"pt-PT","copyrightYear":"2024","copyrightHolder":{"@id":"https:\/\/www.altominho.tv\/site\/#organization"}},{"@type":"WebPage","@id":"https:\/\/www.altominho.tv\/site\/2024\/12\/16\/gaiteiros-de-bravaes-aqueceram-noite-fria-na-praca-da-republica\/","url":"https:\/\/www.altominho.tv\/site\/2024\/12\/16\/gaiteiros-de-bravaes-aqueceram-noite-fria-na-praca-da-republica\/","name":"Gaiteiros de Brav\u00e3es aqueceram noite fria na Pra\u00e7a da Rep\u00fablica","isPartOf":{"@id":"https:\/\/www.altominho.tv\/site\/#website"},"primaryImageOfPage":{"@id":"https:\/\/www.altominho.tv\/site\/2024\/12\/16\/gaiteiros-de-bravaes-aqueceram-noite-fria-na-praca-da-republica\/#primaryimage"},"image":{"@id":"https:\/\/www.altominho.tv\/site\/2024\/12\/16\/gaiteiros-de-bravaes-aqueceram-noite-fria-na-praca-da-republica\/#primaryimage"},"thumbnailUrl":"https:\/\/www.altominho.tv\/site\/wp-content\/uploads\/2024\/12\/rhsb_j-6e9k.jpg","datePublished":"2024-12-16T12:24:18+00:00","dateModified":"2024-12-16T12:24:36+00:00","author":{"@id":"https:\/\/www.altominho.tv\/site\/#\/schema\/person\/4fa0996d8841f9d6cbb84eb43c555c2c"},"breadcrumb":{"@id":"https:\/\/www.altominho.tv\/site\/2024\/12\/16\/gaiteiros-de-bravaes-aqueceram-noite-fria-na-praca-da-republica\/#breadcrumb"},"inLanguage":"pt-PT","potentialAction":[{"@type":"ReadAction","target":["https:\/\/www.altominho.tv\/site\/2024\/12\/16\/gaiteiros-de-bravaes-aqueceram-noite-fria-na-praca-da-republica\/"]}]},{"@type":"ImageObject","inLanguage":"pt-PT","@id":"https:\/\/www.altominho.tv\/site\/2024\/12\/16\/gaiteiros-de-bravaes-aqueceram-noite-fria-na-praca-da-republica\/#primaryimage","url":"https:\/\/www.altominho.tv\/site\/wp-content\/uploads\/2024\/12\/rhsb_j-6e9k.jpg","contentUrl":"https:\/\/www.altominho.tv\/site\/wp-content\/uploads\/2024\/12\/rhsb_j-6e9k.jpg","width":1280,"height":720},{"@type":"BreadcrumbList","@id":"https:\/\/www.altominho.tv\/site\/2024\/12\/16\/gaiteiros-de-bravaes-aqueceram-noite-fria-na-praca-da-republica\/#breadcrumb","itemListElement":[{"@type":"ListItem","position":1,"name":"In\u00edcio","item":"https:\/\/www.altominho.tv\/site\/"},{"@type":"ListItem","position":2,"name":"Gaiteiros de Brav\u00e3es aqueceram noite fria na Pra\u00e7a da Rep\u00fablica"}]},{"@type":"WebSite","@id":"https:\/\/www.altominho.tv\/site\/#website","url":"https:\/\/www.altominho.tv\/site\/","name":"Altominho.tv","description":"A sua regi\u00e3o \u00e0 dist\u00e2ncia de um clique...","potentialAction":[{"@type":"SearchAction","target":{"@type":"EntryPoint","urlTemplate":"https:\/\/www.altominho.tv\/site\/?s={search_term_string}"},"query-input":{"@type":"PropertyValueSpecification","valueRequired":true,"valueName":"search_term_string"}}],"inLanguage":"pt-PT"},{"@type":"Person","@id":"https:\/\/www.altominho.tv\/site\/#\/schema\/person\/4fa0996d8841f9d6cbb84eb43c555c2c","name":"Andreia Barreiro","image":{"@type":"ImageObject","inLanguage":"pt-PT","@id":"https:\/\/www.altominho.tv\/site\/wp-content\/uploads\/2021\/01\/132443895_3480358142084005_3574327946369834311_o-150x150.jpg","url":"https:\/\/www.altominho.tv\/site\/wp-content\/uploads\/2021\/01\/132443895_3480358142084005_3574327946369834311_o-150x150.jpg","contentUrl":"https:\/\/www.altominho.tv\/site\/wp-content\/uploads\/2021\/01\/132443895_3480358142084005_3574327946369834311_o-150x150.jpg","caption":"Andreia Barreiro"},"url":"https:\/\/www.altominho.tv\/site\/author\/andreiabarreiro\/"}]},"og_video":"https:\/\/www.youtube.com\/embed\/MGdT0fh64AM","og_video_type":"text\/html","og_video_duration":"171","og_video_width":"480","og_video_height":"270","ya_ovs_adult":"false","ya_ovs_upload_date":"2024-12-16T12:24:18+00:00","ya_ovs_allow_embed":"true"},"_links":{"self":[{"href":"https:\/\/www.altominho.tv\/site\/wp-json\/wp\/v2\/posts\/113226","targetHints":{"allow":["GET"]}}],"collection":[{"href":"https:\/\/www.altominho.tv\/site\/wp-json\/wp\/v2\/posts"}],"about":[{"href":"https:\/\/www.altominho.tv\/site\/wp-json\/wp\/v2\/types\/post"}],"author":[{"embeddable":true,"href":"https:\/\/www.altominho.tv\/site\/wp-json\/wp\/v2\/users\/10"}],"replies":[{"embeddable":true,"href":"https:\/\/www.altominho.tv\/site\/wp-json\/wp\/v2\/comments?post=113226"}],"version-history":[{"count":2,"href":"https:\/\/www.altominho.tv\/site\/wp-json\/wp\/v2\/posts\/113226\/revisions"}],"predecessor-version":[{"id":113230,"href":"https:\/\/www.altominho.tv\/site\/wp-json\/wp\/v2\/posts\/113226\/revisions\/113230"}],"wp:featuredmedia":[{"embeddable":true,"href":"https:\/\/www.altominho.tv\/site\/wp-json\/wp\/v2\/media\/113225"}],"wp:attachment":[{"href":"https:\/\/www.altominho.tv\/site\/wp-json\/wp\/v2\/media?parent=113226"}],"wp:term":[{"taxonomy":"category","embeddable":true,"href":"https:\/\/www.altominho.tv\/site\/wp-json\/wp\/v2\/categories?post=113226"},{"taxonomy":"post_tag","embeddable":true,"href":"https:\/\/www.altominho.tv\/site\/wp-json\/wp\/v2\/tags?post=113226"}],"curies":[{"name":"wp","href":"https:\/\/api.w.org\/{rel}","templated":true}]}}