{"id":113218,"date":"2024-12-16T11:53:14","date_gmt":"2024-12-16T11:53:14","guid":{"rendered":"https:\/\/www.altominho.tv\/site\/?p=113218"},"modified":"2024-12-16T11:53:17","modified_gmt":"2024-12-16T11:53:17","slug":"gnr-promove-acao-de-sensibilizacao-contra-a-violencia-no-desporto","status":"publish","type":"post","link":"https:\/\/www.altominho.tv\/site\/2024\/12\/16\/gnr-promove-acao-de-sensibilizacao-contra-a-violencia-no-desporto\/","title":{"rendered":"GNR promove a\u00e7\u00e3o de sensibiliza\u00e7\u00e3o contra a viol\u00eancia no desporto"},"content":{"rendered":"<p>No passado dia 12 de dezembro, o Comando Territorial de Viana do Castelo, atrav\u00e9s da sua Sec\u00e7\u00e3o de Preven\u00e7\u00e3o Criminal e Policiamento Comunit\u00e1rio (SPCPC), realizou uma a\u00e7\u00e3o de sensibiliza\u00e7\u00e3o direcionada aos recintos desportivos de futebol nos concelhos de Viana do Castelo e Caminha. A iniciativa teve como objetivo alertar para a import\u00e2ncia da modera\u00e7\u00e3o, do respeito e do cumprimento das normas de conduta nos espet\u00e1culos desportivos.<\/p>\n<p>Durante a a\u00e7\u00e3o, os militares visitaram 15 recintos desportivos, transmitindo informa\u00e7\u00f5es sobre o regime jur\u00eddico que regula os comportamentos nos contextos desportivos e as consequ\u00eancias legais associadas \u00e0s infra\u00e7\u00f5es. No total, foram sensibilizados 227 encarregados de educa\u00e7\u00e3o, 381 atletas e agentes desportivos, abrangendo desde os escal\u00f5es de forma\u00e7\u00e3o at\u00e9 aos escal\u00f5es seniores.<\/p>\n<p>A a\u00e7\u00e3o contou com o apoio de militares dos Postos Territoriais de Barroselas, Viana do Castelo e Caminha, bem como da SPCPC de Arcos de Valdevez. Esta mobiliza\u00e7\u00e3o visou refor\u00e7ar a cria\u00e7\u00e3o de um ambiente desportivo mais saud\u00e1vel, focado na conviv\u00eancia harmoniosa e no respeito m\u00fatuo, combatendo comportamentos desrespeitosos ou agressivos.<\/p>\n<p>&#8220;Com estas iniciativas, a Guarda Nacional Republicana reafirma o seu compromisso com a promo\u00e7\u00e3o de valores positivos no desporto e com a seguran\u00e7a de todos os envolvidos.&#8221;<\/p>\n","protected":false},"excerpt":{"rendered":"<p>No passado dia 12 de dezembro, o Comando Territorial de Viana do Castelo, atrav\u00e9s da sua Sec\u00e7\u00e3o de Preven\u00e7\u00e3o Criminal e Policiamento Comunit\u00e1rio (SPCPC), realizou uma a\u00e7\u00e3o de sensibiliza\u00e7\u00e3o direcionada aos recintos desportivos de futebol nos concelhos de Viana do Castelo e Caminha. A iniciativa teve como objetivo alertar para a import\u00e2ncia da modera\u00e7\u00e3o, do [&hellip;]<\/p>\n","protected":false},"author":1,"featured_media":113219,"comment_status":"closed","ping_status":"closed","sticky":false,"template":"","format":"standard","meta":{"_exactmetrics_skip_tracking":false,"_exactmetrics_sitenote_active":false,"_exactmetrics_sitenote_note":"","_exactmetrics_sitenote_category":0,"footnotes":""},"categories":[73],"tags":[20,27],"class_list":["post-113218","post","type-post","status-publish","format-standard","has-post-thumbnail","hentry","category-alto-minho","tag-desporto","tag-sociedade"],"yoast_head":"<!-- This site is optimized with the Yoast SEO Premium plugin v27.5 (Yoast SEO v27.5) - https:\/\/yoast.com\/product\/yoast-seo-premium-wordpress\/ -->\n<title>GNR promove a\u00e7\u00e3o de sensibiliza\u00e7\u00e3o contra a viol\u00eancia no desporto<\/title>\n<meta name=\"robots\" content=\"index, follow, max-snippet:-1, max-image-preview:large, max-video-preview:-1\" \/>\n<link rel=\"canonical\" href=\"https:\/\/www.altominho.tv\/site\/2024\/12\/16\/gnr-promove-acao-de-sensibilizacao-contra-a-violencia-no-desporto\/\" \/>\n<meta property=\"og:locale\" content=\"pt_PT\" \/>\n<meta property=\"og:type\" content=\"article\" \/>\n<meta property=\"og:title\" content=\"GNR promove a\u00e7\u00e3o de sensibiliza\u00e7\u00e3o contra a viol\u00eancia no desporto\" \/>\n<meta property=\"og:description\" content=\"No passado dia 12 de dezembro, o Comando Territorial de Viana do Castelo, atrav\u00e9s da sua Sec\u00e7\u00e3o de Preven\u00e7\u00e3o Criminal e Policiamento Comunit\u00e1rio (SPCPC), realizou uma a\u00e7\u00e3o de sensibiliza\u00e7\u00e3o direcionada aos recintos desportivos de futebol nos concelhos de Viana do Castelo e Caminha. A iniciativa teve como objetivo alertar para a import\u00e2ncia da modera\u00e7\u00e3o, do [&hellip;]\" \/>\n<meta property=\"og:url\" content=\"https:\/\/www.altominho.tv\/site\/2024\/12\/16\/gnr-promove-acao-de-sensibilizacao-contra-a-violencia-no-desporto\/\" \/>\n<meta property=\"og:site_name\" content=\"Altominho.tv\" \/>\n<meta property=\"article:publisher\" content=\"https:\/\/www.facebook.com\/altominhotv\" \/>\n<meta property=\"article:published_time\" content=\"2024-12-16T11:53:14+00:00\" \/>\n<meta property=\"article:modified_time\" content=\"2024-12-16T11:53:17+00:00\" \/>\n<meta property=\"og:image\" content=\"https:\/\/www.altominho.tv\/site\/wp-content\/uploads\/2024\/12\/BASE-FB-logo-Branco-1200-x-630-px-23.png\" \/>\n\t<meta property=\"og:image:width\" content=\"1200\" \/>\n\t<meta property=\"og:image:height\" content=\"630\" \/>\n\t<meta property=\"og:image:type\" content=\"image\/png\" \/>\n<meta name=\"author\" content=\"Altominho.tv\" \/>\n<meta name=\"twitter:card\" content=\"summary_large_image\" \/>\n<meta name=\"twitter:creator\" content=\"@altominhoTV\" \/>\n<meta name=\"twitter:site\" content=\"@altominhoTV\" \/>\n<meta name=\"twitter:label1\" content=\"Escrito por\" \/>\n\t<meta name=\"twitter:data1\" content=\"Altominho.tv\" \/>\n\t<meta name=\"twitter:label2\" content=\"Tempo estimado de leitura\" \/>\n\t<meta name=\"twitter:data2\" content=\"1 minuto\" \/>\n<script type=\"application\/ld+json\" class=\"yoast-schema-graph\">{\"@context\":\"https:\\\/\\\/schema.org\",\"@graph\":[{\"@type\":\"Article\",\"@id\":\"https:\\\/\\\/www.altominho.tv\\\/site\\\/2024\\\/12\\\/16\\\/gnr-promove-acao-de-sensibilizacao-contra-a-violencia-no-desporto\\\/#article\",\"isPartOf\":{\"@id\":\"https:\\\/\\\/www.altominho.tv\\\/site\\\/2024\\\/12\\\/16\\\/gnr-promove-acao-de-sensibilizacao-contra-a-violencia-no-desporto\\\/\"},\"author\":{\"name\":\"Altominho.tv\",\"@id\":\"https:\\\/\\\/www.altominho.tv\\\/site\\\/#\\\/schema\\\/person\\\/4e536851627d7914baf3dac752b6af22\"},\"headline\":\"GNR promove a\u00e7\u00e3o de sensibiliza\u00e7\u00e3o contra a viol\u00eancia no desporto\",\"datePublished\":\"2024-12-16T11:53:14+00:00\",\"dateModified\":\"2024-12-16T11:53:17+00:00\",\"mainEntityOfPage\":{\"@id\":\"https:\\\/\\\/www.altominho.tv\\\/site\\\/2024\\\/12\\\/16\\\/gnr-promove-acao-de-sensibilizacao-contra-a-violencia-no-desporto\\\/\"},\"wordCount\":232,\"image\":{\"@id\":\"https:\\\/\\\/www.altominho.tv\\\/site\\\/2024\\\/12\\\/16\\\/gnr-promove-acao-de-sensibilizacao-contra-a-violencia-no-desporto\\\/#primaryimage\"},\"thumbnailUrl\":\"https:\\\/\\\/www.altominho.tv\\\/site\\\/wp-content\\\/uploads\\\/2024\\\/12\\\/BASE-FB-logo-Branco-1200-x-630-px-23.png\",\"keywords\":[\"Desporto\",\"Sociedade\"],\"articleSection\":[\"Alto Minho\"],\"inLanguage\":\"pt-PT\",\"copyrightYear\":\"2024\",\"copyrightHolder\":{\"@id\":\"https:\\\/\\\/www.altominho.tv\\\/site\\\/#organization\"}},{\"@type\":\"WebPage\",\"@id\":\"https:\\\/\\\/www.altominho.tv\\\/site\\\/2024\\\/12\\\/16\\\/gnr-promove-acao-de-sensibilizacao-contra-a-violencia-no-desporto\\\/\",\"url\":\"https:\\\/\\\/www.altominho.tv\\\/site\\\/2024\\\/12\\\/16\\\/gnr-promove-acao-de-sensibilizacao-contra-a-violencia-no-desporto\\\/\",\"name\":\"GNR promove a\u00e7\u00e3o de sensibiliza\u00e7\u00e3o contra a viol\u00eancia no desporto\",\"isPartOf\":{\"@id\":\"https:\\\/\\\/www.altominho.tv\\\/site\\\/#website\"},\"primaryImageOfPage\":{\"@id\":\"https:\\\/\\\/www.altominho.tv\\\/site\\\/2024\\\/12\\\/16\\\/gnr-promove-acao-de-sensibilizacao-contra-a-violencia-no-desporto\\\/#primaryimage\"},\"image\":{\"@id\":\"https:\\\/\\\/www.altominho.tv\\\/site\\\/2024\\\/12\\\/16\\\/gnr-promove-acao-de-sensibilizacao-contra-a-violencia-no-desporto\\\/#primaryimage\"},\"thumbnailUrl\":\"https:\\\/\\\/www.altominho.tv\\\/site\\\/wp-content\\\/uploads\\\/2024\\\/12\\\/BASE-FB-logo-Branco-1200-x-630-px-23.png\",\"datePublished\":\"2024-12-16T11:53:14+00:00\",\"dateModified\":\"2024-12-16T11:53:17+00:00\",\"author\":{\"@id\":\"https:\\\/\\\/www.altominho.tv\\\/site\\\/#\\\/schema\\\/person\\\/4e536851627d7914baf3dac752b6af22\"},\"breadcrumb\":{\"@id\":\"https:\\\/\\\/www.altominho.tv\\\/site\\\/2024\\\/12\\\/16\\\/gnr-promove-acao-de-sensibilizacao-contra-a-violencia-no-desporto\\\/#breadcrumb\"},\"inLanguage\":\"pt-PT\",\"potentialAction\":[{\"@type\":\"ReadAction\",\"target\":[\"https:\\\/\\\/www.altominho.tv\\\/site\\\/2024\\\/12\\\/16\\\/gnr-promove-acao-de-sensibilizacao-contra-a-violencia-no-desporto\\\/\"]}]},{\"@type\":\"ImageObject\",\"inLanguage\":\"pt-PT\",\"@id\":\"https:\\\/\\\/www.altominho.tv\\\/site\\\/2024\\\/12\\\/16\\\/gnr-promove-acao-de-sensibilizacao-contra-a-violencia-no-desporto\\\/#primaryimage\",\"url\":\"https:\\\/\\\/www.altominho.tv\\\/site\\\/wp-content\\\/uploads\\\/2024\\\/12\\\/BASE-FB-logo-Branco-1200-x-630-px-23.png\",\"contentUrl\":\"https:\\\/\\\/www.altominho.tv\\\/site\\\/wp-content\\\/uploads\\\/2024\\\/12\\\/BASE-FB-logo-Branco-1200-x-630-px-23.png\",\"width\":1200,\"height\":630},{\"@type\":\"BreadcrumbList\",\"@id\":\"https:\\\/\\\/www.altominho.tv\\\/site\\\/2024\\\/12\\\/16\\\/gnr-promove-acao-de-sensibilizacao-contra-a-violencia-no-desporto\\\/#breadcrumb\",\"itemListElement\":[{\"@type\":\"ListItem\",\"position\":1,\"name\":\"In\u00edcio\",\"item\":\"https:\\\/\\\/www.altominho.tv\\\/site\\\/\"},{\"@type\":\"ListItem\",\"position\":2,\"name\":\"GNR promove a\u00e7\u00e3o de sensibiliza\u00e7\u00e3o contra a viol\u00eancia no desporto\"}]},{\"@type\":\"WebSite\",\"@id\":\"https:\\\/\\\/www.altominho.tv\\\/site\\\/#website\",\"url\":\"https:\\\/\\\/www.altominho.tv\\\/site\\\/\",\"name\":\"Altominho.tv\",\"description\":\"A sua regi\u00e3o \u00e0 dist\u00e2ncia de um clique...\",\"potentialAction\":[{\"@type\":\"SearchAction\",\"target\":{\"@type\":\"EntryPoint\",\"urlTemplate\":\"https:\\\/\\\/www.altominho.tv\\\/site\\\/?s={search_term_string}\"},\"query-input\":{\"@type\":\"PropertyValueSpecification\",\"valueRequired\":true,\"valueName\":\"search_term_string\"}}],\"inLanguage\":\"pt-PT\"},{\"@type\":\"Person\",\"@id\":\"https:\\\/\\\/www.altominho.tv\\\/site\\\/#\\\/schema\\\/person\\\/4e536851627d7914baf3dac752b6af22\",\"name\":\"Altominho.tv\",\"image\":{\"@type\":\"ImageObject\",\"inLanguage\":\"pt-PT\",\"@id\":\"https:\\\/\\\/www.altominho.tv\\\/site\\\/wp-content\\\/uploads\\\/2019\\\/11\\\/Logo_Avatar_2-150x150.jpg\",\"url\":\"https:\\\/\\\/www.altominho.tv\\\/site\\\/wp-content\\\/uploads\\\/2019\\\/11\\\/Logo_Avatar_2-150x150.jpg\",\"contentUrl\":\"https:\\\/\\\/www.altominho.tv\\\/site\\\/wp-content\\\/uploads\\\/2019\\\/11\\\/Logo_Avatar_2-150x150.jpg\",\"caption\":\"Altominho.tv\"},\"url\":\"https:\\\/\\\/www.altominho.tv\\\/site\\\/author\\\/altominhotv-tecnico\\\/\"}]}<\/script>\n<!-- \/ Yoast SEO Premium plugin. -->","yoast_head_json":{"title":"GNR promove a\u00e7\u00e3o de sensibiliza\u00e7\u00e3o contra a viol\u00eancia no desporto","robots":{"index":"index","follow":"follow","max-snippet":"max-snippet:-1","max-image-preview":"max-image-preview:large","max-video-preview":"max-video-preview:-1"},"canonical":"https:\/\/www.altominho.tv\/site\/2024\/12\/16\/gnr-promove-acao-de-sensibilizacao-contra-a-violencia-no-desporto\/","og_locale":"pt_PT","og_type":"article","og_title":"GNR promove a\u00e7\u00e3o de sensibiliza\u00e7\u00e3o contra a viol\u00eancia no desporto","og_description":"No passado dia 12 de dezembro, o Comando Territorial de Viana do Castelo, atrav\u00e9s da sua Sec\u00e7\u00e3o de Preven\u00e7\u00e3o Criminal e Policiamento Comunit\u00e1rio (SPCPC), realizou uma a\u00e7\u00e3o de sensibiliza\u00e7\u00e3o direcionada aos recintos desportivos de futebol nos concelhos de Viana do Castelo e Caminha. A iniciativa teve como objetivo alertar para a import\u00e2ncia da modera\u00e7\u00e3o, do [&hellip;]","og_url":"https:\/\/www.altominho.tv\/site\/2024\/12\/16\/gnr-promove-acao-de-sensibilizacao-contra-a-violencia-no-desporto\/","og_site_name":"Altominho.tv","article_publisher":"https:\/\/www.facebook.com\/altominhotv","article_published_time":"2024-12-16T11:53:14+00:00","article_modified_time":"2024-12-16T11:53:17+00:00","og_image":[{"width":1200,"height":630,"url":"https:\/\/www.altominho.tv\/site\/wp-content\/uploads\/2024\/12\/BASE-FB-logo-Branco-1200-x-630-px-23.png","type":"image\/png"}],"author":"Altominho.tv","twitter_card":"summary_large_image","twitter_creator":"@altominhoTV","twitter_site":"@altominhoTV","twitter_misc":{"Escrito por":"Altominho.tv","Tempo estimado de leitura":"1 minuto"},"schema":{"@context":"https:\/\/schema.org","@graph":[{"@type":"Article","@id":"https:\/\/www.altominho.tv\/site\/2024\/12\/16\/gnr-promove-acao-de-sensibilizacao-contra-a-violencia-no-desporto\/#article","isPartOf":{"@id":"https:\/\/www.altominho.tv\/site\/2024\/12\/16\/gnr-promove-acao-de-sensibilizacao-contra-a-violencia-no-desporto\/"},"author":{"name":"Altominho.tv","@id":"https:\/\/www.altominho.tv\/site\/#\/schema\/person\/4e536851627d7914baf3dac752b6af22"},"headline":"GNR promove a\u00e7\u00e3o de sensibiliza\u00e7\u00e3o contra a viol\u00eancia no desporto","datePublished":"2024-12-16T11:53:14+00:00","dateModified":"2024-12-16T11:53:17+00:00","mainEntityOfPage":{"@id":"https:\/\/www.altominho.tv\/site\/2024\/12\/16\/gnr-promove-acao-de-sensibilizacao-contra-a-violencia-no-desporto\/"},"wordCount":232,"image":{"@id":"https:\/\/www.altominho.tv\/site\/2024\/12\/16\/gnr-promove-acao-de-sensibilizacao-contra-a-violencia-no-desporto\/#primaryimage"},"thumbnailUrl":"https:\/\/www.altominho.tv\/site\/wp-content\/uploads\/2024\/12\/BASE-FB-logo-Branco-1200-x-630-px-23.png","keywords":["Desporto","Sociedade"],"articleSection":["Alto Minho"],"inLanguage":"pt-PT","copyrightYear":"2024","copyrightHolder":{"@id":"https:\/\/www.altominho.tv\/site\/#organization"}},{"@type":"WebPage","@id":"https:\/\/www.altominho.tv\/site\/2024\/12\/16\/gnr-promove-acao-de-sensibilizacao-contra-a-violencia-no-desporto\/","url":"https:\/\/www.altominho.tv\/site\/2024\/12\/16\/gnr-promove-acao-de-sensibilizacao-contra-a-violencia-no-desporto\/","name":"GNR promove a\u00e7\u00e3o de sensibiliza\u00e7\u00e3o contra a viol\u00eancia no desporto","isPartOf":{"@id":"https:\/\/www.altominho.tv\/site\/#website"},"primaryImageOfPage":{"@id":"https:\/\/www.altominho.tv\/site\/2024\/12\/16\/gnr-promove-acao-de-sensibilizacao-contra-a-violencia-no-desporto\/#primaryimage"},"image":{"@id":"https:\/\/www.altominho.tv\/site\/2024\/12\/16\/gnr-promove-acao-de-sensibilizacao-contra-a-violencia-no-desporto\/#primaryimage"},"thumbnailUrl":"https:\/\/www.altominho.tv\/site\/wp-content\/uploads\/2024\/12\/BASE-FB-logo-Branco-1200-x-630-px-23.png","datePublished":"2024-12-16T11:53:14+00:00","dateModified":"2024-12-16T11:53:17+00:00","author":{"@id":"https:\/\/www.altominho.tv\/site\/#\/schema\/person\/4e536851627d7914baf3dac752b6af22"},"breadcrumb":{"@id":"https:\/\/www.altominho.tv\/site\/2024\/12\/16\/gnr-promove-acao-de-sensibilizacao-contra-a-violencia-no-desporto\/#breadcrumb"},"inLanguage":"pt-PT","potentialAction":[{"@type":"ReadAction","target":["https:\/\/www.altominho.tv\/site\/2024\/12\/16\/gnr-promove-acao-de-sensibilizacao-contra-a-violencia-no-desporto\/"]}]},{"@type":"ImageObject","inLanguage":"pt-PT","@id":"https:\/\/www.altominho.tv\/site\/2024\/12\/16\/gnr-promove-acao-de-sensibilizacao-contra-a-violencia-no-desporto\/#primaryimage","url":"https:\/\/www.altominho.tv\/site\/wp-content\/uploads\/2024\/12\/BASE-FB-logo-Branco-1200-x-630-px-23.png","contentUrl":"https:\/\/www.altominho.tv\/site\/wp-content\/uploads\/2024\/12\/BASE-FB-logo-Branco-1200-x-630-px-23.png","width":1200,"height":630},{"@type":"BreadcrumbList","@id":"https:\/\/www.altominho.tv\/site\/2024\/12\/16\/gnr-promove-acao-de-sensibilizacao-contra-a-violencia-no-desporto\/#breadcrumb","itemListElement":[{"@type":"ListItem","position":1,"name":"In\u00edcio","item":"https:\/\/www.altominho.tv\/site\/"},{"@type":"ListItem","position":2,"name":"GNR promove a\u00e7\u00e3o de sensibiliza\u00e7\u00e3o contra a viol\u00eancia no desporto"}]},{"@type":"WebSite","@id":"https:\/\/www.altominho.tv\/site\/#website","url":"https:\/\/www.altominho.tv\/site\/","name":"Altominho.tv","description":"A sua regi\u00e3o \u00e0 dist\u00e2ncia de um clique...","potentialAction":[{"@type":"SearchAction","target":{"@type":"EntryPoint","urlTemplate":"https:\/\/www.altominho.tv\/site\/?s={search_term_string}"},"query-input":{"@type":"PropertyValueSpecification","valueRequired":true,"valueName":"search_term_string"}}],"inLanguage":"pt-PT"},{"@type":"Person","@id":"https:\/\/www.altominho.tv\/site\/#\/schema\/person\/4e536851627d7914baf3dac752b6af22","name":"Altominho.tv","image":{"@type":"ImageObject","inLanguage":"pt-PT","@id":"https:\/\/www.altominho.tv\/site\/wp-content\/uploads\/2019\/11\/Logo_Avatar_2-150x150.jpg","url":"https:\/\/www.altominho.tv\/site\/wp-content\/uploads\/2019\/11\/Logo_Avatar_2-150x150.jpg","contentUrl":"https:\/\/www.altominho.tv\/site\/wp-content\/uploads\/2019\/11\/Logo_Avatar_2-150x150.jpg","caption":"Altominho.tv"},"url":"https:\/\/www.altominho.tv\/site\/author\/altominhotv-tecnico\/"}]}},"_links":{"self":[{"href":"https:\/\/www.altominho.tv\/site\/wp-json\/wp\/v2\/posts\/113218","targetHints":{"allow":["GET"]}}],"collection":[{"href":"https:\/\/www.altominho.tv\/site\/wp-json\/wp\/v2\/posts"}],"about":[{"href":"https:\/\/www.altominho.tv\/site\/wp-json\/wp\/v2\/types\/post"}],"author":[{"embeddable":true,"href":"https:\/\/www.altominho.tv\/site\/wp-json\/wp\/v2\/users\/1"}],"replies":[{"embeddable":true,"href":"https:\/\/www.altominho.tv\/site\/wp-json\/wp\/v2\/comments?post=113218"}],"version-history":[{"count":1,"href":"https:\/\/www.altominho.tv\/site\/wp-json\/wp\/v2\/posts\/113218\/revisions"}],"predecessor-version":[{"id":113220,"href":"https:\/\/www.altominho.tv\/site\/wp-json\/wp\/v2\/posts\/113218\/revisions\/113220"}],"wp:featuredmedia":[{"embeddable":true,"href":"https:\/\/www.altominho.tv\/site\/wp-json\/wp\/v2\/media\/113219"}],"wp:attachment":[{"href":"https:\/\/www.altominho.tv\/site\/wp-json\/wp\/v2\/media?parent=113218"}],"wp:term":[{"taxonomy":"category","embeddable":true,"href":"https:\/\/www.altominho.tv\/site\/wp-json\/wp\/v2\/categories?post=113218"},{"taxonomy":"post_tag","embeddable":true,"href":"https:\/\/www.altominho.tv\/site\/wp-json\/wp\/v2\/tags?post=113218"}],"curies":[{"name":"wp","href":"https:\/\/api.w.org\/{rel}","templated":true}]}}