{"id":113202,"date":"2024-12-15T14:46:26","date_gmt":"2024-12-15T14:46:26","guid":{"rendered":"https:\/\/www.altominho.tv\/site\/?p=113202"},"modified":"2024-12-15T14:46:28","modified_gmt":"2024-12-15T14:46:28","slug":"maior-orcamento-de-sempre-aprovado-em-paredes-de-coura","status":"publish","type":"post","link":"https:\/\/www.altominho.tv\/site\/2024\/12\/15\/maior-orcamento-de-sempre-aprovado-em-paredes-de-coura\/","title":{"rendered":"Maior or\u00e7amento de sempre aprovado em Paredes de Coura"},"content":{"rendered":"<p class=\"western\">Um or\u00e7amento de trinta milh\u00f5es de euros, tendo como principais eixos a oferta habitacional, as \u00e1reas industriais, educa\u00e7\u00e3o e cultura, mereceu a aprova\u00e7\u00e3o por ampla maioria da Assembleia Municipal de Paredes de Coura, foi hoje revelado.<\/p>\n<p class=\"western\">O Plano de Atividades e Or\u00e7amento para 2025 do munic\u00edpio \u201c\u00e9 o maior or\u00e7amento de sempre, s\u00e3o 29.886.886\u20ac explicado por grandes obras que mudar\u00e3o estruturalmente a vida do nosso concelho\u201d, projetou o presidente da C\u00e2mara, Vitor Paulo Pereira, acrescentando que s\u00e3o \u201cobras que aumentar\u00e3o a oferta habitacional do nosso concelho, que melhorar\u00e3o a nossa capacidade de atra\u00e7\u00e3o de investimento, que refor\u00e7ar\u00e3o o investimento na educa\u00e7\u00e3o, na cultura, na a\u00e7\u00e3o social e na qualidade de vida das nossas freguesias\u201d.<\/p>\n<p class=\"western\">Com isto, Vitor Paulo Pereira n\u00e3o tem d\u00favidas que se trata \u201cde um or\u00e7amento que tem um\u00a0objetivo muito concreto: refor\u00e7ar o caminho do desenvolvimento de Paredes de Coura, atrav\u00e9s da cria\u00e7\u00e3o de emprego e da inclus\u00e3o social\u201d, e que se traduz em n\u00fameros significativos: \u201co maior or\u00e7amento de sempre n\u00e3o \u00e9 para n\u00f3s um\u00a0slogan\u00a0pol\u00edtico, at\u00e9 porque estaremos sempre dependentes de circunst\u00e2ncias externas para o executarmos com sucesso. Preferimos dizer que \u00e9 o melhor or\u00e7amento que temos para melhorar a vida de todos os courenses\u201d, refor\u00e7ou.<\/p>\n<p class=\"western\">&#8220;O n\u00facleo habitacional de tr\u00eas dezenas de apartamentos no centro da vila e que est\u00e1 quase conclu\u00eddo, as seis dezenas de habita\u00e7\u00f5es para arrendamento acess\u00edvel na zona da Nogueira, mas tamb\u00e9m a aposta na terceira zona industrial que est\u00e1 a nascer em Linhares e que poder\u00e1 lan\u00e7ar Paredes de Coura para o ranking dos 20 concelhos mais exportadores da regi\u00e3o Norte, a par da consolidada aposta na cultura e educa\u00e7\u00e3o s\u00e3o as traves-mestras de um or\u00e7amento centrado nos courenses&#8221;, refere o munic\u00edpio em comunicado.<\/p>\n<p class=\"western\">\u201cComo j\u00e1 o afirmamos anteriormente, n\u00e3o somos os donos da verdade financeira ou da verdade do desenvolvimento. Mas o que fizemos at\u00e9 agora \u00e9 reconhecido por muitos e sente-se na vida das pessoas\u201d, vincou o presidente da C\u00e2mara.<\/p>\n<p class=\"western\">\n","protected":false},"excerpt":{"rendered":"<p>Um or\u00e7amento de trinta milh\u00f5es de euros, tendo como principais eixos a oferta habitacional, as \u00e1reas industriais, educa\u00e7\u00e3o e cultura, mereceu a aprova\u00e7\u00e3o por ampla maioria da Assembleia Municipal de Paredes de Coura, foi hoje revelado. O Plano de Atividades e Or\u00e7amento para 2025 do munic\u00edpio \u201c\u00e9 o maior or\u00e7amento de sempre, s\u00e3o 29.886.886\u20ac explicado [&hellip;]<\/p>\n","protected":false},"author":1,"featured_media":113204,"comment_status":"closed","ping_status":"closed","sticky":false,"template":"","format":"standard","meta":{"_exactmetrics_skip_tracking":false,"_exactmetrics_sitenote_active":false,"_exactmetrics_sitenote_note":"","_exactmetrics_sitenote_category":0,"footnotes":""},"categories":[10],"tags":[21],"class_list":["post-113202","post","type-post","status-publish","format-standard","has-post-thumbnail","hentry","category-paredes-de-coura","tag-economia"],"yoast_head":"<!-- This site is optimized with the Yoast SEO Premium plugin v27.4 (Yoast SEO v27.4) - https:\/\/yoast.com\/product\/yoast-seo-premium-wordpress\/ -->\n<title>Maior or\u00e7amento de sempre aprovado em Paredes de Coura<\/title>\n<meta name=\"description\" content=\"Um or\u00e7amento de trinta milh\u00f5es de euros, tendo como principais eixos a oferta habitacional, as \u00e1reas industriais, educa\u00e7\u00e3o e cultura, mereceu a aprova\u00e7\u00e3o por ampla maioria da Assembleia Municipal de Paredes de Coura, foi hoje revelado.\" \/>\n<meta name=\"robots\" content=\"index, follow, max-snippet:-1, max-image-preview:large, max-video-preview:-1\" \/>\n<link rel=\"canonical\" href=\"https:\/\/www.altominho.tv\/site\/2024\/12\/15\/maior-orcamento-de-sempre-aprovado-em-paredes-de-coura\/\" \/>\n<meta property=\"og:locale\" content=\"pt_PT\" \/>\n<meta property=\"og:type\" content=\"article\" \/>\n<meta property=\"og:title\" content=\"Maior or\u00e7amento de sempre aprovado em Paredes de Coura\" \/>\n<meta property=\"og:description\" content=\"Um or\u00e7amento de trinta milh\u00f5es de euros, tendo como principais eixos a oferta habitacional, as \u00e1reas industriais, educa\u00e7\u00e3o e cultura, mereceu a aprova\u00e7\u00e3o por ampla maioria da Assembleia Municipal de Paredes de Coura, foi hoje revelado.\" \/>\n<meta property=\"og:url\" content=\"https:\/\/www.altominho.tv\/site\/2024\/12\/15\/maior-orcamento-de-sempre-aprovado-em-paredes-de-coura\/\" \/>\n<meta property=\"og:site_name\" content=\"Altominho.tv\" \/>\n<meta property=\"article:publisher\" content=\"https:\/\/www.facebook.com\/altominhotv\" \/>\n<meta property=\"article:published_time\" content=\"2024-12-15T14:46:26+00:00\" \/>\n<meta property=\"article:modified_time\" content=\"2024-12-15T14:46:28+00:00\" \/>\n<meta property=\"og:image\" content=\"https:\/\/www.altominho.tv\/site\/wp-content\/uploads\/2024\/12\/Camara-Paredes-de-Coura.png\" \/>\n\t<meta property=\"og:image:width\" content=\"1200\" \/>\n\t<meta property=\"og:image:height\" content=\"630\" \/>\n\t<meta property=\"og:image:type\" content=\"image\/png\" \/>\n<meta name=\"author\" content=\"Altominho.tv\" \/>\n<meta name=\"twitter:card\" content=\"summary_large_image\" \/>\n<meta name=\"twitter:creator\" content=\"@altominhoTV\" \/>\n<meta name=\"twitter:site\" content=\"@altominhoTV\" \/>\n<meta name=\"twitter:label1\" content=\"Escrito por\" \/>\n\t<meta name=\"twitter:data1\" content=\"Altominho.tv\" \/>\n\t<meta name=\"twitter:label2\" content=\"Tempo estimado de leitura\" \/>\n\t<meta name=\"twitter:data2\" content=\"2 minutos\" \/>\n<script type=\"application\/ld+json\" class=\"yoast-schema-graph\">{\"@context\":\"https:\\\/\\\/schema.org\",\"@graph\":[{\"@type\":\"Article\",\"@id\":\"https:\\\/\\\/www.altominho.tv\\\/site\\\/2024\\\/12\\\/15\\\/maior-orcamento-de-sempre-aprovado-em-paredes-de-coura\\\/#article\",\"isPartOf\":{\"@id\":\"https:\\\/\\\/www.altominho.tv\\\/site\\\/2024\\\/12\\\/15\\\/maior-orcamento-de-sempre-aprovado-em-paredes-de-coura\\\/\"},\"author\":{\"name\":\"Altominho.tv\",\"@id\":\"https:\\\/\\\/www.altominho.tv\\\/site\\\/#\\\/schema\\\/person\\\/4e536851627d7914baf3dac752b6af22\"},\"headline\":\"Maior or\u00e7amento de sempre aprovado em Paredes de Coura\",\"datePublished\":\"2024-12-15T14:46:26+00:00\",\"dateModified\":\"2024-12-15T14:46:28+00:00\",\"mainEntityOfPage\":{\"@id\":\"https:\\\/\\\/www.altominho.tv\\\/site\\\/2024\\\/12\\\/15\\\/maior-orcamento-de-sempre-aprovado-em-paredes-de-coura\\\/\"},\"wordCount\":374,\"image\":{\"@id\":\"https:\\\/\\\/www.altominho.tv\\\/site\\\/2024\\\/12\\\/15\\\/maior-orcamento-de-sempre-aprovado-em-paredes-de-coura\\\/#primaryimage\"},\"thumbnailUrl\":\"https:\\\/\\\/www.altominho.tv\\\/site\\\/wp-content\\\/uploads\\\/2024\\\/12\\\/Camara-Paredes-de-Coura.png\",\"keywords\":[\"Economia\"],\"articleSection\":[\"Paredes de Coura\"],\"inLanguage\":\"pt-PT\",\"copyrightYear\":\"2024\",\"copyrightHolder\":{\"@id\":\"https:\\\/\\\/www.altominho.tv\\\/site\\\/#organization\"}},{\"@type\":\"WebPage\",\"@id\":\"https:\\\/\\\/www.altominho.tv\\\/site\\\/2024\\\/12\\\/15\\\/maior-orcamento-de-sempre-aprovado-em-paredes-de-coura\\\/\",\"url\":\"https:\\\/\\\/www.altominho.tv\\\/site\\\/2024\\\/12\\\/15\\\/maior-orcamento-de-sempre-aprovado-em-paredes-de-coura\\\/\",\"name\":\"Maior or\u00e7amento de sempre aprovado em Paredes de Coura\",\"isPartOf\":{\"@id\":\"https:\\\/\\\/www.altominho.tv\\\/site\\\/#website\"},\"primaryImageOfPage\":{\"@id\":\"https:\\\/\\\/www.altominho.tv\\\/site\\\/2024\\\/12\\\/15\\\/maior-orcamento-de-sempre-aprovado-em-paredes-de-coura\\\/#primaryimage\"},\"image\":{\"@id\":\"https:\\\/\\\/www.altominho.tv\\\/site\\\/2024\\\/12\\\/15\\\/maior-orcamento-de-sempre-aprovado-em-paredes-de-coura\\\/#primaryimage\"},\"thumbnailUrl\":\"https:\\\/\\\/www.altominho.tv\\\/site\\\/wp-content\\\/uploads\\\/2024\\\/12\\\/Camara-Paredes-de-Coura.png\",\"datePublished\":\"2024-12-15T14:46:26+00:00\",\"dateModified\":\"2024-12-15T14:46:28+00:00\",\"author\":{\"@id\":\"https:\\\/\\\/www.altominho.tv\\\/site\\\/#\\\/schema\\\/person\\\/4e536851627d7914baf3dac752b6af22\"},\"description\":\"Um or\u00e7amento de trinta milh\u00f5es de euros, tendo como principais eixos a oferta habitacional, as \u00e1reas industriais, educa\u00e7\u00e3o e cultura, mereceu a aprova\u00e7\u00e3o por ampla maioria da Assembleia Municipal de Paredes de Coura, foi hoje revelado.\",\"breadcrumb\":{\"@id\":\"https:\\\/\\\/www.altominho.tv\\\/site\\\/2024\\\/12\\\/15\\\/maior-orcamento-de-sempre-aprovado-em-paredes-de-coura\\\/#breadcrumb\"},\"inLanguage\":\"pt-PT\",\"potentialAction\":[{\"@type\":\"ReadAction\",\"target\":[\"https:\\\/\\\/www.altominho.tv\\\/site\\\/2024\\\/12\\\/15\\\/maior-orcamento-de-sempre-aprovado-em-paredes-de-coura\\\/\"]}]},{\"@type\":\"ImageObject\",\"inLanguage\":\"pt-PT\",\"@id\":\"https:\\\/\\\/www.altominho.tv\\\/site\\\/2024\\\/12\\\/15\\\/maior-orcamento-de-sempre-aprovado-em-paredes-de-coura\\\/#primaryimage\",\"url\":\"https:\\\/\\\/www.altominho.tv\\\/site\\\/wp-content\\\/uploads\\\/2024\\\/12\\\/Camara-Paredes-de-Coura.png\",\"contentUrl\":\"https:\\\/\\\/www.altominho.tv\\\/site\\\/wp-content\\\/uploads\\\/2024\\\/12\\\/Camara-Paredes-de-Coura.png\",\"width\":1200,\"height\":630},{\"@type\":\"BreadcrumbList\",\"@id\":\"https:\\\/\\\/www.altominho.tv\\\/site\\\/2024\\\/12\\\/15\\\/maior-orcamento-de-sempre-aprovado-em-paredes-de-coura\\\/#breadcrumb\",\"itemListElement\":[{\"@type\":\"ListItem\",\"position\":1,\"name\":\"In\u00edcio\",\"item\":\"https:\\\/\\\/www.altominho.tv\\\/site\\\/\"},{\"@type\":\"ListItem\",\"position\":2,\"name\":\"Maior or\u00e7amento de sempre aprovado em Paredes de Coura\"}]},{\"@type\":\"WebSite\",\"@id\":\"https:\\\/\\\/www.altominho.tv\\\/site\\\/#website\",\"url\":\"https:\\\/\\\/www.altominho.tv\\\/site\\\/\",\"name\":\"Altominho.tv\",\"description\":\"A sua regi\u00e3o \u00e0 dist\u00e2ncia de um clique...\",\"potentialAction\":[{\"@type\":\"SearchAction\",\"target\":{\"@type\":\"EntryPoint\",\"urlTemplate\":\"https:\\\/\\\/www.altominho.tv\\\/site\\\/?s={search_term_string}\"},\"query-input\":{\"@type\":\"PropertyValueSpecification\",\"valueRequired\":true,\"valueName\":\"search_term_string\"}}],\"inLanguage\":\"pt-PT\"},{\"@type\":\"Person\",\"@id\":\"https:\\\/\\\/www.altominho.tv\\\/site\\\/#\\\/schema\\\/person\\\/4e536851627d7914baf3dac752b6af22\",\"name\":\"Altominho.tv\",\"image\":{\"@type\":\"ImageObject\",\"inLanguage\":\"pt-PT\",\"@id\":\"https:\\\/\\\/www.altominho.tv\\\/site\\\/wp-content\\\/uploads\\\/2019\\\/11\\\/Logo_Avatar_2-150x150.jpg\",\"url\":\"https:\\\/\\\/www.altominho.tv\\\/site\\\/wp-content\\\/uploads\\\/2019\\\/11\\\/Logo_Avatar_2-150x150.jpg\",\"contentUrl\":\"https:\\\/\\\/www.altominho.tv\\\/site\\\/wp-content\\\/uploads\\\/2019\\\/11\\\/Logo_Avatar_2-150x150.jpg\",\"caption\":\"Altominho.tv\"},\"url\":\"https:\\\/\\\/www.altominho.tv\\\/site\\\/author\\\/altominhotv-tecnico\\\/\"}]}<\/script>\n<!-- \/ Yoast SEO Premium plugin. -->","yoast_head_json":{"title":"Maior or\u00e7amento de sempre aprovado em Paredes de Coura","description":"Um or\u00e7amento de trinta milh\u00f5es de euros, tendo como principais eixos a oferta habitacional, as \u00e1reas industriais, educa\u00e7\u00e3o e cultura, mereceu a aprova\u00e7\u00e3o por ampla maioria da Assembleia Municipal de Paredes de Coura, foi hoje revelado.","robots":{"index":"index","follow":"follow","max-snippet":"max-snippet:-1","max-image-preview":"max-image-preview:large","max-video-preview":"max-video-preview:-1"},"canonical":"https:\/\/www.altominho.tv\/site\/2024\/12\/15\/maior-orcamento-de-sempre-aprovado-em-paredes-de-coura\/","og_locale":"pt_PT","og_type":"article","og_title":"Maior or\u00e7amento de sempre aprovado em Paredes de Coura","og_description":"Um or\u00e7amento de trinta milh\u00f5es de euros, tendo como principais eixos a oferta habitacional, as \u00e1reas industriais, educa\u00e7\u00e3o e cultura, mereceu a aprova\u00e7\u00e3o por ampla maioria da Assembleia Municipal de Paredes de Coura, foi hoje revelado.","og_url":"https:\/\/www.altominho.tv\/site\/2024\/12\/15\/maior-orcamento-de-sempre-aprovado-em-paredes-de-coura\/","og_site_name":"Altominho.tv","article_publisher":"https:\/\/www.facebook.com\/altominhotv","article_published_time":"2024-12-15T14:46:26+00:00","article_modified_time":"2024-12-15T14:46:28+00:00","og_image":[{"width":1200,"height":630,"url":"https:\/\/www.altominho.tv\/site\/wp-content\/uploads\/2024\/12\/Camara-Paredes-de-Coura.png","type":"image\/png"}],"author":"Altominho.tv","twitter_card":"summary_large_image","twitter_creator":"@altominhoTV","twitter_site":"@altominhoTV","twitter_misc":{"Escrito por":"Altominho.tv","Tempo estimado de leitura":"2 minutos"},"schema":{"@context":"https:\/\/schema.org","@graph":[{"@type":"Article","@id":"https:\/\/www.altominho.tv\/site\/2024\/12\/15\/maior-orcamento-de-sempre-aprovado-em-paredes-de-coura\/#article","isPartOf":{"@id":"https:\/\/www.altominho.tv\/site\/2024\/12\/15\/maior-orcamento-de-sempre-aprovado-em-paredes-de-coura\/"},"author":{"name":"Altominho.tv","@id":"https:\/\/www.altominho.tv\/site\/#\/schema\/person\/4e536851627d7914baf3dac752b6af22"},"headline":"Maior or\u00e7amento de sempre aprovado em Paredes de Coura","datePublished":"2024-12-15T14:46:26+00:00","dateModified":"2024-12-15T14:46:28+00:00","mainEntityOfPage":{"@id":"https:\/\/www.altominho.tv\/site\/2024\/12\/15\/maior-orcamento-de-sempre-aprovado-em-paredes-de-coura\/"},"wordCount":374,"image":{"@id":"https:\/\/www.altominho.tv\/site\/2024\/12\/15\/maior-orcamento-de-sempre-aprovado-em-paredes-de-coura\/#primaryimage"},"thumbnailUrl":"https:\/\/www.altominho.tv\/site\/wp-content\/uploads\/2024\/12\/Camara-Paredes-de-Coura.png","keywords":["Economia"],"articleSection":["Paredes de Coura"],"inLanguage":"pt-PT","copyrightYear":"2024","copyrightHolder":{"@id":"https:\/\/www.altominho.tv\/site\/#organization"}},{"@type":"WebPage","@id":"https:\/\/www.altominho.tv\/site\/2024\/12\/15\/maior-orcamento-de-sempre-aprovado-em-paredes-de-coura\/","url":"https:\/\/www.altominho.tv\/site\/2024\/12\/15\/maior-orcamento-de-sempre-aprovado-em-paredes-de-coura\/","name":"Maior or\u00e7amento de sempre aprovado em Paredes de Coura","isPartOf":{"@id":"https:\/\/www.altominho.tv\/site\/#website"},"primaryImageOfPage":{"@id":"https:\/\/www.altominho.tv\/site\/2024\/12\/15\/maior-orcamento-de-sempre-aprovado-em-paredes-de-coura\/#primaryimage"},"image":{"@id":"https:\/\/www.altominho.tv\/site\/2024\/12\/15\/maior-orcamento-de-sempre-aprovado-em-paredes-de-coura\/#primaryimage"},"thumbnailUrl":"https:\/\/www.altominho.tv\/site\/wp-content\/uploads\/2024\/12\/Camara-Paredes-de-Coura.png","datePublished":"2024-12-15T14:46:26+00:00","dateModified":"2024-12-15T14:46:28+00:00","author":{"@id":"https:\/\/www.altominho.tv\/site\/#\/schema\/person\/4e536851627d7914baf3dac752b6af22"},"description":"Um or\u00e7amento de trinta milh\u00f5es de euros, tendo como principais eixos a oferta habitacional, as \u00e1reas industriais, educa\u00e7\u00e3o e cultura, mereceu a aprova\u00e7\u00e3o por ampla maioria da Assembleia Municipal de Paredes de Coura, foi hoje revelado.","breadcrumb":{"@id":"https:\/\/www.altominho.tv\/site\/2024\/12\/15\/maior-orcamento-de-sempre-aprovado-em-paredes-de-coura\/#breadcrumb"},"inLanguage":"pt-PT","potentialAction":[{"@type":"ReadAction","target":["https:\/\/www.altominho.tv\/site\/2024\/12\/15\/maior-orcamento-de-sempre-aprovado-em-paredes-de-coura\/"]}]},{"@type":"ImageObject","inLanguage":"pt-PT","@id":"https:\/\/www.altominho.tv\/site\/2024\/12\/15\/maior-orcamento-de-sempre-aprovado-em-paredes-de-coura\/#primaryimage","url":"https:\/\/www.altominho.tv\/site\/wp-content\/uploads\/2024\/12\/Camara-Paredes-de-Coura.png","contentUrl":"https:\/\/www.altominho.tv\/site\/wp-content\/uploads\/2024\/12\/Camara-Paredes-de-Coura.png","width":1200,"height":630},{"@type":"BreadcrumbList","@id":"https:\/\/www.altominho.tv\/site\/2024\/12\/15\/maior-orcamento-de-sempre-aprovado-em-paredes-de-coura\/#breadcrumb","itemListElement":[{"@type":"ListItem","position":1,"name":"In\u00edcio","item":"https:\/\/www.altominho.tv\/site\/"},{"@type":"ListItem","position":2,"name":"Maior or\u00e7amento de sempre aprovado em Paredes de Coura"}]},{"@type":"WebSite","@id":"https:\/\/www.altominho.tv\/site\/#website","url":"https:\/\/www.altominho.tv\/site\/","name":"Altominho.tv","description":"A sua regi\u00e3o \u00e0 dist\u00e2ncia de um clique...","potentialAction":[{"@type":"SearchAction","target":{"@type":"EntryPoint","urlTemplate":"https:\/\/www.altominho.tv\/site\/?s={search_term_string}"},"query-input":{"@type":"PropertyValueSpecification","valueRequired":true,"valueName":"search_term_string"}}],"inLanguage":"pt-PT"},{"@type":"Person","@id":"https:\/\/www.altominho.tv\/site\/#\/schema\/person\/4e536851627d7914baf3dac752b6af22","name":"Altominho.tv","image":{"@type":"ImageObject","inLanguage":"pt-PT","@id":"https:\/\/www.altominho.tv\/site\/wp-content\/uploads\/2019\/11\/Logo_Avatar_2-150x150.jpg","url":"https:\/\/www.altominho.tv\/site\/wp-content\/uploads\/2019\/11\/Logo_Avatar_2-150x150.jpg","contentUrl":"https:\/\/www.altominho.tv\/site\/wp-content\/uploads\/2019\/11\/Logo_Avatar_2-150x150.jpg","caption":"Altominho.tv"},"url":"https:\/\/www.altominho.tv\/site\/author\/altominhotv-tecnico\/"}]}},"_links":{"self":[{"href":"https:\/\/www.altominho.tv\/site\/wp-json\/wp\/v2\/posts\/113202","targetHints":{"allow":["GET"]}}],"collection":[{"href":"https:\/\/www.altominho.tv\/site\/wp-json\/wp\/v2\/posts"}],"about":[{"href":"https:\/\/www.altominho.tv\/site\/wp-json\/wp\/v2\/types\/post"}],"author":[{"embeddable":true,"href":"https:\/\/www.altominho.tv\/site\/wp-json\/wp\/v2\/users\/1"}],"replies":[{"embeddable":true,"href":"https:\/\/www.altominho.tv\/site\/wp-json\/wp\/v2\/comments?post=113202"}],"version-history":[{"count":1,"href":"https:\/\/www.altominho.tv\/site\/wp-json\/wp\/v2\/posts\/113202\/revisions"}],"predecessor-version":[{"id":113206,"href":"https:\/\/www.altominho.tv\/site\/wp-json\/wp\/v2\/posts\/113202\/revisions\/113206"}],"wp:featuredmedia":[{"embeddable":true,"href":"https:\/\/www.altominho.tv\/site\/wp-json\/wp\/v2\/media\/113204"}],"wp:attachment":[{"href":"https:\/\/www.altominho.tv\/site\/wp-json\/wp\/v2\/media?parent=113202"}],"wp:term":[{"taxonomy":"category","embeddable":true,"href":"https:\/\/www.altominho.tv\/site\/wp-json\/wp\/v2\/categories?post=113202"},{"taxonomy":"post_tag","embeddable":true,"href":"https:\/\/www.altominho.tv\/site\/wp-json\/wp\/v2\/tags?post=113202"}],"curies":[{"name":"wp","href":"https:\/\/api.w.org\/{rel}","templated":true}]}}