{"id":113032,"date":"2024-12-07T09:16:09","date_gmt":"2024-12-07T09:16:09","guid":{"rendered":"https:\/\/www.altominho.tv\/site\/?p=113032"},"modified":"2024-12-07T09:16:12","modified_gmt":"2024-12-07T09:16:12","slug":"moinho-do-inacio-e-museu-do-mel-e-do-caulino-na-rede-de-turismo-industrial","status":"publish","type":"post","link":"https:\/\/www.altominho.tv\/site\/2024\/12\/07\/moinho-do-inacio-e-museu-do-mel-e-do-caulino-na-rede-de-turismo-industrial\/","title":{"rendered":"Moinho do In\u00e1cio e Museu do Mel e do Caulino na Rede de Turismo Industrial"},"content":{"rendered":"<p>O Moinho do In\u00e1cio e o Museu do Mel e do Caulino, em Vila de Punhe, em Viana do Castelo, passaram hoje a integrar a Rede Portuguesa de Turismo Industrial, revelou a C\u00e2mara Municipal.<\/p>\n<p>A ades\u00e3o foi formalizada com a assinatura dos protocolos de colabora\u00e7\u00e3o entre o munic\u00edpio de Viana do Castelo, o Turismo do Porto e Norte e a Junta de Freguesia de Vila de Punhe.<\/p>\n<p>Estes protocolos \u201cvisam confirmar o interesse e empenho das partes na implementa\u00e7\u00e3o das boas pr\u00e1ticas e crit\u00e9rios de conformidade associados aos servi\u00e7os de Turismo Industrial, de acordo com o Guia de Boas Pr\u00e1ticas desenvolvido pelo Grupo Dinamizador da Rede Portuguesa de Turismo Industrial\u201d.<\/p>\n<p>Em Viana do Castelo, j\u00e1 integravam a Rede Nacional de Turismo Industrial o navio-hospital Gil Eannes, a Rota da Cer\u00e2mica de Alvar\u00e3es\/Fornos Telheiros e o Moinho de Mar\u00e9 \u2013 Azenhas de D. Prior.<\/p>\n","protected":false},"excerpt":{"rendered":"<p>O Moinho do In\u00e1cio e o Museu do Mel e do Caulino, em Vila de Punhe, em Viana do Castelo, passaram hoje a integrar a Rede Portuguesa de Turismo Industrial, revelou a C\u00e2mara Municipal. A ades\u00e3o foi formalizada com a assinatura dos protocolos de colabora\u00e7\u00e3o entre o munic\u00edpio de Viana do Castelo, o Turismo do [&hellip;]<\/p>\n","protected":false},"author":13,"featured_media":113033,"comment_status":"closed","ping_status":"closed","sticky":false,"template":"","format":"standard","meta":{"_exactmetrics_skip_tracking":false,"_exactmetrics_sitenote_active":false,"_exactmetrics_sitenote_note":"","_exactmetrics_sitenote_category":0,"footnotes":""},"categories":[14],"tags":[56329],"class_list":["post-113032","post","type-post","status-publish","format-standard","has-post-thumbnail","hentry","category-viana-do-castelo","tag-turismo"],"yoast_head":"<!-- This site is optimized with the Yoast SEO Premium plugin v27.4 (Yoast SEO v27.4) - https:\/\/yoast.com\/product\/yoast-seo-premium-wordpress\/ -->\n<title>Moinho do In\u00e1cio e Museu do Mel e do Caulino na Rede de Turismo Industrial<\/title>\n<meta name=\"description\" content=\"O Moinho do In\u00e1cio e o Museu do Mel e do Caulino, em Vila de Punhe, em Viana do Castelo, passaram hoje a integrar a Rede Portuguesa de Turismo Industrial, revelou a C\u00e2mara Municipal.\" \/>\n<meta name=\"robots\" content=\"index, follow, max-snippet:-1, max-image-preview:large, max-video-preview:-1\" \/>\n<link rel=\"canonical\" href=\"https:\/\/www.altominho.tv\/site\/2024\/12\/07\/moinho-do-inacio-e-museu-do-mel-e-do-caulino-na-rede-de-turismo-industrial\/\" \/>\n<meta property=\"og:locale\" content=\"pt_PT\" \/>\n<meta property=\"og:type\" content=\"article\" \/>\n<meta property=\"og:title\" content=\"Moinho do In\u00e1cio e Museu do Mel e do Caulino na Rede de Turismo Industrial\" \/>\n<meta property=\"og:description\" content=\"O Moinho do In\u00e1cio e o Museu do Mel e do Caulino, em Vila de Punhe, em Viana do Castelo, passaram hoje a integrar a Rede Portuguesa de Turismo Industrial, revelou a C\u00e2mara Municipal.\" \/>\n<meta property=\"og:url\" content=\"https:\/\/www.altominho.tv\/site\/2024\/12\/07\/moinho-do-inacio-e-museu-do-mel-e-do-caulino-na-rede-de-turismo-industrial\/\" \/>\n<meta property=\"og:site_name\" content=\"Altominho.tv\" \/>\n<meta property=\"article:publisher\" content=\"https:\/\/www.facebook.com\/altominhotv\" \/>\n<meta property=\"article:published_time\" content=\"2024-12-07T09:16:09+00:00\" \/>\n<meta property=\"article:modified_time\" content=\"2024-12-07T09:16:12+00:00\" \/>\n<meta property=\"og:image\" content=\"https:\/\/www.altominho.tv\/site\/wp-content\/uploads\/2024\/12\/moinho-do-inacio.png\" \/>\n\t<meta property=\"og:image:width\" content=\"1200\" \/>\n\t<meta property=\"og:image:height\" content=\"630\" \/>\n\t<meta property=\"og:image:type\" content=\"image\/png\" \/>\n<meta name=\"author\" content=\"Lusa\" \/>\n<meta name=\"twitter:card\" content=\"summary_large_image\" \/>\n<meta name=\"twitter:creator\" content=\"@altominhoTV\" \/>\n<meta name=\"twitter:site\" content=\"@altominhoTV\" \/>\n<meta name=\"twitter:label1\" content=\"Escrito por\" \/>\n\t<meta name=\"twitter:data1\" content=\"Lusa\" \/>\n\t<meta name=\"twitter:label2\" content=\"Tempo estimado de leitura\" \/>\n\t<meta name=\"twitter:data2\" content=\"1 minuto\" \/>\n<script type=\"application\/ld+json\" class=\"yoast-schema-graph\">{\"@context\":\"https:\\\/\\\/schema.org\",\"@graph\":[{\"@type\":\"Article\",\"@id\":\"https:\\\/\\\/www.altominho.tv\\\/site\\\/2024\\\/12\\\/07\\\/moinho-do-inacio-e-museu-do-mel-e-do-caulino-na-rede-de-turismo-industrial\\\/#article\",\"isPartOf\":{\"@id\":\"https:\\\/\\\/www.altominho.tv\\\/site\\\/2024\\\/12\\\/07\\\/moinho-do-inacio-e-museu-do-mel-e-do-caulino-na-rede-de-turismo-industrial\\\/\"},\"author\":{\"name\":\"Lusa\",\"@id\":\"https:\\\/\\\/www.altominho.tv\\\/site\\\/#\\\/schema\\\/person\\\/63f693da3e1899361cbe955c46f3232e\"},\"headline\":\"Moinho do In\u00e1cio e Museu do Mel e do Caulino na Rede de Turismo Industrial\",\"datePublished\":\"2024-12-07T09:16:09+00:00\",\"dateModified\":\"2024-12-07T09:16:12+00:00\",\"mainEntityOfPage\":{\"@id\":\"https:\\\/\\\/www.altominho.tv\\\/site\\\/2024\\\/12\\\/07\\\/moinho-do-inacio-e-museu-do-mel-e-do-caulino-na-rede-de-turismo-industrial\\\/\"},\"wordCount\":171,\"image\":{\"@id\":\"https:\\\/\\\/www.altominho.tv\\\/site\\\/2024\\\/12\\\/07\\\/moinho-do-inacio-e-museu-do-mel-e-do-caulino-na-rede-de-turismo-industrial\\\/#primaryimage\"},\"thumbnailUrl\":\"https:\\\/\\\/www.altominho.tv\\\/site\\\/wp-content\\\/uploads\\\/2024\\\/12\\\/moinho-do-inacio.png\",\"keywords\":[\"Turismo\"],\"articleSection\":[\"Viana do Castelo\"],\"inLanguage\":\"pt-PT\",\"copyrightYear\":\"2024\",\"copyrightHolder\":{\"@id\":\"https:\\\/\\\/www.altominho.tv\\\/site\\\/#organization\"}},{\"@type\":\"WebPage\",\"@id\":\"https:\\\/\\\/www.altominho.tv\\\/site\\\/2024\\\/12\\\/07\\\/moinho-do-inacio-e-museu-do-mel-e-do-caulino-na-rede-de-turismo-industrial\\\/\",\"url\":\"https:\\\/\\\/www.altominho.tv\\\/site\\\/2024\\\/12\\\/07\\\/moinho-do-inacio-e-museu-do-mel-e-do-caulino-na-rede-de-turismo-industrial\\\/\",\"name\":\"Moinho do In\u00e1cio e Museu do Mel e do Caulino na Rede de Turismo Industrial\",\"isPartOf\":{\"@id\":\"https:\\\/\\\/www.altominho.tv\\\/site\\\/#website\"},\"primaryImageOfPage\":{\"@id\":\"https:\\\/\\\/www.altominho.tv\\\/site\\\/2024\\\/12\\\/07\\\/moinho-do-inacio-e-museu-do-mel-e-do-caulino-na-rede-de-turismo-industrial\\\/#primaryimage\"},\"image\":{\"@id\":\"https:\\\/\\\/www.altominho.tv\\\/site\\\/2024\\\/12\\\/07\\\/moinho-do-inacio-e-museu-do-mel-e-do-caulino-na-rede-de-turismo-industrial\\\/#primaryimage\"},\"thumbnailUrl\":\"https:\\\/\\\/www.altominho.tv\\\/site\\\/wp-content\\\/uploads\\\/2024\\\/12\\\/moinho-do-inacio.png\",\"datePublished\":\"2024-12-07T09:16:09+00:00\",\"dateModified\":\"2024-12-07T09:16:12+00:00\",\"author\":{\"@id\":\"https:\\\/\\\/www.altominho.tv\\\/site\\\/#\\\/schema\\\/person\\\/63f693da3e1899361cbe955c46f3232e\"},\"description\":\"O Moinho do In\u00e1cio e o Museu do Mel e do Caulino, em Vila de Punhe, em Viana do Castelo, passaram hoje a integrar a Rede Portuguesa de Turismo Industrial, revelou a C\u00e2mara Municipal.\",\"breadcrumb\":{\"@id\":\"https:\\\/\\\/www.altominho.tv\\\/site\\\/2024\\\/12\\\/07\\\/moinho-do-inacio-e-museu-do-mel-e-do-caulino-na-rede-de-turismo-industrial\\\/#breadcrumb\"},\"inLanguage\":\"pt-PT\",\"potentialAction\":[{\"@type\":\"ReadAction\",\"target\":[\"https:\\\/\\\/www.altominho.tv\\\/site\\\/2024\\\/12\\\/07\\\/moinho-do-inacio-e-museu-do-mel-e-do-caulino-na-rede-de-turismo-industrial\\\/\"]}]},{\"@type\":\"ImageObject\",\"inLanguage\":\"pt-PT\",\"@id\":\"https:\\\/\\\/www.altominho.tv\\\/site\\\/2024\\\/12\\\/07\\\/moinho-do-inacio-e-museu-do-mel-e-do-caulino-na-rede-de-turismo-industrial\\\/#primaryimage\",\"url\":\"https:\\\/\\\/www.altominho.tv\\\/site\\\/wp-content\\\/uploads\\\/2024\\\/12\\\/moinho-do-inacio.png\",\"contentUrl\":\"https:\\\/\\\/www.altominho.tv\\\/site\\\/wp-content\\\/uploads\\\/2024\\\/12\\\/moinho-do-inacio.png\",\"width\":1200,\"height\":630},{\"@type\":\"BreadcrumbList\",\"@id\":\"https:\\\/\\\/www.altominho.tv\\\/site\\\/2024\\\/12\\\/07\\\/moinho-do-inacio-e-museu-do-mel-e-do-caulino-na-rede-de-turismo-industrial\\\/#breadcrumb\",\"itemListElement\":[{\"@type\":\"ListItem\",\"position\":1,\"name\":\"In\u00edcio\",\"item\":\"https:\\\/\\\/www.altominho.tv\\\/site\\\/\"},{\"@type\":\"ListItem\",\"position\":2,\"name\":\"Moinho do In\u00e1cio e Museu do Mel e do Caulino na Rede de Turismo Industrial\"}]},{\"@type\":\"WebSite\",\"@id\":\"https:\\\/\\\/www.altominho.tv\\\/site\\\/#website\",\"url\":\"https:\\\/\\\/www.altominho.tv\\\/site\\\/\",\"name\":\"Altominho.tv\",\"description\":\"A sua regi\u00e3o \u00e0 dist\u00e2ncia de um clique...\",\"potentialAction\":[{\"@type\":\"SearchAction\",\"target\":{\"@type\":\"EntryPoint\",\"urlTemplate\":\"https:\\\/\\\/www.altominho.tv\\\/site\\\/?s={search_term_string}\"},\"query-input\":{\"@type\":\"PropertyValueSpecification\",\"valueRequired\":true,\"valueName\":\"search_term_string\"}}],\"inLanguage\":\"pt-PT\"},{\"@type\":\"Person\",\"@id\":\"https:\\\/\\\/www.altominho.tv\\\/site\\\/#\\\/schema\\\/person\\\/63f693da3e1899361cbe955c46f3232e\",\"name\":\"Lusa\",\"image\":{\"@type\":\"ImageObject\",\"inLanguage\":\"pt-PT\",\"@id\":\"https:\\\/\\\/www.altominho.tv\\\/site\\\/wp-content\\\/uploads\\\/2019\\\/08\\\/LUSA_Logo.gif\",\"url\":\"https:\\\/\\\/www.altominho.tv\\\/site\\\/wp-content\\\/uploads\\\/2019\\\/08\\\/LUSA_Logo.gif\",\"contentUrl\":\"https:\\\/\\\/www.altominho.tv\\\/site\\\/wp-content\\\/uploads\\\/2019\\\/08\\\/LUSA_Logo.gif\",\"caption\":\"Lusa\"},\"sameAs\":[\"http:\\\/\\\/\\\/\\\/www.altominho.tv\\\/site\"],\"url\":\"https:\\\/\\\/www.altominho.tv\\\/site\\\/author\\\/lusa\\\/\"}]}<\/script>\n<!-- \/ Yoast SEO Premium plugin. -->","yoast_head_json":{"title":"Moinho do In\u00e1cio e Museu do Mel e do Caulino na Rede de Turismo Industrial","description":"O Moinho do In\u00e1cio e o Museu do Mel e do Caulino, em Vila de Punhe, em Viana do Castelo, passaram hoje a integrar a Rede Portuguesa de Turismo Industrial, revelou a C\u00e2mara Municipal.","robots":{"index":"index","follow":"follow","max-snippet":"max-snippet:-1","max-image-preview":"max-image-preview:large","max-video-preview":"max-video-preview:-1"},"canonical":"https:\/\/www.altominho.tv\/site\/2024\/12\/07\/moinho-do-inacio-e-museu-do-mel-e-do-caulino-na-rede-de-turismo-industrial\/","og_locale":"pt_PT","og_type":"article","og_title":"Moinho do In\u00e1cio e Museu do Mel e do Caulino na Rede de Turismo Industrial","og_description":"O Moinho do In\u00e1cio e o Museu do Mel e do Caulino, em Vila de Punhe, em Viana do Castelo, passaram hoje a integrar a Rede Portuguesa de Turismo Industrial, revelou a C\u00e2mara Municipal.","og_url":"https:\/\/www.altominho.tv\/site\/2024\/12\/07\/moinho-do-inacio-e-museu-do-mel-e-do-caulino-na-rede-de-turismo-industrial\/","og_site_name":"Altominho.tv","article_publisher":"https:\/\/www.facebook.com\/altominhotv","article_published_time":"2024-12-07T09:16:09+00:00","article_modified_time":"2024-12-07T09:16:12+00:00","og_image":[{"width":1200,"height":630,"url":"https:\/\/www.altominho.tv\/site\/wp-content\/uploads\/2024\/12\/moinho-do-inacio.png","type":"image\/png"}],"author":"Lusa","twitter_card":"summary_large_image","twitter_creator":"@altominhoTV","twitter_site":"@altominhoTV","twitter_misc":{"Escrito por":"Lusa","Tempo estimado de leitura":"1 minuto"},"schema":{"@context":"https:\/\/schema.org","@graph":[{"@type":"Article","@id":"https:\/\/www.altominho.tv\/site\/2024\/12\/07\/moinho-do-inacio-e-museu-do-mel-e-do-caulino-na-rede-de-turismo-industrial\/#article","isPartOf":{"@id":"https:\/\/www.altominho.tv\/site\/2024\/12\/07\/moinho-do-inacio-e-museu-do-mel-e-do-caulino-na-rede-de-turismo-industrial\/"},"author":{"name":"Lusa","@id":"https:\/\/www.altominho.tv\/site\/#\/schema\/person\/63f693da3e1899361cbe955c46f3232e"},"headline":"Moinho do In\u00e1cio e Museu do Mel e do Caulino na Rede de Turismo Industrial","datePublished":"2024-12-07T09:16:09+00:00","dateModified":"2024-12-07T09:16:12+00:00","mainEntityOfPage":{"@id":"https:\/\/www.altominho.tv\/site\/2024\/12\/07\/moinho-do-inacio-e-museu-do-mel-e-do-caulino-na-rede-de-turismo-industrial\/"},"wordCount":171,"image":{"@id":"https:\/\/www.altominho.tv\/site\/2024\/12\/07\/moinho-do-inacio-e-museu-do-mel-e-do-caulino-na-rede-de-turismo-industrial\/#primaryimage"},"thumbnailUrl":"https:\/\/www.altominho.tv\/site\/wp-content\/uploads\/2024\/12\/moinho-do-inacio.png","keywords":["Turismo"],"articleSection":["Viana do Castelo"],"inLanguage":"pt-PT","copyrightYear":"2024","copyrightHolder":{"@id":"https:\/\/www.altominho.tv\/site\/#organization"}},{"@type":"WebPage","@id":"https:\/\/www.altominho.tv\/site\/2024\/12\/07\/moinho-do-inacio-e-museu-do-mel-e-do-caulino-na-rede-de-turismo-industrial\/","url":"https:\/\/www.altominho.tv\/site\/2024\/12\/07\/moinho-do-inacio-e-museu-do-mel-e-do-caulino-na-rede-de-turismo-industrial\/","name":"Moinho do In\u00e1cio e Museu do Mel e do Caulino na Rede de Turismo Industrial","isPartOf":{"@id":"https:\/\/www.altominho.tv\/site\/#website"},"primaryImageOfPage":{"@id":"https:\/\/www.altominho.tv\/site\/2024\/12\/07\/moinho-do-inacio-e-museu-do-mel-e-do-caulino-na-rede-de-turismo-industrial\/#primaryimage"},"image":{"@id":"https:\/\/www.altominho.tv\/site\/2024\/12\/07\/moinho-do-inacio-e-museu-do-mel-e-do-caulino-na-rede-de-turismo-industrial\/#primaryimage"},"thumbnailUrl":"https:\/\/www.altominho.tv\/site\/wp-content\/uploads\/2024\/12\/moinho-do-inacio.png","datePublished":"2024-12-07T09:16:09+00:00","dateModified":"2024-12-07T09:16:12+00:00","author":{"@id":"https:\/\/www.altominho.tv\/site\/#\/schema\/person\/63f693da3e1899361cbe955c46f3232e"},"description":"O Moinho do In\u00e1cio e o Museu do Mel e do Caulino, em Vila de Punhe, em Viana do Castelo, passaram hoje a integrar a Rede Portuguesa de Turismo Industrial, revelou a C\u00e2mara Municipal.","breadcrumb":{"@id":"https:\/\/www.altominho.tv\/site\/2024\/12\/07\/moinho-do-inacio-e-museu-do-mel-e-do-caulino-na-rede-de-turismo-industrial\/#breadcrumb"},"inLanguage":"pt-PT","potentialAction":[{"@type":"ReadAction","target":["https:\/\/www.altominho.tv\/site\/2024\/12\/07\/moinho-do-inacio-e-museu-do-mel-e-do-caulino-na-rede-de-turismo-industrial\/"]}]},{"@type":"ImageObject","inLanguage":"pt-PT","@id":"https:\/\/www.altominho.tv\/site\/2024\/12\/07\/moinho-do-inacio-e-museu-do-mel-e-do-caulino-na-rede-de-turismo-industrial\/#primaryimage","url":"https:\/\/www.altominho.tv\/site\/wp-content\/uploads\/2024\/12\/moinho-do-inacio.png","contentUrl":"https:\/\/www.altominho.tv\/site\/wp-content\/uploads\/2024\/12\/moinho-do-inacio.png","width":1200,"height":630},{"@type":"BreadcrumbList","@id":"https:\/\/www.altominho.tv\/site\/2024\/12\/07\/moinho-do-inacio-e-museu-do-mel-e-do-caulino-na-rede-de-turismo-industrial\/#breadcrumb","itemListElement":[{"@type":"ListItem","position":1,"name":"In\u00edcio","item":"https:\/\/www.altominho.tv\/site\/"},{"@type":"ListItem","position":2,"name":"Moinho do In\u00e1cio e Museu do Mel e do Caulino na Rede de Turismo Industrial"}]},{"@type":"WebSite","@id":"https:\/\/www.altominho.tv\/site\/#website","url":"https:\/\/www.altominho.tv\/site\/","name":"Altominho.tv","description":"A sua regi\u00e3o \u00e0 dist\u00e2ncia de um clique...","potentialAction":[{"@type":"SearchAction","target":{"@type":"EntryPoint","urlTemplate":"https:\/\/www.altominho.tv\/site\/?s={search_term_string}"},"query-input":{"@type":"PropertyValueSpecification","valueRequired":true,"valueName":"search_term_string"}}],"inLanguage":"pt-PT"},{"@type":"Person","@id":"https:\/\/www.altominho.tv\/site\/#\/schema\/person\/63f693da3e1899361cbe955c46f3232e","name":"Lusa","image":{"@type":"ImageObject","inLanguage":"pt-PT","@id":"https:\/\/www.altominho.tv\/site\/wp-content\/uploads\/2019\/08\/LUSA_Logo.gif","url":"https:\/\/www.altominho.tv\/site\/wp-content\/uploads\/2019\/08\/LUSA_Logo.gif","contentUrl":"https:\/\/www.altominho.tv\/site\/wp-content\/uploads\/2019\/08\/LUSA_Logo.gif","caption":"Lusa"},"sameAs":["http:\/\/\/\/www.altominho.tv\/site"],"url":"https:\/\/www.altominho.tv\/site\/author\/lusa\/"}]}},"_links":{"self":[{"href":"https:\/\/www.altominho.tv\/site\/wp-json\/wp\/v2\/posts\/113032","targetHints":{"allow":["GET"]}}],"collection":[{"href":"https:\/\/www.altominho.tv\/site\/wp-json\/wp\/v2\/posts"}],"about":[{"href":"https:\/\/www.altominho.tv\/site\/wp-json\/wp\/v2\/types\/post"}],"author":[{"embeddable":true,"href":"https:\/\/www.altominho.tv\/site\/wp-json\/wp\/v2\/users\/13"}],"replies":[{"embeddable":true,"href":"https:\/\/www.altominho.tv\/site\/wp-json\/wp\/v2\/comments?post=113032"}],"version-history":[{"count":1,"href":"https:\/\/www.altominho.tv\/site\/wp-json\/wp\/v2\/posts\/113032\/revisions"}],"predecessor-version":[{"id":113034,"href":"https:\/\/www.altominho.tv\/site\/wp-json\/wp\/v2\/posts\/113032\/revisions\/113034"}],"wp:featuredmedia":[{"embeddable":true,"href":"https:\/\/www.altominho.tv\/site\/wp-json\/wp\/v2\/media\/113033"}],"wp:attachment":[{"href":"https:\/\/www.altominho.tv\/site\/wp-json\/wp\/v2\/media?parent=113032"}],"wp:term":[{"taxonomy":"category","embeddable":true,"href":"https:\/\/www.altominho.tv\/site\/wp-json\/wp\/v2\/categories?post=113032"},{"taxonomy":"post_tag","embeddable":true,"href":"https:\/\/www.altominho.tv\/site\/wp-json\/wp\/v2\/tags?post=113032"}],"curies":[{"name":"wp","href":"https:\/\/api.w.org\/{rel}","templated":true}]}}