{"id":113006,"date":"2024-12-06T12:10:23","date_gmt":"2024-12-06T12:10:23","guid":{"rendered":"https:\/\/www.altominho.tv\/site\/?p=113006"},"modified":"2024-12-06T12:10:25","modified_gmt":"2024-12-06T12:10:25","slug":"homem-detido-por-ameacar-e-agredir-a-companheira-em-viana","status":"publish","type":"post","link":"https:\/\/www.altominho.tv\/site\/2024\/12\/06\/homem-detido-por-ameacar-e-agredir-a-companheira-em-viana\/","title":{"rendered":"Homem detido por amea\u00e7ar e agredir a companheira em Viana"},"content":{"rendered":"<p><span data-contrast=\"none\">A PSP deteve ontem um homem, de 28 anos, em Viana do Castelo, pelo crime de viol\u00eancia dom\u00e9stica, foi hoje divulgado.<\/span><\/p>\n<p><span data-contrast=\"none\">De acordo com a for\u00e7a de seguran\u00e7a, o suspeito foi \u201cinterceptado\u201d pelas 08h30, na Rua Mateus Barbosa, na sequ\u00eancia da pr\u00e1tica de amea\u00e7as e agress\u00f5es f\u00edsicas sobre a sua companheira.<\/span><\/p>\n<p><span data-contrast=\"none\">A<\/span><span data-contrast=\"none\">\u00a0v\u00edtima, uma mulher de 29 anos de idade e residente em Viana do Castelo, teve que receber tratamento m\u00e9dico devido aos ferimentos sofridos.<\/span><\/p>\n<p><span data-contrast=\"none\">O suspeito, oper\u00e1rio da constru\u00e7\u00e3o civil e residente na cidade de Viana do Castelo, ser\u00e1\u00a0hoje presente junto das Autoridades Judici\u00e1rias para aplica\u00e7\u00e3o das competentes medidas de coa\u00e7\u00e3o.<\/span><span data-ccp-props=\"{&quot;134233117&quot;:false,&quot;134233118&quot;:false,&quot;201341983&quot;:0,&quot;335551550&quot;:6,&quot;335551620&quot;:6,&quot;335557856&quot;:16777215,&quot;335559738&quot;:0,&quot;335559739&quot;:0,&quot;335559740&quot;:293}\">\u00a0<\/span><\/p>\n","protected":false},"excerpt":{"rendered":"<p>A PSP deteve ontem um homem, de 28 anos, em Viana do Castelo, pelo crime de viol\u00eancia dom\u00e9stica, foi hoje divulgado. De acordo com a for\u00e7a de seguran\u00e7a, o suspeito foi \u201cinterceptado\u201d pelas 08h30, na Rua Mateus Barbosa, na sequ\u00eancia da pr\u00e1tica de amea\u00e7as e agress\u00f5es f\u00edsicas sobre a sua companheira. A\u00a0v\u00edtima, uma mulher de [&hellip;]<\/p>\n","protected":false},"author":1,"featured_media":112378,"comment_status":"closed","ping_status":"closed","sticky":false,"template":"","format":"standard","meta":{"_exactmetrics_skip_tracking":false,"_exactmetrics_sitenote_active":false,"_exactmetrics_sitenote_note":"","_exactmetrics_sitenote_category":0,"footnotes":""},"categories":[14],"tags":[27],"class_list":["post-113006","post","type-post","status-publish","format-standard","has-post-thumbnail","hentry","category-viana-do-castelo","tag-sociedade"],"yoast_head":"<!-- This site is optimized with the Yoast SEO Premium plugin v27.4 (Yoast SEO v27.4) - https:\/\/yoast.com\/product\/yoast-seo-premium-wordpress\/ -->\n<title>Homem detido por amea\u00e7ar e agredir a companheira em Viana<\/title>\n<meta name=\"description\" content=\"A PSP deteve ontem um homem, de 28 anos, em Viana do Castelo, pelo crime de viol\u00eancia dom\u00e9stica, foi hoje divulgado.\" \/>\n<meta name=\"robots\" content=\"index, follow, max-snippet:-1, max-image-preview:large, max-video-preview:-1\" \/>\n<link rel=\"canonical\" href=\"https:\/\/www.altominho.tv\/site\/2024\/12\/06\/homem-detido-por-ameacar-e-agredir-a-companheira-em-viana\/\" \/>\n<meta property=\"og:locale\" content=\"pt_PT\" \/>\n<meta property=\"og:type\" content=\"article\" \/>\n<meta property=\"og:title\" content=\"Homem detido por amea\u00e7ar e agredir a companheira em Viana\" \/>\n<meta property=\"og:description\" content=\"A PSP deteve ontem um homem, de 28 anos, em Viana do Castelo, pelo crime de viol\u00eancia dom\u00e9stica, foi hoje divulgado.\" \/>\n<meta property=\"og:url\" content=\"https:\/\/www.altominho.tv\/site\/2024\/12\/06\/homem-detido-por-ameacar-e-agredir-a-companheira-em-viana\/\" \/>\n<meta property=\"og:site_name\" content=\"Altominho.tv\" \/>\n<meta property=\"article:publisher\" content=\"https:\/\/www.facebook.com\/altominhotv\" \/>\n<meta property=\"article:published_time\" content=\"2024-12-06T12:10:23+00:00\" \/>\n<meta property=\"article:modified_time\" content=\"2024-12-06T12:10:25+00:00\" \/>\n<meta property=\"og:image\" content=\"https:\/\/www.altominho.tv\/site\/wp-content\/uploads\/2024\/11\/detido.png\" \/>\n\t<meta property=\"og:image:width\" content=\"1200\" \/>\n\t<meta property=\"og:image:height\" content=\"630\" \/>\n\t<meta property=\"og:image:type\" content=\"image\/png\" \/>\n<meta name=\"author\" content=\"Altominho.tv\" \/>\n<meta name=\"twitter:card\" content=\"summary_large_image\" \/>\n<meta name=\"twitter:creator\" content=\"@altominhoTV\" \/>\n<meta name=\"twitter:site\" content=\"@altominhoTV\" \/>\n<meta name=\"twitter:label1\" content=\"Escrito por\" \/>\n\t<meta name=\"twitter:data1\" content=\"Altominho.tv\" \/>\n\t<meta name=\"twitter:label2\" content=\"Tempo estimado de leitura\" \/>\n\t<meta name=\"twitter:data2\" content=\"1 minuto\" \/>\n<script type=\"application\/ld+json\" class=\"yoast-schema-graph\">{\"@context\":\"https:\\\/\\\/schema.org\",\"@graph\":[{\"@type\":\"Article\",\"@id\":\"https:\\\/\\\/www.altominho.tv\\\/site\\\/2024\\\/12\\\/06\\\/homem-detido-por-ameacar-e-agredir-a-companheira-em-viana\\\/#article\",\"isPartOf\":{\"@id\":\"https:\\\/\\\/www.altominho.tv\\\/site\\\/2024\\\/12\\\/06\\\/homem-detido-por-ameacar-e-agredir-a-companheira-em-viana\\\/\"},\"author\":{\"name\":\"Altominho.tv\",\"@id\":\"https:\\\/\\\/www.altominho.tv\\\/site\\\/#\\\/schema\\\/person\\\/4e536851627d7914baf3dac752b6af22\"},\"headline\":\"Homem detido por amea\u00e7ar e agredir a companheira em Viana\",\"datePublished\":\"2024-12-06T12:10:23+00:00\",\"dateModified\":\"2024-12-06T12:10:25+00:00\",\"mainEntityOfPage\":{\"@id\":\"https:\\\/\\\/www.altominho.tv\\\/site\\\/2024\\\/12\\\/06\\\/homem-detido-por-ameacar-e-agredir-a-companheira-em-viana\\\/\"},\"wordCount\":128,\"image\":{\"@id\":\"https:\\\/\\\/www.altominho.tv\\\/site\\\/2024\\\/12\\\/06\\\/homem-detido-por-ameacar-e-agredir-a-companheira-em-viana\\\/#primaryimage\"},\"thumbnailUrl\":\"https:\\\/\\\/www.altominho.tv\\\/site\\\/wp-content\\\/uploads\\\/2024\\\/11\\\/detido.png\",\"keywords\":[\"Sociedade\"],\"articleSection\":[\"Viana do Castelo\"],\"inLanguage\":\"pt-PT\",\"copyrightYear\":\"2024\",\"copyrightHolder\":{\"@id\":\"https:\\\/\\\/www.altominho.tv\\\/site\\\/#organization\"}},{\"@type\":\"WebPage\",\"@id\":\"https:\\\/\\\/www.altominho.tv\\\/site\\\/2024\\\/12\\\/06\\\/homem-detido-por-ameacar-e-agredir-a-companheira-em-viana\\\/\",\"url\":\"https:\\\/\\\/www.altominho.tv\\\/site\\\/2024\\\/12\\\/06\\\/homem-detido-por-ameacar-e-agredir-a-companheira-em-viana\\\/\",\"name\":\"Homem detido por amea\u00e7ar e agredir a companheira em Viana\",\"isPartOf\":{\"@id\":\"https:\\\/\\\/www.altominho.tv\\\/site\\\/#website\"},\"primaryImageOfPage\":{\"@id\":\"https:\\\/\\\/www.altominho.tv\\\/site\\\/2024\\\/12\\\/06\\\/homem-detido-por-ameacar-e-agredir-a-companheira-em-viana\\\/#primaryimage\"},\"image\":{\"@id\":\"https:\\\/\\\/www.altominho.tv\\\/site\\\/2024\\\/12\\\/06\\\/homem-detido-por-ameacar-e-agredir-a-companheira-em-viana\\\/#primaryimage\"},\"thumbnailUrl\":\"https:\\\/\\\/www.altominho.tv\\\/site\\\/wp-content\\\/uploads\\\/2024\\\/11\\\/detido.png\",\"datePublished\":\"2024-12-06T12:10:23+00:00\",\"dateModified\":\"2024-12-06T12:10:25+00:00\",\"author\":{\"@id\":\"https:\\\/\\\/www.altominho.tv\\\/site\\\/#\\\/schema\\\/person\\\/4e536851627d7914baf3dac752b6af22\"},\"description\":\"A PSP deteve ontem um homem, de 28 anos, em Viana do Castelo, pelo crime de viol\u00eancia dom\u00e9stica, foi hoje divulgado.\",\"breadcrumb\":{\"@id\":\"https:\\\/\\\/www.altominho.tv\\\/site\\\/2024\\\/12\\\/06\\\/homem-detido-por-ameacar-e-agredir-a-companheira-em-viana\\\/#breadcrumb\"},\"inLanguage\":\"pt-PT\",\"potentialAction\":[{\"@type\":\"ReadAction\",\"target\":[\"https:\\\/\\\/www.altominho.tv\\\/site\\\/2024\\\/12\\\/06\\\/homem-detido-por-ameacar-e-agredir-a-companheira-em-viana\\\/\"]}]},{\"@type\":\"ImageObject\",\"inLanguage\":\"pt-PT\",\"@id\":\"https:\\\/\\\/www.altominho.tv\\\/site\\\/2024\\\/12\\\/06\\\/homem-detido-por-ameacar-e-agredir-a-companheira-em-viana\\\/#primaryimage\",\"url\":\"https:\\\/\\\/www.altominho.tv\\\/site\\\/wp-content\\\/uploads\\\/2024\\\/11\\\/detido.png\",\"contentUrl\":\"https:\\\/\\\/www.altominho.tv\\\/site\\\/wp-content\\\/uploads\\\/2024\\\/11\\\/detido.png\",\"width\":1200,\"height\":630},{\"@type\":\"BreadcrumbList\",\"@id\":\"https:\\\/\\\/www.altominho.tv\\\/site\\\/2024\\\/12\\\/06\\\/homem-detido-por-ameacar-e-agredir-a-companheira-em-viana\\\/#breadcrumb\",\"itemListElement\":[{\"@type\":\"ListItem\",\"position\":1,\"name\":\"In\u00edcio\",\"item\":\"https:\\\/\\\/www.altominho.tv\\\/site\\\/\"},{\"@type\":\"ListItem\",\"position\":2,\"name\":\"Homem detido por amea\u00e7ar e agredir a companheira em Viana\"}]},{\"@type\":\"WebSite\",\"@id\":\"https:\\\/\\\/www.altominho.tv\\\/site\\\/#website\",\"url\":\"https:\\\/\\\/www.altominho.tv\\\/site\\\/\",\"name\":\"Altominho.tv\",\"description\":\"A sua regi\u00e3o \u00e0 dist\u00e2ncia de um clique...\",\"potentialAction\":[{\"@type\":\"SearchAction\",\"target\":{\"@type\":\"EntryPoint\",\"urlTemplate\":\"https:\\\/\\\/www.altominho.tv\\\/site\\\/?s={search_term_string}\"},\"query-input\":{\"@type\":\"PropertyValueSpecification\",\"valueRequired\":true,\"valueName\":\"search_term_string\"}}],\"inLanguage\":\"pt-PT\"},{\"@type\":\"Person\",\"@id\":\"https:\\\/\\\/www.altominho.tv\\\/site\\\/#\\\/schema\\\/person\\\/4e536851627d7914baf3dac752b6af22\",\"name\":\"Altominho.tv\",\"image\":{\"@type\":\"ImageObject\",\"inLanguage\":\"pt-PT\",\"@id\":\"https:\\\/\\\/www.altominho.tv\\\/site\\\/wp-content\\\/uploads\\\/2019\\\/11\\\/Logo_Avatar_2-150x150.jpg\",\"url\":\"https:\\\/\\\/www.altominho.tv\\\/site\\\/wp-content\\\/uploads\\\/2019\\\/11\\\/Logo_Avatar_2-150x150.jpg\",\"contentUrl\":\"https:\\\/\\\/www.altominho.tv\\\/site\\\/wp-content\\\/uploads\\\/2019\\\/11\\\/Logo_Avatar_2-150x150.jpg\",\"caption\":\"Altominho.tv\"},\"url\":\"https:\\\/\\\/www.altominho.tv\\\/site\\\/author\\\/altominhotv-tecnico\\\/\"}]}<\/script>\n<!-- \/ Yoast SEO Premium plugin. -->","yoast_head_json":{"title":"Homem detido por amea\u00e7ar e agredir a companheira em Viana","description":"A PSP deteve ontem um homem, de 28 anos, em Viana do Castelo, pelo crime de viol\u00eancia dom\u00e9stica, foi hoje divulgado.","robots":{"index":"index","follow":"follow","max-snippet":"max-snippet:-1","max-image-preview":"max-image-preview:large","max-video-preview":"max-video-preview:-1"},"canonical":"https:\/\/www.altominho.tv\/site\/2024\/12\/06\/homem-detido-por-ameacar-e-agredir-a-companheira-em-viana\/","og_locale":"pt_PT","og_type":"article","og_title":"Homem detido por amea\u00e7ar e agredir a companheira em Viana","og_description":"A PSP deteve ontem um homem, de 28 anos, em Viana do Castelo, pelo crime de viol\u00eancia dom\u00e9stica, foi hoje divulgado.","og_url":"https:\/\/www.altominho.tv\/site\/2024\/12\/06\/homem-detido-por-ameacar-e-agredir-a-companheira-em-viana\/","og_site_name":"Altominho.tv","article_publisher":"https:\/\/www.facebook.com\/altominhotv","article_published_time":"2024-12-06T12:10:23+00:00","article_modified_time":"2024-12-06T12:10:25+00:00","og_image":[{"width":1200,"height":630,"url":"https:\/\/www.altominho.tv\/site\/wp-content\/uploads\/2024\/11\/detido.png","type":"image\/png"}],"author":"Altominho.tv","twitter_card":"summary_large_image","twitter_creator":"@altominhoTV","twitter_site":"@altominhoTV","twitter_misc":{"Escrito por":"Altominho.tv","Tempo estimado de leitura":"1 minuto"},"schema":{"@context":"https:\/\/schema.org","@graph":[{"@type":"Article","@id":"https:\/\/www.altominho.tv\/site\/2024\/12\/06\/homem-detido-por-ameacar-e-agredir-a-companheira-em-viana\/#article","isPartOf":{"@id":"https:\/\/www.altominho.tv\/site\/2024\/12\/06\/homem-detido-por-ameacar-e-agredir-a-companheira-em-viana\/"},"author":{"name":"Altominho.tv","@id":"https:\/\/www.altominho.tv\/site\/#\/schema\/person\/4e536851627d7914baf3dac752b6af22"},"headline":"Homem detido por amea\u00e7ar e agredir a companheira em Viana","datePublished":"2024-12-06T12:10:23+00:00","dateModified":"2024-12-06T12:10:25+00:00","mainEntityOfPage":{"@id":"https:\/\/www.altominho.tv\/site\/2024\/12\/06\/homem-detido-por-ameacar-e-agredir-a-companheira-em-viana\/"},"wordCount":128,"image":{"@id":"https:\/\/www.altominho.tv\/site\/2024\/12\/06\/homem-detido-por-ameacar-e-agredir-a-companheira-em-viana\/#primaryimage"},"thumbnailUrl":"https:\/\/www.altominho.tv\/site\/wp-content\/uploads\/2024\/11\/detido.png","keywords":["Sociedade"],"articleSection":["Viana do Castelo"],"inLanguage":"pt-PT","copyrightYear":"2024","copyrightHolder":{"@id":"https:\/\/www.altominho.tv\/site\/#organization"}},{"@type":"WebPage","@id":"https:\/\/www.altominho.tv\/site\/2024\/12\/06\/homem-detido-por-ameacar-e-agredir-a-companheira-em-viana\/","url":"https:\/\/www.altominho.tv\/site\/2024\/12\/06\/homem-detido-por-ameacar-e-agredir-a-companheira-em-viana\/","name":"Homem detido por amea\u00e7ar e agredir a companheira em Viana","isPartOf":{"@id":"https:\/\/www.altominho.tv\/site\/#website"},"primaryImageOfPage":{"@id":"https:\/\/www.altominho.tv\/site\/2024\/12\/06\/homem-detido-por-ameacar-e-agredir-a-companheira-em-viana\/#primaryimage"},"image":{"@id":"https:\/\/www.altominho.tv\/site\/2024\/12\/06\/homem-detido-por-ameacar-e-agredir-a-companheira-em-viana\/#primaryimage"},"thumbnailUrl":"https:\/\/www.altominho.tv\/site\/wp-content\/uploads\/2024\/11\/detido.png","datePublished":"2024-12-06T12:10:23+00:00","dateModified":"2024-12-06T12:10:25+00:00","author":{"@id":"https:\/\/www.altominho.tv\/site\/#\/schema\/person\/4e536851627d7914baf3dac752b6af22"},"description":"A PSP deteve ontem um homem, de 28 anos, em Viana do Castelo, pelo crime de viol\u00eancia dom\u00e9stica, foi hoje divulgado.","breadcrumb":{"@id":"https:\/\/www.altominho.tv\/site\/2024\/12\/06\/homem-detido-por-ameacar-e-agredir-a-companheira-em-viana\/#breadcrumb"},"inLanguage":"pt-PT","potentialAction":[{"@type":"ReadAction","target":["https:\/\/www.altominho.tv\/site\/2024\/12\/06\/homem-detido-por-ameacar-e-agredir-a-companheira-em-viana\/"]}]},{"@type":"ImageObject","inLanguage":"pt-PT","@id":"https:\/\/www.altominho.tv\/site\/2024\/12\/06\/homem-detido-por-ameacar-e-agredir-a-companheira-em-viana\/#primaryimage","url":"https:\/\/www.altominho.tv\/site\/wp-content\/uploads\/2024\/11\/detido.png","contentUrl":"https:\/\/www.altominho.tv\/site\/wp-content\/uploads\/2024\/11\/detido.png","width":1200,"height":630},{"@type":"BreadcrumbList","@id":"https:\/\/www.altominho.tv\/site\/2024\/12\/06\/homem-detido-por-ameacar-e-agredir-a-companheira-em-viana\/#breadcrumb","itemListElement":[{"@type":"ListItem","position":1,"name":"In\u00edcio","item":"https:\/\/www.altominho.tv\/site\/"},{"@type":"ListItem","position":2,"name":"Homem detido por amea\u00e7ar e agredir a companheira em Viana"}]},{"@type":"WebSite","@id":"https:\/\/www.altominho.tv\/site\/#website","url":"https:\/\/www.altominho.tv\/site\/","name":"Altominho.tv","description":"A sua regi\u00e3o \u00e0 dist\u00e2ncia de um clique...","potentialAction":[{"@type":"SearchAction","target":{"@type":"EntryPoint","urlTemplate":"https:\/\/www.altominho.tv\/site\/?s={search_term_string}"},"query-input":{"@type":"PropertyValueSpecification","valueRequired":true,"valueName":"search_term_string"}}],"inLanguage":"pt-PT"},{"@type":"Person","@id":"https:\/\/www.altominho.tv\/site\/#\/schema\/person\/4e536851627d7914baf3dac752b6af22","name":"Altominho.tv","image":{"@type":"ImageObject","inLanguage":"pt-PT","@id":"https:\/\/www.altominho.tv\/site\/wp-content\/uploads\/2019\/11\/Logo_Avatar_2-150x150.jpg","url":"https:\/\/www.altominho.tv\/site\/wp-content\/uploads\/2019\/11\/Logo_Avatar_2-150x150.jpg","contentUrl":"https:\/\/www.altominho.tv\/site\/wp-content\/uploads\/2019\/11\/Logo_Avatar_2-150x150.jpg","caption":"Altominho.tv"},"url":"https:\/\/www.altominho.tv\/site\/author\/altominhotv-tecnico\/"}]}},"_links":{"self":[{"href":"https:\/\/www.altominho.tv\/site\/wp-json\/wp\/v2\/posts\/113006","targetHints":{"allow":["GET"]}}],"collection":[{"href":"https:\/\/www.altominho.tv\/site\/wp-json\/wp\/v2\/posts"}],"about":[{"href":"https:\/\/www.altominho.tv\/site\/wp-json\/wp\/v2\/types\/post"}],"author":[{"embeddable":true,"href":"https:\/\/www.altominho.tv\/site\/wp-json\/wp\/v2\/users\/1"}],"replies":[{"embeddable":true,"href":"https:\/\/www.altominho.tv\/site\/wp-json\/wp\/v2\/comments?post=113006"}],"version-history":[{"count":1,"href":"https:\/\/www.altominho.tv\/site\/wp-json\/wp\/v2\/posts\/113006\/revisions"}],"predecessor-version":[{"id":113007,"href":"https:\/\/www.altominho.tv\/site\/wp-json\/wp\/v2\/posts\/113006\/revisions\/113007"}],"wp:featuredmedia":[{"embeddable":true,"href":"https:\/\/www.altominho.tv\/site\/wp-json\/wp\/v2\/media\/112378"}],"wp:attachment":[{"href":"https:\/\/www.altominho.tv\/site\/wp-json\/wp\/v2\/media?parent=113006"}],"wp:term":[{"taxonomy":"category","embeddable":true,"href":"https:\/\/www.altominho.tv\/site\/wp-json\/wp\/v2\/categories?post=113006"},{"taxonomy":"post_tag","embeddable":true,"href":"https:\/\/www.altominho.tv\/site\/wp-json\/wp\/v2\/tags?post=113006"}],"curies":[{"name":"wp","href":"https:\/\/api.w.org\/{rel}","templated":true}]}}