{"id":112981,"date":"2024-12-05T15:08:52","date_gmt":"2024-12-05T15:08:52","guid":{"rendered":"https:\/\/www.altominho.tv\/site\/?p=112981"},"modified":"2024-12-05T15:08:54","modified_gmt":"2024-12-05T15:08:54","slug":"dois-detidos-por-suspeita-de-roubo-com-coacao-e-arma-branca","status":"publish","type":"post","link":"https:\/\/www.altominho.tv\/site\/2024\/12\/05\/dois-detidos-por-suspeita-de-roubo-com-coacao-e-arma-branca\/","title":{"rendered":"Dois detidos por suspeita de roubo com coa\u00e7\u00e3o e arma branca"},"content":{"rendered":"<p>A PSP deteve em Viana do Castelo dois homens, de 27 e 28 anos, por suspeita de terem roubado 375 euros a um outro homem, atrav\u00e9s de coa\u00e7\u00e3o f\u00edsica e amea\u00e7a com arma branca, foi hoje divulgado.<\/p>\n<p>Em comunicado, o Comando Distrital da PSP adianta que os pol\u00edcias da Esquadra de Tr\u00e2nsito detiveram os dois homens na quarta-feira, na Rua Ramalho Ortig\u00e3o, depois de terem sido \u201cabordados por um cidad\u00e3o de 23 anos de idade, residente em Viana do Castelo, a informar que, momentos antes, junto da Quelha das Necessidades, os suspeitos identificados lhe haviam subtra\u00eddo uma quantia monet\u00e1ria, colocando-se em fuga a p\u00e9\u201d.<\/p>\n<p>Os dois suspeitos foram \u201cintercetados e detidos\u201d, tendo em sua posse a quantia de 375 euros, bem como haxixe suficiente para cerca de 20 doses individuais\u201d.<br \/>\nOs detidos, referenciados pela PSP pela pr\u00e1tica de diversos il\u00edcitos criminais, v\u00e3o ser hoje presentes \u00e0s autoridades judici\u00e1rias para aplica\u00e7\u00e3o das adequadas medidas de coa\u00e7\u00e3o.<\/p>\n","protected":false},"excerpt":{"rendered":"<p>A PSP deteve em Viana do Castelo dois homens, de 27 e 28 anos, por suspeita de terem roubado 375 euros a um outro homem, atrav\u00e9s de coa\u00e7\u00e3o f\u00edsica e amea\u00e7a com arma branca, foi hoje divulgado. Em comunicado, o Comando Distrital da PSP adianta que os pol\u00edcias da Esquadra de Tr\u00e2nsito detiveram os dois [&hellip;]<\/p>\n","protected":false},"author":13,"featured_media":112663,"comment_status":"closed","ping_status":"closed","sticky":false,"template":"","format":"standard","meta":{"_exactmetrics_skip_tracking":false,"_exactmetrics_sitenote_active":false,"_exactmetrics_sitenote_note":"","_exactmetrics_sitenote_category":0,"footnotes":""},"categories":[14],"tags":[27],"class_list":["post-112981","post","type-post","status-publish","format-standard","has-post-thumbnail","hentry","category-viana-do-castelo","tag-sociedade"],"yoast_head":"<!-- This site is optimized with the Yoast SEO Premium plugin v27.4 (Yoast SEO v27.4) - https:\/\/yoast.com\/product\/yoast-seo-premium-wordpress\/ -->\n<title>Dois detidos por suspeita de roubo com coa\u00e7\u00e3o e arma branca<\/title>\n<meta name=\"robots\" content=\"index, follow, max-snippet:-1, max-image-preview:large, max-video-preview:-1\" \/>\n<link rel=\"canonical\" href=\"https:\/\/www.altominho.tv\/site\/2024\/12\/05\/dois-detidos-por-suspeita-de-roubo-com-coacao-e-arma-branca\/\" \/>\n<meta property=\"og:locale\" content=\"pt_PT\" \/>\n<meta property=\"og:type\" content=\"article\" \/>\n<meta property=\"og:title\" content=\"Dois detidos por suspeita de roubo com coa\u00e7\u00e3o e arma branca\" \/>\n<meta property=\"og:description\" content=\"A PSP deteve em Viana do Castelo dois homens, de 27 e 28 anos, por suspeita de terem roubado 375 euros a um outro homem, atrav\u00e9s de coa\u00e7\u00e3o f\u00edsica e amea\u00e7a com arma branca, foi hoje divulgado. Em comunicado, o Comando Distrital da PSP adianta que os pol\u00edcias da Esquadra de Tr\u00e2nsito detiveram os dois [&hellip;]\" \/>\n<meta property=\"og:url\" content=\"https:\/\/www.altominho.tv\/site\/2024\/12\/05\/dois-detidos-por-suspeita-de-roubo-com-coacao-e-arma-branca\/\" \/>\n<meta property=\"og:site_name\" content=\"Altominho.tv\" \/>\n<meta property=\"article:publisher\" content=\"https:\/\/www.facebook.com\/altominhotv\" \/>\n<meta property=\"article:published_time\" content=\"2024-12-05T15:08:52+00:00\" \/>\n<meta property=\"article:modified_time\" content=\"2024-12-05T15:08:54+00:00\" \/>\n<meta property=\"og:image\" content=\"https:\/\/www.altominho.tv\/site\/wp-content\/uploads\/2024\/11\/psp.png\" \/>\n\t<meta property=\"og:image:width\" content=\"1200\" \/>\n\t<meta property=\"og:image:height\" content=\"630\" \/>\n\t<meta property=\"og:image:type\" content=\"image\/png\" \/>\n<meta name=\"author\" content=\"Lusa\" \/>\n<meta name=\"twitter:card\" content=\"summary_large_image\" \/>\n<meta name=\"twitter:creator\" content=\"@altominhoTV\" \/>\n<meta name=\"twitter:site\" content=\"@altominhoTV\" \/>\n<meta name=\"twitter:label1\" content=\"Escrito por\" \/>\n\t<meta name=\"twitter:data1\" content=\"Lusa\" \/>\n\t<meta name=\"twitter:label2\" content=\"Tempo estimado de leitura\" \/>\n\t<meta name=\"twitter:data2\" content=\"1 minuto\" \/>\n<script type=\"application\/ld+json\" class=\"yoast-schema-graph\">{\"@context\":\"https:\\\/\\\/schema.org\",\"@graph\":[{\"@type\":\"Article\",\"@id\":\"https:\\\/\\\/www.altominho.tv\\\/site\\\/2024\\\/12\\\/05\\\/dois-detidos-por-suspeita-de-roubo-com-coacao-e-arma-branca\\\/#article\",\"isPartOf\":{\"@id\":\"https:\\\/\\\/www.altominho.tv\\\/site\\\/2024\\\/12\\\/05\\\/dois-detidos-por-suspeita-de-roubo-com-coacao-e-arma-branca\\\/\"},\"author\":{\"name\":\"Lusa\",\"@id\":\"https:\\\/\\\/www.altominho.tv\\\/site\\\/#\\\/schema\\\/person\\\/63f693da3e1899361cbe955c46f3232e\"},\"headline\":\"Dois detidos por suspeita de roubo com coa\u00e7\u00e3o e arma branca\",\"datePublished\":\"2024-12-05T15:08:52+00:00\",\"dateModified\":\"2024-12-05T15:08:54+00:00\",\"mainEntityOfPage\":{\"@id\":\"https:\\\/\\\/www.altominho.tv\\\/site\\\/2024\\\/12\\\/05\\\/dois-detidos-por-suspeita-de-roubo-com-coacao-e-arma-branca\\\/\"},\"wordCount\":177,\"image\":{\"@id\":\"https:\\\/\\\/www.altominho.tv\\\/site\\\/2024\\\/12\\\/05\\\/dois-detidos-por-suspeita-de-roubo-com-coacao-e-arma-branca\\\/#primaryimage\"},\"thumbnailUrl\":\"https:\\\/\\\/www.altominho.tv\\\/site\\\/wp-content\\\/uploads\\\/2024\\\/11\\\/psp.png\",\"keywords\":[\"Sociedade\"],\"articleSection\":[\"Viana do Castelo\"],\"inLanguage\":\"pt-PT\",\"copyrightYear\":\"2024\",\"copyrightHolder\":{\"@id\":\"https:\\\/\\\/www.altominho.tv\\\/site\\\/#organization\"}},{\"@type\":\"WebPage\",\"@id\":\"https:\\\/\\\/www.altominho.tv\\\/site\\\/2024\\\/12\\\/05\\\/dois-detidos-por-suspeita-de-roubo-com-coacao-e-arma-branca\\\/\",\"url\":\"https:\\\/\\\/www.altominho.tv\\\/site\\\/2024\\\/12\\\/05\\\/dois-detidos-por-suspeita-de-roubo-com-coacao-e-arma-branca\\\/\",\"name\":\"Dois detidos por suspeita de roubo com coa\u00e7\u00e3o e arma branca\",\"isPartOf\":{\"@id\":\"https:\\\/\\\/www.altominho.tv\\\/site\\\/#website\"},\"primaryImageOfPage\":{\"@id\":\"https:\\\/\\\/www.altominho.tv\\\/site\\\/2024\\\/12\\\/05\\\/dois-detidos-por-suspeita-de-roubo-com-coacao-e-arma-branca\\\/#primaryimage\"},\"image\":{\"@id\":\"https:\\\/\\\/www.altominho.tv\\\/site\\\/2024\\\/12\\\/05\\\/dois-detidos-por-suspeita-de-roubo-com-coacao-e-arma-branca\\\/#primaryimage\"},\"thumbnailUrl\":\"https:\\\/\\\/www.altominho.tv\\\/site\\\/wp-content\\\/uploads\\\/2024\\\/11\\\/psp.png\",\"datePublished\":\"2024-12-05T15:08:52+00:00\",\"dateModified\":\"2024-12-05T15:08:54+00:00\",\"author\":{\"@id\":\"https:\\\/\\\/www.altominho.tv\\\/site\\\/#\\\/schema\\\/person\\\/63f693da3e1899361cbe955c46f3232e\"},\"breadcrumb\":{\"@id\":\"https:\\\/\\\/www.altominho.tv\\\/site\\\/2024\\\/12\\\/05\\\/dois-detidos-por-suspeita-de-roubo-com-coacao-e-arma-branca\\\/#breadcrumb\"},\"inLanguage\":\"pt-PT\",\"potentialAction\":[{\"@type\":\"ReadAction\",\"target\":[\"https:\\\/\\\/www.altominho.tv\\\/site\\\/2024\\\/12\\\/05\\\/dois-detidos-por-suspeita-de-roubo-com-coacao-e-arma-branca\\\/\"]}]},{\"@type\":\"ImageObject\",\"inLanguage\":\"pt-PT\",\"@id\":\"https:\\\/\\\/www.altominho.tv\\\/site\\\/2024\\\/12\\\/05\\\/dois-detidos-por-suspeita-de-roubo-com-coacao-e-arma-branca\\\/#primaryimage\",\"url\":\"https:\\\/\\\/www.altominho.tv\\\/site\\\/wp-content\\\/uploads\\\/2024\\\/11\\\/psp.png\",\"contentUrl\":\"https:\\\/\\\/www.altominho.tv\\\/site\\\/wp-content\\\/uploads\\\/2024\\\/11\\\/psp.png\",\"width\":1200,\"height\":630},{\"@type\":\"BreadcrumbList\",\"@id\":\"https:\\\/\\\/www.altominho.tv\\\/site\\\/2024\\\/12\\\/05\\\/dois-detidos-por-suspeita-de-roubo-com-coacao-e-arma-branca\\\/#breadcrumb\",\"itemListElement\":[{\"@type\":\"ListItem\",\"position\":1,\"name\":\"In\u00edcio\",\"item\":\"https:\\\/\\\/www.altominho.tv\\\/site\\\/\"},{\"@type\":\"ListItem\",\"position\":2,\"name\":\"Dois detidos por suspeita de roubo com coa\u00e7\u00e3o e arma branca\"}]},{\"@type\":\"WebSite\",\"@id\":\"https:\\\/\\\/www.altominho.tv\\\/site\\\/#website\",\"url\":\"https:\\\/\\\/www.altominho.tv\\\/site\\\/\",\"name\":\"Altominho.tv\",\"description\":\"A sua regi\u00e3o \u00e0 dist\u00e2ncia de um clique...\",\"potentialAction\":[{\"@type\":\"SearchAction\",\"target\":{\"@type\":\"EntryPoint\",\"urlTemplate\":\"https:\\\/\\\/www.altominho.tv\\\/site\\\/?s={search_term_string}\"},\"query-input\":{\"@type\":\"PropertyValueSpecification\",\"valueRequired\":true,\"valueName\":\"search_term_string\"}}],\"inLanguage\":\"pt-PT\"},{\"@type\":\"Person\",\"@id\":\"https:\\\/\\\/www.altominho.tv\\\/site\\\/#\\\/schema\\\/person\\\/63f693da3e1899361cbe955c46f3232e\",\"name\":\"Lusa\",\"image\":{\"@type\":\"ImageObject\",\"inLanguage\":\"pt-PT\",\"@id\":\"https:\\\/\\\/www.altominho.tv\\\/site\\\/wp-content\\\/uploads\\\/2019\\\/08\\\/LUSA_Logo.gif\",\"url\":\"https:\\\/\\\/www.altominho.tv\\\/site\\\/wp-content\\\/uploads\\\/2019\\\/08\\\/LUSA_Logo.gif\",\"contentUrl\":\"https:\\\/\\\/www.altominho.tv\\\/site\\\/wp-content\\\/uploads\\\/2019\\\/08\\\/LUSA_Logo.gif\",\"caption\":\"Lusa\"},\"sameAs\":[\"http:\\\/\\\/\\\/\\\/www.altominho.tv\\\/site\"],\"url\":\"https:\\\/\\\/www.altominho.tv\\\/site\\\/author\\\/lusa\\\/\"}]}<\/script>\n<!-- \/ Yoast SEO Premium plugin. -->","yoast_head_json":{"title":"Dois detidos por suspeita de roubo com coa\u00e7\u00e3o e arma branca","robots":{"index":"index","follow":"follow","max-snippet":"max-snippet:-1","max-image-preview":"max-image-preview:large","max-video-preview":"max-video-preview:-1"},"canonical":"https:\/\/www.altominho.tv\/site\/2024\/12\/05\/dois-detidos-por-suspeita-de-roubo-com-coacao-e-arma-branca\/","og_locale":"pt_PT","og_type":"article","og_title":"Dois detidos por suspeita de roubo com coa\u00e7\u00e3o e arma branca","og_description":"A PSP deteve em Viana do Castelo dois homens, de 27 e 28 anos, por suspeita de terem roubado 375 euros a um outro homem, atrav\u00e9s de coa\u00e7\u00e3o f\u00edsica e amea\u00e7a com arma branca, foi hoje divulgado. Em comunicado, o Comando Distrital da PSP adianta que os pol\u00edcias da Esquadra de Tr\u00e2nsito detiveram os dois [&hellip;]","og_url":"https:\/\/www.altominho.tv\/site\/2024\/12\/05\/dois-detidos-por-suspeita-de-roubo-com-coacao-e-arma-branca\/","og_site_name":"Altominho.tv","article_publisher":"https:\/\/www.facebook.com\/altominhotv","article_published_time":"2024-12-05T15:08:52+00:00","article_modified_time":"2024-12-05T15:08:54+00:00","og_image":[{"width":1200,"height":630,"url":"https:\/\/www.altominho.tv\/site\/wp-content\/uploads\/2024\/11\/psp.png","type":"image\/png"}],"author":"Lusa","twitter_card":"summary_large_image","twitter_creator":"@altominhoTV","twitter_site":"@altominhoTV","twitter_misc":{"Escrito por":"Lusa","Tempo estimado de leitura":"1 minuto"},"schema":{"@context":"https:\/\/schema.org","@graph":[{"@type":"Article","@id":"https:\/\/www.altominho.tv\/site\/2024\/12\/05\/dois-detidos-por-suspeita-de-roubo-com-coacao-e-arma-branca\/#article","isPartOf":{"@id":"https:\/\/www.altominho.tv\/site\/2024\/12\/05\/dois-detidos-por-suspeita-de-roubo-com-coacao-e-arma-branca\/"},"author":{"name":"Lusa","@id":"https:\/\/www.altominho.tv\/site\/#\/schema\/person\/63f693da3e1899361cbe955c46f3232e"},"headline":"Dois detidos por suspeita de roubo com coa\u00e7\u00e3o e arma branca","datePublished":"2024-12-05T15:08:52+00:00","dateModified":"2024-12-05T15:08:54+00:00","mainEntityOfPage":{"@id":"https:\/\/www.altominho.tv\/site\/2024\/12\/05\/dois-detidos-por-suspeita-de-roubo-com-coacao-e-arma-branca\/"},"wordCount":177,"image":{"@id":"https:\/\/www.altominho.tv\/site\/2024\/12\/05\/dois-detidos-por-suspeita-de-roubo-com-coacao-e-arma-branca\/#primaryimage"},"thumbnailUrl":"https:\/\/www.altominho.tv\/site\/wp-content\/uploads\/2024\/11\/psp.png","keywords":["Sociedade"],"articleSection":["Viana do Castelo"],"inLanguage":"pt-PT","copyrightYear":"2024","copyrightHolder":{"@id":"https:\/\/www.altominho.tv\/site\/#organization"}},{"@type":"WebPage","@id":"https:\/\/www.altominho.tv\/site\/2024\/12\/05\/dois-detidos-por-suspeita-de-roubo-com-coacao-e-arma-branca\/","url":"https:\/\/www.altominho.tv\/site\/2024\/12\/05\/dois-detidos-por-suspeita-de-roubo-com-coacao-e-arma-branca\/","name":"Dois detidos por suspeita de roubo com coa\u00e7\u00e3o e arma branca","isPartOf":{"@id":"https:\/\/www.altominho.tv\/site\/#website"},"primaryImageOfPage":{"@id":"https:\/\/www.altominho.tv\/site\/2024\/12\/05\/dois-detidos-por-suspeita-de-roubo-com-coacao-e-arma-branca\/#primaryimage"},"image":{"@id":"https:\/\/www.altominho.tv\/site\/2024\/12\/05\/dois-detidos-por-suspeita-de-roubo-com-coacao-e-arma-branca\/#primaryimage"},"thumbnailUrl":"https:\/\/www.altominho.tv\/site\/wp-content\/uploads\/2024\/11\/psp.png","datePublished":"2024-12-05T15:08:52+00:00","dateModified":"2024-12-05T15:08:54+00:00","author":{"@id":"https:\/\/www.altominho.tv\/site\/#\/schema\/person\/63f693da3e1899361cbe955c46f3232e"},"breadcrumb":{"@id":"https:\/\/www.altominho.tv\/site\/2024\/12\/05\/dois-detidos-por-suspeita-de-roubo-com-coacao-e-arma-branca\/#breadcrumb"},"inLanguage":"pt-PT","potentialAction":[{"@type":"ReadAction","target":["https:\/\/www.altominho.tv\/site\/2024\/12\/05\/dois-detidos-por-suspeita-de-roubo-com-coacao-e-arma-branca\/"]}]},{"@type":"ImageObject","inLanguage":"pt-PT","@id":"https:\/\/www.altominho.tv\/site\/2024\/12\/05\/dois-detidos-por-suspeita-de-roubo-com-coacao-e-arma-branca\/#primaryimage","url":"https:\/\/www.altominho.tv\/site\/wp-content\/uploads\/2024\/11\/psp.png","contentUrl":"https:\/\/www.altominho.tv\/site\/wp-content\/uploads\/2024\/11\/psp.png","width":1200,"height":630},{"@type":"BreadcrumbList","@id":"https:\/\/www.altominho.tv\/site\/2024\/12\/05\/dois-detidos-por-suspeita-de-roubo-com-coacao-e-arma-branca\/#breadcrumb","itemListElement":[{"@type":"ListItem","position":1,"name":"In\u00edcio","item":"https:\/\/www.altominho.tv\/site\/"},{"@type":"ListItem","position":2,"name":"Dois detidos por suspeita de roubo com coa\u00e7\u00e3o e arma branca"}]},{"@type":"WebSite","@id":"https:\/\/www.altominho.tv\/site\/#website","url":"https:\/\/www.altominho.tv\/site\/","name":"Altominho.tv","description":"A sua regi\u00e3o \u00e0 dist\u00e2ncia de um clique...","potentialAction":[{"@type":"SearchAction","target":{"@type":"EntryPoint","urlTemplate":"https:\/\/www.altominho.tv\/site\/?s={search_term_string}"},"query-input":{"@type":"PropertyValueSpecification","valueRequired":true,"valueName":"search_term_string"}}],"inLanguage":"pt-PT"},{"@type":"Person","@id":"https:\/\/www.altominho.tv\/site\/#\/schema\/person\/63f693da3e1899361cbe955c46f3232e","name":"Lusa","image":{"@type":"ImageObject","inLanguage":"pt-PT","@id":"https:\/\/www.altominho.tv\/site\/wp-content\/uploads\/2019\/08\/LUSA_Logo.gif","url":"https:\/\/www.altominho.tv\/site\/wp-content\/uploads\/2019\/08\/LUSA_Logo.gif","contentUrl":"https:\/\/www.altominho.tv\/site\/wp-content\/uploads\/2019\/08\/LUSA_Logo.gif","caption":"Lusa"},"sameAs":["http:\/\/\/\/www.altominho.tv\/site"],"url":"https:\/\/www.altominho.tv\/site\/author\/lusa\/"}]}},"_links":{"self":[{"href":"https:\/\/www.altominho.tv\/site\/wp-json\/wp\/v2\/posts\/112981","targetHints":{"allow":["GET"]}}],"collection":[{"href":"https:\/\/www.altominho.tv\/site\/wp-json\/wp\/v2\/posts"}],"about":[{"href":"https:\/\/www.altominho.tv\/site\/wp-json\/wp\/v2\/types\/post"}],"author":[{"embeddable":true,"href":"https:\/\/www.altominho.tv\/site\/wp-json\/wp\/v2\/users\/13"}],"replies":[{"embeddable":true,"href":"https:\/\/www.altominho.tv\/site\/wp-json\/wp\/v2\/comments?post=112981"}],"version-history":[{"count":1,"href":"https:\/\/www.altominho.tv\/site\/wp-json\/wp\/v2\/posts\/112981\/revisions"}],"predecessor-version":[{"id":112982,"href":"https:\/\/www.altominho.tv\/site\/wp-json\/wp\/v2\/posts\/112981\/revisions\/112982"}],"wp:featuredmedia":[{"embeddable":true,"href":"https:\/\/www.altominho.tv\/site\/wp-json\/wp\/v2\/media\/112663"}],"wp:attachment":[{"href":"https:\/\/www.altominho.tv\/site\/wp-json\/wp\/v2\/media?parent=112981"}],"wp:term":[{"taxonomy":"category","embeddable":true,"href":"https:\/\/www.altominho.tv\/site\/wp-json\/wp\/v2\/categories?post=112981"},{"taxonomy":"post_tag","embeddable":true,"href":"https:\/\/www.altominho.tv\/site\/wp-json\/wp\/v2\/tags?post=112981"}],"curies":[{"name":"wp","href":"https:\/\/api.w.org\/{rel}","templated":true}]}}