{"id":112787,"date":"2024-11-27T10:59:49","date_gmt":"2024-11-27T10:59:49","guid":{"rendered":"https:\/\/www.altominho.tv\/site\/?p=112787"},"modified":"2024-11-27T10:59:51","modified_gmt":"2024-11-27T10:59:51","slug":"viana-do-castelo-recebe-evento-gratuito-sobre-a-saude-da-visao","status":"publish","type":"post","link":"https:\/\/www.altominho.tv\/site\/2024\/11\/27\/viana-do-castelo-recebe-evento-gratuito-sobre-a-saude-da-visao\/","title":{"rendered":"Viana do Castelo recebe evento gratuito sobre a sa\u00fade da vis\u00e3o\u00a0"},"content":{"rendered":"<div>\n<p><span lang=\"PT-PT\">Este s\u00e1bado, 30 de novembro,\u00a0o Centro Cultural de Viana do Castelo\u00a0ser\u00e1 palco do RITMO \u00cdRIS,\u00a0uma iniciativa inovadora que une arte, tecnologia e sa\u00fade visual numa experi\u00eancia sensorial \u00fanica. <\/span><\/p>\n<p><span lang=\"PT-PT\">Organizado pela Sociedade Portuguesa de Literacia em Sa\u00fade (SPLS),\u00a0em colabora\u00e7\u00e3o com a Sociedade Portuguesa de Oftalmologia (SPO) e o apoio da C\u00e2mara Municipal de Viana do Castelo, o evento tem como principal objetivo sensibilizar a popula\u00e7\u00e3o para a import\u00e2ncia dos cuidados visuais, combinando atividades interativas com educa\u00e7\u00e3o em sa\u00fade.<\/span>\u00a0<\/p>\n<\/div>\n<div>\n<p><span lang=\"PT-PT\">O RITMO \u00cdRIS\u00a0\u00e9 a primeira experi\u00eancia do g\u00e9nero em Portugal, oferecendo ao p\u00fablico a oportunidade de explorar a vis\u00e3o atrav\u00e9s de diferentes ritmos e est\u00edmulos sensoriais que promovem uma compreens\u00e3o mais profunda dos cuidados oculares e da sa\u00fade visual. <\/span><\/p>\n<p><span lang=\"PT-PT\">\u201cEste tema \u00e9 acutilante nos tempos atuais, uma vez que a preven\u00e7\u00e3o da doen\u00e7a ocular e o seu tratamento, desde os casos mais simples de miopia, por exemplo, permitem\u00a0uma melhor qualidade de vida e bem-estar em todo o ciclo de vida\u201d, explica a presidente da SPLS, Cristina Vaz de Almeida.<\/span>\u00a0<\/p>\n<\/div>\n<div>\n<p lang=\"PT-PT\"><span lang=\"PT-PT\">A iniciativa surge num momento em que as doen\u00e7as oculares e a perda de vis\u00e3o continuam a impactar milh\u00f5es de portugueses, refor\u00e7ando a import\u00e2ncia da preven\u00e7\u00e3o e do diagn\u00f3stico precoce.<\/span><\/p>\n<p lang=\"PT-PT\"><span lang=\"PT-PT\">\u00a0&#8220;\u00c9 um evento que procura ser interativo, din\u00e2mico, experiencial baseado nos princ\u00edpios da literacia em sa\u00fade com modelos que evocam a raz\u00e3o\u00a0e emo\u00e7\u00e3o para estimular o in\u00edcio da mudan\u00e7a de comportamentos&#8221;, continua a especialista em literacia em sa\u00fade.<\/span>\u00a0<\/p>\n<\/div>\n<div>\n<p><span lang=\"PT-PT\">Durante o evento, os participantes v\u00e3o envolver-se em v\u00e1rias esta\u00e7\u00f5es interativas, onde v\u00e3o vivenciar de forma pr\u00e1tica e imersiva as mudan\u00e7as na vis\u00e3o que ocorrem ao longo da vida. <\/span><\/p>\n<p><span lang=\"PT-PT\">\u201cEm cada etapa do percurso estar\u00e3o stands dedicados a uma determinada patologia, com especial relevo nessa fase do ciclo de vida\u201d, diz S\u00e9rgio Azevedo, coordenador da unidade de gest\u00e3o e estrat\u00e9gia da <\/span><span lang=\"PT-PT\">SPO\u00a0e diretor do servi\u00e7o de oftalmologia da Unidade Local de Sa\u00fade do Alto <\/span><span lang=\"PT-PT\">Minho\u00a0(ULSAM).<\/span>\u00a0<\/p>\n<\/div>\n<div>\n<p lang=\"PT-PT\"><span lang=\"PT-PT\">\u201cEm cada stand v\u00e3o ocorrer ainda a\u00e7\u00f5es de sensibiliza\u00e7\u00e3o, intera\u00e7\u00e3o com os participantes, visualiza\u00e7\u00e3o de v\u00eddeos, realiza\u00e7\u00e3o de alguns meios complementares de diagn\u00f3stico e disponibilizados alguns folhetos informativos sobre a patologia, entre outras atividades\u201d, continua o m\u00e9dico. A experi\u00eancia \u00e9 desenhada para todas as idades.<\/span>\u00a0<\/p>\n<\/div>\n<div>\n<p><span lang=\"PT-PT\">\u201cCientes da import\u00e2ncia de promover a sa\u00fade visual ao longo do ciclo de vida, acolhemos com elevado interesse a realiza\u00e7\u00e3o deste evento no nosso concelho\u201d, acrescenta o presidente da C\u00e2mara de Viana do Castelo, Lu\u00eds Nobre. <\/span><\/p>\n<p><span lang=\"PT-PT\">\u201cEsta \u00e9 uma oportunidade para a popula\u00e7\u00e3o vianense participar numa iniciativa que se apresenta com um formato inovador e que proporciona aos visitantes uma experi\u00eancia singular de promo\u00e7\u00e3o da sa\u00fade\u201d.<\/span>\u00a0<\/p>\n<\/div>\n<div>\n<p lang=\"PT-PT\"><span lang=\"PT-PT\">A primeira edi\u00e7\u00e3o do evento vai decorrer no Centro Cultural de Viana do Castelo, em colabora\u00e7\u00e3o com o Servi\u00e7o de Oftalmologia da ULSAM, e pretende-se que se possa repetir noutros locais do pa\u00eds. A iniciativa \u00e9 gratuita e aberta ao p\u00fablico. Para mais informa\u00e7\u00f5es, consulte o <\/span><a href=\"https:\/\/splsportugal.com\/events\/ritmo-iris-viana-do-castelo-acolhe-a-primeira-experiencia-sensorial-para-a-visao\/\" target=\"_blank\" rel=\"noreferrer noopener\" data-saferedirecturl=\"https:\/\/www.google.com\/url?q=https:\/\/splsportugal.com\/events\/ritmo-iris-viana-do-castelo-acolhe-a-primeira-experiencia-sensorial-para-a-visao\/&amp;source=gmail&amp;ust=1732790437456000&amp;usg=AOvVaw2cZ4UtxlfFfX9I3iRtqyly\"><span lang=\"PT-PT\">site<\/span><\/a><span lang=\"PT-PT\">\u00a0da Sociedade Portuguesa de Literacia em Sa\u00fade.<\/span>\u00a0<\/p>\n<\/div>\n\n\n<p><\/p>\n","protected":false},"excerpt":{"rendered":"<p>Este s\u00e1bado, 30 de novembro,\u00a0o Centro Cultural de Viana do Castelo\u00a0ser\u00e1 palco do RITMO \u00cdRIS,\u00a0uma iniciativa inovadora que une arte, tecnologia e sa\u00fade visual numa experi\u00eancia sensorial \u00fanica. Organizado pela Sociedade Portuguesa de Literacia em Sa\u00fade (SPLS),\u00a0em colabora\u00e7\u00e3o com a Sociedade Portuguesa de Oftalmologia (SPO) e o apoio da C\u00e2mara Municipal de Viana do Castelo, [&hellip;]<\/p>\n","protected":false},"author":1,"featured_media":112788,"comment_status":"closed","ping_status":"closed","sticky":false,"template":"","format":"standard","meta":{"_exactmetrics_skip_tracking":false,"_exactmetrics_sitenote_active":false,"_exactmetrics_sitenote_note":"","_exactmetrics_sitenote_category":0,"footnotes":""},"categories":[14],"tags":[26,27],"class_list":["post-112787","post","type-post","status-publish","format-standard","has-post-thumbnail","hentry","category-viana-do-castelo","tag-saude","tag-sociedade"],"yoast_head":"<!-- This site is optimized with the Yoast SEO Premium plugin v27.4 (Yoast SEO v27.4) - https:\/\/yoast.com\/product\/yoast-seo-premium-wordpress\/ -->\n<title>Viana do Castelo recebe evento gratuito sobre a sa\u00fade da vis\u00e3o\u00a0<\/title>\n<meta name=\"robots\" content=\"index, follow, max-snippet:-1, max-image-preview:large, max-video-preview:-1\" \/>\n<link rel=\"canonical\" href=\"https:\/\/www.altominho.tv\/site\/2024\/11\/27\/viana-do-castelo-recebe-evento-gratuito-sobre-a-saude-da-visao\/\" \/>\n<meta property=\"og:locale\" content=\"pt_PT\" \/>\n<meta property=\"og:type\" content=\"article\" \/>\n<meta property=\"og:title\" content=\"Viana do Castelo recebe evento gratuito sobre a sa\u00fade da vis\u00e3o\u00a0\" \/>\n<meta property=\"og:description\" content=\"Este s\u00e1bado, 30 de novembro,\u00a0o Centro Cultural de Viana do Castelo\u00a0ser\u00e1 palco do RITMO \u00cdRIS,\u00a0uma iniciativa inovadora que une arte, tecnologia e sa\u00fade visual numa experi\u00eancia sensorial \u00fanica. Organizado pela Sociedade Portuguesa de Literacia em Sa\u00fade (SPLS),\u00a0em colabora\u00e7\u00e3o com a Sociedade Portuguesa de Oftalmologia (SPO) e o apoio da C\u00e2mara Municipal de Viana do Castelo, [&hellip;]\" \/>\n<meta property=\"og:url\" content=\"https:\/\/www.altominho.tv\/site\/2024\/11\/27\/viana-do-castelo-recebe-evento-gratuito-sobre-a-saude-da-visao\/\" \/>\n<meta property=\"og:site_name\" content=\"Altominho.tv\" \/>\n<meta property=\"article:publisher\" content=\"https:\/\/www.facebook.com\/altominhotv\" \/>\n<meta property=\"article:published_time\" content=\"2024-11-27T10:59:49+00:00\" \/>\n<meta property=\"article:modified_time\" content=\"2024-11-27T10:59:51+00:00\" \/>\n<meta property=\"og:image\" content=\"https:\/\/www.altominho.tv\/site\/wp-content\/uploads\/2024\/11\/BASE-FB-logo-Branco-1200-x-630-px-4.png\" \/>\n\t<meta property=\"og:image:width\" content=\"1200\" \/>\n\t<meta property=\"og:image:height\" content=\"630\" \/>\n\t<meta property=\"og:image:type\" content=\"image\/png\" \/>\n<meta name=\"author\" content=\"Altominho.tv\" \/>\n<meta name=\"twitter:card\" content=\"summary_large_image\" \/>\n<meta name=\"twitter:creator\" content=\"@altominhoTV\" \/>\n<meta name=\"twitter:site\" content=\"@altominhoTV\" \/>\n<meta name=\"twitter:label1\" content=\"Escrito por\" \/>\n\t<meta name=\"twitter:data1\" content=\"Altominho.tv\" \/>\n\t<meta name=\"twitter:label2\" content=\"Tempo estimado de leitura\" \/>\n\t<meta name=\"twitter:data2\" content=\"3 minutos\" \/>\n<script type=\"application\/ld+json\" class=\"yoast-schema-graph\">{\"@context\":\"https:\\\/\\\/schema.org\",\"@graph\":[{\"@type\":\"Article\",\"@id\":\"https:\\\/\\\/www.altominho.tv\\\/site\\\/2024\\\/11\\\/27\\\/viana-do-castelo-recebe-evento-gratuito-sobre-a-saude-da-visao\\\/#article\",\"isPartOf\":{\"@id\":\"https:\\\/\\\/www.altominho.tv\\\/site\\\/2024\\\/11\\\/27\\\/viana-do-castelo-recebe-evento-gratuito-sobre-a-saude-da-visao\\\/\"},\"author\":{\"name\":\"Altominho.tv\",\"@id\":\"https:\\\/\\\/www.altominho.tv\\\/site\\\/#\\\/schema\\\/person\\\/4e536851627d7914baf3dac752b6af22\"},\"headline\":\"Viana do Castelo recebe evento gratuito sobre a sa\u00fade da vis\u00e3o\u00a0\",\"datePublished\":\"2024-11-27T10:59:49+00:00\",\"dateModified\":\"2024-11-27T10:59:51+00:00\",\"mainEntityOfPage\":{\"@id\":\"https:\\\/\\\/www.altominho.tv\\\/site\\\/2024\\\/11\\\/27\\\/viana-do-castelo-recebe-evento-gratuito-sobre-a-saude-da-visao\\\/\"},\"wordCount\":563,\"image\":{\"@id\":\"https:\\\/\\\/www.altominho.tv\\\/site\\\/2024\\\/11\\\/27\\\/viana-do-castelo-recebe-evento-gratuito-sobre-a-saude-da-visao\\\/#primaryimage\"},\"thumbnailUrl\":\"https:\\\/\\\/www.altominho.tv\\\/site\\\/wp-content\\\/uploads\\\/2024\\\/11\\\/BASE-FB-logo-Branco-1200-x-630-px-4.png\",\"keywords\":[\"Sa\u00fade\",\"Sociedade\"],\"articleSection\":[\"Viana do Castelo\"],\"inLanguage\":\"pt-PT\",\"copyrightYear\":\"2024\",\"copyrightHolder\":{\"@id\":\"https:\\\/\\\/www.altominho.tv\\\/site\\\/#organization\"}},{\"@type\":\"WebPage\",\"@id\":\"https:\\\/\\\/www.altominho.tv\\\/site\\\/2024\\\/11\\\/27\\\/viana-do-castelo-recebe-evento-gratuito-sobre-a-saude-da-visao\\\/\",\"url\":\"https:\\\/\\\/www.altominho.tv\\\/site\\\/2024\\\/11\\\/27\\\/viana-do-castelo-recebe-evento-gratuito-sobre-a-saude-da-visao\\\/\",\"name\":\"Viana do Castelo recebe evento gratuito sobre a sa\u00fade da vis\u00e3o\u00a0\",\"isPartOf\":{\"@id\":\"https:\\\/\\\/www.altominho.tv\\\/site\\\/#website\"},\"primaryImageOfPage\":{\"@id\":\"https:\\\/\\\/www.altominho.tv\\\/site\\\/2024\\\/11\\\/27\\\/viana-do-castelo-recebe-evento-gratuito-sobre-a-saude-da-visao\\\/#primaryimage\"},\"image\":{\"@id\":\"https:\\\/\\\/www.altominho.tv\\\/site\\\/2024\\\/11\\\/27\\\/viana-do-castelo-recebe-evento-gratuito-sobre-a-saude-da-visao\\\/#primaryimage\"},\"thumbnailUrl\":\"https:\\\/\\\/www.altominho.tv\\\/site\\\/wp-content\\\/uploads\\\/2024\\\/11\\\/BASE-FB-logo-Branco-1200-x-630-px-4.png\",\"datePublished\":\"2024-11-27T10:59:49+00:00\",\"dateModified\":\"2024-11-27T10:59:51+00:00\",\"author\":{\"@id\":\"https:\\\/\\\/www.altominho.tv\\\/site\\\/#\\\/schema\\\/person\\\/4e536851627d7914baf3dac752b6af22\"},\"breadcrumb\":{\"@id\":\"https:\\\/\\\/www.altominho.tv\\\/site\\\/2024\\\/11\\\/27\\\/viana-do-castelo-recebe-evento-gratuito-sobre-a-saude-da-visao\\\/#breadcrumb\"},\"inLanguage\":\"pt-PT\",\"potentialAction\":[{\"@type\":\"ReadAction\",\"target\":[\"https:\\\/\\\/www.altominho.tv\\\/site\\\/2024\\\/11\\\/27\\\/viana-do-castelo-recebe-evento-gratuito-sobre-a-saude-da-visao\\\/\"]}]},{\"@type\":\"ImageObject\",\"inLanguage\":\"pt-PT\",\"@id\":\"https:\\\/\\\/www.altominho.tv\\\/site\\\/2024\\\/11\\\/27\\\/viana-do-castelo-recebe-evento-gratuito-sobre-a-saude-da-visao\\\/#primaryimage\",\"url\":\"https:\\\/\\\/www.altominho.tv\\\/site\\\/wp-content\\\/uploads\\\/2024\\\/11\\\/BASE-FB-logo-Branco-1200-x-630-px-4.png\",\"contentUrl\":\"https:\\\/\\\/www.altominho.tv\\\/site\\\/wp-content\\\/uploads\\\/2024\\\/11\\\/BASE-FB-logo-Branco-1200-x-630-px-4.png\",\"width\":1200,\"height\":630},{\"@type\":\"BreadcrumbList\",\"@id\":\"https:\\\/\\\/www.altominho.tv\\\/site\\\/2024\\\/11\\\/27\\\/viana-do-castelo-recebe-evento-gratuito-sobre-a-saude-da-visao\\\/#breadcrumb\",\"itemListElement\":[{\"@type\":\"ListItem\",\"position\":1,\"name\":\"In\u00edcio\",\"item\":\"https:\\\/\\\/www.altominho.tv\\\/site\\\/\"},{\"@type\":\"ListItem\",\"position\":2,\"name\":\"Viana do Castelo recebe evento gratuito sobre a sa\u00fade da vis\u00e3o\u00a0\"}]},{\"@type\":\"WebSite\",\"@id\":\"https:\\\/\\\/www.altominho.tv\\\/site\\\/#website\",\"url\":\"https:\\\/\\\/www.altominho.tv\\\/site\\\/\",\"name\":\"Altominho.tv\",\"description\":\"A sua regi\u00e3o \u00e0 dist\u00e2ncia de um clique...\",\"potentialAction\":[{\"@type\":\"SearchAction\",\"target\":{\"@type\":\"EntryPoint\",\"urlTemplate\":\"https:\\\/\\\/www.altominho.tv\\\/site\\\/?s={search_term_string}\"},\"query-input\":{\"@type\":\"PropertyValueSpecification\",\"valueRequired\":true,\"valueName\":\"search_term_string\"}}],\"inLanguage\":\"pt-PT\"},{\"@type\":\"Person\",\"@id\":\"https:\\\/\\\/www.altominho.tv\\\/site\\\/#\\\/schema\\\/person\\\/4e536851627d7914baf3dac752b6af22\",\"name\":\"Altominho.tv\",\"image\":{\"@type\":\"ImageObject\",\"inLanguage\":\"pt-PT\",\"@id\":\"https:\\\/\\\/www.altominho.tv\\\/site\\\/wp-content\\\/uploads\\\/2019\\\/11\\\/Logo_Avatar_2-150x150.jpg\",\"url\":\"https:\\\/\\\/www.altominho.tv\\\/site\\\/wp-content\\\/uploads\\\/2019\\\/11\\\/Logo_Avatar_2-150x150.jpg\",\"contentUrl\":\"https:\\\/\\\/www.altominho.tv\\\/site\\\/wp-content\\\/uploads\\\/2019\\\/11\\\/Logo_Avatar_2-150x150.jpg\",\"caption\":\"Altominho.tv\"},\"url\":\"https:\\\/\\\/www.altominho.tv\\\/site\\\/author\\\/altominhotv-tecnico\\\/\"}]}<\/script>\n<!-- \/ Yoast SEO Premium plugin. -->","yoast_head_json":{"title":"Viana do Castelo recebe evento gratuito sobre a sa\u00fade da vis\u00e3o\u00a0","robots":{"index":"index","follow":"follow","max-snippet":"max-snippet:-1","max-image-preview":"max-image-preview:large","max-video-preview":"max-video-preview:-1"},"canonical":"https:\/\/www.altominho.tv\/site\/2024\/11\/27\/viana-do-castelo-recebe-evento-gratuito-sobre-a-saude-da-visao\/","og_locale":"pt_PT","og_type":"article","og_title":"Viana do Castelo recebe evento gratuito sobre a sa\u00fade da vis\u00e3o\u00a0","og_description":"Este s\u00e1bado, 30 de novembro,\u00a0o Centro Cultural de Viana do Castelo\u00a0ser\u00e1 palco do RITMO \u00cdRIS,\u00a0uma iniciativa inovadora que une arte, tecnologia e sa\u00fade visual numa experi\u00eancia sensorial \u00fanica. Organizado pela Sociedade Portuguesa de Literacia em Sa\u00fade (SPLS),\u00a0em colabora\u00e7\u00e3o com a Sociedade Portuguesa de Oftalmologia (SPO) e o apoio da C\u00e2mara Municipal de Viana do Castelo, [&hellip;]","og_url":"https:\/\/www.altominho.tv\/site\/2024\/11\/27\/viana-do-castelo-recebe-evento-gratuito-sobre-a-saude-da-visao\/","og_site_name":"Altominho.tv","article_publisher":"https:\/\/www.facebook.com\/altominhotv","article_published_time":"2024-11-27T10:59:49+00:00","article_modified_time":"2024-11-27T10:59:51+00:00","og_image":[{"width":1200,"height":630,"url":"https:\/\/www.altominho.tv\/site\/wp-content\/uploads\/2024\/11\/BASE-FB-logo-Branco-1200-x-630-px-4.png","type":"image\/png"}],"author":"Altominho.tv","twitter_card":"summary_large_image","twitter_creator":"@altominhoTV","twitter_site":"@altominhoTV","twitter_misc":{"Escrito por":"Altominho.tv","Tempo estimado de leitura":"3 minutos"},"schema":{"@context":"https:\/\/schema.org","@graph":[{"@type":"Article","@id":"https:\/\/www.altominho.tv\/site\/2024\/11\/27\/viana-do-castelo-recebe-evento-gratuito-sobre-a-saude-da-visao\/#article","isPartOf":{"@id":"https:\/\/www.altominho.tv\/site\/2024\/11\/27\/viana-do-castelo-recebe-evento-gratuito-sobre-a-saude-da-visao\/"},"author":{"name":"Altominho.tv","@id":"https:\/\/www.altominho.tv\/site\/#\/schema\/person\/4e536851627d7914baf3dac752b6af22"},"headline":"Viana do Castelo recebe evento gratuito sobre a sa\u00fade da vis\u00e3o\u00a0","datePublished":"2024-11-27T10:59:49+00:00","dateModified":"2024-11-27T10:59:51+00:00","mainEntityOfPage":{"@id":"https:\/\/www.altominho.tv\/site\/2024\/11\/27\/viana-do-castelo-recebe-evento-gratuito-sobre-a-saude-da-visao\/"},"wordCount":563,"image":{"@id":"https:\/\/www.altominho.tv\/site\/2024\/11\/27\/viana-do-castelo-recebe-evento-gratuito-sobre-a-saude-da-visao\/#primaryimage"},"thumbnailUrl":"https:\/\/www.altominho.tv\/site\/wp-content\/uploads\/2024\/11\/BASE-FB-logo-Branco-1200-x-630-px-4.png","keywords":["Sa\u00fade","Sociedade"],"articleSection":["Viana do Castelo"],"inLanguage":"pt-PT","copyrightYear":"2024","copyrightHolder":{"@id":"https:\/\/www.altominho.tv\/site\/#organization"}},{"@type":"WebPage","@id":"https:\/\/www.altominho.tv\/site\/2024\/11\/27\/viana-do-castelo-recebe-evento-gratuito-sobre-a-saude-da-visao\/","url":"https:\/\/www.altominho.tv\/site\/2024\/11\/27\/viana-do-castelo-recebe-evento-gratuito-sobre-a-saude-da-visao\/","name":"Viana do Castelo recebe evento gratuito sobre a sa\u00fade da vis\u00e3o\u00a0","isPartOf":{"@id":"https:\/\/www.altominho.tv\/site\/#website"},"primaryImageOfPage":{"@id":"https:\/\/www.altominho.tv\/site\/2024\/11\/27\/viana-do-castelo-recebe-evento-gratuito-sobre-a-saude-da-visao\/#primaryimage"},"image":{"@id":"https:\/\/www.altominho.tv\/site\/2024\/11\/27\/viana-do-castelo-recebe-evento-gratuito-sobre-a-saude-da-visao\/#primaryimage"},"thumbnailUrl":"https:\/\/www.altominho.tv\/site\/wp-content\/uploads\/2024\/11\/BASE-FB-logo-Branco-1200-x-630-px-4.png","datePublished":"2024-11-27T10:59:49+00:00","dateModified":"2024-11-27T10:59:51+00:00","author":{"@id":"https:\/\/www.altominho.tv\/site\/#\/schema\/person\/4e536851627d7914baf3dac752b6af22"},"breadcrumb":{"@id":"https:\/\/www.altominho.tv\/site\/2024\/11\/27\/viana-do-castelo-recebe-evento-gratuito-sobre-a-saude-da-visao\/#breadcrumb"},"inLanguage":"pt-PT","potentialAction":[{"@type":"ReadAction","target":["https:\/\/www.altominho.tv\/site\/2024\/11\/27\/viana-do-castelo-recebe-evento-gratuito-sobre-a-saude-da-visao\/"]}]},{"@type":"ImageObject","inLanguage":"pt-PT","@id":"https:\/\/www.altominho.tv\/site\/2024\/11\/27\/viana-do-castelo-recebe-evento-gratuito-sobre-a-saude-da-visao\/#primaryimage","url":"https:\/\/www.altominho.tv\/site\/wp-content\/uploads\/2024\/11\/BASE-FB-logo-Branco-1200-x-630-px-4.png","contentUrl":"https:\/\/www.altominho.tv\/site\/wp-content\/uploads\/2024\/11\/BASE-FB-logo-Branco-1200-x-630-px-4.png","width":1200,"height":630},{"@type":"BreadcrumbList","@id":"https:\/\/www.altominho.tv\/site\/2024\/11\/27\/viana-do-castelo-recebe-evento-gratuito-sobre-a-saude-da-visao\/#breadcrumb","itemListElement":[{"@type":"ListItem","position":1,"name":"In\u00edcio","item":"https:\/\/www.altominho.tv\/site\/"},{"@type":"ListItem","position":2,"name":"Viana do Castelo recebe evento gratuito sobre a sa\u00fade da vis\u00e3o\u00a0"}]},{"@type":"WebSite","@id":"https:\/\/www.altominho.tv\/site\/#website","url":"https:\/\/www.altominho.tv\/site\/","name":"Altominho.tv","description":"A sua regi\u00e3o \u00e0 dist\u00e2ncia de um clique...","potentialAction":[{"@type":"SearchAction","target":{"@type":"EntryPoint","urlTemplate":"https:\/\/www.altominho.tv\/site\/?s={search_term_string}"},"query-input":{"@type":"PropertyValueSpecification","valueRequired":true,"valueName":"search_term_string"}}],"inLanguage":"pt-PT"},{"@type":"Person","@id":"https:\/\/www.altominho.tv\/site\/#\/schema\/person\/4e536851627d7914baf3dac752b6af22","name":"Altominho.tv","image":{"@type":"ImageObject","inLanguage":"pt-PT","@id":"https:\/\/www.altominho.tv\/site\/wp-content\/uploads\/2019\/11\/Logo_Avatar_2-150x150.jpg","url":"https:\/\/www.altominho.tv\/site\/wp-content\/uploads\/2019\/11\/Logo_Avatar_2-150x150.jpg","contentUrl":"https:\/\/www.altominho.tv\/site\/wp-content\/uploads\/2019\/11\/Logo_Avatar_2-150x150.jpg","caption":"Altominho.tv"},"url":"https:\/\/www.altominho.tv\/site\/author\/altominhotv-tecnico\/"}]}},"_links":{"self":[{"href":"https:\/\/www.altominho.tv\/site\/wp-json\/wp\/v2\/posts\/112787","targetHints":{"allow":["GET"]}}],"collection":[{"href":"https:\/\/www.altominho.tv\/site\/wp-json\/wp\/v2\/posts"}],"about":[{"href":"https:\/\/www.altominho.tv\/site\/wp-json\/wp\/v2\/types\/post"}],"author":[{"embeddable":true,"href":"https:\/\/www.altominho.tv\/site\/wp-json\/wp\/v2\/users\/1"}],"replies":[{"embeddable":true,"href":"https:\/\/www.altominho.tv\/site\/wp-json\/wp\/v2\/comments?post=112787"}],"version-history":[{"count":1,"href":"https:\/\/www.altominho.tv\/site\/wp-json\/wp\/v2\/posts\/112787\/revisions"}],"predecessor-version":[{"id":112789,"href":"https:\/\/www.altominho.tv\/site\/wp-json\/wp\/v2\/posts\/112787\/revisions\/112789"}],"wp:featuredmedia":[{"embeddable":true,"href":"https:\/\/www.altominho.tv\/site\/wp-json\/wp\/v2\/media\/112788"}],"wp:attachment":[{"href":"https:\/\/www.altominho.tv\/site\/wp-json\/wp\/v2\/media?parent=112787"}],"wp:term":[{"taxonomy":"category","embeddable":true,"href":"https:\/\/www.altominho.tv\/site\/wp-json\/wp\/v2\/categories?post=112787"},{"taxonomy":"post_tag","embeddable":true,"href":"https:\/\/www.altominho.tv\/site\/wp-json\/wp\/v2\/tags?post=112787"}],"curies":[{"name":"wp","href":"https:\/\/api.w.org\/{rel}","templated":true}]}}