{"id":112779,"date":"2024-11-27T10:18:03","date_gmt":"2024-11-27T10:18:03","guid":{"rendered":"https:\/\/www.altominho.tv\/site\/?p=112779"},"modified":"2024-11-27T10:18:05","modified_gmt":"2024-11-27T10:18:05","slug":"dois-mil-e-duzentos-atletas-de-30-diferentes-nacionalidades-na-geres-extreme-marathon","status":"publish","type":"post","link":"https:\/\/www.altominho.tv\/site\/2024\/11\/27\/dois-mil-e-duzentos-atletas-de-30-diferentes-nacionalidades-na-geres-extreme-marathon\/","title":{"rendered":"Dois\u00a0mil e duzentos atletas de 30 diferentes nacionalidades na Ger\u00eas\u00a0Extreme\u00a0Marathon"},"content":{"rendered":"<p><strong>No pr\u00f3ximo fim de semana, dias 29, 30 de novembro e 1 de dezembro, realiza-se a Ger\u00eas Extreme Marathon. Esta edi\u00e7\u00e3o, que celebra o 10\u00ba anivers\u00e1rio, alcan\u00e7ou um n\u00edvel record de participa\u00e7\u00f5es, com mais de dois mil e duzentos atletas inscritos, de 30 diferentes nacionalidades.<br \/>\n<\/strong><\/p>\n<p>Em 2014 Carlos S\u00e1 lan\u00e7ou o desafio da &#8220;Mais dura e bela maratona do Mundo!&#8221;, para os amantes da corrida. Nessa altura, ficou surpreendido com um milhar de atletas presentes. Ao fim de 10 anos, os participantes foram sempre acima de um milhar, atingindo este ano o marco hist\u00f3rico de dois milhares.<\/p>\n<p><strong>O evento come\u00e7a j\u00e1 esta Sexta-feira, dia 29 de novembro<\/strong>, com a Extreme Mile, onde os atletas t\u00eam pela frente uma milha vertical, com partida na Central Hidroel\u00e9trica de Vilarinho das Furnas e com chegada no miradouro das Voltas de S\u00e3o Bento. No final desta prova realiza-se, uma vez mais, uma atividade ambiental no combate \u00e0s plantas invasoras, coordenado pelo ICNF e Associa\u00e7\u00e3o de Baldios local.<\/p>\n<p><strong>A Extreme 90k, \u00e9 a prova que percorre parte do Alto Minho<\/strong>, com passagem pelos <strong>concelhos de Melga\u00e7o, Arcos de Valdevez e Ponte da Barca<\/strong> e realiza-se na manh\u00e3 de s\u00e1bado dia 30. Trata-se de uma Ultramaratona de 90 quil\u00f3metros em estrada, com <strong>duas partidas na Vila de Castro Laboreiro<\/strong>, uma \u00e0s 6h00 da manh\u00e3 para os atletas mais lentos, e outra \u00e0s 8h00 para os atletas mais r\u00e1pidos. Esta prova \u00fanica cruza as estradas do Parque Nacional da Peneda-Ger\u00eas e com meta na Vila do Ger\u00eas. Ser\u00e1 uma das mais aguardadas a n\u00edvel competitivo.<\/p>\n<p>No domingo, \u00e0s 9h00 ser\u00e1 dada a partida da prova rainha 42km e dos 14km, com as provas 21km e 32km a partirem logo de seguida. Ser\u00e1 um mar de gente a animar as ruas da Vila do Ger\u00eas.<\/p>\n<p>Daniel Santos e Paula Santos que se sagraram vencedores do Circuito Best Trail Series 2024, ir\u00e3o ambos defender os seus t\u00edtulos na prova Extreme 90k, o Ger\u00eas marcar\u00e1 o in\u00edcio mais uma vez deste Circuito, com 7 provas agendadas entre o Norte e Centro de Portugal, e ter\u00e1 mais uma vez a grande final na Majestosa Serra D&#8217;Arga no final de Setembro.<\/p>\n<p>O calend\u00e1rio Best Trails Series para 2024\/25 j\u00e1 est\u00e1 definido e decorrer\u00e1 nas seguintes datas: 29, 30 Novembro a 1 dezembro 2024 &#8211; <strong>Ger\u00eas Extreme Marathon<\/strong>; 7 a 9 de Mar\u00e7o 2025 &#8211; <strong>Foz C\u00f4a Douro Trail Adventure<\/strong>; 5 e 6 Abril 2025 &#8211; <strong>Caramulo Magic Trail<\/strong> &#8211; (1\u00aa edi\u00e7\u00e3o); 18 e 19 Maio 2025 &#8211; T<strong>ransPeneda-Ger\u00eas<\/strong>; 8 Junho 2025 &#8211; <a href=\"\/\/www.altominho.tv\/site\/2022\/06\/21\/ponte-da-barca-trail\/\"><strong>Serra Amarela SkyMarathon<\/strong><\/a>; 6 e 7 Setembro 2025 &#8211; <strong>Penacova Trail do Centro<\/strong>; 26 a 28 Setembro 2025 &#8211; <a href=\"\/\/www.altominho.tv\/site\/2024\/10\/01\/1500-participantes-no-grande-trail-serra-darga\/\"><strong>Grande Trail Serra d&#8217;Arga<\/strong><\/a>.<\/p>\n","protected":false},"excerpt":{"rendered":"<p>No pr\u00f3ximo fim de semana, dias 29, 30 de novembro e 1 de dezembro, realiza-se a Ger\u00eas Extreme Marathon. Esta edi\u00e7\u00e3o, que celebra o 10\u00ba anivers\u00e1rio, alcan\u00e7ou um n\u00edvel record de participa\u00e7\u00f5es, com mais de dois mil e duzentos atletas inscritos, de 30 diferentes nacionalidades. Em 2014 Carlos S\u00e1 lan\u00e7ou o desafio da &#8220;Mais dura [&hellip;]<\/p>\n","protected":false},"author":1,"featured_media":112781,"comment_status":"closed","ping_status":"closed","sticky":false,"template":"","format":"standard","meta":{"_exactmetrics_skip_tracking":false,"_exactmetrics_sitenote_active":false,"_exactmetrics_sitenote_note":"","_exactmetrics_sitenote_category":0,"footnotes":""},"categories":[73],"tags":[20],"class_list":["post-112779","post","type-post","status-publish","format-standard","has-post-thumbnail","hentry","category-alto-minho","tag-desporto"],"yoast_head":"<!-- This site is optimized with the Yoast SEO Premium plugin v27.5 (Yoast SEO v27.5) - https:\/\/yoast.com\/product\/yoast-seo-premium-wordpress\/ -->\n<title>Dois\u00a0mil e duzentos atletas de 30 diferentes nacionalidades na Ger\u00eas\u00a0Extreme\u00a0Marathon<\/title>\n<meta name=\"robots\" content=\"index, follow, max-snippet:-1, max-image-preview:large, max-video-preview:-1\" \/>\n<link rel=\"canonical\" href=\"https:\/\/www.altominho.tv\/site\/2024\/11\/27\/dois-mil-e-duzentos-atletas-de-30-diferentes-nacionalidades-na-geres-extreme-marathon\/\" \/>\n<meta property=\"og:locale\" content=\"pt_PT\" \/>\n<meta property=\"og:type\" content=\"article\" \/>\n<meta property=\"og:title\" content=\"Dois\u00a0mil e duzentos atletas de 30 diferentes nacionalidades na Ger\u00eas\u00a0Extreme\u00a0Marathon\" \/>\n<meta property=\"og:description\" content=\"No pr\u00f3ximo fim de semana, dias 29, 30 de novembro e 1 de dezembro, realiza-se a Ger\u00eas Extreme Marathon. Esta edi\u00e7\u00e3o, que celebra o 10\u00ba anivers\u00e1rio, alcan\u00e7ou um n\u00edvel record de participa\u00e7\u00f5es, com mais de dois mil e duzentos atletas inscritos, de 30 diferentes nacionalidades. Em 2014 Carlos S\u00e1 lan\u00e7ou o desafio da &#8220;Mais dura [&hellip;]\" \/>\n<meta property=\"og:url\" content=\"https:\/\/www.altominho.tv\/site\/2024\/11\/27\/dois-mil-e-duzentos-atletas-de-30-diferentes-nacionalidades-na-geres-extreme-marathon\/\" \/>\n<meta property=\"og:site_name\" content=\"Altominho.tv\" \/>\n<meta property=\"article:publisher\" content=\"https:\/\/www.facebook.com\/altominhotv\" \/>\n<meta property=\"article:published_time\" content=\"2024-11-27T10:18:03+00:00\" \/>\n<meta property=\"article:modified_time\" content=\"2024-11-27T10:18:05+00:00\" \/>\n<meta property=\"og:image\" content=\"https:\/\/www.altominho.tv\/site\/wp-content\/uploads\/2024\/11\/Geres_Extreme_Marathon_.jpg\" \/>\n\t<meta property=\"og:image:width\" content=\"1200\" \/>\n\t<meta property=\"og:image:height\" content=\"630\" \/>\n\t<meta property=\"og:image:type\" content=\"image\/jpeg\" \/>\n<meta name=\"author\" content=\"Altominho.tv\" \/>\n<meta name=\"twitter:card\" content=\"summary_large_image\" \/>\n<meta name=\"twitter:creator\" content=\"@altominhoTV\" \/>\n<meta name=\"twitter:site\" content=\"@altominhoTV\" \/>\n<meta name=\"twitter:label1\" content=\"Escrito por\" \/>\n\t<meta name=\"twitter:data1\" content=\"Altominho.tv\" \/>\n\t<meta name=\"twitter:label2\" content=\"Tempo estimado de leitura\" \/>\n\t<meta name=\"twitter:data2\" content=\"3 minutos\" \/>\n<script type=\"application\/ld+json\" class=\"yoast-schema-graph\">{\"@context\":\"https:\\\/\\\/schema.org\",\"@graph\":[{\"@type\":\"Article\",\"@id\":\"https:\\\/\\\/www.altominho.tv\\\/site\\\/2024\\\/11\\\/27\\\/dois-mil-e-duzentos-atletas-de-30-diferentes-nacionalidades-na-geres-extreme-marathon\\\/#article\",\"isPartOf\":{\"@id\":\"https:\\\/\\\/www.altominho.tv\\\/site\\\/2024\\\/11\\\/27\\\/dois-mil-e-duzentos-atletas-de-30-diferentes-nacionalidades-na-geres-extreme-marathon\\\/\"},\"author\":{\"name\":\"Altominho.tv\",\"@id\":\"https:\\\/\\\/www.altominho.tv\\\/site\\\/#\\\/schema\\\/person\\\/4e536851627d7914baf3dac752b6af22\"},\"headline\":\"Dois\u00a0mil e duzentos atletas de 30 diferentes nacionalidades na Ger\u00eas\u00a0Extreme\u00a0Marathon\",\"datePublished\":\"2024-11-27T10:18:03+00:00\",\"dateModified\":\"2024-11-27T10:18:05+00:00\",\"mainEntityOfPage\":{\"@id\":\"https:\\\/\\\/www.altominho.tv\\\/site\\\/2024\\\/11\\\/27\\\/dois-mil-e-duzentos-atletas-de-30-diferentes-nacionalidades-na-geres-extreme-marathon\\\/\"},\"wordCount\":452,\"image\":{\"@id\":\"https:\\\/\\\/www.altominho.tv\\\/site\\\/2024\\\/11\\\/27\\\/dois-mil-e-duzentos-atletas-de-30-diferentes-nacionalidades-na-geres-extreme-marathon\\\/#primaryimage\"},\"thumbnailUrl\":\"https:\\\/\\\/www.altominho.tv\\\/site\\\/wp-content\\\/uploads\\\/2024\\\/11\\\/Geres_Extreme_Marathon_.jpg\",\"keywords\":[\"Desporto\"],\"articleSection\":[\"Alto Minho\"],\"inLanguage\":\"pt-PT\",\"copyrightYear\":\"2024\",\"copyrightHolder\":{\"@id\":\"https:\\\/\\\/www.altominho.tv\\\/site\\\/#organization\"}},{\"@type\":\"WebPage\",\"@id\":\"https:\\\/\\\/www.altominho.tv\\\/site\\\/2024\\\/11\\\/27\\\/dois-mil-e-duzentos-atletas-de-30-diferentes-nacionalidades-na-geres-extreme-marathon\\\/\",\"url\":\"https:\\\/\\\/www.altominho.tv\\\/site\\\/2024\\\/11\\\/27\\\/dois-mil-e-duzentos-atletas-de-30-diferentes-nacionalidades-na-geres-extreme-marathon\\\/\",\"name\":\"Dois\u00a0mil e duzentos atletas de 30 diferentes nacionalidades na Ger\u00eas\u00a0Extreme\u00a0Marathon\",\"isPartOf\":{\"@id\":\"https:\\\/\\\/www.altominho.tv\\\/site\\\/#website\"},\"primaryImageOfPage\":{\"@id\":\"https:\\\/\\\/www.altominho.tv\\\/site\\\/2024\\\/11\\\/27\\\/dois-mil-e-duzentos-atletas-de-30-diferentes-nacionalidades-na-geres-extreme-marathon\\\/#primaryimage\"},\"image\":{\"@id\":\"https:\\\/\\\/www.altominho.tv\\\/site\\\/2024\\\/11\\\/27\\\/dois-mil-e-duzentos-atletas-de-30-diferentes-nacionalidades-na-geres-extreme-marathon\\\/#primaryimage\"},\"thumbnailUrl\":\"https:\\\/\\\/www.altominho.tv\\\/site\\\/wp-content\\\/uploads\\\/2024\\\/11\\\/Geres_Extreme_Marathon_.jpg\",\"datePublished\":\"2024-11-27T10:18:03+00:00\",\"dateModified\":\"2024-11-27T10:18:05+00:00\",\"author\":{\"@id\":\"https:\\\/\\\/www.altominho.tv\\\/site\\\/#\\\/schema\\\/person\\\/4e536851627d7914baf3dac752b6af22\"},\"breadcrumb\":{\"@id\":\"https:\\\/\\\/www.altominho.tv\\\/site\\\/2024\\\/11\\\/27\\\/dois-mil-e-duzentos-atletas-de-30-diferentes-nacionalidades-na-geres-extreme-marathon\\\/#breadcrumb\"},\"inLanguage\":\"pt-PT\",\"potentialAction\":[{\"@type\":\"ReadAction\",\"target\":[\"https:\\\/\\\/www.altominho.tv\\\/site\\\/2024\\\/11\\\/27\\\/dois-mil-e-duzentos-atletas-de-30-diferentes-nacionalidades-na-geres-extreme-marathon\\\/\"]}]},{\"@type\":\"ImageObject\",\"inLanguage\":\"pt-PT\",\"@id\":\"https:\\\/\\\/www.altominho.tv\\\/site\\\/2024\\\/11\\\/27\\\/dois-mil-e-duzentos-atletas-de-30-diferentes-nacionalidades-na-geres-extreme-marathon\\\/#primaryimage\",\"url\":\"https:\\\/\\\/www.altominho.tv\\\/site\\\/wp-content\\\/uploads\\\/2024\\\/11\\\/Geres_Extreme_Marathon_.jpg\",\"contentUrl\":\"https:\\\/\\\/www.altominho.tv\\\/site\\\/wp-content\\\/uploads\\\/2024\\\/11\\\/Geres_Extreme_Marathon_.jpg\",\"width\":1200,\"height\":630},{\"@type\":\"BreadcrumbList\",\"@id\":\"https:\\\/\\\/www.altominho.tv\\\/site\\\/2024\\\/11\\\/27\\\/dois-mil-e-duzentos-atletas-de-30-diferentes-nacionalidades-na-geres-extreme-marathon\\\/#breadcrumb\",\"itemListElement\":[{\"@type\":\"ListItem\",\"position\":1,\"name\":\"In\u00edcio\",\"item\":\"https:\\\/\\\/www.altominho.tv\\\/site\\\/\"},{\"@type\":\"ListItem\",\"position\":2,\"name\":\"Dois\u00a0mil e duzentos atletas de 30 diferentes nacionalidades na Ger\u00eas\u00a0Extreme\u00a0Marathon\"}]},{\"@type\":\"WebSite\",\"@id\":\"https:\\\/\\\/www.altominho.tv\\\/site\\\/#website\",\"url\":\"https:\\\/\\\/www.altominho.tv\\\/site\\\/\",\"name\":\"Altominho.tv\",\"description\":\"A sua regi\u00e3o \u00e0 dist\u00e2ncia de um clique...\",\"potentialAction\":[{\"@type\":\"SearchAction\",\"target\":{\"@type\":\"EntryPoint\",\"urlTemplate\":\"https:\\\/\\\/www.altominho.tv\\\/site\\\/?s={search_term_string}\"},\"query-input\":{\"@type\":\"PropertyValueSpecification\",\"valueRequired\":true,\"valueName\":\"search_term_string\"}}],\"inLanguage\":\"pt-PT\"},{\"@type\":\"Person\",\"@id\":\"https:\\\/\\\/www.altominho.tv\\\/site\\\/#\\\/schema\\\/person\\\/4e536851627d7914baf3dac752b6af22\",\"name\":\"Altominho.tv\",\"image\":{\"@type\":\"ImageObject\",\"inLanguage\":\"pt-PT\",\"@id\":\"https:\\\/\\\/www.altominho.tv\\\/site\\\/wp-content\\\/uploads\\\/2019\\\/11\\\/Logo_Avatar_2-150x150.jpg\",\"url\":\"https:\\\/\\\/www.altominho.tv\\\/site\\\/wp-content\\\/uploads\\\/2019\\\/11\\\/Logo_Avatar_2-150x150.jpg\",\"contentUrl\":\"https:\\\/\\\/www.altominho.tv\\\/site\\\/wp-content\\\/uploads\\\/2019\\\/11\\\/Logo_Avatar_2-150x150.jpg\",\"caption\":\"Altominho.tv\"},\"url\":\"https:\\\/\\\/www.altominho.tv\\\/site\\\/author\\\/altominhotv-tecnico\\\/\"}]}<\/script>\n<!-- \/ Yoast SEO Premium plugin. -->","yoast_head_json":{"title":"Dois\u00a0mil e duzentos atletas de 30 diferentes nacionalidades na Ger\u00eas\u00a0Extreme\u00a0Marathon","robots":{"index":"index","follow":"follow","max-snippet":"max-snippet:-1","max-image-preview":"max-image-preview:large","max-video-preview":"max-video-preview:-1"},"canonical":"https:\/\/www.altominho.tv\/site\/2024\/11\/27\/dois-mil-e-duzentos-atletas-de-30-diferentes-nacionalidades-na-geres-extreme-marathon\/","og_locale":"pt_PT","og_type":"article","og_title":"Dois\u00a0mil e duzentos atletas de 30 diferentes nacionalidades na Ger\u00eas\u00a0Extreme\u00a0Marathon","og_description":"No pr\u00f3ximo fim de semana, dias 29, 30 de novembro e 1 de dezembro, realiza-se a Ger\u00eas Extreme Marathon. Esta edi\u00e7\u00e3o, que celebra o 10\u00ba anivers\u00e1rio, alcan\u00e7ou um n\u00edvel record de participa\u00e7\u00f5es, com mais de dois mil e duzentos atletas inscritos, de 30 diferentes nacionalidades. Em 2014 Carlos S\u00e1 lan\u00e7ou o desafio da &#8220;Mais dura [&hellip;]","og_url":"https:\/\/www.altominho.tv\/site\/2024\/11\/27\/dois-mil-e-duzentos-atletas-de-30-diferentes-nacionalidades-na-geres-extreme-marathon\/","og_site_name":"Altominho.tv","article_publisher":"https:\/\/www.facebook.com\/altominhotv","article_published_time":"2024-11-27T10:18:03+00:00","article_modified_time":"2024-11-27T10:18:05+00:00","og_image":[{"width":1200,"height":630,"url":"https:\/\/www.altominho.tv\/site\/wp-content\/uploads\/2024\/11\/Geres_Extreme_Marathon_.jpg","type":"image\/jpeg"}],"author":"Altominho.tv","twitter_card":"summary_large_image","twitter_creator":"@altominhoTV","twitter_site":"@altominhoTV","twitter_misc":{"Escrito por":"Altominho.tv","Tempo estimado de leitura":"3 minutos"},"schema":{"@context":"https:\/\/schema.org","@graph":[{"@type":"Article","@id":"https:\/\/www.altominho.tv\/site\/2024\/11\/27\/dois-mil-e-duzentos-atletas-de-30-diferentes-nacionalidades-na-geres-extreme-marathon\/#article","isPartOf":{"@id":"https:\/\/www.altominho.tv\/site\/2024\/11\/27\/dois-mil-e-duzentos-atletas-de-30-diferentes-nacionalidades-na-geres-extreme-marathon\/"},"author":{"name":"Altominho.tv","@id":"https:\/\/www.altominho.tv\/site\/#\/schema\/person\/4e536851627d7914baf3dac752b6af22"},"headline":"Dois\u00a0mil e duzentos atletas de 30 diferentes nacionalidades na Ger\u00eas\u00a0Extreme\u00a0Marathon","datePublished":"2024-11-27T10:18:03+00:00","dateModified":"2024-11-27T10:18:05+00:00","mainEntityOfPage":{"@id":"https:\/\/www.altominho.tv\/site\/2024\/11\/27\/dois-mil-e-duzentos-atletas-de-30-diferentes-nacionalidades-na-geres-extreme-marathon\/"},"wordCount":452,"image":{"@id":"https:\/\/www.altominho.tv\/site\/2024\/11\/27\/dois-mil-e-duzentos-atletas-de-30-diferentes-nacionalidades-na-geres-extreme-marathon\/#primaryimage"},"thumbnailUrl":"https:\/\/www.altominho.tv\/site\/wp-content\/uploads\/2024\/11\/Geres_Extreme_Marathon_.jpg","keywords":["Desporto"],"articleSection":["Alto Minho"],"inLanguage":"pt-PT","copyrightYear":"2024","copyrightHolder":{"@id":"https:\/\/www.altominho.tv\/site\/#organization"}},{"@type":"WebPage","@id":"https:\/\/www.altominho.tv\/site\/2024\/11\/27\/dois-mil-e-duzentos-atletas-de-30-diferentes-nacionalidades-na-geres-extreme-marathon\/","url":"https:\/\/www.altominho.tv\/site\/2024\/11\/27\/dois-mil-e-duzentos-atletas-de-30-diferentes-nacionalidades-na-geres-extreme-marathon\/","name":"Dois\u00a0mil e duzentos atletas de 30 diferentes nacionalidades na Ger\u00eas\u00a0Extreme\u00a0Marathon","isPartOf":{"@id":"https:\/\/www.altominho.tv\/site\/#website"},"primaryImageOfPage":{"@id":"https:\/\/www.altominho.tv\/site\/2024\/11\/27\/dois-mil-e-duzentos-atletas-de-30-diferentes-nacionalidades-na-geres-extreme-marathon\/#primaryimage"},"image":{"@id":"https:\/\/www.altominho.tv\/site\/2024\/11\/27\/dois-mil-e-duzentos-atletas-de-30-diferentes-nacionalidades-na-geres-extreme-marathon\/#primaryimage"},"thumbnailUrl":"https:\/\/www.altominho.tv\/site\/wp-content\/uploads\/2024\/11\/Geres_Extreme_Marathon_.jpg","datePublished":"2024-11-27T10:18:03+00:00","dateModified":"2024-11-27T10:18:05+00:00","author":{"@id":"https:\/\/www.altominho.tv\/site\/#\/schema\/person\/4e536851627d7914baf3dac752b6af22"},"breadcrumb":{"@id":"https:\/\/www.altominho.tv\/site\/2024\/11\/27\/dois-mil-e-duzentos-atletas-de-30-diferentes-nacionalidades-na-geres-extreme-marathon\/#breadcrumb"},"inLanguage":"pt-PT","potentialAction":[{"@type":"ReadAction","target":["https:\/\/www.altominho.tv\/site\/2024\/11\/27\/dois-mil-e-duzentos-atletas-de-30-diferentes-nacionalidades-na-geres-extreme-marathon\/"]}]},{"@type":"ImageObject","inLanguage":"pt-PT","@id":"https:\/\/www.altominho.tv\/site\/2024\/11\/27\/dois-mil-e-duzentos-atletas-de-30-diferentes-nacionalidades-na-geres-extreme-marathon\/#primaryimage","url":"https:\/\/www.altominho.tv\/site\/wp-content\/uploads\/2024\/11\/Geres_Extreme_Marathon_.jpg","contentUrl":"https:\/\/www.altominho.tv\/site\/wp-content\/uploads\/2024\/11\/Geres_Extreme_Marathon_.jpg","width":1200,"height":630},{"@type":"BreadcrumbList","@id":"https:\/\/www.altominho.tv\/site\/2024\/11\/27\/dois-mil-e-duzentos-atletas-de-30-diferentes-nacionalidades-na-geres-extreme-marathon\/#breadcrumb","itemListElement":[{"@type":"ListItem","position":1,"name":"In\u00edcio","item":"https:\/\/www.altominho.tv\/site\/"},{"@type":"ListItem","position":2,"name":"Dois\u00a0mil e duzentos atletas de 30 diferentes nacionalidades na Ger\u00eas\u00a0Extreme\u00a0Marathon"}]},{"@type":"WebSite","@id":"https:\/\/www.altominho.tv\/site\/#website","url":"https:\/\/www.altominho.tv\/site\/","name":"Altominho.tv","description":"A sua regi\u00e3o \u00e0 dist\u00e2ncia de um clique...","potentialAction":[{"@type":"SearchAction","target":{"@type":"EntryPoint","urlTemplate":"https:\/\/www.altominho.tv\/site\/?s={search_term_string}"},"query-input":{"@type":"PropertyValueSpecification","valueRequired":true,"valueName":"search_term_string"}}],"inLanguage":"pt-PT"},{"@type":"Person","@id":"https:\/\/www.altominho.tv\/site\/#\/schema\/person\/4e536851627d7914baf3dac752b6af22","name":"Altominho.tv","image":{"@type":"ImageObject","inLanguage":"pt-PT","@id":"https:\/\/www.altominho.tv\/site\/wp-content\/uploads\/2019\/11\/Logo_Avatar_2-150x150.jpg","url":"https:\/\/www.altominho.tv\/site\/wp-content\/uploads\/2019\/11\/Logo_Avatar_2-150x150.jpg","contentUrl":"https:\/\/www.altominho.tv\/site\/wp-content\/uploads\/2019\/11\/Logo_Avatar_2-150x150.jpg","caption":"Altominho.tv"},"url":"https:\/\/www.altominho.tv\/site\/author\/altominhotv-tecnico\/"}]}},"_links":{"self":[{"href":"https:\/\/www.altominho.tv\/site\/wp-json\/wp\/v2\/posts\/112779","targetHints":{"allow":["GET"]}}],"collection":[{"href":"https:\/\/www.altominho.tv\/site\/wp-json\/wp\/v2\/posts"}],"about":[{"href":"https:\/\/www.altominho.tv\/site\/wp-json\/wp\/v2\/types\/post"}],"author":[{"embeddable":true,"href":"https:\/\/www.altominho.tv\/site\/wp-json\/wp\/v2\/users\/1"}],"replies":[{"embeddable":true,"href":"https:\/\/www.altominho.tv\/site\/wp-json\/wp\/v2\/comments?post=112779"}],"version-history":[{"count":2,"href":"https:\/\/www.altominho.tv\/site\/wp-json\/wp\/v2\/posts\/112779\/revisions"}],"predecessor-version":[{"id":112782,"href":"https:\/\/www.altominho.tv\/site\/wp-json\/wp\/v2\/posts\/112779\/revisions\/112782"}],"wp:featuredmedia":[{"embeddable":true,"href":"https:\/\/www.altominho.tv\/site\/wp-json\/wp\/v2\/media\/112781"}],"wp:attachment":[{"href":"https:\/\/www.altominho.tv\/site\/wp-json\/wp\/v2\/media?parent=112779"}],"wp:term":[{"taxonomy":"category","embeddable":true,"href":"https:\/\/www.altominho.tv\/site\/wp-json\/wp\/v2\/categories?post=112779"},{"taxonomy":"post_tag","embeddable":true,"href":"https:\/\/www.altominho.tv\/site\/wp-json\/wp\/v2\/tags?post=112779"}],"curies":[{"name":"wp","href":"https:\/\/api.w.org\/{rel}","templated":true}]}}