{"id":112770,"date":"2024-11-26T16:52:58","date_gmt":"2024-11-26T16:52:58","guid":{"rendered":"https:\/\/www.altominho.tv\/site\/?p=112770"},"modified":"2024-11-26T16:53:06","modified_gmt":"2024-11-26T16:53:06","slug":"comedias-do-minho-poe-alunos-e-artistas-a-discutir-o-mundo-durante-tres-anos","status":"publish","type":"post","link":"https:\/\/www.altominho.tv\/site\/2024\/11\/26\/comedias-do-minho-poe-alunos-e-artistas-a-discutir-o-mundo-durante-tres-anos\/","title":{"rendered":"Com\u00e9dias do Minho p\u00f5e alunos e artistas a \u201cdiscutir o mundo\u201d durante tr\u00eas anos"},"content":{"rendered":"\n<p>As Com\u00e9dias do Minho lan\u00e7am em dezembro um projeto pedag\u00f3gico pioneiro para alunos do ensino secund\u00e1rio de escolas do Alto Minho, colocando-os a \u201cdiscutir o mundo\u201d com artistas ao longo de tr\u00eas anos, foi hoje divulgado.<\/p>\n\n\n\n<p>\u201cUm dia por m\u00eas, um criador vai estar com os alunos a trabalhar o pensamento cr\u00edtico, a fazer perguntas, a criar novas possibilidades, a discutir o mundo. Fica \u00e0 responsabilidade do convidado se quer falar sobre teatro, filosofia, metaf\u00edsica, se o quer fazer sentado ou deitado no ch\u00e3o. H\u00e1 liberdade total. Uma vez por m\u00eas, ao longo de cinco meses, os alunos v\u00e3o estar com eles e, no ano seguinte, eles voltam. A expectativa \u00e9 que se crie algum tipo de h\u00e1bito\u201d, descreveu \u00e0 Lusa F\u00e1tima Al\u00e7ada, diretora art\u00edstica do projeto.<\/p>\n\n\n\n<p>Albano Jer\u00f3nimo, Afonso Cruz, Marta Bernardes, Beatriz Batarda e Jos\u00e9 Maria Vieira Mendes s\u00e3o os artistas convidados para \u201cdesarrumar\u201d o Curso Alargado Sem Interesse Nenhum, que vai abranger cerca de 100 alunos de cinco escolas dos munic\u00edpios de Melga\u00e7o, Mon\u00e7\u00e3o, Paredes de Coura, Valen\u00e7a e Vila Nova de Cerveira.\u00a0<\/p>\n\n\n\n<p>De acordo com F\u00e1tima Al\u00e7ada, n\u00e3o haver\u00e1 notas nem qualquer apresenta\u00e7\u00e3o no final do Curso Sem Interesse Nenhum, assim chamado por abordar temas como \u201cteatro, cultura, cidadania ou pol\u00edtica\u201d, que \u201ctoda a gente sabe que s\u00e3o temas sem interesse nenhum\u201d.<\/p>\n\n\n\n<p>\u201cQueremos libertar este projeto da necessidade de apresentar resultados. O que queremos \u00e9 contribuir para pessoas mais cr\u00edticas, mais conscientes, mais atentas em rela\u00e7\u00e3o ao mundo\u201d, observou a diretora art\u00edstica das Com\u00e9dias do Minho.<\/p>\n\n\n\n<p>A inten\u00e7\u00e3o \u00e9 que o projeto tenha a dura\u00e7\u00e3o de tr\u00eas anos para acompanhar os alunos que est\u00e3o agora no 10.\u00ba ano at\u00e9 ao 12.\u00ba ano letivo.<\/p>\n\n\n\n<p>\u201cSe correr bem, gostar\u00edamos de repetir a experi\u00eancia com outros jovens noutros contextos\u201d, afirmou F\u00e1tima Al\u00e7ada.<\/p>\n\n\n\n<p>Em 2027, a experi\u00eancia dever\u00e1 dar lugar a \u201cuma publica\u00e7\u00e3o in\u00e9dita coordenada por investigadores do ISCTE, reunindo \u201creflex\u00f5es dos jovens participantes, professores, formadores e \u2018desarrumadores\u2019, servindo como registo e inspira\u00e7\u00e3o para futuros projetos educativos\u201d.<\/p>\n\n\n\n<p>As Com\u00e9dias do Minho iniciaram a sua atividade profissional em 2004, com o objetivo de levar o teatro \u00e0s aldeias do Vale do Minho, promovendo uma rela\u00e7\u00e3o pr\u00f3xima e genu\u00edna com as comunidades locais.\u00a0<\/p>\n\n\n\n<p>A miss\u00e3o da companhia \u00e9 \u201ccriar um projeto cultural adaptado \u00e0 realidade socioecon\u00f3mica do Vale do Minho, com um forte foco no envolvimento das popula\u00e7\u00f5es\u201d.<\/p>\n","protected":false},"excerpt":{"rendered":"<p>As Com\u00e9dias do Minho lan\u00e7am em dezembro um projeto pedag\u00f3gico pioneiro para alunos do ensino secund\u00e1rio de escolas do Alto Minho, colocando-os a \u201cdiscutir o mundo\u201d com artistas ao longo de tr\u00eas anos, foi hoje divulgado. \u201cUm dia por m\u00eas, um criador vai estar com os alunos a trabalhar o pensamento cr\u00edtico, a fazer perguntas, [&hellip;]<\/p>\n","protected":false},"author":13,"featured_media":112771,"comment_status":"closed","ping_status":"closed","sticky":false,"template":"","format":"standard","meta":{"_exactmetrics_skip_tracking":false,"_exactmetrics_sitenote_active":false,"_exactmetrics_sitenote_note":"","_exactmetrics_sitenote_category":0,"footnotes":""},"categories":[73],"tags":[22,27],"class_list":["post-112770","post","type-post","status-publish","format-standard","has-post-thumbnail","hentry","category-alto-minho","tag-educacao","tag-sociedade"],"yoast_head":"<!-- This site is optimized with the Yoast SEO Premium plugin v27.5 (Yoast SEO v27.5) - https:\/\/yoast.com\/product\/yoast-seo-premium-wordpress\/ -->\n<title>Com\u00e9dias do Minho p\u00f5e alunos e artistas a \u201cdiscutir o mundo\u201d durante tr\u00eas anos<\/title>\n<meta name=\"robots\" content=\"index, follow, max-snippet:-1, max-image-preview:large, max-video-preview:-1\" \/>\n<link rel=\"canonical\" href=\"https:\/\/www.altominho.tv\/site\/2024\/11\/26\/comedias-do-minho-poe-alunos-e-artistas-a-discutir-o-mundo-durante-tres-anos\/\" \/>\n<meta property=\"og:locale\" content=\"pt_PT\" \/>\n<meta property=\"og:type\" content=\"article\" \/>\n<meta property=\"og:title\" content=\"Com\u00e9dias do Minho p\u00f5e alunos e artistas a \u201cdiscutir o mundo\u201d durante tr\u00eas anos\" \/>\n<meta property=\"og:description\" content=\"As Com\u00e9dias do Minho lan\u00e7am em dezembro um projeto pedag\u00f3gico pioneiro para alunos do ensino secund\u00e1rio de escolas do Alto Minho, colocando-os a \u201cdiscutir o mundo\u201d com artistas ao longo de tr\u00eas anos, foi hoje divulgado. \u201cUm dia por m\u00eas, um criador vai estar com os alunos a trabalhar o pensamento cr\u00edtico, a fazer perguntas, [&hellip;]\" \/>\n<meta property=\"og:url\" content=\"https:\/\/www.altominho.tv\/site\/2024\/11\/26\/comedias-do-minho-poe-alunos-e-artistas-a-discutir-o-mundo-durante-tres-anos\/\" \/>\n<meta property=\"og:site_name\" content=\"Altominho.tv\" \/>\n<meta property=\"article:publisher\" content=\"https:\/\/www.facebook.com\/altominhotv\" \/>\n<meta property=\"article:published_time\" content=\"2024-11-26T16:52:58+00:00\" \/>\n<meta property=\"article:modified_time\" content=\"2024-11-26T16:53:06+00:00\" \/>\n<meta property=\"og:image\" content=\"https:\/\/www.altominho.tv\/site\/wp-content\/uploads\/2024\/11\/Design-sem-nome-16.jpg\" \/>\n\t<meta property=\"og:image:width\" content=\"1920\" \/>\n\t<meta property=\"og:image:height\" content=\"1080\" \/>\n\t<meta property=\"og:image:type\" content=\"image\/jpeg\" \/>\n<meta name=\"author\" content=\"Lusa\" \/>\n<meta name=\"twitter:card\" content=\"summary_large_image\" \/>\n<meta name=\"twitter:creator\" content=\"@altominhoTV\" \/>\n<meta name=\"twitter:site\" content=\"@altominhoTV\" \/>\n<meta name=\"twitter:label1\" content=\"Escrito por\" \/>\n\t<meta name=\"twitter:data1\" content=\"Lusa\" \/>\n\t<meta name=\"twitter:label2\" content=\"Tempo estimado de leitura\" \/>\n\t<meta name=\"twitter:data2\" content=\"3 minutos\" \/>\n<script type=\"application\/ld+json\" class=\"yoast-schema-graph\">{\"@context\":\"https:\\\/\\\/schema.org\",\"@graph\":[{\"@type\":\"Article\",\"@id\":\"https:\\\/\\\/www.altominho.tv\\\/site\\\/2024\\\/11\\\/26\\\/comedias-do-minho-poe-alunos-e-artistas-a-discutir-o-mundo-durante-tres-anos\\\/#article\",\"isPartOf\":{\"@id\":\"https:\\\/\\\/www.altominho.tv\\\/site\\\/2024\\\/11\\\/26\\\/comedias-do-minho-poe-alunos-e-artistas-a-discutir-o-mundo-durante-tres-anos\\\/\"},\"author\":{\"name\":\"Lusa\",\"@id\":\"https:\\\/\\\/www.altominho.tv\\\/site\\\/#\\\/schema\\\/person\\\/63f693da3e1899361cbe955c46f3232e\"},\"headline\":\"Com\u00e9dias do Minho p\u00f5e alunos e artistas a \u201cdiscutir o mundo\u201d durante tr\u00eas anos\",\"datePublished\":\"2024-11-26T16:52:58+00:00\",\"dateModified\":\"2024-11-26T16:53:06+00:00\",\"mainEntityOfPage\":{\"@id\":\"https:\\\/\\\/www.altominho.tv\\\/site\\\/2024\\\/11\\\/26\\\/comedias-do-minho-poe-alunos-e-artistas-a-discutir-o-mundo-durante-tres-anos\\\/\"},\"wordCount\":442,\"image\":{\"@id\":\"https:\\\/\\\/www.altominho.tv\\\/site\\\/2024\\\/11\\\/26\\\/comedias-do-minho-poe-alunos-e-artistas-a-discutir-o-mundo-durante-tres-anos\\\/#primaryimage\"},\"thumbnailUrl\":\"https:\\\/\\\/www.altominho.tv\\\/site\\\/wp-content\\\/uploads\\\/2024\\\/11\\\/Design-sem-nome-16.jpg\",\"keywords\":[\"Educa\u00e7\u00e3o\",\"Sociedade\"],\"articleSection\":[\"Alto Minho\"],\"inLanguage\":\"pt-PT\",\"copyrightYear\":\"2024\",\"copyrightHolder\":{\"@id\":\"https:\\\/\\\/www.altominho.tv\\\/site\\\/#organization\"}},{\"@type\":\"WebPage\",\"@id\":\"https:\\\/\\\/www.altominho.tv\\\/site\\\/2024\\\/11\\\/26\\\/comedias-do-minho-poe-alunos-e-artistas-a-discutir-o-mundo-durante-tres-anos\\\/\",\"url\":\"https:\\\/\\\/www.altominho.tv\\\/site\\\/2024\\\/11\\\/26\\\/comedias-do-minho-poe-alunos-e-artistas-a-discutir-o-mundo-durante-tres-anos\\\/\",\"name\":\"Com\u00e9dias do Minho p\u00f5e alunos e artistas a \u201cdiscutir o mundo\u201d durante tr\u00eas anos\",\"isPartOf\":{\"@id\":\"https:\\\/\\\/www.altominho.tv\\\/site\\\/#website\"},\"primaryImageOfPage\":{\"@id\":\"https:\\\/\\\/www.altominho.tv\\\/site\\\/2024\\\/11\\\/26\\\/comedias-do-minho-poe-alunos-e-artistas-a-discutir-o-mundo-durante-tres-anos\\\/#primaryimage\"},\"image\":{\"@id\":\"https:\\\/\\\/www.altominho.tv\\\/site\\\/2024\\\/11\\\/26\\\/comedias-do-minho-poe-alunos-e-artistas-a-discutir-o-mundo-durante-tres-anos\\\/#primaryimage\"},\"thumbnailUrl\":\"https:\\\/\\\/www.altominho.tv\\\/site\\\/wp-content\\\/uploads\\\/2024\\\/11\\\/Design-sem-nome-16.jpg\",\"datePublished\":\"2024-11-26T16:52:58+00:00\",\"dateModified\":\"2024-11-26T16:53:06+00:00\",\"author\":{\"@id\":\"https:\\\/\\\/www.altominho.tv\\\/site\\\/#\\\/schema\\\/person\\\/63f693da3e1899361cbe955c46f3232e\"},\"breadcrumb\":{\"@id\":\"https:\\\/\\\/www.altominho.tv\\\/site\\\/2024\\\/11\\\/26\\\/comedias-do-minho-poe-alunos-e-artistas-a-discutir-o-mundo-durante-tres-anos\\\/#breadcrumb\"},\"inLanguage\":\"pt-PT\",\"potentialAction\":[{\"@type\":\"ReadAction\",\"target\":[\"https:\\\/\\\/www.altominho.tv\\\/site\\\/2024\\\/11\\\/26\\\/comedias-do-minho-poe-alunos-e-artistas-a-discutir-o-mundo-durante-tres-anos\\\/\"]}]},{\"@type\":\"ImageObject\",\"inLanguage\":\"pt-PT\",\"@id\":\"https:\\\/\\\/www.altominho.tv\\\/site\\\/2024\\\/11\\\/26\\\/comedias-do-minho-poe-alunos-e-artistas-a-discutir-o-mundo-durante-tres-anos\\\/#primaryimage\",\"url\":\"https:\\\/\\\/www.altominho.tv\\\/site\\\/wp-content\\\/uploads\\\/2024\\\/11\\\/Design-sem-nome-16.jpg\",\"contentUrl\":\"https:\\\/\\\/www.altominho.tv\\\/site\\\/wp-content\\\/uploads\\\/2024\\\/11\\\/Design-sem-nome-16.jpg\",\"width\":1920,\"height\":1080},{\"@type\":\"BreadcrumbList\",\"@id\":\"https:\\\/\\\/www.altominho.tv\\\/site\\\/2024\\\/11\\\/26\\\/comedias-do-minho-poe-alunos-e-artistas-a-discutir-o-mundo-durante-tres-anos\\\/#breadcrumb\",\"itemListElement\":[{\"@type\":\"ListItem\",\"position\":1,\"name\":\"In\u00edcio\",\"item\":\"https:\\\/\\\/www.altominho.tv\\\/site\\\/\"},{\"@type\":\"ListItem\",\"position\":2,\"name\":\"Com\u00e9dias do Minho p\u00f5e alunos e artistas a \u201cdiscutir o mundo\u201d durante tr\u00eas anos\"}]},{\"@type\":\"WebSite\",\"@id\":\"https:\\\/\\\/www.altominho.tv\\\/site\\\/#website\",\"url\":\"https:\\\/\\\/www.altominho.tv\\\/site\\\/\",\"name\":\"Altominho.tv\",\"description\":\"A sua regi\u00e3o \u00e0 dist\u00e2ncia de um clique...\",\"potentialAction\":[{\"@type\":\"SearchAction\",\"target\":{\"@type\":\"EntryPoint\",\"urlTemplate\":\"https:\\\/\\\/www.altominho.tv\\\/site\\\/?s={search_term_string}\"},\"query-input\":{\"@type\":\"PropertyValueSpecification\",\"valueRequired\":true,\"valueName\":\"search_term_string\"}}],\"inLanguage\":\"pt-PT\"},{\"@type\":\"Person\",\"@id\":\"https:\\\/\\\/www.altominho.tv\\\/site\\\/#\\\/schema\\\/person\\\/63f693da3e1899361cbe955c46f3232e\",\"name\":\"Lusa\",\"image\":{\"@type\":\"ImageObject\",\"inLanguage\":\"pt-PT\",\"@id\":\"https:\\\/\\\/www.altominho.tv\\\/site\\\/wp-content\\\/uploads\\\/2019\\\/08\\\/LUSA_Logo.gif\",\"url\":\"https:\\\/\\\/www.altominho.tv\\\/site\\\/wp-content\\\/uploads\\\/2019\\\/08\\\/LUSA_Logo.gif\",\"contentUrl\":\"https:\\\/\\\/www.altominho.tv\\\/site\\\/wp-content\\\/uploads\\\/2019\\\/08\\\/LUSA_Logo.gif\",\"caption\":\"Lusa\"},\"sameAs\":[\"http:\\\/\\\/\\\/\\\/www.altominho.tv\\\/site\"],\"url\":\"https:\\\/\\\/www.altominho.tv\\\/site\\\/author\\\/lusa\\\/\"}]}<\/script>\n<!-- \/ Yoast SEO Premium plugin. -->","yoast_head_json":{"title":"Com\u00e9dias do Minho p\u00f5e alunos e artistas a \u201cdiscutir o mundo\u201d durante tr\u00eas anos","robots":{"index":"index","follow":"follow","max-snippet":"max-snippet:-1","max-image-preview":"max-image-preview:large","max-video-preview":"max-video-preview:-1"},"canonical":"https:\/\/www.altominho.tv\/site\/2024\/11\/26\/comedias-do-minho-poe-alunos-e-artistas-a-discutir-o-mundo-durante-tres-anos\/","og_locale":"pt_PT","og_type":"article","og_title":"Com\u00e9dias do Minho p\u00f5e alunos e artistas a \u201cdiscutir o mundo\u201d durante tr\u00eas anos","og_description":"As Com\u00e9dias do Minho lan\u00e7am em dezembro um projeto pedag\u00f3gico pioneiro para alunos do ensino secund\u00e1rio de escolas do Alto Minho, colocando-os a \u201cdiscutir o mundo\u201d com artistas ao longo de tr\u00eas anos, foi hoje divulgado. \u201cUm dia por m\u00eas, um criador vai estar com os alunos a trabalhar o pensamento cr\u00edtico, a fazer perguntas, [&hellip;]","og_url":"https:\/\/www.altominho.tv\/site\/2024\/11\/26\/comedias-do-minho-poe-alunos-e-artistas-a-discutir-o-mundo-durante-tres-anos\/","og_site_name":"Altominho.tv","article_publisher":"https:\/\/www.facebook.com\/altominhotv","article_published_time":"2024-11-26T16:52:58+00:00","article_modified_time":"2024-11-26T16:53:06+00:00","og_image":[{"width":1920,"height":1080,"url":"https:\/\/www.altominho.tv\/site\/wp-content\/uploads\/2024\/11\/Design-sem-nome-16.jpg","type":"image\/jpeg"}],"author":"Lusa","twitter_card":"summary_large_image","twitter_creator":"@altominhoTV","twitter_site":"@altominhoTV","twitter_misc":{"Escrito por":"Lusa","Tempo estimado de leitura":"3 minutos"},"schema":{"@context":"https:\/\/schema.org","@graph":[{"@type":"Article","@id":"https:\/\/www.altominho.tv\/site\/2024\/11\/26\/comedias-do-minho-poe-alunos-e-artistas-a-discutir-o-mundo-durante-tres-anos\/#article","isPartOf":{"@id":"https:\/\/www.altominho.tv\/site\/2024\/11\/26\/comedias-do-minho-poe-alunos-e-artistas-a-discutir-o-mundo-durante-tres-anos\/"},"author":{"name":"Lusa","@id":"https:\/\/www.altominho.tv\/site\/#\/schema\/person\/63f693da3e1899361cbe955c46f3232e"},"headline":"Com\u00e9dias do Minho p\u00f5e alunos e artistas a \u201cdiscutir o mundo\u201d durante tr\u00eas anos","datePublished":"2024-11-26T16:52:58+00:00","dateModified":"2024-11-26T16:53:06+00:00","mainEntityOfPage":{"@id":"https:\/\/www.altominho.tv\/site\/2024\/11\/26\/comedias-do-minho-poe-alunos-e-artistas-a-discutir-o-mundo-durante-tres-anos\/"},"wordCount":442,"image":{"@id":"https:\/\/www.altominho.tv\/site\/2024\/11\/26\/comedias-do-minho-poe-alunos-e-artistas-a-discutir-o-mundo-durante-tres-anos\/#primaryimage"},"thumbnailUrl":"https:\/\/www.altominho.tv\/site\/wp-content\/uploads\/2024\/11\/Design-sem-nome-16.jpg","keywords":["Educa\u00e7\u00e3o","Sociedade"],"articleSection":["Alto Minho"],"inLanguage":"pt-PT","copyrightYear":"2024","copyrightHolder":{"@id":"https:\/\/www.altominho.tv\/site\/#organization"}},{"@type":"WebPage","@id":"https:\/\/www.altominho.tv\/site\/2024\/11\/26\/comedias-do-minho-poe-alunos-e-artistas-a-discutir-o-mundo-durante-tres-anos\/","url":"https:\/\/www.altominho.tv\/site\/2024\/11\/26\/comedias-do-minho-poe-alunos-e-artistas-a-discutir-o-mundo-durante-tres-anos\/","name":"Com\u00e9dias do Minho p\u00f5e alunos e artistas a \u201cdiscutir o mundo\u201d durante tr\u00eas anos","isPartOf":{"@id":"https:\/\/www.altominho.tv\/site\/#website"},"primaryImageOfPage":{"@id":"https:\/\/www.altominho.tv\/site\/2024\/11\/26\/comedias-do-minho-poe-alunos-e-artistas-a-discutir-o-mundo-durante-tres-anos\/#primaryimage"},"image":{"@id":"https:\/\/www.altominho.tv\/site\/2024\/11\/26\/comedias-do-minho-poe-alunos-e-artistas-a-discutir-o-mundo-durante-tres-anos\/#primaryimage"},"thumbnailUrl":"https:\/\/www.altominho.tv\/site\/wp-content\/uploads\/2024\/11\/Design-sem-nome-16.jpg","datePublished":"2024-11-26T16:52:58+00:00","dateModified":"2024-11-26T16:53:06+00:00","author":{"@id":"https:\/\/www.altominho.tv\/site\/#\/schema\/person\/63f693da3e1899361cbe955c46f3232e"},"breadcrumb":{"@id":"https:\/\/www.altominho.tv\/site\/2024\/11\/26\/comedias-do-minho-poe-alunos-e-artistas-a-discutir-o-mundo-durante-tres-anos\/#breadcrumb"},"inLanguage":"pt-PT","potentialAction":[{"@type":"ReadAction","target":["https:\/\/www.altominho.tv\/site\/2024\/11\/26\/comedias-do-minho-poe-alunos-e-artistas-a-discutir-o-mundo-durante-tres-anos\/"]}]},{"@type":"ImageObject","inLanguage":"pt-PT","@id":"https:\/\/www.altominho.tv\/site\/2024\/11\/26\/comedias-do-minho-poe-alunos-e-artistas-a-discutir-o-mundo-durante-tres-anos\/#primaryimage","url":"https:\/\/www.altominho.tv\/site\/wp-content\/uploads\/2024\/11\/Design-sem-nome-16.jpg","contentUrl":"https:\/\/www.altominho.tv\/site\/wp-content\/uploads\/2024\/11\/Design-sem-nome-16.jpg","width":1920,"height":1080},{"@type":"BreadcrumbList","@id":"https:\/\/www.altominho.tv\/site\/2024\/11\/26\/comedias-do-minho-poe-alunos-e-artistas-a-discutir-o-mundo-durante-tres-anos\/#breadcrumb","itemListElement":[{"@type":"ListItem","position":1,"name":"In\u00edcio","item":"https:\/\/www.altominho.tv\/site\/"},{"@type":"ListItem","position":2,"name":"Com\u00e9dias do Minho p\u00f5e alunos e artistas a \u201cdiscutir o mundo\u201d durante tr\u00eas anos"}]},{"@type":"WebSite","@id":"https:\/\/www.altominho.tv\/site\/#website","url":"https:\/\/www.altominho.tv\/site\/","name":"Altominho.tv","description":"A sua regi\u00e3o \u00e0 dist\u00e2ncia de um clique...","potentialAction":[{"@type":"SearchAction","target":{"@type":"EntryPoint","urlTemplate":"https:\/\/www.altominho.tv\/site\/?s={search_term_string}"},"query-input":{"@type":"PropertyValueSpecification","valueRequired":true,"valueName":"search_term_string"}}],"inLanguage":"pt-PT"},{"@type":"Person","@id":"https:\/\/www.altominho.tv\/site\/#\/schema\/person\/63f693da3e1899361cbe955c46f3232e","name":"Lusa","image":{"@type":"ImageObject","inLanguage":"pt-PT","@id":"https:\/\/www.altominho.tv\/site\/wp-content\/uploads\/2019\/08\/LUSA_Logo.gif","url":"https:\/\/www.altominho.tv\/site\/wp-content\/uploads\/2019\/08\/LUSA_Logo.gif","contentUrl":"https:\/\/www.altominho.tv\/site\/wp-content\/uploads\/2019\/08\/LUSA_Logo.gif","caption":"Lusa"},"sameAs":["http:\/\/\/\/www.altominho.tv\/site"],"url":"https:\/\/www.altominho.tv\/site\/author\/lusa\/"}]}},"_links":{"self":[{"href":"https:\/\/www.altominho.tv\/site\/wp-json\/wp\/v2\/posts\/112770","targetHints":{"allow":["GET"]}}],"collection":[{"href":"https:\/\/www.altominho.tv\/site\/wp-json\/wp\/v2\/posts"}],"about":[{"href":"https:\/\/www.altominho.tv\/site\/wp-json\/wp\/v2\/types\/post"}],"author":[{"embeddable":true,"href":"https:\/\/www.altominho.tv\/site\/wp-json\/wp\/v2\/users\/13"}],"replies":[{"embeddable":true,"href":"https:\/\/www.altominho.tv\/site\/wp-json\/wp\/v2\/comments?post=112770"}],"version-history":[{"count":1,"href":"https:\/\/www.altominho.tv\/site\/wp-json\/wp\/v2\/posts\/112770\/revisions"}],"predecessor-version":[{"id":112772,"href":"https:\/\/www.altominho.tv\/site\/wp-json\/wp\/v2\/posts\/112770\/revisions\/112772"}],"wp:featuredmedia":[{"embeddable":true,"href":"https:\/\/www.altominho.tv\/site\/wp-json\/wp\/v2\/media\/112771"}],"wp:attachment":[{"href":"https:\/\/www.altominho.tv\/site\/wp-json\/wp\/v2\/media?parent=112770"}],"wp:term":[{"taxonomy":"category","embeddable":true,"href":"https:\/\/www.altominho.tv\/site\/wp-json\/wp\/v2\/categories?post=112770"},{"taxonomy":"post_tag","embeddable":true,"href":"https:\/\/www.altominho.tv\/site\/wp-json\/wp\/v2\/tags?post=112770"}],"curies":[{"name":"wp","href":"https:\/\/api.w.org\/{rel}","templated":true}]}}