{"id":112721,"date":"2024-11-25T11:26:32","date_gmt":"2024-11-25T11:26:32","guid":{"rendered":"https:\/\/www.altominho.tv\/site\/?p=112721"},"modified":"2024-11-25T11:26:35","modified_gmt":"2024-11-25T11:26:35","slug":"associacao-apela-a-prevencao-contra-invasao-nacional-de-vespa-pior-que-a-asiatica","status":"publish","type":"post","link":"https:\/\/www.altominho.tv\/site\/2024\/11\/25\/associacao-apela-a-prevencao-contra-invasao-nacional-de-vespa-pior-que-a-asiatica\/","title":{"rendered":"Associa\u00e7\u00e3o apela \u00e0 preven\u00e7\u00e3o contra invas\u00e3o nacional de vespa pior que a asi\u00e1tica"},"content":{"rendered":"\n<p>A Associa\u00e7\u00e3o Ap\u00edcola de Entre Minho e Lima (APIMIL) apelou hoje \u00e0s autoridades nacionais que tomem \u201ca\u00e7\u00f5es concretas e bem dirigidas\u201d contra a amea\u00e7a de invas\u00e3o de uma nova vespa, mais perigosa do que a asi\u00e1tica.\u00a0<\/p>\n\n\n\n<p>Em declara\u00e7\u00f5es \u00e0 ag\u00eancia Lusa, o presidente da APIMIL, Alberto Dias, explicou que um estudo da Universidade de Oviedo, nas Ast\u00farias, Espanha, publicado no in\u00edcio do m\u00eas, na revista Ecologia e Evolu\u00e7\u00e3o, apresenta o primeiro registo europeu [quatro exemplares] da presen\u00e7a da vespa soror, no concelho de Siero, Ast\u00farias, Espanha.<\/p>\n\n\n\n<p>De acordo com o estudo, hoje consultado pela Lusa, a vespa soror pode \u201cter sido um passageiro clandestino, durante a hiberna\u00e7\u00e3o\u201d, em transporte de mercadorias.<br>Apresenta \u201cuma colora\u00e7\u00e3o peculiar\u201d, sendo que \u201cambos os sexos s\u00e3o tricolores, com \u00e1reas pretas, castanho-escuro, castanho-claro e amarelas\u201d.<\/p>\n\n\n\n<p>A esp\u00e9cie possui uma cabe\u00e7a \u201cexcecionalmente grande\u201d e \u201c\u00e9 um predador agressivo que ca\u00e7a invertebrados de v\u00e1rios tamanhos, incluindo borboletas, lib\u00e9lulas, louva-a-deus e gafanhotos, bem como outras vespas e at\u00e9 mesmo pequenos vertebrados como lagartixas\u201d.<\/p>\n\n\n\n<p>A vespa soror \u201cpode gerar problemas no setor de sa\u00fade, pois a picada \u00e9 muito dolorosa e produz efeitos duradouros, provavelmente por ter um veneno potente\u201d.<\/p>\n\n\n\n<p>Alberto Dias referiu n\u00e3o haver registo da presen\u00e7a da vespa soror em Portugal, mas alertou que \u201ca proximidade\u201d do Alto Minho com a Galiza, onde a esp\u00e9cie tamb\u00e9m ainda n\u00e3o foi detetada, \u201cdeve fazer acender as luzes vermelhas e tocar as campainhas\u201d, para n\u00e3o se repetir a \u201cpraga\u201d da vespa asi\u00e1tica.<\/p>\n\n\n\n<p>A vespa velutina, vulgarmente conhecida por vespa asi\u00e1tica, entrou na Europa atrav\u00e9s do porto de Bord\u00e9us, em Fran\u00e7a, em 2004 e chegou ao Alto Minho em 2011.<br>\u201cQuando a APIMIL detetou em Viana do Castelo a presen\u00e7a de uma esp\u00e9cie hoje conhecida de todos, a vespa velutina, fomos ridicularizados e apelidados de alarmistas e ut\u00f3picos. Hoje, podemos constatar o resultado da utopia de ent\u00e3o\u201d, afirmou Alberto Dias.<br>Para o presidente da associa\u00e7\u00e3o de apicultores, com sede em Vila Nova de Cerveira, distrito de Viana do Castelo, \u201cPortugal tem obrigatoriamente de ter uma atitude diferente com a vespa soror daquela que teve com a asi\u00e1tica\u201d.<\/p>\n\n\n\n<p>Segundo Alberto Dias, \u201ctodas as entidades s\u00e3o conhecedoras da situa\u00e7\u00e3o e est\u00e3o perfeitamente despertas para o problema em causa\u201d, mas considerou que \u201cdevem ser planeadas e encetadas a\u00e7\u00f5es concretas e bem dirigidas, tendo por base as li\u00e7\u00f5es aprendidas com a vespa velutina\u201d.<\/p>\n\n\n\n<p>\u201cTemos a necessidade de colocar em pr\u00e1tica as li\u00e7\u00f5es aprendidas durante mais de 10 anos\u201d, reclamou, afirmando-se \u201cpreocupado com o impacto de uma nova praga no setor ap\u00edcola que\u201d.\u00a0<\/p>\n\n\n\n<p>\u201cAs perdas ap\u00edcolas pela presen\u00e7a desta esp\u00e9cie s\u00e3o uma realidade de milh\u00f5es de euros\u201d, destacou.\u00a0<\/p>\n\n\n\n<p><br>A APIMIL tem 200 associados que operam em 70% das 20 mil colmeias registadas nos 10 concelhos do distrito de Viana do Castelo.<\/p>\n\n\n\n<p>O respons\u00e1vel disse que o estudo realizado pela Universidade de Oviedo sublinha que \u201ca presen\u00e7a da vespa soror na regi\u00e3o Norte da Pen\u00ednsula Ib\u00e9rica, onde a invasora vespa velutina \u00e9 disseminada, pode ter um efeito cumulativo aumentado e at\u00e9 mesmo de sa\u00fade p\u00fablica j\u00e1 desencadeados pela vespa velutina\u201d.<\/p>\n\n\n\n<p>\u201cNum setor (apicultura) empobrecido e envelhecido, a desmotiva\u00e7\u00e3o e a capacidade de lutar contra as baixas produ\u00e7\u00f5es e o custo dos fatores de produ\u00e7\u00e3o empurram seriamente para o abandono da atividade. Curiosamente, ao n\u00edvel da Uni\u00e3o Europeia constatamos o aumento das medidas ambientais, da necessidade de polinizadores, dos corredores verdes, onde a apicultura tem o seu papel bem marcado\u201d, referiu, rejeitando a postura do \u201cvamos ver o que d\u00e1\u201d.<\/p>\n\n\n\n<p>Alberto Dias afirmou que \u201cos apicultores, enquanto pessoas conhecidas nos espa\u00e7os onde vivem, continuam a ser, talvez, a rede de maior express\u00e3o na monitoriza\u00e7\u00e3o e combate \u00e0 vespa velutina\u201d.\u00a0<\/p>\n\n\n\n<p>Para Alberto Dias, \u201ca apicultura n\u00e3o \u00e9 uma a\u00e7\u00e3o que se realiza \u00e0s vezes, de forma espor\u00e1dica\u201d, mas \u201c\u00e9 uma atividade ecol\u00f3gica di\u00e1ria, de grande valor ambiental na recupera\u00e7\u00e3o e manuten\u00e7\u00e3o de ecossistemas\u201d.\u00a0<\/p>\n\n\n\n<p>\u201cSe Portugal deseja ter mais apicultores, se queremos atrav\u00e9s deles manter ou aumentar a rede de monitoriza\u00e7\u00e3o para as esp\u00e9cies invasoras atuais e futuras, devemos desde j\u00e1 potenciar a produ\u00e7\u00e3o ap\u00edcola, apoiando com medidas concretas\u201d, refor\u00e7ou.<\/p>\n","protected":false},"excerpt":{"rendered":"<p>A Associa\u00e7\u00e3o Ap\u00edcola de Entre Minho e Lima (APIMIL) apelou hoje \u00e0s autoridades nacionais que tomem \u201ca\u00e7\u00f5es concretas e bem dirigidas\u201d contra a amea\u00e7a de invas\u00e3o de uma nova vespa, mais perigosa do que a asi\u00e1tica.\u00a0 Em declara\u00e7\u00f5es \u00e0 ag\u00eancia Lusa, o presidente da APIMIL, Alberto Dias, explicou que um estudo da Universidade de Oviedo, [&hellip;]<\/p>\n","protected":false},"author":13,"featured_media":112723,"comment_status":"closed","ping_status":"closed","sticky":false,"template":"","format":"standard","meta":{"_exactmetrics_skip_tracking":false,"_exactmetrics_sitenote_active":false,"_exactmetrics_sitenote_note":"","_exactmetrics_sitenote_category":0,"footnotes":""},"categories":[73],"tags":[27],"class_list":["post-112721","post","type-post","status-publish","format-standard","has-post-thumbnail","hentry","category-alto-minho","tag-sociedade"],"yoast_head":"<!-- This site is optimized with the Yoast SEO Premium plugin v27.5 (Yoast SEO v27.5) - https:\/\/yoast.com\/product\/yoast-seo-premium-wordpress\/ -->\n<title>Associa\u00e7\u00e3o apela \u00e0 preven\u00e7\u00e3o contra invas\u00e3o nacional de vespa pior que a asi\u00e1tica<\/title>\n<meta name=\"robots\" content=\"index, follow, max-snippet:-1, max-image-preview:large, max-video-preview:-1\" \/>\n<link rel=\"canonical\" href=\"https:\/\/www.altominho.tv\/site\/2024\/11\/25\/associacao-apela-a-prevencao-contra-invasao-nacional-de-vespa-pior-que-a-asiatica\/\" \/>\n<meta property=\"og:locale\" content=\"pt_PT\" \/>\n<meta property=\"og:type\" content=\"article\" \/>\n<meta property=\"og:title\" content=\"Associa\u00e7\u00e3o apela \u00e0 preven\u00e7\u00e3o contra invas\u00e3o nacional de vespa pior que a asi\u00e1tica\" \/>\n<meta property=\"og:description\" content=\"A Associa\u00e7\u00e3o Ap\u00edcola de Entre Minho e Lima (APIMIL) apelou hoje \u00e0s autoridades nacionais que tomem \u201ca\u00e7\u00f5es concretas e bem dirigidas\u201d contra a amea\u00e7a de invas\u00e3o de uma nova vespa, mais perigosa do que a asi\u00e1tica.\u00a0 Em declara\u00e7\u00f5es \u00e0 ag\u00eancia Lusa, o presidente da APIMIL, Alberto Dias, explicou que um estudo da Universidade de Oviedo, [&hellip;]\" \/>\n<meta property=\"og:url\" content=\"https:\/\/www.altominho.tv\/site\/2024\/11\/25\/associacao-apela-a-prevencao-contra-invasao-nacional-de-vespa-pior-que-a-asiatica\/\" \/>\n<meta property=\"og:site_name\" content=\"Altominho.tv\" \/>\n<meta property=\"article:publisher\" content=\"https:\/\/www.facebook.com\/altominhotv\" \/>\n<meta property=\"article:published_time\" content=\"2024-11-25T11:26:32+00:00\" \/>\n<meta property=\"article:modified_time\" content=\"2024-11-25T11:26:35+00:00\" \/>\n<meta property=\"og:image\" content=\"https:\/\/www.altominho.tv\/site\/wp-content\/uploads\/2024\/11\/vespa.jpg\" \/>\n\t<meta property=\"og:image:width\" content=\"1920\" \/>\n\t<meta property=\"og:image:height\" content=\"1080\" \/>\n\t<meta property=\"og:image:type\" content=\"image\/jpeg\" \/>\n<meta name=\"author\" content=\"Lusa\" \/>\n<meta name=\"twitter:card\" content=\"summary_large_image\" \/>\n<meta name=\"twitter:creator\" content=\"@altominhoTV\" \/>\n<meta name=\"twitter:site\" content=\"@altominhoTV\" \/>\n<meta name=\"twitter:label1\" content=\"Escrito por\" \/>\n\t<meta name=\"twitter:data1\" content=\"Lusa\" \/>\n\t<meta name=\"twitter:label2\" content=\"Tempo estimado de leitura\" \/>\n\t<meta name=\"twitter:data2\" content=\"4 minutos\" \/>\n<script type=\"application\/ld+json\" class=\"yoast-schema-graph\">{\"@context\":\"https:\\\/\\\/schema.org\",\"@graph\":[{\"@type\":\"Article\",\"@id\":\"https:\\\/\\\/www.altominho.tv\\\/site\\\/2024\\\/11\\\/25\\\/associacao-apela-a-prevencao-contra-invasao-nacional-de-vespa-pior-que-a-asiatica\\\/#article\",\"isPartOf\":{\"@id\":\"https:\\\/\\\/www.altominho.tv\\\/site\\\/2024\\\/11\\\/25\\\/associacao-apela-a-prevencao-contra-invasao-nacional-de-vespa-pior-que-a-asiatica\\\/\"},\"author\":{\"name\":\"Lusa\",\"@id\":\"https:\\\/\\\/www.altominho.tv\\\/site\\\/#\\\/schema\\\/person\\\/63f693da3e1899361cbe955c46f3232e\"},\"headline\":\"Associa\u00e7\u00e3o apela \u00e0 preven\u00e7\u00e3o contra invas\u00e3o nacional de vespa pior que a asi\u00e1tica\",\"datePublished\":\"2024-11-25T11:26:32+00:00\",\"dateModified\":\"2024-11-25T11:26:35+00:00\",\"mainEntityOfPage\":{\"@id\":\"https:\\\/\\\/www.altominho.tv\\\/site\\\/2024\\\/11\\\/25\\\/associacao-apela-a-prevencao-contra-invasao-nacional-de-vespa-pior-que-a-asiatica\\\/\"},\"wordCount\":752,\"image\":{\"@id\":\"https:\\\/\\\/www.altominho.tv\\\/site\\\/2024\\\/11\\\/25\\\/associacao-apela-a-prevencao-contra-invasao-nacional-de-vespa-pior-que-a-asiatica\\\/#primaryimage\"},\"thumbnailUrl\":\"https:\\\/\\\/www.altominho.tv\\\/site\\\/wp-content\\\/uploads\\\/2024\\\/11\\\/vespa.jpg\",\"keywords\":[\"Sociedade\"],\"articleSection\":[\"Alto Minho\"],\"inLanguage\":\"pt-PT\",\"copyrightYear\":\"2024\",\"copyrightHolder\":{\"@id\":\"https:\\\/\\\/www.altominho.tv\\\/site\\\/#organization\"}},{\"@type\":\"WebPage\",\"@id\":\"https:\\\/\\\/www.altominho.tv\\\/site\\\/2024\\\/11\\\/25\\\/associacao-apela-a-prevencao-contra-invasao-nacional-de-vespa-pior-que-a-asiatica\\\/\",\"url\":\"https:\\\/\\\/www.altominho.tv\\\/site\\\/2024\\\/11\\\/25\\\/associacao-apela-a-prevencao-contra-invasao-nacional-de-vespa-pior-que-a-asiatica\\\/\",\"name\":\"Associa\u00e7\u00e3o apela \u00e0 preven\u00e7\u00e3o contra invas\u00e3o nacional de vespa pior que a asi\u00e1tica\",\"isPartOf\":{\"@id\":\"https:\\\/\\\/www.altominho.tv\\\/site\\\/#website\"},\"primaryImageOfPage\":{\"@id\":\"https:\\\/\\\/www.altominho.tv\\\/site\\\/2024\\\/11\\\/25\\\/associacao-apela-a-prevencao-contra-invasao-nacional-de-vespa-pior-que-a-asiatica\\\/#primaryimage\"},\"image\":{\"@id\":\"https:\\\/\\\/www.altominho.tv\\\/site\\\/2024\\\/11\\\/25\\\/associacao-apela-a-prevencao-contra-invasao-nacional-de-vespa-pior-que-a-asiatica\\\/#primaryimage\"},\"thumbnailUrl\":\"https:\\\/\\\/www.altominho.tv\\\/site\\\/wp-content\\\/uploads\\\/2024\\\/11\\\/vespa.jpg\",\"datePublished\":\"2024-11-25T11:26:32+00:00\",\"dateModified\":\"2024-11-25T11:26:35+00:00\",\"author\":{\"@id\":\"https:\\\/\\\/www.altominho.tv\\\/site\\\/#\\\/schema\\\/person\\\/63f693da3e1899361cbe955c46f3232e\"},\"breadcrumb\":{\"@id\":\"https:\\\/\\\/www.altominho.tv\\\/site\\\/2024\\\/11\\\/25\\\/associacao-apela-a-prevencao-contra-invasao-nacional-de-vespa-pior-que-a-asiatica\\\/#breadcrumb\"},\"inLanguage\":\"pt-PT\",\"potentialAction\":[{\"@type\":\"ReadAction\",\"target\":[\"https:\\\/\\\/www.altominho.tv\\\/site\\\/2024\\\/11\\\/25\\\/associacao-apela-a-prevencao-contra-invasao-nacional-de-vespa-pior-que-a-asiatica\\\/\"]}]},{\"@type\":\"ImageObject\",\"inLanguage\":\"pt-PT\",\"@id\":\"https:\\\/\\\/www.altominho.tv\\\/site\\\/2024\\\/11\\\/25\\\/associacao-apela-a-prevencao-contra-invasao-nacional-de-vespa-pior-que-a-asiatica\\\/#primaryimage\",\"url\":\"https:\\\/\\\/www.altominho.tv\\\/site\\\/wp-content\\\/uploads\\\/2024\\\/11\\\/vespa.jpg\",\"contentUrl\":\"https:\\\/\\\/www.altominho.tv\\\/site\\\/wp-content\\\/uploads\\\/2024\\\/11\\\/vespa.jpg\",\"width\":1920,\"height\":1080},{\"@type\":\"BreadcrumbList\",\"@id\":\"https:\\\/\\\/www.altominho.tv\\\/site\\\/2024\\\/11\\\/25\\\/associacao-apela-a-prevencao-contra-invasao-nacional-de-vespa-pior-que-a-asiatica\\\/#breadcrumb\",\"itemListElement\":[{\"@type\":\"ListItem\",\"position\":1,\"name\":\"In\u00edcio\",\"item\":\"https:\\\/\\\/www.altominho.tv\\\/site\\\/\"},{\"@type\":\"ListItem\",\"position\":2,\"name\":\"Associa\u00e7\u00e3o apela \u00e0 preven\u00e7\u00e3o contra invas\u00e3o nacional de vespa pior que a asi\u00e1tica\"}]},{\"@type\":\"WebSite\",\"@id\":\"https:\\\/\\\/www.altominho.tv\\\/site\\\/#website\",\"url\":\"https:\\\/\\\/www.altominho.tv\\\/site\\\/\",\"name\":\"Altominho.tv\",\"description\":\"A sua regi\u00e3o \u00e0 dist\u00e2ncia de um clique...\",\"potentialAction\":[{\"@type\":\"SearchAction\",\"target\":{\"@type\":\"EntryPoint\",\"urlTemplate\":\"https:\\\/\\\/www.altominho.tv\\\/site\\\/?s={search_term_string}\"},\"query-input\":{\"@type\":\"PropertyValueSpecification\",\"valueRequired\":true,\"valueName\":\"search_term_string\"}}],\"inLanguage\":\"pt-PT\"},{\"@type\":\"Person\",\"@id\":\"https:\\\/\\\/www.altominho.tv\\\/site\\\/#\\\/schema\\\/person\\\/63f693da3e1899361cbe955c46f3232e\",\"name\":\"Lusa\",\"image\":{\"@type\":\"ImageObject\",\"inLanguage\":\"pt-PT\",\"@id\":\"https:\\\/\\\/www.altominho.tv\\\/site\\\/wp-content\\\/uploads\\\/2019\\\/08\\\/LUSA_Logo.gif\",\"url\":\"https:\\\/\\\/www.altominho.tv\\\/site\\\/wp-content\\\/uploads\\\/2019\\\/08\\\/LUSA_Logo.gif\",\"contentUrl\":\"https:\\\/\\\/www.altominho.tv\\\/site\\\/wp-content\\\/uploads\\\/2019\\\/08\\\/LUSA_Logo.gif\",\"caption\":\"Lusa\"},\"sameAs\":[\"http:\\\/\\\/\\\/\\\/www.altominho.tv\\\/site\"],\"url\":\"https:\\\/\\\/www.altominho.tv\\\/site\\\/author\\\/lusa\\\/\"}]}<\/script>\n<!-- \/ Yoast SEO Premium plugin. -->","yoast_head_json":{"title":"Associa\u00e7\u00e3o apela \u00e0 preven\u00e7\u00e3o contra invas\u00e3o nacional de vespa pior que a asi\u00e1tica","robots":{"index":"index","follow":"follow","max-snippet":"max-snippet:-1","max-image-preview":"max-image-preview:large","max-video-preview":"max-video-preview:-1"},"canonical":"https:\/\/www.altominho.tv\/site\/2024\/11\/25\/associacao-apela-a-prevencao-contra-invasao-nacional-de-vespa-pior-que-a-asiatica\/","og_locale":"pt_PT","og_type":"article","og_title":"Associa\u00e7\u00e3o apela \u00e0 preven\u00e7\u00e3o contra invas\u00e3o nacional de vespa pior que a asi\u00e1tica","og_description":"A Associa\u00e7\u00e3o Ap\u00edcola de Entre Minho e Lima (APIMIL) apelou hoje \u00e0s autoridades nacionais que tomem \u201ca\u00e7\u00f5es concretas e bem dirigidas\u201d contra a amea\u00e7a de invas\u00e3o de uma nova vespa, mais perigosa do que a asi\u00e1tica.\u00a0 Em declara\u00e7\u00f5es \u00e0 ag\u00eancia Lusa, o presidente da APIMIL, Alberto Dias, explicou que um estudo da Universidade de Oviedo, [&hellip;]","og_url":"https:\/\/www.altominho.tv\/site\/2024\/11\/25\/associacao-apela-a-prevencao-contra-invasao-nacional-de-vespa-pior-que-a-asiatica\/","og_site_name":"Altominho.tv","article_publisher":"https:\/\/www.facebook.com\/altominhotv","article_published_time":"2024-11-25T11:26:32+00:00","article_modified_time":"2024-11-25T11:26:35+00:00","og_image":[{"width":1920,"height":1080,"url":"https:\/\/www.altominho.tv\/site\/wp-content\/uploads\/2024\/11\/vespa.jpg","type":"image\/jpeg"}],"author":"Lusa","twitter_card":"summary_large_image","twitter_creator":"@altominhoTV","twitter_site":"@altominhoTV","twitter_misc":{"Escrito por":"Lusa","Tempo estimado de leitura":"4 minutos"},"schema":{"@context":"https:\/\/schema.org","@graph":[{"@type":"Article","@id":"https:\/\/www.altominho.tv\/site\/2024\/11\/25\/associacao-apela-a-prevencao-contra-invasao-nacional-de-vespa-pior-que-a-asiatica\/#article","isPartOf":{"@id":"https:\/\/www.altominho.tv\/site\/2024\/11\/25\/associacao-apela-a-prevencao-contra-invasao-nacional-de-vespa-pior-que-a-asiatica\/"},"author":{"name":"Lusa","@id":"https:\/\/www.altominho.tv\/site\/#\/schema\/person\/63f693da3e1899361cbe955c46f3232e"},"headline":"Associa\u00e7\u00e3o apela \u00e0 preven\u00e7\u00e3o contra invas\u00e3o nacional de vespa pior que a asi\u00e1tica","datePublished":"2024-11-25T11:26:32+00:00","dateModified":"2024-11-25T11:26:35+00:00","mainEntityOfPage":{"@id":"https:\/\/www.altominho.tv\/site\/2024\/11\/25\/associacao-apela-a-prevencao-contra-invasao-nacional-de-vespa-pior-que-a-asiatica\/"},"wordCount":752,"image":{"@id":"https:\/\/www.altominho.tv\/site\/2024\/11\/25\/associacao-apela-a-prevencao-contra-invasao-nacional-de-vespa-pior-que-a-asiatica\/#primaryimage"},"thumbnailUrl":"https:\/\/www.altominho.tv\/site\/wp-content\/uploads\/2024\/11\/vespa.jpg","keywords":["Sociedade"],"articleSection":["Alto Minho"],"inLanguage":"pt-PT","copyrightYear":"2024","copyrightHolder":{"@id":"https:\/\/www.altominho.tv\/site\/#organization"}},{"@type":"WebPage","@id":"https:\/\/www.altominho.tv\/site\/2024\/11\/25\/associacao-apela-a-prevencao-contra-invasao-nacional-de-vespa-pior-que-a-asiatica\/","url":"https:\/\/www.altominho.tv\/site\/2024\/11\/25\/associacao-apela-a-prevencao-contra-invasao-nacional-de-vespa-pior-que-a-asiatica\/","name":"Associa\u00e7\u00e3o apela \u00e0 preven\u00e7\u00e3o contra invas\u00e3o nacional de vespa pior que a asi\u00e1tica","isPartOf":{"@id":"https:\/\/www.altominho.tv\/site\/#website"},"primaryImageOfPage":{"@id":"https:\/\/www.altominho.tv\/site\/2024\/11\/25\/associacao-apela-a-prevencao-contra-invasao-nacional-de-vespa-pior-que-a-asiatica\/#primaryimage"},"image":{"@id":"https:\/\/www.altominho.tv\/site\/2024\/11\/25\/associacao-apela-a-prevencao-contra-invasao-nacional-de-vespa-pior-que-a-asiatica\/#primaryimage"},"thumbnailUrl":"https:\/\/www.altominho.tv\/site\/wp-content\/uploads\/2024\/11\/vespa.jpg","datePublished":"2024-11-25T11:26:32+00:00","dateModified":"2024-11-25T11:26:35+00:00","author":{"@id":"https:\/\/www.altominho.tv\/site\/#\/schema\/person\/63f693da3e1899361cbe955c46f3232e"},"breadcrumb":{"@id":"https:\/\/www.altominho.tv\/site\/2024\/11\/25\/associacao-apela-a-prevencao-contra-invasao-nacional-de-vespa-pior-que-a-asiatica\/#breadcrumb"},"inLanguage":"pt-PT","potentialAction":[{"@type":"ReadAction","target":["https:\/\/www.altominho.tv\/site\/2024\/11\/25\/associacao-apela-a-prevencao-contra-invasao-nacional-de-vespa-pior-que-a-asiatica\/"]}]},{"@type":"ImageObject","inLanguage":"pt-PT","@id":"https:\/\/www.altominho.tv\/site\/2024\/11\/25\/associacao-apela-a-prevencao-contra-invasao-nacional-de-vespa-pior-que-a-asiatica\/#primaryimage","url":"https:\/\/www.altominho.tv\/site\/wp-content\/uploads\/2024\/11\/vespa.jpg","contentUrl":"https:\/\/www.altominho.tv\/site\/wp-content\/uploads\/2024\/11\/vespa.jpg","width":1920,"height":1080},{"@type":"BreadcrumbList","@id":"https:\/\/www.altominho.tv\/site\/2024\/11\/25\/associacao-apela-a-prevencao-contra-invasao-nacional-de-vespa-pior-que-a-asiatica\/#breadcrumb","itemListElement":[{"@type":"ListItem","position":1,"name":"In\u00edcio","item":"https:\/\/www.altominho.tv\/site\/"},{"@type":"ListItem","position":2,"name":"Associa\u00e7\u00e3o apela \u00e0 preven\u00e7\u00e3o contra invas\u00e3o nacional de vespa pior que a asi\u00e1tica"}]},{"@type":"WebSite","@id":"https:\/\/www.altominho.tv\/site\/#website","url":"https:\/\/www.altominho.tv\/site\/","name":"Altominho.tv","description":"A sua regi\u00e3o \u00e0 dist\u00e2ncia de um clique...","potentialAction":[{"@type":"SearchAction","target":{"@type":"EntryPoint","urlTemplate":"https:\/\/www.altominho.tv\/site\/?s={search_term_string}"},"query-input":{"@type":"PropertyValueSpecification","valueRequired":true,"valueName":"search_term_string"}}],"inLanguage":"pt-PT"},{"@type":"Person","@id":"https:\/\/www.altominho.tv\/site\/#\/schema\/person\/63f693da3e1899361cbe955c46f3232e","name":"Lusa","image":{"@type":"ImageObject","inLanguage":"pt-PT","@id":"https:\/\/www.altominho.tv\/site\/wp-content\/uploads\/2019\/08\/LUSA_Logo.gif","url":"https:\/\/www.altominho.tv\/site\/wp-content\/uploads\/2019\/08\/LUSA_Logo.gif","contentUrl":"https:\/\/www.altominho.tv\/site\/wp-content\/uploads\/2019\/08\/LUSA_Logo.gif","caption":"Lusa"},"sameAs":["http:\/\/\/\/www.altominho.tv\/site"],"url":"https:\/\/www.altominho.tv\/site\/author\/lusa\/"}]}},"_links":{"self":[{"href":"https:\/\/www.altominho.tv\/site\/wp-json\/wp\/v2\/posts\/112721","targetHints":{"allow":["GET"]}}],"collection":[{"href":"https:\/\/www.altominho.tv\/site\/wp-json\/wp\/v2\/posts"}],"about":[{"href":"https:\/\/www.altominho.tv\/site\/wp-json\/wp\/v2\/types\/post"}],"author":[{"embeddable":true,"href":"https:\/\/www.altominho.tv\/site\/wp-json\/wp\/v2\/users\/13"}],"replies":[{"embeddable":true,"href":"https:\/\/www.altominho.tv\/site\/wp-json\/wp\/v2\/comments?post=112721"}],"version-history":[{"count":1,"href":"https:\/\/www.altominho.tv\/site\/wp-json\/wp\/v2\/posts\/112721\/revisions"}],"predecessor-version":[{"id":112724,"href":"https:\/\/www.altominho.tv\/site\/wp-json\/wp\/v2\/posts\/112721\/revisions\/112724"}],"wp:featuredmedia":[{"embeddable":true,"href":"https:\/\/www.altominho.tv\/site\/wp-json\/wp\/v2\/media\/112723"}],"wp:attachment":[{"href":"https:\/\/www.altominho.tv\/site\/wp-json\/wp\/v2\/media?parent=112721"}],"wp:term":[{"taxonomy":"category","embeddable":true,"href":"https:\/\/www.altominho.tv\/site\/wp-json\/wp\/v2\/categories?post=112721"},{"taxonomy":"post_tag","embeddable":true,"href":"https:\/\/www.altominho.tv\/site\/wp-json\/wp\/v2\/tags?post=112721"}],"curies":[{"name":"wp","href":"https:\/\/api.w.org\/{rel}","templated":true}]}}