{"id":112630,"date":"2024-11-21T11:20:36","date_gmt":"2024-11-21T11:20:36","guid":{"rendered":"https:\/\/www.altominho.tv\/site\/?p=112630"},"modified":"2024-11-21T11:20:38","modified_gmt":"2024-11-21T11:20:38","slug":"vale-do-lima-vai-ser-regiao-europeia-da-gastronomia-e-vinho-em-2025","status":"publish","type":"post","link":"https:\/\/www.altominho.tv\/site\/2024\/11\/21\/vale-do-lima-vai-ser-regiao-europeia-da-gastronomia-e-vinho-em-2025\/","title":{"rendered":"Vale do Lima vai ser &#8220;Regi\u00e3o Europeia da Gastronomia e Vinho&#8221; em 2025"},"content":{"rendered":"<p>Os munic\u00edpios de Viana do Castelo, Ponte de Lima, Ponte da Barca e Arcos de Valdevez, situados no vale do Lima, v\u00e3o ser em 2025 &#8220;Regi\u00e3o Europeia da Gastronomia e Vinho&#8221;, foi hoje divulgado.<\/p>\n<p>Em comunicado, a C\u00e2mara de Viana do Castelo adiantou o projeto foi candidatado \u00e0 Associa\u00e7\u00e3o de Munic\u00edpios Portugueses do Vinho (AMPV), tendo sido distinguido em reuni\u00e3o da assembleia geral com o t\u00edtulo de \u201cRegi\u00e3o Europeia de Gastronomia e Vinhos 2025\u201d.<\/p>\n<p>Segundo a autarquia, a AMPV considerou que, nos quatro munic\u00edpios banhados pelo rio Lima, a gastronomia e vinhos s\u00e3o \u201cdos mais importantes produtos da oferta tur\u00edstica\u201d, raz\u00e3o pela qual justificou a distin\u00e7\u00e3o, \u201ccomo forma de estimular a liga\u00e7\u00e3o\u201d entre eles.<\/p>\n<p>O projeto Vale do Lima Regi\u00e3o da Gastronomia e Vinho \u201cvisa impulsionar o turismo enogastron\u00f3mico da regi\u00e3o, promovendo o seu rico patrim\u00f3nio cultural e a identidade gastron\u00f3mica local\u201d.<\/p>\n<p>Pretende tamb\u00e9m \u201cestimular a economia circular, envolver as comunidades e atores locais, incentivar a transfer\u00eancia de conhecimentos entre os diferentes agentes do setor, al\u00e9m de valorizar os profissionais da agroalimenta\u00e7\u00e3o e da restaura\u00e7\u00e3o\u201d.<\/p>\n<p>A iniciativa quer ainda \u201ccontribuir para o reconhecimento da gastronomia como um fator diferenciador, capaz de agregar valor e dinamizar a economia local\u201d.<\/p>\n<p>No setor dos vinhos a regi\u00e3o \u00e9 detentora da \u201cLoureiro do Vale do Lima\u201d, criada com o objetivo de valorizar e promover o vinho verde.<\/p>\n<p>Atualmente, existem 45 produtores engarrafadores no Vale do Lima.<\/p>\n<p>A gastronomia dos quatro munic\u00edpios \u201ctamb\u00e9m tem sido reconhecida como um patrim\u00f3nio cultural e de identidade regional, sendo que, aliada \u00e0 promo\u00e7\u00e3o dos produtos end\u00f3genos, contribui de forma significativa para o fortalecimento e desenvolvimento sustent\u00e1vel da regi\u00e3o\u201d.<\/p>\n<p>Loureiro do Vale do Lima \u2013 um vinho, um territ\u00f3rio, um destino \u201c\u00e9 o mote para uma estrat\u00e9gia comum a quatro munic\u00edpios que tem como objetivo principal o incremento do enoturismo atrav\u00e9s do desenvolvimento de um conjunto alargado de a\u00e7\u00f5es de promo\u00e7\u00e3o e \u2018marketing\u2019 do vinho verde centradas especificamente na casta Loureiro, enquanto produto patrimonial e identit\u00e1rio da regi\u00e3o do Vale do Lima, apostando numa marca territorial de grande valor\u201d.<\/p>\n<p>As \u201cespecialidades gastron\u00f3micas da regi\u00e3o revelam que a tradi\u00e7\u00e3o assenta numa gastronomia rica e variada, caracterizada pelo uso de produtos frescos, como leguminosas, carnes provenientes dos prados e frutos do mar, refletindo a proximidade com o oceano\u201d.<\/p>\n<p>\u201cAl\u00e9m disso, destaca-se pelo cuidado e afeto no preparo, criando pratos de conforto e prazer, o que demonstra que comer bem est\u00e1 diretamente ligado \u00e0 hospitalidade\u201d, refere a nota, destacando ainda outros produtos tur\u00edsticos como as festividades, a paisagem e o patrim\u00f3nio.<\/p>\n","protected":false},"excerpt":{"rendered":"<p>Os munic\u00edpios de Viana do Castelo, Ponte de Lima, Ponte da Barca e Arcos de Valdevez, situados no vale do Lima, v\u00e3o ser em 2025 &#8220;Regi\u00e3o Europeia da Gastronomia e Vinho&#8221;, foi hoje divulgado. Em comunicado, a C\u00e2mara de Viana do Castelo adiantou o projeto foi candidatado \u00e0 Associa\u00e7\u00e3o de Munic\u00edpios Portugueses do Vinho (AMPV), [&hellip;]<\/p>\n","protected":false},"author":13,"featured_media":112631,"comment_status":"closed","ping_status":"closed","sticky":false,"template":"","format":"standard","meta":{"_exactmetrics_skip_tracking":false,"_exactmetrics_sitenote_active":false,"_exactmetrics_sitenote_note":"","_exactmetrics_sitenote_category":0,"footnotes":""},"categories":[73],"tags":[81],"class_list":["post-112630","post","type-post","status-publish","format-standard","has-post-thumbnail","hentry","category-alto-minho","tag-gastronomia"],"yoast_head":"<!-- This site is optimized with the Yoast SEO Premium plugin v27.5 (Yoast SEO v27.5) - https:\/\/yoast.com\/product\/yoast-seo-premium-wordpress\/ -->\n<title>Vale do Lima vai ser &quot;Regi\u00e3o Europeia da Gastronomia e Vinho&quot; em 2025<\/title>\n<meta name=\"description\" content=\"Os munic\u00edpios de Viana do Castelo, Ponte de Lima, Ponte da Barca e Arcos de Valdevez, situados no vale do Lima, v\u00e3o ser em 2025 &quot;Regi\u00e3o Europeia da Gastronomia e Vinho&quot;, foi hoje divulgado.\" \/>\n<meta name=\"robots\" content=\"index, follow, max-snippet:-1, max-image-preview:large, max-video-preview:-1\" \/>\n<link rel=\"canonical\" href=\"https:\/\/www.altominho.tv\/site\/2024\/11\/21\/vale-do-lima-vai-ser-regiao-europeia-da-gastronomia-e-vinho-em-2025\/\" \/>\n<meta property=\"og:locale\" content=\"pt_PT\" \/>\n<meta property=\"og:type\" content=\"article\" \/>\n<meta property=\"og:title\" content=\"Vale do Lima vai ser &quot;Regi\u00e3o Europeia da Gastronomia e Vinho&quot; em 2025\" \/>\n<meta property=\"og:description\" content=\"Os munic\u00edpios de Viana do Castelo, Ponte de Lima, Ponte da Barca e Arcos de Valdevez, situados no vale do Lima, v\u00e3o ser em 2025 &quot;Regi\u00e3o Europeia da Gastronomia e Vinho&quot;, foi hoje divulgado.\" \/>\n<meta property=\"og:url\" content=\"https:\/\/www.altominho.tv\/site\/2024\/11\/21\/vale-do-lima-vai-ser-regiao-europeia-da-gastronomia-e-vinho-em-2025\/\" \/>\n<meta property=\"og:site_name\" content=\"Altominho.tv\" \/>\n<meta property=\"article:publisher\" content=\"https:\/\/www.facebook.com\/altominhotv\" \/>\n<meta property=\"article:published_time\" content=\"2024-11-21T11:20:36+00:00\" \/>\n<meta property=\"article:modified_time\" content=\"2024-11-21T11:20:38+00:00\" \/>\n<meta property=\"og:image\" content=\"https:\/\/www.altominho.tv\/site\/wp-content\/uploads\/2024\/11\/vinho-verde.png\" \/>\n\t<meta property=\"og:image:width\" content=\"1200\" \/>\n\t<meta property=\"og:image:height\" content=\"630\" \/>\n\t<meta property=\"og:image:type\" content=\"image\/png\" \/>\n<meta name=\"author\" content=\"Lusa\" \/>\n<meta name=\"twitter:card\" content=\"summary_large_image\" \/>\n<meta name=\"twitter:creator\" content=\"@altominhoTV\" \/>\n<meta name=\"twitter:site\" content=\"@altominhoTV\" \/>\n<meta name=\"twitter:label1\" content=\"Escrito por\" \/>\n\t<meta name=\"twitter:data1\" content=\"Lusa\" \/>\n\t<meta name=\"twitter:label2\" content=\"Tempo estimado de leitura\" \/>\n\t<meta name=\"twitter:data2\" content=\"3 minutos\" \/>\n<script type=\"application\/ld+json\" class=\"yoast-schema-graph\">{\"@context\":\"https:\\\/\\\/schema.org\",\"@graph\":[{\"@type\":\"Article\",\"@id\":\"https:\\\/\\\/www.altominho.tv\\\/site\\\/2024\\\/11\\\/21\\\/vale-do-lima-vai-ser-regiao-europeia-da-gastronomia-e-vinho-em-2025\\\/#article\",\"isPartOf\":{\"@id\":\"https:\\\/\\\/www.altominho.tv\\\/site\\\/2024\\\/11\\\/21\\\/vale-do-lima-vai-ser-regiao-europeia-da-gastronomia-e-vinho-em-2025\\\/\"},\"author\":{\"name\":\"Lusa\",\"@id\":\"https:\\\/\\\/www.altominho.tv\\\/site\\\/#\\\/schema\\\/person\\\/63f693da3e1899361cbe955c46f3232e\"},\"headline\":\"Vale do Lima vai ser &#8220;Regi\u00e3o Europeia da Gastronomia e Vinho&#8221; em 2025\",\"datePublished\":\"2024-11-21T11:20:36+00:00\",\"dateModified\":\"2024-11-21T11:20:38+00:00\",\"mainEntityOfPage\":{\"@id\":\"https:\\\/\\\/www.altominho.tv\\\/site\\\/2024\\\/11\\\/21\\\/vale-do-lima-vai-ser-regiao-europeia-da-gastronomia-e-vinho-em-2025\\\/\"},\"wordCount\":469,\"image\":{\"@id\":\"https:\\\/\\\/www.altominho.tv\\\/site\\\/2024\\\/11\\\/21\\\/vale-do-lima-vai-ser-regiao-europeia-da-gastronomia-e-vinho-em-2025\\\/#primaryimage\"},\"thumbnailUrl\":\"https:\\\/\\\/www.altominho.tv\\\/site\\\/wp-content\\\/uploads\\\/2024\\\/11\\\/vinho-verde.png\",\"keywords\":[\"Gastronomia\"],\"articleSection\":[\"Alto Minho\"],\"inLanguage\":\"pt-PT\",\"copyrightYear\":\"2024\",\"copyrightHolder\":{\"@id\":\"https:\\\/\\\/www.altominho.tv\\\/site\\\/#organization\"}},{\"@type\":\"WebPage\",\"@id\":\"https:\\\/\\\/www.altominho.tv\\\/site\\\/2024\\\/11\\\/21\\\/vale-do-lima-vai-ser-regiao-europeia-da-gastronomia-e-vinho-em-2025\\\/\",\"url\":\"https:\\\/\\\/www.altominho.tv\\\/site\\\/2024\\\/11\\\/21\\\/vale-do-lima-vai-ser-regiao-europeia-da-gastronomia-e-vinho-em-2025\\\/\",\"name\":\"Vale do Lima vai ser \\\"Regi\u00e3o Europeia da Gastronomia e Vinho\\\" em 2025\",\"isPartOf\":{\"@id\":\"https:\\\/\\\/www.altominho.tv\\\/site\\\/#website\"},\"primaryImageOfPage\":{\"@id\":\"https:\\\/\\\/www.altominho.tv\\\/site\\\/2024\\\/11\\\/21\\\/vale-do-lima-vai-ser-regiao-europeia-da-gastronomia-e-vinho-em-2025\\\/#primaryimage\"},\"image\":{\"@id\":\"https:\\\/\\\/www.altominho.tv\\\/site\\\/2024\\\/11\\\/21\\\/vale-do-lima-vai-ser-regiao-europeia-da-gastronomia-e-vinho-em-2025\\\/#primaryimage\"},\"thumbnailUrl\":\"https:\\\/\\\/www.altominho.tv\\\/site\\\/wp-content\\\/uploads\\\/2024\\\/11\\\/vinho-verde.png\",\"datePublished\":\"2024-11-21T11:20:36+00:00\",\"dateModified\":\"2024-11-21T11:20:38+00:00\",\"author\":{\"@id\":\"https:\\\/\\\/www.altominho.tv\\\/site\\\/#\\\/schema\\\/person\\\/63f693da3e1899361cbe955c46f3232e\"},\"description\":\"Os munic\u00edpios de Viana do Castelo, Ponte de Lima, Ponte da Barca e Arcos de Valdevez, situados no vale do Lima, v\u00e3o ser em 2025 \\\"Regi\u00e3o Europeia da Gastronomia e Vinho\\\", foi hoje divulgado.\",\"breadcrumb\":{\"@id\":\"https:\\\/\\\/www.altominho.tv\\\/site\\\/2024\\\/11\\\/21\\\/vale-do-lima-vai-ser-regiao-europeia-da-gastronomia-e-vinho-em-2025\\\/#breadcrumb\"},\"inLanguage\":\"pt-PT\",\"potentialAction\":[{\"@type\":\"ReadAction\",\"target\":[\"https:\\\/\\\/www.altominho.tv\\\/site\\\/2024\\\/11\\\/21\\\/vale-do-lima-vai-ser-regiao-europeia-da-gastronomia-e-vinho-em-2025\\\/\"]}]},{\"@type\":\"ImageObject\",\"inLanguage\":\"pt-PT\",\"@id\":\"https:\\\/\\\/www.altominho.tv\\\/site\\\/2024\\\/11\\\/21\\\/vale-do-lima-vai-ser-regiao-europeia-da-gastronomia-e-vinho-em-2025\\\/#primaryimage\",\"url\":\"https:\\\/\\\/www.altominho.tv\\\/site\\\/wp-content\\\/uploads\\\/2024\\\/11\\\/vinho-verde.png\",\"contentUrl\":\"https:\\\/\\\/www.altominho.tv\\\/site\\\/wp-content\\\/uploads\\\/2024\\\/11\\\/vinho-verde.png\",\"width\":1200,\"height\":630},{\"@type\":\"BreadcrumbList\",\"@id\":\"https:\\\/\\\/www.altominho.tv\\\/site\\\/2024\\\/11\\\/21\\\/vale-do-lima-vai-ser-regiao-europeia-da-gastronomia-e-vinho-em-2025\\\/#breadcrumb\",\"itemListElement\":[{\"@type\":\"ListItem\",\"position\":1,\"name\":\"In\u00edcio\",\"item\":\"https:\\\/\\\/www.altominho.tv\\\/site\\\/\"},{\"@type\":\"ListItem\",\"position\":2,\"name\":\"Vale do Lima vai ser &#8220;Regi\u00e3o Europeia da Gastronomia e Vinho&#8221; em 2025\"}]},{\"@type\":\"WebSite\",\"@id\":\"https:\\\/\\\/www.altominho.tv\\\/site\\\/#website\",\"url\":\"https:\\\/\\\/www.altominho.tv\\\/site\\\/\",\"name\":\"Altominho.tv\",\"description\":\"A sua regi\u00e3o \u00e0 dist\u00e2ncia de um clique...\",\"potentialAction\":[{\"@type\":\"SearchAction\",\"target\":{\"@type\":\"EntryPoint\",\"urlTemplate\":\"https:\\\/\\\/www.altominho.tv\\\/site\\\/?s={search_term_string}\"},\"query-input\":{\"@type\":\"PropertyValueSpecification\",\"valueRequired\":true,\"valueName\":\"search_term_string\"}}],\"inLanguage\":\"pt-PT\"},{\"@type\":\"Person\",\"@id\":\"https:\\\/\\\/www.altominho.tv\\\/site\\\/#\\\/schema\\\/person\\\/63f693da3e1899361cbe955c46f3232e\",\"name\":\"Lusa\",\"image\":{\"@type\":\"ImageObject\",\"inLanguage\":\"pt-PT\",\"@id\":\"https:\\\/\\\/www.altominho.tv\\\/site\\\/wp-content\\\/uploads\\\/2019\\\/08\\\/LUSA_Logo.gif\",\"url\":\"https:\\\/\\\/www.altominho.tv\\\/site\\\/wp-content\\\/uploads\\\/2019\\\/08\\\/LUSA_Logo.gif\",\"contentUrl\":\"https:\\\/\\\/www.altominho.tv\\\/site\\\/wp-content\\\/uploads\\\/2019\\\/08\\\/LUSA_Logo.gif\",\"caption\":\"Lusa\"},\"sameAs\":[\"http:\\\/\\\/\\\/\\\/www.altominho.tv\\\/site\"],\"url\":\"https:\\\/\\\/www.altominho.tv\\\/site\\\/author\\\/lusa\\\/\"}]}<\/script>\n<!-- \/ Yoast SEO Premium plugin. -->","yoast_head_json":{"title":"Vale do Lima vai ser \"Regi\u00e3o Europeia da Gastronomia e Vinho\" em 2025","description":"Os munic\u00edpios de Viana do Castelo, Ponte de Lima, Ponte da Barca e Arcos de Valdevez, situados no vale do Lima, v\u00e3o ser em 2025 \"Regi\u00e3o Europeia da Gastronomia e Vinho\", foi hoje divulgado.","robots":{"index":"index","follow":"follow","max-snippet":"max-snippet:-1","max-image-preview":"max-image-preview:large","max-video-preview":"max-video-preview:-1"},"canonical":"https:\/\/www.altominho.tv\/site\/2024\/11\/21\/vale-do-lima-vai-ser-regiao-europeia-da-gastronomia-e-vinho-em-2025\/","og_locale":"pt_PT","og_type":"article","og_title":"Vale do Lima vai ser \"Regi\u00e3o Europeia da Gastronomia e Vinho\" em 2025","og_description":"Os munic\u00edpios de Viana do Castelo, Ponte de Lima, Ponte da Barca e Arcos de Valdevez, situados no vale do Lima, v\u00e3o ser em 2025 \"Regi\u00e3o Europeia da Gastronomia e Vinho\", foi hoje divulgado.","og_url":"https:\/\/www.altominho.tv\/site\/2024\/11\/21\/vale-do-lima-vai-ser-regiao-europeia-da-gastronomia-e-vinho-em-2025\/","og_site_name":"Altominho.tv","article_publisher":"https:\/\/www.facebook.com\/altominhotv","article_published_time":"2024-11-21T11:20:36+00:00","article_modified_time":"2024-11-21T11:20:38+00:00","og_image":[{"width":1200,"height":630,"url":"https:\/\/www.altominho.tv\/site\/wp-content\/uploads\/2024\/11\/vinho-verde.png","type":"image\/png"}],"author":"Lusa","twitter_card":"summary_large_image","twitter_creator":"@altominhoTV","twitter_site":"@altominhoTV","twitter_misc":{"Escrito por":"Lusa","Tempo estimado de leitura":"3 minutos"},"schema":{"@context":"https:\/\/schema.org","@graph":[{"@type":"Article","@id":"https:\/\/www.altominho.tv\/site\/2024\/11\/21\/vale-do-lima-vai-ser-regiao-europeia-da-gastronomia-e-vinho-em-2025\/#article","isPartOf":{"@id":"https:\/\/www.altominho.tv\/site\/2024\/11\/21\/vale-do-lima-vai-ser-regiao-europeia-da-gastronomia-e-vinho-em-2025\/"},"author":{"name":"Lusa","@id":"https:\/\/www.altominho.tv\/site\/#\/schema\/person\/63f693da3e1899361cbe955c46f3232e"},"headline":"Vale do Lima vai ser &#8220;Regi\u00e3o Europeia da Gastronomia e Vinho&#8221; em 2025","datePublished":"2024-11-21T11:20:36+00:00","dateModified":"2024-11-21T11:20:38+00:00","mainEntityOfPage":{"@id":"https:\/\/www.altominho.tv\/site\/2024\/11\/21\/vale-do-lima-vai-ser-regiao-europeia-da-gastronomia-e-vinho-em-2025\/"},"wordCount":469,"image":{"@id":"https:\/\/www.altominho.tv\/site\/2024\/11\/21\/vale-do-lima-vai-ser-regiao-europeia-da-gastronomia-e-vinho-em-2025\/#primaryimage"},"thumbnailUrl":"https:\/\/www.altominho.tv\/site\/wp-content\/uploads\/2024\/11\/vinho-verde.png","keywords":["Gastronomia"],"articleSection":["Alto Minho"],"inLanguage":"pt-PT","copyrightYear":"2024","copyrightHolder":{"@id":"https:\/\/www.altominho.tv\/site\/#organization"}},{"@type":"WebPage","@id":"https:\/\/www.altominho.tv\/site\/2024\/11\/21\/vale-do-lima-vai-ser-regiao-europeia-da-gastronomia-e-vinho-em-2025\/","url":"https:\/\/www.altominho.tv\/site\/2024\/11\/21\/vale-do-lima-vai-ser-regiao-europeia-da-gastronomia-e-vinho-em-2025\/","name":"Vale do Lima vai ser \"Regi\u00e3o Europeia da Gastronomia e Vinho\" em 2025","isPartOf":{"@id":"https:\/\/www.altominho.tv\/site\/#website"},"primaryImageOfPage":{"@id":"https:\/\/www.altominho.tv\/site\/2024\/11\/21\/vale-do-lima-vai-ser-regiao-europeia-da-gastronomia-e-vinho-em-2025\/#primaryimage"},"image":{"@id":"https:\/\/www.altominho.tv\/site\/2024\/11\/21\/vale-do-lima-vai-ser-regiao-europeia-da-gastronomia-e-vinho-em-2025\/#primaryimage"},"thumbnailUrl":"https:\/\/www.altominho.tv\/site\/wp-content\/uploads\/2024\/11\/vinho-verde.png","datePublished":"2024-11-21T11:20:36+00:00","dateModified":"2024-11-21T11:20:38+00:00","author":{"@id":"https:\/\/www.altominho.tv\/site\/#\/schema\/person\/63f693da3e1899361cbe955c46f3232e"},"description":"Os munic\u00edpios de Viana do Castelo, Ponte de Lima, Ponte da Barca e Arcos de Valdevez, situados no vale do Lima, v\u00e3o ser em 2025 \"Regi\u00e3o Europeia da Gastronomia e Vinho\", foi hoje divulgado.","breadcrumb":{"@id":"https:\/\/www.altominho.tv\/site\/2024\/11\/21\/vale-do-lima-vai-ser-regiao-europeia-da-gastronomia-e-vinho-em-2025\/#breadcrumb"},"inLanguage":"pt-PT","potentialAction":[{"@type":"ReadAction","target":["https:\/\/www.altominho.tv\/site\/2024\/11\/21\/vale-do-lima-vai-ser-regiao-europeia-da-gastronomia-e-vinho-em-2025\/"]}]},{"@type":"ImageObject","inLanguage":"pt-PT","@id":"https:\/\/www.altominho.tv\/site\/2024\/11\/21\/vale-do-lima-vai-ser-regiao-europeia-da-gastronomia-e-vinho-em-2025\/#primaryimage","url":"https:\/\/www.altominho.tv\/site\/wp-content\/uploads\/2024\/11\/vinho-verde.png","contentUrl":"https:\/\/www.altominho.tv\/site\/wp-content\/uploads\/2024\/11\/vinho-verde.png","width":1200,"height":630},{"@type":"BreadcrumbList","@id":"https:\/\/www.altominho.tv\/site\/2024\/11\/21\/vale-do-lima-vai-ser-regiao-europeia-da-gastronomia-e-vinho-em-2025\/#breadcrumb","itemListElement":[{"@type":"ListItem","position":1,"name":"In\u00edcio","item":"https:\/\/www.altominho.tv\/site\/"},{"@type":"ListItem","position":2,"name":"Vale do Lima vai ser &#8220;Regi\u00e3o Europeia da Gastronomia e Vinho&#8221; em 2025"}]},{"@type":"WebSite","@id":"https:\/\/www.altominho.tv\/site\/#website","url":"https:\/\/www.altominho.tv\/site\/","name":"Altominho.tv","description":"A sua regi\u00e3o \u00e0 dist\u00e2ncia de um clique...","potentialAction":[{"@type":"SearchAction","target":{"@type":"EntryPoint","urlTemplate":"https:\/\/www.altominho.tv\/site\/?s={search_term_string}"},"query-input":{"@type":"PropertyValueSpecification","valueRequired":true,"valueName":"search_term_string"}}],"inLanguage":"pt-PT"},{"@type":"Person","@id":"https:\/\/www.altominho.tv\/site\/#\/schema\/person\/63f693da3e1899361cbe955c46f3232e","name":"Lusa","image":{"@type":"ImageObject","inLanguage":"pt-PT","@id":"https:\/\/www.altominho.tv\/site\/wp-content\/uploads\/2019\/08\/LUSA_Logo.gif","url":"https:\/\/www.altominho.tv\/site\/wp-content\/uploads\/2019\/08\/LUSA_Logo.gif","contentUrl":"https:\/\/www.altominho.tv\/site\/wp-content\/uploads\/2019\/08\/LUSA_Logo.gif","caption":"Lusa"},"sameAs":["http:\/\/\/\/www.altominho.tv\/site"],"url":"https:\/\/www.altominho.tv\/site\/author\/lusa\/"}]}},"_links":{"self":[{"href":"https:\/\/www.altominho.tv\/site\/wp-json\/wp\/v2\/posts\/112630","targetHints":{"allow":["GET"]}}],"collection":[{"href":"https:\/\/www.altominho.tv\/site\/wp-json\/wp\/v2\/posts"}],"about":[{"href":"https:\/\/www.altominho.tv\/site\/wp-json\/wp\/v2\/types\/post"}],"author":[{"embeddable":true,"href":"https:\/\/www.altominho.tv\/site\/wp-json\/wp\/v2\/users\/13"}],"replies":[{"embeddable":true,"href":"https:\/\/www.altominho.tv\/site\/wp-json\/wp\/v2\/comments?post=112630"}],"version-history":[{"count":1,"href":"https:\/\/www.altominho.tv\/site\/wp-json\/wp\/v2\/posts\/112630\/revisions"}],"predecessor-version":[{"id":112632,"href":"https:\/\/www.altominho.tv\/site\/wp-json\/wp\/v2\/posts\/112630\/revisions\/112632"}],"wp:featuredmedia":[{"embeddable":true,"href":"https:\/\/www.altominho.tv\/site\/wp-json\/wp\/v2\/media\/112631"}],"wp:attachment":[{"href":"https:\/\/www.altominho.tv\/site\/wp-json\/wp\/v2\/media?parent=112630"}],"wp:term":[{"taxonomy":"category","embeddable":true,"href":"https:\/\/www.altominho.tv\/site\/wp-json\/wp\/v2\/categories?post=112630"},{"taxonomy":"post_tag","embeddable":true,"href":"https:\/\/www.altominho.tv\/site\/wp-json\/wp\/v2\/tags?post=112630"}],"curies":[{"name":"wp","href":"https:\/\/api.w.org\/{rel}","templated":true}]}}