{"id":11258,"date":"2018-04-03T21:06:59","date_gmt":"2018-04-03T21:06:59","guid":{"rendered":"http:\/\/www.altominho.tv\/site\/?p=11258"},"modified":"2018-04-03T21:06:59","modified_gmt":"2018-04-03T21:06:59","slug":"iii-exposicao-canina-nacional-e-internacional-do-alto-minho-14-e-15-de-abril","status":"publish","type":"post","link":"https:\/\/www.altominho.tv\/site\/2018\/04\/03\/iii-exposicao-canina-nacional-e-internacional-do-alto-minho-14-e-15-de-abril\/","title":{"rendered":"III Exposi\u00e7\u00e3o Canina Nacional e Internacional do Alto Minho 14 e 15 de abril"},"content":{"rendered":"<p class=\"s6\" style=\"margin: 0cm;margin-bottom: .0001pt;text-align: justify\"><span class=\"s5\">Ponte de Lima acolhe\u00a0a Exposi\u00e7\u00e3o Canina Nacional e Internacional do Alto Minho, nos dias 14 e 15 de\u00a0abril, numa organiza\u00e7\u00e3o\u00a0do Munic\u00edpio de Ponte de Lima com o apoio do Clube\u00a0Portugu\u00eas de Canicultura.<\/span><\/p>\n<p class=\"s6\" style=\"margin: 0cm;margin-bottom: .0001pt;text-align: justify\"><span class=\"s5\">Estar\u00e3o presentes cerca de 1500 c\u00e3es para disputar o Certificado Nacional e Internacional ao Campeonato de Beleza da Canicultura.\u00a0<\/span><\/p>\n<p class=\"s6\" style=\"margin: 0cm;margin-bottom: .0001pt;text-align: justify\"><span class=\"s5\">Em Ponte de Lima estar\u00e3o\u00a0alguns dos mais creditados exemplares de in\u00fameras ra\u00e7as que procuram ser campe\u00f5es de Portugal e Campe\u00f5es Internacionais.<\/span><\/p>\n<p class=\"s6\" style=\"margin: 0cm;margin-bottom: .0001pt;text-align: justify\"><span class=\"s5\">Apare\u00e7a \u00e0s 10H00\u00a0de S\u00e1bado e Domingo para assistir ao in\u00edcio das avalia\u00e7\u00f5es das\u00a0ra\u00e7as onde est\u00e3o presentes\u00a0Ju\u00edzes\u00a0<\/span>Internacionais<span class=\"s5\">\u00a0da\u00a0Rom\u00e9nia, Fran\u00e7a,\u00a0Irlanda,\u00a0Bielorussia e\u00a0It\u00e1lia\u00a0e Juizes nacionais que v\u00e3o\u00a0selecionar os melhores \u00a0para que \u00e0s 15H00 se apresentem no Grande ringue.<\/span><\/p>\n<p class=\"s6\" style=\"margin: 0cm;margin-bottom: .0001pt;text-align: justify\"><span class=\"s5\">Cerca das 18H00\u00a0ter\u00e1 inicio a escolha dos Melhores selecionados por Grupos, o Melhor\u00a0Bebe, Cachorro,\u00a0J\u00fanior\u00a0macho e\u00a0f\u00eamea, Pares, Veteranos e Ra\u00e7as Portuguesas.\u00a0No terminar do dia ser\u00e1 escolhido o Melhor da Exposi\u00e7\u00e3o.<\/span><\/p>\n<p class=\"s6\" style=\"margin: 0cm;margin-bottom: .0001pt;text-align: justify\"><span class=\"s5\">No Domingo tudo ser\u00e1 id\u00eantico com a particularidade pela primeira vez ser Eleito o Melhor dos Melhores. Concorrendo entre si os vencedores da Exposi\u00e7\u00e3o de\u00a0s\u00e1bado, Ra\u00e7as Portuguesas e Veteranos com os vencedores das mesmas Classes no domingo.<\/span><\/p>\n<p class=\"s7\" style=\"margin: 0cm;margin-bottom: .0001pt;text-align: justify;line-height: 15.75pt\"><span class=\"s5\">O evento \u00e9 regido\u00a0pelos regulamentos da Federa\u00e7\u00e3o Cinol\u00f3gica Internacional\u00a0e doClube Portugu\u00eas de Canicultura. Destina-se aos\u00a0exemplares de todas as ra\u00e7as e variedades oficialmente reconhecidas, registados em Livros de Origens ou com Registos Iniciais, e creditados pelos supracitados organismos.\u00a0<\/span><\/p>\n<p class=\"s6\" style=\"margin: 0cm;margin-bottom: .0001pt;text-align: justify\"><span class=\"s5\">Em simult\u00e2neo<a name=\"_GoBack\"><\/a>,\u00a0teremos\u00a0s\u00e1bado\u00a0e domingo as duas Exposi\u00e7\u00f5es Internacionais da Felinicultura.\u00a0Cerca de 170 gatos, de\u00a0in\u00fameras\u00a0e variadas ra\u00e7as estar\u00e3o presentes perante Ju\u00edzes\u00a0vindos de\u00a0Espanha,\u00a0Alemanha e Fran\u00e7a.<\/span><\/p>\n<p class=\"s6\" style=\"margin: 0cm;margin-bottom: .0001pt;text-align: justify\"><span class=\"s5\">Ser\u00e1 certamente uma oportunidade \u00fanica para conhecer gatos de ra\u00e7as raras, muitos deles campe\u00f5es do mundo.<\/span><\/p>\n<p class=\"s7\" style=\"margin: 0cm;margin-bottom: .0001pt;text-align: justify;line-height: 15.75pt\"><span class=\"s5\">No espa\u00e7o envolvente teremos\u00a0tamb\u00e9m, atividades paralelas como,\u00a0as Pinturas Faciais e Batismo a Cavalo.<\/span><\/p>\n","protected":false},"excerpt":{"rendered":"<p>Ponte de Lima acolhe\u00a0a Exposi\u00e7\u00e3o Canina Nacional e Internacional do Alto Minho, nos dias 14 e 15 de\u00a0abril, numa organiza\u00e7\u00e3o\u00a0do Munic\u00edpio de Ponte de Lima com o apoio do Clube\u00a0Portugu\u00eas de Canicultura. Estar\u00e3o presentes cerca de 1500 c\u00e3es para disputar o Certificado Nacional e Internacional ao Campeonato de Beleza da Canicultura.\u00a0 Em Ponte de Lima [&hellip;]<\/p>\n","protected":false},"author":11,"featured_media":11259,"comment_status":"closed","ping_status":"closed","sticky":false,"template":"","format":"standard","meta":{"_exactmetrics_skip_tracking":false,"_exactmetrics_sitenote_active":false,"_exactmetrics_sitenote_note":"","_exactmetrics_sitenote_category":0,"footnotes":""},"categories":[12],"tags":[27],"class_list":["post-11258","post","type-post","status-publish","format-standard","has-post-thumbnail","hentry","category-ponte-de-lima","tag-sociedade"],"yoast_head":"<!-- This site is optimized with the Yoast SEO Premium plugin v27.5 (Yoast SEO v27.5) - https:\/\/yoast.com\/product\/yoast-seo-premium-wordpress\/ -->\n<title>III Exposi\u00e7\u00e3o Canina Nacional e Internacional do Alto Minho 14 e 15 de abril<\/title>\n<meta name=\"robots\" content=\"index, follow, max-snippet:-1, max-image-preview:large, max-video-preview:-1\" \/>\n<link rel=\"canonical\" href=\"https:\/\/www.altominho.tv\/site\/2018\/04\/03\/iii-exposicao-canina-nacional-e-internacional-do-alto-minho-14-e-15-de-abril\/\" \/>\n<meta property=\"og:locale\" content=\"pt_PT\" \/>\n<meta property=\"og:type\" content=\"article\" \/>\n<meta property=\"og:title\" content=\"III Exposi\u00e7\u00e3o Canina Nacional e Internacional do Alto Minho 14 e 15 de abril\" \/>\n<meta property=\"og:description\" content=\"Ponte de Lima acolhe\u00a0a Exposi\u00e7\u00e3o Canina Nacional e Internacional do Alto Minho, nos dias 14 e 15 de\u00a0abril, numa organiza\u00e7\u00e3o\u00a0do Munic\u00edpio de Ponte de Lima com o apoio do Clube\u00a0Portugu\u00eas de Canicultura. Estar\u00e3o presentes cerca de 1500 c\u00e3es para disputar o Certificado Nacional e Internacional ao Campeonato de Beleza da Canicultura.\u00a0 Em Ponte de Lima [&hellip;]\" \/>\n<meta property=\"og:url\" content=\"https:\/\/www.altominho.tv\/site\/2018\/04\/03\/iii-exposicao-canina-nacional-e-internacional-do-alto-minho-14-e-15-de-abril\/\" \/>\n<meta property=\"og:site_name\" content=\"Altominho.tv\" \/>\n<meta property=\"article:publisher\" content=\"https:\/\/www.facebook.com\/altominhotv\" \/>\n<meta property=\"article:published_time\" content=\"2018-04-03T21:06:59+00:00\" \/>\n<meta property=\"og:image\" content=\"https:\/\/www.altominho.tv\/site\/wp-content\/uploads\/2018\/04\/Expo_Canina_-Medium.jpg\" \/>\n\t<meta property=\"og:image:width\" content=\"768\" \/>\n\t<meta property=\"og:image:height\" content=\"999\" \/>\n\t<meta property=\"og:image:type\" content=\"image\/jpeg\" \/>\n<meta name=\"author\" content=\"M\u00e1rcio Ferreira\" \/>\n<meta name=\"twitter:card\" content=\"summary_large_image\" \/>\n<meta name=\"twitter:creator\" content=\"@altominhoTV\" \/>\n<meta name=\"twitter:site\" content=\"@altominhoTV\" \/>\n<meta name=\"twitter:label1\" content=\"Escrito por\" \/>\n\t<meta name=\"twitter:data1\" content=\"M\u00e1rcio Ferreira\" \/>\n\t<meta name=\"twitter:label2\" content=\"Tempo estimado de leitura\" \/>\n\t<meta name=\"twitter:data2\" content=\"2 minutos\" \/>\n<script type=\"application\/ld+json\" class=\"yoast-schema-graph\">{\"@context\":\"https:\\\/\\\/schema.org\",\"@graph\":[{\"@type\":\"Article\",\"@id\":\"https:\\\/\\\/www.altominho.tv\\\/site\\\/2018\\\/04\\\/03\\\/iii-exposicao-canina-nacional-e-internacional-do-alto-minho-14-e-15-de-abril\\\/#article\",\"isPartOf\":{\"@id\":\"https:\\\/\\\/www.altominho.tv\\\/site\\\/2018\\\/04\\\/03\\\/iii-exposicao-canina-nacional-e-internacional-do-alto-minho-14-e-15-de-abril\\\/\"},\"author\":{\"name\":\"M\u00e1rcio Ferreira\",\"@id\":\"https:\\\/\\\/www.altominho.tv\\\/site\\\/#\\\/schema\\\/person\\\/f836e37082b5dabe9144f3eb724ed5a7\"},\"headline\":\"III Exposi\u00e7\u00e3o Canina Nacional e Internacional do Alto Minho 14 e 15 de abril\",\"datePublished\":\"2018-04-03T21:06:59+00:00\",\"mainEntityOfPage\":{\"@id\":\"https:\\\/\\\/www.altominho.tv\\\/site\\\/2018\\\/04\\\/03\\\/iii-exposicao-canina-nacional-e-internacional-do-alto-minho-14-e-15-de-abril\\\/\"},\"wordCount\":350,\"image\":{\"@id\":\"https:\\\/\\\/www.altominho.tv\\\/site\\\/2018\\\/04\\\/03\\\/iii-exposicao-canina-nacional-e-internacional-do-alto-minho-14-e-15-de-abril\\\/#primaryimage\"},\"thumbnailUrl\":\"https:\\\/\\\/www.altominho.tv\\\/site\\\/wp-content\\\/uploads\\\/2018\\\/04\\\/Expo_Canina_-Medium.jpg\",\"keywords\":[\"Sociedade\"],\"articleSection\":[\"Ponte de Lima\"],\"inLanguage\":\"pt-PT\",\"copyrightYear\":\"2018\",\"copyrightHolder\":{\"@id\":\"https:\\\/\\\/www.altominho.tv\\\/site\\\/#organization\"}},{\"@type\":\"WebPage\",\"@id\":\"https:\\\/\\\/www.altominho.tv\\\/site\\\/2018\\\/04\\\/03\\\/iii-exposicao-canina-nacional-e-internacional-do-alto-minho-14-e-15-de-abril\\\/\",\"url\":\"https:\\\/\\\/www.altominho.tv\\\/site\\\/2018\\\/04\\\/03\\\/iii-exposicao-canina-nacional-e-internacional-do-alto-minho-14-e-15-de-abril\\\/\",\"name\":\"III Exposi\u00e7\u00e3o Canina Nacional e Internacional do Alto Minho 14 e 15 de abril\",\"isPartOf\":{\"@id\":\"https:\\\/\\\/www.altominho.tv\\\/site\\\/#website\"},\"primaryImageOfPage\":{\"@id\":\"https:\\\/\\\/www.altominho.tv\\\/site\\\/2018\\\/04\\\/03\\\/iii-exposicao-canina-nacional-e-internacional-do-alto-minho-14-e-15-de-abril\\\/#primaryimage\"},\"image\":{\"@id\":\"https:\\\/\\\/www.altominho.tv\\\/site\\\/2018\\\/04\\\/03\\\/iii-exposicao-canina-nacional-e-internacional-do-alto-minho-14-e-15-de-abril\\\/#primaryimage\"},\"thumbnailUrl\":\"https:\\\/\\\/www.altominho.tv\\\/site\\\/wp-content\\\/uploads\\\/2018\\\/04\\\/Expo_Canina_-Medium.jpg\",\"datePublished\":\"2018-04-03T21:06:59+00:00\",\"author\":{\"@id\":\"https:\\\/\\\/www.altominho.tv\\\/site\\\/#\\\/schema\\\/person\\\/f836e37082b5dabe9144f3eb724ed5a7\"},\"breadcrumb\":{\"@id\":\"https:\\\/\\\/www.altominho.tv\\\/site\\\/2018\\\/04\\\/03\\\/iii-exposicao-canina-nacional-e-internacional-do-alto-minho-14-e-15-de-abril\\\/#breadcrumb\"},\"inLanguage\":\"pt-PT\",\"potentialAction\":[{\"@type\":\"ReadAction\",\"target\":[\"https:\\\/\\\/www.altominho.tv\\\/site\\\/2018\\\/04\\\/03\\\/iii-exposicao-canina-nacional-e-internacional-do-alto-minho-14-e-15-de-abril\\\/\"]}]},{\"@type\":\"ImageObject\",\"inLanguage\":\"pt-PT\",\"@id\":\"https:\\\/\\\/www.altominho.tv\\\/site\\\/2018\\\/04\\\/03\\\/iii-exposicao-canina-nacional-e-internacional-do-alto-minho-14-e-15-de-abril\\\/#primaryimage\",\"url\":\"https:\\\/\\\/www.altominho.tv\\\/site\\\/wp-content\\\/uploads\\\/2018\\\/04\\\/Expo_Canina_-Medium.jpg\",\"contentUrl\":\"https:\\\/\\\/www.altominho.tv\\\/site\\\/wp-content\\\/uploads\\\/2018\\\/04\\\/Expo_Canina_-Medium.jpg\",\"width\":768,\"height\":999},{\"@type\":\"BreadcrumbList\",\"@id\":\"https:\\\/\\\/www.altominho.tv\\\/site\\\/2018\\\/04\\\/03\\\/iii-exposicao-canina-nacional-e-internacional-do-alto-minho-14-e-15-de-abril\\\/#breadcrumb\",\"itemListElement\":[{\"@type\":\"ListItem\",\"position\":1,\"name\":\"In\u00edcio\",\"item\":\"https:\\\/\\\/www.altominho.tv\\\/site\\\/\"},{\"@type\":\"ListItem\",\"position\":2,\"name\":\"III Exposi\u00e7\u00e3o Canina Nacional e Internacional do Alto Minho 14 e 15 de abril\"}]},{\"@type\":\"WebSite\",\"@id\":\"https:\\\/\\\/www.altominho.tv\\\/site\\\/#website\",\"url\":\"https:\\\/\\\/www.altominho.tv\\\/site\\\/\",\"name\":\"Altominho.tv\",\"description\":\"A sua regi\u00e3o \u00e0 dist\u00e2ncia de um clique...\",\"potentialAction\":[{\"@type\":\"SearchAction\",\"target\":{\"@type\":\"EntryPoint\",\"urlTemplate\":\"https:\\\/\\\/www.altominho.tv\\\/site\\\/?s={search_term_string}\"},\"query-input\":{\"@type\":\"PropertyValueSpecification\",\"valueRequired\":true,\"valueName\":\"search_term_string\"}}],\"inLanguage\":\"pt-PT\"},{\"@type\":\"Person\",\"@id\":\"https:\\\/\\\/www.altominho.tv\\\/site\\\/#\\\/schema\\\/person\\\/f836e37082b5dabe9144f3eb724ed5a7\",\"name\":\"M\u00e1rcio Ferreira\",\"image\":{\"@type\":\"ImageObject\",\"inLanguage\":\"pt-PT\",\"@id\":\"https:\\\/\\\/www.altominho.tv\\\/site\\\/wp-content\\\/uploads\\\/2017\\\/11\\\/Marcio-150x150.jpg\",\"url\":\"https:\\\/\\\/www.altominho.tv\\\/site\\\/wp-content\\\/uploads\\\/2017\\\/11\\\/Marcio-150x150.jpg\",\"contentUrl\":\"https:\\\/\\\/www.altominho.tv\\\/site\\\/wp-content\\\/uploads\\\/2017\\\/11\\\/Marcio-150x150.jpg\",\"caption\":\"M\u00e1rcio Ferreira\"},\"url\":\"https:\\\/\\\/www.altominho.tv\\\/site\\\/author\\\/marcioferreira\\\/\"}]}<\/script>\n<!-- \/ Yoast SEO Premium plugin. -->","yoast_head_json":{"title":"III Exposi\u00e7\u00e3o Canina Nacional e Internacional do Alto Minho 14 e 15 de abril","robots":{"index":"index","follow":"follow","max-snippet":"max-snippet:-1","max-image-preview":"max-image-preview:large","max-video-preview":"max-video-preview:-1"},"canonical":"https:\/\/www.altominho.tv\/site\/2018\/04\/03\/iii-exposicao-canina-nacional-e-internacional-do-alto-minho-14-e-15-de-abril\/","og_locale":"pt_PT","og_type":"article","og_title":"III Exposi\u00e7\u00e3o Canina Nacional e Internacional do Alto Minho 14 e 15 de abril","og_description":"Ponte de Lima acolhe\u00a0a Exposi\u00e7\u00e3o Canina Nacional e Internacional do Alto Minho, nos dias 14 e 15 de\u00a0abril, numa organiza\u00e7\u00e3o\u00a0do Munic\u00edpio de Ponte de Lima com o apoio do Clube\u00a0Portugu\u00eas de Canicultura. Estar\u00e3o presentes cerca de 1500 c\u00e3es para disputar o Certificado Nacional e Internacional ao Campeonato de Beleza da Canicultura.\u00a0 Em Ponte de Lima [&hellip;]","og_url":"https:\/\/www.altominho.tv\/site\/2018\/04\/03\/iii-exposicao-canina-nacional-e-internacional-do-alto-minho-14-e-15-de-abril\/","og_site_name":"Altominho.tv","article_publisher":"https:\/\/www.facebook.com\/altominhotv","article_published_time":"2018-04-03T21:06:59+00:00","og_image":[{"width":768,"height":999,"url":"https:\/\/www.altominho.tv\/site\/wp-content\/uploads\/2018\/04\/Expo_Canina_-Medium.jpg","type":"image\/jpeg"}],"author":"M\u00e1rcio Ferreira","twitter_card":"summary_large_image","twitter_creator":"@altominhoTV","twitter_site":"@altominhoTV","twitter_misc":{"Escrito por":"M\u00e1rcio Ferreira","Tempo estimado de leitura":"2 minutos"},"schema":{"@context":"https:\/\/schema.org","@graph":[{"@type":"Article","@id":"https:\/\/www.altominho.tv\/site\/2018\/04\/03\/iii-exposicao-canina-nacional-e-internacional-do-alto-minho-14-e-15-de-abril\/#article","isPartOf":{"@id":"https:\/\/www.altominho.tv\/site\/2018\/04\/03\/iii-exposicao-canina-nacional-e-internacional-do-alto-minho-14-e-15-de-abril\/"},"author":{"name":"M\u00e1rcio Ferreira","@id":"https:\/\/www.altominho.tv\/site\/#\/schema\/person\/f836e37082b5dabe9144f3eb724ed5a7"},"headline":"III Exposi\u00e7\u00e3o Canina Nacional e Internacional do Alto Minho 14 e 15 de abril","datePublished":"2018-04-03T21:06:59+00:00","mainEntityOfPage":{"@id":"https:\/\/www.altominho.tv\/site\/2018\/04\/03\/iii-exposicao-canina-nacional-e-internacional-do-alto-minho-14-e-15-de-abril\/"},"wordCount":350,"image":{"@id":"https:\/\/www.altominho.tv\/site\/2018\/04\/03\/iii-exposicao-canina-nacional-e-internacional-do-alto-minho-14-e-15-de-abril\/#primaryimage"},"thumbnailUrl":"https:\/\/www.altominho.tv\/site\/wp-content\/uploads\/2018\/04\/Expo_Canina_-Medium.jpg","keywords":["Sociedade"],"articleSection":["Ponte de Lima"],"inLanguage":"pt-PT","copyrightYear":"2018","copyrightHolder":{"@id":"https:\/\/www.altominho.tv\/site\/#organization"}},{"@type":"WebPage","@id":"https:\/\/www.altominho.tv\/site\/2018\/04\/03\/iii-exposicao-canina-nacional-e-internacional-do-alto-minho-14-e-15-de-abril\/","url":"https:\/\/www.altominho.tv\/site\/2018\/04\/03\/iii-exposicao-canina-nacional-e-internacional-do-alto-minho-14-e-15-de-abril\/","name":"III Exposi\u00e7\u00e3o Canina Nacional e Internacional do Alto Minho 14 e 15 de abril","isPartOf":{"@id":"https:\/\/www.altominho.tv\/site\/#website"},"primaryImageOfPage":{"@id":"https:\/\/www.altominho.tv\/site\/2018\/04\/03\/iii-exposicao-canina-nacional-e-internacional-do-alto-minho-14-e-15-de-abril\/#primaryimage"},"image":{"@id":"https:\/\/www.altominho.tv\/site\/2018\/04\/03\/iii-exposicao-canina-nacional-e-internacional-do-alto-minho-14-e-15-de-abril\/#primaryimage"},"thumbnailUrl":"https:\/\/www.altominho.tv\/site\/wp-content\/uploads\/2018\/04\/Expo_Canina_-Medium.jpg","datePublished":"2018-04-03T21:06:59+00:00","author":{"@id":"https:\/\/www.altominho.tv\/site\/#\/schema\/person\/f836e37082b5dabe9144f3eb724ed5a7"},"breadcrumb":{"@id":"https:\/\/www.altominho.tv\/site\/2018\/04\/03\/iii-exposicao-canina-nacional-e-internacional-do-alto-minho-14-e-15-de-abril\/#breadcrumb"},"inLanguage":"pt-PT","potentialAction":[{"@type":"ReadAction","target":["https:\/\/www.altominho.tv\/site\/2018\/04\/03\/iii-exposicao-canina-nacional-e-internacional-do-alto-minho-14-e-15-de-abril\/"]}]},{"@type":"ImageObject","inLanguage":"pt-PT","@id":"https:\/\/www.altominho.tv\/site\/2018\/04\/03\/iii-exposicao-canina-nacional-e-internacional-do-alto-minho-14-e-15-de-abril\/#primaryimage","url":"https:\/\/www.altominho.tv\/site\/wp-content\/uploads\/2018\/04\/Expo_Canina_-Medium.jpg","contentUrl":"https:\/\/www.altominho.tv\/site\/wp-content\/uploads\/2018\/04\/Expo_Canina_-Medium.jpg","width":768,"height":999},{"@type":"BreadcrumbList","@id":"https:\/\/www.altominho.tv\/site\/2018\/04\/03\/iii-exposicao-canina-nacional-e-internacional-do-alto-minho-14-e-15-de-abril\/#breadcrumb","itemListElement":[{"@type":"ListItem","position":1,"name":"In\u00edcio","item":"https:\/\/www.altominho.tv\/site\/"},{"@type":"ListItem","position":2,"name":"III Exposi\u00e7\u00e3o Canina Nacional e Internacional do Alto Minho 14 e 15 de abril"}]},{"@type":"WebSite","@id":"https:\/\/www.altominho.tv\/site\/#website","url":"https:\/\/www.altominho.tv\/site\/","name":"Altominho.tv","description":"A sua regi\u00e3o \u00e0 dist\u00e2ncia de um clique...","potentialAction":[{"@type":"SearchAction","target":{"@type":"EntryPoint","urlTemplate":"https:\/\/www.altominho.tv\/site\/?s={search_term_string}"},"query-input":{"@type":"PropertyValueSpecification","valueRequired":true,"valueName":"search_term_string"}}],"inLanguage":"pt-PT"},{"@type":"Person","@id":"https:\/\/www.altominho.tv\/site\/#\/schema\/person\/f836e37082b5dabe9144f3eb724ed5a7","name":"M\u00e1rcio Ferreira","image":{"@type":"ImageObject","inLanguage":"pt-PT","@id":"https:\/\/www.altominho.tv\/site\/wp-content\/uploads\/2017\/11\/Marcio-150x150.jpg","url":"https:\/\/www.altominho.tv\/site\/wp-content\/uploads\/2017\/11\/Marcio-150x150.jpg","contentUrl":"https:\/\/www.altominho.tv\/site\/wp-content\/uploads\/2017\/11\/Marcio-150x150.jpg","caption":"M\u00e1rcio Ferreira"},"url":"https:\/\/www.altominho.tv\/site\/author\/marcioferreira\/"}]}},"_links":{"self":[{"href":"https:\/\/www.altominho.tv\/site\/wp-json\/wp\/v2\/posts\/11258","targetHints":{"allow":["GET"]}}],"collection":[{"href":"https:\/\/www.altominho.tv\/site\/wp-json\/wp\/v2\/posts"}],"about":[{"href":"https:\/\/www.altominho.tv\/site\/wp-json\/wp\/v2\/types\/post"}],"author":[{"embeddable":true,"href":"https:\/\/www.altominho.tv\/site\/wp-json\/wp\/v2\/users\/11"}],"replies":[{"embeddable":true,"href":"https:\/\/www.altominho.tv\/site\/wp-json\/wp\/v2\/comments?post=11258"}],"version-history":[{"count":0,"href":"https:\/\/www.altominho.tv\/site\/wp-json\/wp\/v2\/posts\/11258\/revisions"}],"wp:featuredmedia":[{"embeddable":true,"href":"https:\/\/www.altominho.tv\/site\/wp-json\/wp\/v2\/media\/11259"}],"wp:attachment":[{"href":"https:\/\/www.altominho.tv\/site\/wp-json\/wp\/v2\/media?parent=11258"}],"wp:term":[{"taxonomy":"category","embeddable":true,"href":"https:\/\/www.altominho.tv\/site\/wp-json\/wp\/v2\/categories?post=11258"},{"taxonomy":"post_tag","embeddable":true,"href":"https:\/\/www.altominho.tv\/site\/wp-json\/wp\/v2\/tags?post=11258"}],"curies":[{"name":"wp","href":"https:\/\/api.w.org\/{rel}","templated":true}]}}