{"id":112456,"date":"2024-11-14T17:51:36","date_gmt":"2024-11-14T17:51:36","guid":{"rendered":"https:\/\/www.altominho.tv\/site\/?p=112456"},"modified":"2024-11-14T17:51:38","modified_gmt":"2024-11-14T17:51:38","slug":"viana-do-castelo-desporto-marta-paco","status":"publish","type":"post","link":"https:\/\/www.altominho.tv\/site\/2024\/11\/14\/viana-do-castelo-desporto-marta-paco\/","title":{"rendered":"Tetracampe\u00e3 mundial Marta Pa\u00e7o recebida na C\u00e2mara Municipal de Viana do Castelo"},"content":{"rendered":"\n<p>A tetracampe\u00e3 mundial Marta Pa\u00e7o foi recebida esta quinta-feira, na C\u00e2mara Municipal de Viana do Castelo.<\/p>\n\n\n\n<p>O presidente da C\u00e2mara Municipal de Viana do Castelo, Lu\u00eds Nobre, acompanhado pelo executivo municipal, recebeu a tetracampe\u00e3 mundial de parasurfing Marta Pa\u00e7o.<\/p>\n\n\n\n<p>O autarca indicou que \u201c\u00e9 uma alegria e at\u00e9 j\u00e1 come\u00e7a a ser um h\u00e1bito\u201d receber a surfista vianense ap\u00f3s a conquista de mais uma medalha \u201cque \u00e9 o resultado de muito esfor\u00e7o e dedica\u00e7\u00e3o\u201d.<\/p>\n\n\n\n<p>\u201c\u00c9s uma inspira\u00e7\u00e3o para o mundo pela tua capacidade de supera\u00e7\u00e3o\u201d, vaticinou Lu\u00eds Nobre.<\/p>\n\n\n\n<p>Marta Pa\u00e7o indicou, na rece\u00e7\u00e3o que aconteceu no Munic\u00edpio, que este ano a prova lhe correu \u201cmuito bem\u201d, j\u00e1 que apanharam \u201cbom tempo e boas ondas\u201d.<\/p>\n\n\n\n<p>Considerou ainda que o desporto adaptado est\u00e1 a evoluir, a subir de n\u00edvel, pelo que o desafio se torna maior a cada ano que passa.<\/p>\n\n\n\n<p>O treinador e selecionador nacional de parasurfing, Tiago Prieto, indicou que a surfista vianense \u201c\u00e9 a refer\u00eancia do surf adaptado no mundo\u201d, explicando que, nas diversas provas onde participam, a dupla \u00e9 procurada \u201cpara conselhos e sugest\u00f5es\u201d.<\/p>\n\n\n\n<p>Destacou o n\u00famero de praticantes na modalidade, j\u00e1 que a jovem vianense \u201cabriu caminho\u201d para o crescimento do parasurfing.<\/p>\n\n\n\n<p>J\u00e1 Jo\u00e3o Zamith, do Surf Clube de Viana, indicou que Viana do Castelo \u201c\u00e9 um exemplo a n\u00edvel mundial do desenvolvimento desta modalidade\u201d, o que tem permitido projetar a cidade e o concelho em todo o mundo.<\/p>\n\n\n\n<p>Recorde-se que, no passado s\u00e1bado, 9 de novembro, dia final do Mundial ISA de Para Surfing de 2024, Marta Pa\u00e7o conquistou a medalha de ouro na categoria feminina VI 1, destinada a competidoras invisuais, na ic\u00f3nica Huntington Beach, na Calif\u00f3rnia.<\/p>\n\n\n\n<p>A atleta vianense, de 19 anos de idade, conquistou, assim, o quarto t\u00edtulo mundial ISA consecutivo.<\/p>\n\n\n\n<p>Na final, Marta Pa\u00e7o somou 10,83 pontos, gra\u00e7as a uma onda de 5,83 pts e outra de 5,00 pts, ficando \u00e0 frente da francesa Valentine Moskoteoc (4,66 pts), da espanhola Carmen Lopes (4,50 pts) e da francesa Juliette Mas (3,67 pts).<\/p>\n\n\n\n<p>Em 2019, a surfista Marta Jord\u00e3o Pa\u00e7o tornou-se a Cidad\u00e3 de M\u00e9rito mais nova de sempre na hist\u00f3ria de Viana do Castelo.<\/p>\n\n\n\n<p>A jovem de Outeiro, na altura com apenas 14 anos, foi uma das personalidades distinguidas na sess\u00e3o solene comemorativa dos 171 anos de eleva\u00e7\u00e3o de Viana do Castelo a cidade.<\/p>\n","protected":false},"excerpt":{"rendered":"<p>A tetracampe\u00e3 mundial Marta Pa\u00e7o foi recebida esta quinta-feira, na C\u00e2mara Municipal de Viana do Castelo. O presidente da C\u00e2mara Municipal de Viana do Castelo, Lu\u00eds Nobre, acompanhado pelo executivo municipal, recebeu a tetracampe\u00e3 mundial de parasurfing Marta Pa\u00e7o. O autarca indicou que \u201c\u00e9 uma alegria e at\u00e9 j\u00e1 come\u00e7a a ser um h\u00e1bito\u201d receber [&hellip;]<\/p>\n","protected":false},"author":7,"featured_media":112457,"comment_status":"closed","ping_status":"closed","sticky":false,"template":"","format":"standard","meta":{"_exactmetrics_skip_tracking":false,"_exactmetrics_sitenote_active":false,"_exactmetrics_sitenote_note":"","_exactmetrics_sitenote_category":0,"footnotes":""},"categories":[14],"tags":[27],"class_list":["post-112456","post","type-post","status-publish","format-standard","has-post-thumbnail","hentry","category-viana-do-castelo","tag-sociedade"],"yoast_head":"<!-- This site is optimized with the Yoast SEO Premium plugin v27.5 (Yoast SEO v27.5) - https:\/\/yoast.com\/product\/yoast-seo-premium-wordpress\/ -->\n<title>Tetracampe\u00e3 mundial Marta Pa\u00e7o recebida na C\u00e2mara Municipal de Viana do Castelo<\/title>\n<meta name=\"description\" content=\"A Tetracampe\u00e3 mundial Marta Pa\u00e7o foi hoje recebida na C\u00e2mara Municipal de Viana do Castelo.\" \/>\n<meta name=\"robots\" content=\"index, follow, max-snippet:-1, max-image-preview:large, max-video-preview:-1\" \/>\n<link rel=\"canonical\" href=\"https:\/\/www.altominho.tv\/site\/2024\/11\/14\/viana-do-castelo-desporto-marta-paco\/\" \/>\n<meta property=\"og:locale\" content=\"pt_PT\" \/>\n<meta property=\"og:type\" content=\"article\" \/>\n<meta property=\"og:title\" content=\"Tetracampe\u00e3 mundial Marta Pa\u00e7o recebida na C\u00e2mara Municipal de Viana do Castelo\" \/>\n<meta property=\"og:description\" content=\"A Tetracampe\u00e3 mundial Marta Pa\u00e7o foi hoje recebida na C\u00e2mara Municipal de Viana do Castelo.\" \/>\n<meta property=\"og:url\" content=\"https:\/\/www.altominho.tv\/site\/2024\/11\/14\/viana-do-castelo-desporto-marta-paco\/\" \/>\n<meta property=\"og:site_name\" content=\"Altominho.tv\" \/>\n<meta property=\"article:publisher\" content=\"https:\/\/www.facebook.com\/altominhotv\" \/>\n<meta property=\"article:published_time\" content=\"2024-11-14T17:51:36+00:00\" \/>\n<meta property=\"article:modified_time\" content=\"2024-11-14T17:51:38+00:00\" \/>\n<meta property=\"og:image\" content=\"https:\/\/www.altominho.tv\/site\/wp-content\/uploads\/2024\/11\/Design-sem-nome-38.jpg\" \/>\n\t<meta property=\"og:image:width\" content=\"1920\" \/>\n\t<meta property=\"og:image:height\" content=\"1080\" \/>\n\t<meta property=\"og:image:type\" content=\"image\/jpeg\" \/>\n<meta name=\"author\" content=\"Andreia Cunha\" \/>\n<meta name=\"twitter:card\" content=\"summary_large_image\" \/>\n<meta name=\"twitter:creator\" content=\"@altominhoTV\" \/>\n<meta name=\"twitter:site\" content=\"@altominhoTV\" \/>\n<meta name=\"twitter:label1\" content=\"Escrito por\" \/>\n\t<meta name=\"twitter:data1\" content=\"Andreia Cunha\" \/>\n\t<meta name=\"twitter:label2\" content=\"Tempo estimado de leitura\" \/>\n\t<meta name=\"twitter:data2\" content=\"3 minutos\" \/>\n<script type=\"application\/ld+json\" class=\"yoast-schema-graph\">{\"@context\":\"https:\\\/\\\/schema.org\",\"@graph\":[{\"@type\":\"Article\",\"@id\":\"https:\\\/\\\/www.altominho.tv\\\/site\\\/2024\\\/11\\\/14\\\/viana-do-castelo-desporto-marta-paco\\\/#article\",\"isPartOf\":{\"@id\":\"https:\\\/\\\/www.altominho.tv\\\/site\\\/2024\\\/11\\\/14\\\/viana-do-castelo-desporto-marta-paco\\\/\"},\"author\":{\"name\":\"Andreia Cunha\",\"@id\":\"https:\\\/\\\/www.altominho.tv\\\/site\\\/#\\\/schema\\\/person\\\/a0e4ef6d041f98ca284393d8f1d97153\"},\"headline\":\"Tetracampe\u00e3 mundial Marta Pa\u00e7o recebida na C\u00e2mara Municipal de Viana do Castelo\",\"datePublished\":\"2024-11-14T17:51:36+00:00\",\"dateModified\":\"2024-11-14T17:51:38+00:00\",\"mainEntityOfPage\":{\"@id\":\"https:\\\/\\\/www.altominho.tv\\\/site\\\/2024\\\/11\\\/14\\\/viana-do-castelo-desporto-marta-paco\\\/\"},\"wordCount\":411,\"image\":{\"@id\":\"https:\\\/\\\/www.altominho.tv\\\/site\\\/2024\\\/11\\\/14\\\/viana-do-castelo-desporto-marta-paco\\\/#primaryimage\"},\"thumbnailUrl\":\"https:\\\/\\\/www.altominho.tv\\\/site\\\/wp-content\\\/uploads\\\/2024\\\/11\\\/Design-sem-nome-38.jpg\",\"keywords\":[\"Sociedade\"],\"articleSection\":[\"Viana do Castelo\"],\"inLanguage\":\"pt-PT\",\"copyrightYear\":\"2024\",\"copyrightHolder\":{\"@id\":\"https:\\\/\\\/www.altominho.tv\\\/site\\\/#organization\"}},{\"@type\":\"WebPage\",\"@id\":\"https:\\\/\\\/www.altominho.tv\\\/site\\\/2024\\\/11\\\/14\\\/viana-do-castelo-desporto-marta-paco\\\/\",\"url\":\"https:\\\/\\\/www.altominho.tv\\\/site\\\/2024\\\/11\\\/14\\\/viana-do-castelo-desporto-marta-paco\\\/\",\"name\":\"Tetracampe\u00e3 mundial Marta Pa\u00e7o recebida na C\u00e2mara Municipal de Viana do Castelo\",\"isPartOf\":{\"@id\":\"https:\\\/\\\/www.altominho.tv\\\/site\\\/#website\"},\"primaryImageOfPage\":{\"@id\":\"https:\\\/\\\/www.altominho.tv\\\/site\\\/2024\\\/11\\\/14\\\/viana-do-castelo-desporto-marta-paco\\\/#primaryimage\"},\"image\":{\"@id\":\"https:\\\/\\\/www.altominho.tv\\\/site\\\/2024\\\/11\\\/14\\\/viana-do-castelo-desporto-marta-paco\\\/#primaryimage\"},\"thumbnailUrl\":\"https:\\\/\\\/www.altominho.tv\\\/site\\\/wp-content\\\/uploads\\\/2024\\\/11\\\/Design-sem-nome-38.jpg\",\"datePublished\":\"2024-11-14T17:51:36+00:00\",\"dateModified\":\"2024-11-14T17:51:38+00:00\",\"author\":{\"@id\":\"https:\\\/\\\/www.altominho.tv\\\/site\\\/#\\\/schema\\\/person\\\/a0e4ef6d041f98ca284393d8f1d97153\"},\"description\":\"A Tetracampe\u00e3 mundial Marta Pa\u00e7o foi hoje recebida na C\u00e2mara Municipal de Viana do Castelo.\",\"breadcrumb\":{\"@id\":\"https:\\\/\\\/www.altominho.tv\\\/site\\\/2024\\\/11\\\/14\\\/viana-do-castelo-desporto-marta-paco\\\/#breadcrumb\"},\"inLanguage\":\"pt-PT\",\"potentialAction\":[{\"@type\":\"ReadAction\",\"target\":[\"https:\\\/\\\/www.altominho.tv\\\/site\\\/2024\\\/11\\\/14\\\/viana-do-castelo-desporto-marta-paco\\\/\"]}]},{\"@type\":\"ImageObject\",\"inLanguage\":\"pt-PT\",\"@id\":\"https:\\\/\\\/www.altominho.tv\\\/site\\\/2024\\\/11\\\/14\\\/viana-do-castelo-desporto-marta-paco\\\/#primaryimage\",\"url\":\"https:\\\/\\\/www.altominho.tv\\\/site\\\/wp-content\\\/uploads\\\/2024\\\/11\\\/Design-sem-nome-38.jpg\",\"contentUrl\":\"https:\\\/\\\/www.altominho.tv\\\/site\\\/wp-content\\\/uploads\\\/2024\\\/11\\\/Design-sem-nome-38.jpg\",\"width\":1920,\"height\":1080},{\"@type\":\"BreadcrumbList\",\"@id\":\"https:\\\/\\\/www.altominho.tv\\\/site\\\/2024\\\/11\\\/14\\\/viana-do-castelo-desporto-marta-paco\\\/#breadcrumb\",\"itemListElement\":[{\"@type\":\"ListItem\",\"position\":1,\"name\":\"In\u00edcio\",\"item\":\"https:\\\/\\\/www.altominho.tv\\\/site\\\/\"},{\"@type\":\"ListItem\",\"position\":2,\"name\":\"Tetracampe\u00e3 mundial Marta Pa\u00e7o recebida na C\u00e2mara Municipal de Viana do Castelo\"}]},{\"@type\":\"WebSite\",\"@id\":\"https:\\\/\\\/www.altominho.tv\\\/site\\\/#website\",\"url\":\"https:\\\/\\\/www.altominho.tv\\\/site\\\/\",\"name\":\"Altominho.tv\",\"description\":\"A sua regi\u00e3o \u00e0 dist\u00e2ncia de um clique...\",\"potentialAction\":[{\"@type\":\"SearchAction\",\"target\":{\"@type\":\"EntryPoint\",\"urlTemplate\":\"https:\\\/\\\/www.altominho.tv\\\/site\\\/?s={search_term_string}\"},\"query-input\":{\"@type\":\"PropertyValueSpecification\",\"valueRequired\":true,\"valueName\":\"search_term_string\"}}],\"inLanguage\":\"pt-PT\"},{\"@type\":\"Person\",\"@id\":\"https:\\\/\\\/www.altominho.tv\\\/site\\\/#\\\/schema\\\/person\\\/a0e4ef6d041f98ca284393d8f1d97153\",\"name\":\"Andreia Cunha\",\"image\":{\"@type\":\"ImageObject\",\"inLanguage\":\"pt-PT\",\"@id\":\"https:\\\/\\\/www.altominho.tv\\\/site\\\/wp-content\\\/uploads\\\/2017\\\/11\\\/Andreia_Cunha-1-150x150.jpg\",\"url\":\"https:\\\/\\\/www.altominho.tv\\\/site\\\/wp-content\\\/uploads\\\/2017\\\/11\\\/Andreia_Cunha-1-150x150.jpg\",\"contentUrl\":\"https:\\\/\\\/www.altominho.tv\\\/site\\\/wp-content\\\/uploads\\\/2017\\\/11\\\/Andreia_Cunha-1-150x150.jpg\",\"caption\":\"Andreia Cunha\"},\"url\":\"https:\\\/\\\/www.altominho.tv\\\/site\\\/author\\\/andreiacunha\\\/\"}]}<\/script>\n<!-- \/ Yoast SEO Premium plugin. -->","yoast_head_json":{"title":"Tetracampe\u00e3 mundial Marta Pa\u00e7o recebida na C\u00e2mara Municipal de Viana do Castelo","description":"A Tetracampe\u00e3 mundial Marta Pa\u00e7o foi hoje recebida na C\u00e2mara Municipal de Viana do Castelo.","robots":{"index":"index","follow":"follow","max-snippet":"max-snippet:-1","max-image-preview":"max-image-preview:large","max-video-preview":"max-video-preview:-1"},"canonical":"https:\/\/www.altominho.tv\/site\/2024\/11\/14\/viana-do-castelo-desporto-marta-paco\/","og_locale":"pt_PT","og_type":"article","og_title":"Tetracampe\u00e3 mundial Marta Pa\u00e7o recebida na C\u00e2mara Municipal de Viana do Castelo","og_description":"A Tetracampe\u00e3 mundial Marta Pa\u00e7o foi hoje recebida na C\u00e2mara Municipal de Viana do Castelo.","og_url":"https:\/\/www.altominho.tv\/site\/2024\/11\/14\/viana-do-castelo-desporto-marta-paco\/","og_site_name":"Altominho.tv","article_publisher":"https:\/\/www.facebook.com\/altominhotv","article_published_time":"2024-11-14T17:51:36+00:00","article_modified_time":"2024-11-14T17:51:38+00:00","og_image":[{"width":1920,"height":1080,"url":"https:\/\/www.altominho.tv\/site\/wp-content\/uploads\/2024\/11\/Design-sem-nome-38.jpg","type":"image\/jpeg"}],"author":"Andreia Cunha","twitter_card":"summary_large_image","twitter_creator":"@altominhoTV","twitter_site":"@altominhoTV","twitter_misc":{"Escrito por":"Andreia Cunha","Tempo estimado de leitura":"3 minutos"},"schema":{"@context":"https:\/\/schema.org","@graph":[{"@type":"Article","@id":"https:\/\/www.altominho.tv\/site\/2024\/11\/14\/viana-do-castelo-desporto-marta-paco\/#article","isPartOf":{"@id":"https:\/\/www.altominho.tv\/site\/2024\/11\/14\/viana-do-castelo-desporto-marta-paco\/"},"author":{"name":"Andreia Cunha","@id":"https:\/\/www.altominho.tv\/site\/#\/schema\/person\/a0e4ef6d041f98ca284393d8f1d97153"},"headline":"Tetracampe\u00e3 mundial Marta Pa\u00e7o recebida na C\u00e2mara Municipal de Viana do Castelo","datePublished":"2024-11-14T17:51:36+00:00","dateModified":"2024-11-14T17:51:38+00:00","mainEntityOfPage":{"@id":"https:\/\/www.altominho.tv\/site\/2024\/11\/14\/viana-do-castelo-desporto-marta-paco\/"},"wordCount":411,"image":{"@id":"https:\/\/www.altominho.tv\/site\/2024\/11\/14\/viana-do-castelo-desporto-marta-paco\/#primaryimage"},"thumbnailUrl":"https:\/\/www.altominho.tv\/site\/wp-content\/uploads\/2024\/11\/Design-sem-nome-38.jpg","keywords":["Sociedade"],"articleSection":["Viana do Castelo"],"inLanguage":"pt-PT","copyrightYear":"2024","copyrightHolder":{"@id":"https:\/\/www.altominho.tv\/site\/#organization"}},{"@type":"WebPage","@id":"https:\/\/www.altominho.tv\/site\/2024\/11\/14\/viana-do-castelo-desporto-marta-paco\/","url":"https:\/\/www.altominho.tv\/site\/2024\/11\/14\/viana-do-castelo-desporto-marta-paco\/","name":"Tetracampe\u00e3 mundial Marta Pa\u00e7o recebida na C\u00e2mara Municipal de Viana do Castelo","isPartOf":{"@id":"https:\/\/www.altominho.tv\/site\/#website"},"primaryImageOfPage":{"@id":"https:\/\/www.altominho.tv\/site\/2024\/11\/14\/viana-do-castelo-desporto-marta-paco\/#primaryimage"},"image":{"@id":"https:\/\/www.altominho.tv\/site\/2024\/11\/14\/viana-do-castelo-desporto-marta-paco\/#primaryimage"},"thumbnailUrl":"https:\/\/www.altominho.tv\/site\/wp-content\/uploads\/2024\/11\/Design-sem-nome-38.jpg","datePublished":"2024-11-14T17:51:36+00:00","dateModified":"2024-11-14T17:51:38+00:00","author":{"@id":"https:\/\/www.altominho.tv\/site\/#\/schema\/person\/a0e4ef6d041f98ca284393d8f1d97153"},"description":"A Tetracampe\u00e3 mundial Marta Pa\u00e7o foi hoje recebida na C\u00e2mara Municipal de Viana do Castelo.","breadcrumb":{"@id":"https:\/\/www.altominho.tv\/site\/2024\/11\/14\/viana-do-castelo-desporto-marta-paco\/#breadcrumb"},"inLanguage":"pt-PT","potentialAction":[{"@type":"ReadAction","target":["https:\/\/www.altominho.tv\/site\/2024\/11\/14\/viana-do-castelo-desporto-marta-paco\/"]}]},{"@type":"ImageObject","inLanguage":"pt-PT","@id":"https:\/\/www.altominho.tv\/site\/2024\/11\/14\/viana-do-castelo-desporto-marta-paco\/#primaryimage","url":"https:\/\/www.altominho.tv\/site\/wp-content\/uploads\/2024\/11\/Design-sem-nome-38.jpg","contentUrl":"https:\/\/www.altominho.tv\/site\/wp-content\/uploads\/2024\/11\/Design-sem-nome-38.jpg","width":1920,"height":1080},{"@type":"BreadcrumbList","@id":"https:\/\/www.altominho.tv\/site\/2024\/11\/14\/viana-do-castelo-desporto-marta-paco\/#breadcrumb","itemListElement":[{"@type":"ListItem","position":1,"name":"In\u00edcio","item":"https:\/\/www.altominho.tv\/site\/"},{"@type":"ListItem","position":2,"name":"Tetracampe\u00e3 mundial Marta Pa\u00e7o recebida na C\u00e2mara Municipal de Viana do Castelo"}]},{"@type":"WebSite","@id":"https:\/\/www.altominho.tv\/site\/#website","url":"https:\/\/www.altominho.tv\/site\/","name":"Altominho.tv","description":"A sua regi\u00e3o \u00e0 dist\u00e2ncia de um clique...","potentialAction":[{"@type":"SearchAction","target":{"@type":"EntryPoint","urlTemplate":"https:\/\/www.altominho.tv\/site\/?s={search_term_string}"},"query-input":{"@type":"PropertyValueSpecification","valueRequired":true,"valueName":"search_term_string"}}],"inLanguage":"pt-PT"},{"@type":"Person","@id":"https:\/\/www.altominho.tv\/site\/#\/schema\/person\/a0e4ef6d041f98ca284393d8f1d97153","name":"Andreia Cunha","image":{"@type":"ImageObject","inLanguage":"pt-PT","@id":"https:\/\/www.altominho.tv\/site\/wp-content\/uploads\/2017\/11\/Andreia_Cunha-1-150x150.jpg","url":"https:\/\/www.altominho.tv\/site\/wp-content\/uploads\/2017\/11\/Andreia_Cunha-1-150x150.jpg","contentUrl":"https:\/\/www.altominho.tv\/site\/wp-content\/uploads\/2017\/11\/Andreia_Cunha-1-150x150.jpg","caption":"Andreia Cunha"},"url":"https:\/\/www.altominho.tv\/site\/author\/andreiacunha\/"}]}},"_links":{"self":[{"href":"https:\/\/www.altominho.tv\/site\/wp-json\/wp\/v2\/posts\/112456","targetHints":{"allow":["GET"]}}],"collection":[{"href":"https:\/\/www.altominho.tv\/site\/wp-json\/wp\/v2\/posts"}],"about":[{"href":"https:\/\/www.altominho.tv\/site\/wp-json\/wp\/v2\/types\/post"}],"author":[{"embeddable":true,"href":"https:\/\/www.altominho.tv\/site\/wp-json\/wp\/v2\/users\/7"}],"replies":[{"embeddable":true,"href":"https:\/\/www.altominho.tv\/site\/wp-json\/wp\/v2\/comments?post=112456"}],"version-history":[{"count":1,"href":"https:\/\/www.altominho.tv\/site\/wp-json\/wp\/v2\/posts\/112456\/revisions"}],"predecessor-version":[{"id":112458,"href":"https:\/\/www.altominho.tv\/site\/wp-json\/wp\/v2\/posts\/112456\/revisions\/112458"}],"wp:featuredmedia":[{"embeddable":true,"href":"https:\/\/www.altominho.tv\/site\/wp-json\/wp\/v2\/media\/112457"}],"wp:attachment":[{"href":"https:\/\/www.altominho.tv\/site\/wp-json\/wp\/v2\/media?parent=112456"}],"wp:term":[{"taxonomy":"category","embeddable":true,"href":"https:\/\/www.altominho.tv\/site\/wp-json\/wp\/v2\/categories?post=112456"},{"taxonomy":"post_tag","embeddable":true,"href":"https:\/\/www.altominho.tv\/site\/wp-json\/wp\/v2\/tags?post=112456"}],"curies":[{"name":"wp","href":"https:\/\/api.w.org\/{rel}","templated":true}]}}