{"id":112395,"date":"2024-11-13T14:55:55","date_gmt":"2024-11-13T14:55:55","guid":{"rendered":"https:\/\/www.altominho.tv\/site\/?p=112395"},"modified":"2024-11-13T14:55:57","modified_gmt":"2024-11-13T14:55:57","slug":"ponte-de-lima-agenda-escolar-educacao","status":"publish","type":"post","link":"https:\/\/www.altominho.tv\/site\/2024\/11\/13\/ponte-de-lima-agenda-escolar-educacao\/","title":{"rendered":"Ponte de Lima volta a editar a Agenda Escolar"},"content":{"rendered":"\n<p>O Munic\u00edpio de Ponte de Lima volta a editar, sob a coordena\u00e7\u00e3o do Servi\u00e7o \u00c1rea Protegida, a Agenda Escolar.<\/p>\n\n\n\n<p>A autarquia deu nota que &#8220;esta publica\u00e7\u00e3o, que j\u00e1 vai na terceira edi\u00e7\u00e3o, editada num formato colecion\u00e1vel, tem como p\u00fablico alvo a comunidade educativa do concelho, do terceiro ciclo do ensino b\u00e1sico, do ensino secund\u00e1rio e do ensino profissional, num total aproximado de 2.500 alunos&#8221;.<\/p>\n\n\n\n<p>No ano letivo em que se comemoram os 900 anos da vila de Ponte de Lima, a Agenda Escolar 2024\/2025 &#8220;tem como principal objetivo dar a conhecer uma grande parte dos in\u00fameros valores do territ\u00f3rio de Ponte de Lima, uma vez que n\u00e3o seria poss\u00edvel enumer\u00e1-los a todos, numa \u00fanica publica\u00e7\u00e3o&#8221;.<\/p>\n\n\n\n<p>Ao longo deste ano letivo ser\u00e3o dados a conhecer, a todos os que folhearem a publica\u00e7\u00e3o, &#8220;os valores naturais que se encontram espalhados pelo territ\u00f3rio, como a \u00c1rea de Paisagem Protegida das Lagoas de Bertiandos e S\u00e3o Pedro d\u2019Arcos, classificada como Zona H\u00famida de Import\u00e2ncia Internacional, a Serra d\u2019Arga que em breve tamb\u00e9m ser\u00e1 classificada como \u00c1rea Protegida, o rio Lima, principal recurso h\u00eddrico do concelho, bem como miradouros, ecovias, rotas e percursos que podem ser percorridos para desfrutar de toda a beleza da paisagem de Ponte de Lima&#8221;.<\/p>\n\n\n\n<p>Tamb\u00e9m os monumentos constru\u00eddos s\u00e3o descritos nestas p\u00e1ginas, &#8220;alguns de car\u00e1ter religioso, como Capelas, Igrejas, Santu\u00e1rios e Mosteiros, e civis, como os Solares, com uma marca t\u00e3o profunda em Ponte de Lima, considerada o ber\u00e7o dos Solares de Portugal, com o Turismo de Habita\u00e7\u00e3o&#8221;.<\/p>\n\n\n\n<p>As Lendas, Festas e Romarias, tamb\u00e9m foram inclu\u00eddas nesta Agenda, \u00e0s quais se juntam a Gastronomia, a Rede de Museus, o Turismo Equestre ou o Enoturismo.<\/p>\n\n\n\n<p>Percorridos todos os meses do ano letivo, os alunos v\u00e3o encontrar um espa\u00e7o para expor as suas ideias, para idealizar os seus pr\u00f3prios projetos ou apresentar sugest\u00f5es de melhoria para este territ\u00f3rio.<\/p>\n\n\n\n<p>Desde a primeira edi\u00e7\u00e3o da Agenda Escolar que o Munic\u00edpio de Ponte de Lima &#8220;pretende estimular os alunos das diferentes institui\u00e7\u00f5es de ensino do concelho, futuros decisores, a ter um papel preponderante e uma voz ativa na salvaguarda e valoriza\u00e7\u00e3o no nosso territ\u00f3rio. Depois de desenvolverem as suas ideias, v\u00e3o poder debater e apresentar publicamente os seus pr\u00f3prios projetos no \u201cIII F\u00f3rum do Ambiente e Sustentabilidade\u201d, que ser\u00e1 realizado a 23 de maio de 2025, no Pavilh\u00e3o de Feiras e Exposi\u00e7\u00f5es, integrado na \u201cVI Feira da Educa\u00e7\u00e3o, Ci\u00eancia e Tecnologia de Ponte de Lima\u201d.<\/p>\n\n\n\n<p>Grande parte dos projetos apresentados, no I e II F\u00f3runs, em 2023 e 2024, pela sua &#8220;pertin\u00eancia e qualidade de exposi\u00e7\u00e3o&#8221;, foram posteriormente submetidos, pelas institui\u00e7\u00f5es de ensino, ao Or\u00e7amento Participativo do Munic\u00edpio de Ponte de Lima (OP).<\/p>\n\n\n\n<p>A Agenda Escolar 2024\/2025 j\u00e1 foi distribu\u00edda \u00e0 comunidade educativa.<\/p>\n","protected":false},"excerpt":{"rendered":"<p>O Munic\u00edpio de Ponte de Lima volta a editar, sob a coordena\u00e7\u00e3o do Servi\u00e7o \u00c1rea Protegida, a Agenda Escolar. A autarquia deu nota que &#8220;esta publica\u00e7\u00e3o, que j\u00e1 vai na terceira edi\u00e7\u00e3o, editada num formato colecion\u00e1vel, tem como p\u00fablico alvo a comunidade educativa do concelho, do terceiro ciclo do ensino b\u00e1sico, do ensino secund\u00e1rio e [&hellip;]<\/p>\n","protected":false},"author":7,"featured_media":112396,"comment_status":"closed","ping_status":"closed","sticky":false,"template":"","format":"standard","meta":{"_exactmetrics_skip_tracking":false,"_exactmetrics_sitenote_active":false,"_exactmetrics_sitenote_note":"","_exactmetrics_sitenote_category":0,"footnotes":""},"categories":[12],"tags":[22],"class_list":["post-112395","post","type-post","status-publish","format-standard","has-post-thumbnail","hentry","category-ponte-de-lima","tag-educacao"],"yoast_head":"<!-- This site is optimized with the Yoast SEO Premium plugin v27.5 (Yoast SEO v27.5) - https:\/\/yoast.com\/product\/yoast-seo-premium-wordpress\/ -->\n<title>Ponte de Lima volta a editar a Agenda Escolar<\/title>\n<meta name=\"description\" content=\"O Munic\u00edpio de Ponte de Lima volta a editar, sob a coordena\u00e7\u00e3o do Servi\u00e7o \u00c1rea Protegida, a Agenda Escolar.\" \/>\n<meta name=\"robots\" content=\"index, follow, max-snippet:-1, max-image-preview:large, max-video-preview:-1\" \/>\n<link rel=\"canonical\" href=\"https:\/\/www.altominho.tv\/site\/2024\/11\/13\/ponte-de-lima-agenda-escolar-educacao\/\" \/>\n<meta property=\"og:locale\" content=\"pt_PT\" \/>\n<meta property=\"og:type\" content=\"article\" \/>\n<meta property=\"og:title\" content=\"Ponte de Lima volta a editar a Agenda Escolar\" \/>\n<meta property=\"og:description\" content=\"O Munic\u00edpio de Ponte de Lima volta a editar, sob a coordena\u00e7\u00e3o do Servi\u00e7o \u00c1rea Protegida, a Agenda Escolar.\" \/>\n<meta property=\"og:url\" content=\"https:\/\/www.altominho.tv\/site\/2024\/11\/13\/ponte-de-lima-agenda-escolar-educacao\/\" \/>\n<meta property=\"og:site_name\" content=\"Altominho.tv\" \/>\n<meta property=\"article:publisher\" content=\"https:\/\/www.facebook.com\/altominhotv\" \/>\n<meta property=\"article:published_time\" content=\"2024-11-13T14:55:55+00:00\" \/>\n<meta property=\"article:modified_time\" content=\"2024-11-13T14:55:57+00:00\" \/>\n<meta property=\"og:image\" content=\"https:\/\/www.altominho.tv\/site\/wp-content\/uploads\/2024\/11\/Design-sem-nome-28.jpg\" \/>\n\t<meta property=\"og:image:width\" content=\"1920\" \/>\n\t<meta property=\"og:image:height\" content=\"1080\" \/>\n\t<meta property=\"og:image:type\" content=\"image\/jpeg\" \/>\n<meta name=\"author\" content=\"Andreia Cunha\" \/>\n<meta name=\"twitter:card\" content=\"summary_large_image\" \/>\n<meta name=\"twitter:creator\" content=\"@altominhoTV\" \/>\n<meta name=\"twitter:site\" content=\"@altominhoTV\" \/>\n<meta name=\"twitter:label1\" content=\"Escrito por\" \/>\n\t<meta name=\"twitter:data1\" content=\"Andreia Cunha\" \/>\n\t<meta name=\"twitter:label2\" content=\"Tempo estimado de leitura\" \/>\n\t<meta name=\"twitter:data2\" content=\"3 minutos\" \/>\n<script type=\"application\/ld+json\" class=\"yoast-schema-graph\">{\"@context\":\"https:\\\/\\\/schema.org\",\"@graph\":[{\"@type\":\"Article\",\"@id\":\"https:\\\/\\\/www.altominho.tv\\\/site\\\/2024\\\/11\\\/13\\\/ponte-de-lima-agenda-escolar-educacao\\\/#article\",\"isPartOf\":{\"@id\":\"https:\\\/\\\/www.altominho.tv\\\/site\\\/2024\\\/11\\\/13\\\/ponte-de-lima-agenda-escolar-educacao\\\/\"},\"author\":{\"name\":\"Andreia Cunha\",\"@id\":\"https:\\\/\\\/www.altominho.tv\\\/site\\\/#\\\/schema\\\/person\\\/a0e4ef6d041f98ca284393d8f1d97153\"},\"headline\":\"Ponte de Lima volta a editar a Agenda Escolar\",\"datePublished\":\"2024-11-13T14:55:55+00:00\",\"dateModified\":\"2024-11-13T14:55:57+00:00\",\"mainEntityOfPage\":{\"@id\":\"https:\\\/\\\/www.altominho.tv\\\/site\\\/2024\\\/11\\\/13\\\/ponte-de-lima-agenda-escolar-educacao\\\/\"},\"wordCount\":508,\"image\":{\"@id\":\"https:\\\/\\\/www.altominho.tv\\\/site\\\/2024\\\/11\\\/13\\\/ponte-de-lima-agenda-escolar-educacao\\\/#primaryimage\"},\"thumbnailUrl\":\"https:\\\/\\\/www.altominho.tv\\\/site\\\/wp-content\\\/uploads\\\/2024\\\/11\\\/Design-sem-nome-28.jpg\",\"keywords\":[\"Educa\u00e7\u00e3o\"],\"articleSection\":[\"Ponte de Lima\"],\"inLanguage\":\"pt-PT\",\"copyrightYear\":\"2024\",\"copyrightHolder\":{\"@id\":\"https:\\\/\\\/www.altominho.tv\\\/site\\\/#organization\"}},{\"@type\":\"WebPage\",\"@id\":\"https:\\\/\\\/www.altominho.tv\\\/site\\\/2024\\\/11\\\/13\\\/ponte-de-lima-agenda-escolar-educacao\\\/\",\"url\":\"https:\\\/\\\/www.altominho.tv\\\/site\\\/2024\\\/11\\\/13\\\/ponte-de-lima-agenda-escolar-educacao\\\/\",\"name\":\"Ponte de Lima volta a editar a Agenda Escolar\",\"isPartOf\":{\"@id\":\"https:\\\/\\\/www.altominho.tv\\\/site\\\/#website\"},\"primaryImageOfPage\":{\"@id\":\"https:\\\/\\\/www.altominho.tv\\\/site\\\/2024\\\/11\\\/13\\\/ponte-de-lima-agenda-escolar-educacao\\\/#primaryimage\"},\"image\":{\"@id\":\"https:\\\/\\\/www.altominho.tv\\\/site\\\/2024\\\/11\\\/13\\\/ponte-de-lima-agenda-escolar-educacao\\\/#primaryimage\"},\"thumbnailUrl\":\"https:\\\/\\\/www.altominho.tv\\\/site\\\/wp-content\\\/uploads\\\/2024\\\/11\\\/Design-sem-nome-28.jpg\",\"datePublished\":\"2024-11-13T14:55:55+00:00\",\"dateModified\":\"2024-11-13T14:55:57+00:00\",\"author\":{\"@id\":\"https:\\\/\\\/www.altominho.tv\\\/site\\\/#\\\/schema\\\/person\\\/a0e4ef6d041f98ca284393d8f1d97153\"},\"description\":\"O Munic\u00edpio de Ponte de Lima volta a editar, sob a coordena\u00e7\u00e3o do Servi\u00e7o \u00c1rea Protegida, a Agenda Escolar.\",\"breadcrumb\":{\"@id\":\"https:\\\/\\\/www.altominho.tv\\\/site\\\/2024\\\/11\\\/13\\\/ponte-de-lima-agenda-escolar-educacao\\\/#breadcrumb\"},\"inLanguage\":\"pt-PT\",\"potentialAction\":[{\"@type\":\"ReadAction\",\"target\":[\"https:\\\/\\\/www.altominho.tv\\\/site\\\/2024\\\/11\\\/13\\\/ponte-de-lima-agenda-escolar-educacao\\\/\"]}]},{\"@type\":\"ImageObject\",\"inLanguage\":\"pt-PT\",\"@id\":\"https:\\\/\\\/www.altominho.tv\\\/site\\\/2024\\\/11\\\/13\\\/ponte-de-lima-agenda-escolar-educacao\\\/#primaryimage\",\"url\":\"https:\\\/\\\/www.altominho.tv\\\/site\\\/wp-content\\\/uploads\\\/2024\\\/11\\\/Design-sem-nome-28.jpg\",\"contentUrl\":\"https:\\\/\\\/www.altominho.tv\\\/site\\\/wp-content\\\/uploads\\\/2024\\\/11\\\/Design-sem-nome-28.jpg\",\"width\":1920,\"height\":1080},{\"@type\":\"BreadcrumbList\",\"@id\":\"https:\\\/\\\/www.altominho.tv\\\/site\\\/2024\\\/11\\\/13\\\/ponte-de-lima-agenda-escolar-educacao\\\/#breadcrumb\",\"itemListElement\":[{\"@type\":\"ListItem\",\"position\":1,\"name\":\"In\u00edcio\",\"item\":\"https:\\\/\\\/www.altominho.tv\\\/site\\\/\"},{\"@type\":\"ListItem\",\"position\":2,\"name\":\"Ponte de Lima volta a editar a Agenda Escolar\"}]},{\"@type\":\"WebSite\",\"@id\":\"https:\\\/\\\/www.altominho.tv\\\/site\\\/#website\",\"url\":\"https:\\\/\\\/www.altominho.tv\\\/site\\\/\",\"name\":\"Altominho.tv\",\"description\":\"A sua regi\u00e3o \u00e0 dist\u00e2ncia de um clique...\",\"potentialAction\":[{\"@type\":\"SearchAction\",\"target\":{\"@type\":\"EntryPoint\",\"urlTemplate\":\"https:\\\/\\\/www.altominho.tv\\\/site\\\/?s={search_term_string}\"},\"query-input\":{\"@type\":\"PropertyValueSpecification\",\"valueRequired\":true,\"valueName\":\"search_term_string\"}}],\"inLanguage\":\"pt-PT\"},{\"@type\":\"Person\",\"@id\":\"https:\\\/\\\/www.altominho.tv\\\/site\\\/#\\\/schema\\\/person\\\/a0e4ef6d041f98ca284393d8f1d97153\",\"name\":\"Andreia Cunha\",\"image\":{\"@type\":\"ImageObject\",\"inLanguage\":\"pt-PT\",\"@id\":\"https:\\\/\\\/www.altominho.tv\\\/site\\\/wp-content\\\/uploads\\\/2017\\\/11\\\/Andreia_Cunha-1-150x150.jpg\",\"url\":\"https:\\\/\\\/www.altominho.tv\\\/site\\\/wp-content\\\/uploads\\\/2017\\\/11\\\/Andreia_Cunha-1-150x150.jpg\",\"contentUrl\":\"https:\\\/\\\/www.altominho.tv\\\/site\\\/wp-content\\\/uploads\\\/2017\\\/11\\\/Andreia_Cunha-1-150x150.jpg\",\"caption\":\"Andreia Cunha\"},\"url\":\"https:\\\/\\\/www.altominho.tv\\\/site\\\/author\\\/andreiacunha\\\/\"}]}<\/script>\n<!-- \/ Yoast SEO Premium plugin. -->","yoast_head_json":{"title":"Ponte de Lima volta a editar a Agenda Escolar","description":"O Munic\u00edpio de Ponte de Lima volta a editar, sob a coordena\u00e7\u00e3o do Servi\u00e7o \u00c1rea Protegida, a Agenda Escolar.","robots":{"index":"index","follow":"follow","max-snippet":"max-snippet:-1","max-image-preview":"max-image-preview:large","max-video-preview":"max-video-preview:-1"},"canonical":"https:\/\/www.altominho.tv\/site\/2024\/11\/13\/ponte-de-lima-agenda-escolar-educacao\/","og_locale":"pt_PT","og_type":"article","og_title":"Ponte de Lima volta a editar a Agenda Escolar","og_description":"O Munic\u00edpio de Ponte de Lima volta a editar, sob a coordena\u00e7\u00e3o do Servi\u00e7o \u00c1rea Protegida, a Agenda Escolar.","og_url":"https:\/\/www.altominho.tv\/site\/2024\/11\/13\/ponte-de-lima-agenda-escolar-educacao\/","og_site_name":"Altominho.tv","article_publisher":"https:\/\/www.facebook.com\/altominhotv","article_published_time":"2024-11-13T14:55:55+00:00","article_modified_time":"2024-11-13T14:55:57+00:00","og_image":[{"width":1920,"height":1080,"url":"https:\/\/www.altominho.tv\/site\/wp-content\/uploads\/2024\/11\/Design-sem-nome-28.jpg","type":"image\/jpeg"}],"author":"Andreia Cunha","twitter_card":"summary_large_image","twitter_creator":"@altominhoTV","twitter_site":"@altominhoTV","twitter_misc":{"Escrito por":"Andreia Cunha","Tempo estimado de leitura":"3 minutos"},"schema":{"@context":"https:\/\/schema.org","@graph":[{"@type":"Article","@id":"https:\/\/www.altominho.tv\/site\/2024\/11\/13\/ponte-de-lima-agenda-escolar-educacao\/#article","isPartOf":{"@id":"https:\/\/www.altominho.tv\/site\/2024\/11\/13\/ponte-de-lima-agenda-escolar-educacao\/"},"author":{"name":"Andreia Cunha","@id":"https:\/\/www.altominho.tv\/site\/#\/schema\/person\/a0e4ef6d041f98ca284393d8f1d97153"},"headline":"Ponte de Lima volta a editar a Agenda Escolar","datePublished":"2024-11-13T14:55:55+00:00","dateModified":"2024-11-13T14:55:57+00:00","mainEntityOfPage":{"@id":"https:\/\/www.altominho.tv\/site\/2024\/11\/13\/ponte-de-lima-agenda-escolar-educacao\/"},"wordCount":508,"image":{"@id":"https:\/\/www.altominho.tv\/site\/2024\/11\/13\/ponte-de-lima-agenda-escolar-educacao\/#primaryimage"},"thumbnailUrl":"https:\/\/www.altominho.tv\/site\/wp-content\/uploads\/2024\/11\/Design-sem-nome-28.jpg","keywords":["Educa\u00e7\u00e3o"],"articleSection":["Ponte de Lima"],"inLanguage":"pt-PT","copyrightYear":"2024","copyrightHolder":{"@id":"https:\/\/www.altominho.tv\/site\/#organization"}},{"@type":"WebPage","@id":"https:\/\/www.altominho.tv\/site\/2024\/11\/13\/ponte-de-lima-agenda-escolar-educacao\/","url":"https:\/\/www.altominho.tv\/site\/2024\/11\/13\/ponte-de-lima-agenda-escolar-educacao\/","name":"Ponte de Lima volta a editar a Agenda Escolar","isPartOf":{"@id":"https:\/\/www.altominho.tv\/site\/#website"},"primaryImageOfPage":{"@id":"https:\/\/www.altominho.tv\/site\/2024\/11\/13\/ponte-de-lima-agenda-escolar-educacao\/#primaryimage"},"image":{"@id":"https:\/\/www.altominho.tv\/site\/2024\/11\/13\/ponte-de-lima-agenda-escolar-educacao\/#primaryimage"},"thumbnailUrl":"https:\/\/www.altominho.tv\/site\/wp-content\/uploads\/2024\/11\/Design-sem-nome-28.jpg","datePublished":"2024-11-13T14:55:55+00:00","dateModified":"2024-11-13T14:55:57+00:00","author":{"@id":"https:\/\/www.altominho.tv\/site\/#\/schema\/person\/a0e4ef6d041f98ca284393d8f1d97153"},"description":"O Munic\u00edpio de Ponte de Lima volta a editar, sob a coordena\u00e7\u00e3o do Servi\u00e7o \u00c1rea Protegida, a Agenda Escolar.","breadcrumb":{"@id":"https:\/\/www.altominho.tv\/site\/2024\/11\/13\/ponte-de-lima-agenda-escolar-educacao\/#breadcrumb"},"inLanguage":"pt-PT","potentialAction":[{"@type":"ReadAction","target":["https:\/\/www.altominho.tv\/site\/2024\/11\/13\/ponte-de-lima-agenda-escolar-educacao\/"]}]},{"@type":"ImageObject","inLanguage":"pt-PT","@id":"https:\/\/www.altominho.tv\/site\/2024\/11\/13\/ponte-de-lima-agenda-escolar-educacao\/#primaryimage","url":"https:\/\/www.altominho.tv\/site\/wp-content\/uploads\/2024\/11\/Design-sem-nome-28.jpg","contentUrl":"https:\/\/www.altominho.tv\/site\/wp-content\/uploads\/2024\/11\/Design-sem-nome-28.jpg","width":1920,"height":1080},{"@type":"BreadcrumbList","@id":"https:\/\/www.altominho.tv\/site\/2024\/11\/13\/ponte-de-lima-agenda-escolar-educacao\/#breadcrumb","itemListElement":[{"@type":"ListItem","position":1,"name":"In\u00edcio","item":"https:\/\/www.altominho.tv\/site\/"},{"@type":"ListItem","position":2,"name":"Ponte de Lima volta a editar a Agenda Escolar"}]},{"@type":"WebSite","@id":"https:\/\/www.altominho.tv\/site\/#website","url":"https:\/\/www.altominho.tv\/site\/","name":"Altominho.tv","description":"A sua regi\u00e3o \u00e0 dist\u00e2ncia de um clique...","potentialAction":[{"@type":"SearchAction","target":{"@type":"EntryPoint","urlTemplate":"https:\/\/www.altominho.tv\/site\/?s={search_term_string}"},"query-input":{"@type":"PropertyValueSpecification","valueRequired":true,"valueName":"search_term_string"}}],"inLanguage":"pt-PT"},{"@type":"Person","@id":"https:\/\/www.altominho.tv\/site\/#\/schema\/person\/a0e4ef6d041f98ca284393d8f1d97153","name":"Andreia Cunha","image":{"@type":"ImageObject","inLanguage":"pt-PT","@id":"https:\/\/www.altominho.tv\/site\/wp-content\/uploads\/2017\/11\/Andreia_Cunha-1-150x150.jpg","url":"https:\/\/www.altominho.tv\/site\/wp-content\/uploads\/2017\/11\/Andreia_Cunha-1-150x150.jpg","contentUrl":"https:\/\/www.altominho.tv\/site\/wp-content\/uploads\/2017\/11\/Andreia_Cunha-1-150x150.jpg","caption":"Andreia Cunha"},"url":"https:\/\/www.altominho.tv\/site\/author\/andreiacunha\/"}]}},"_links":{"self":[{"href":"https:\/\/www.altominho.tv\/site\/wp-json\/wp\/v2\/posts\/112395","targetHints":{"allow":["GET"]}}],"collection":[{"href":"https:\/\/www.altominho.tv\/site\/wp-json\/wp\/v2\/posts"}],"about":[{"href":"https:\/\/www.altominho.tv\/site\/wp-json\/wp\/v2\/types\/post"}],"author":[{"embeddable":true,"href":"https:\/\/www.altominho.tv\/site\/wp-json\/wp\/v2\/users\/7"}],"replies":[{"embeddable":true,"href":"https:\/\/www.altominho.tv\/site\/wp-json\/wp\/v2\/comments?post=112395"}],"version-history":[{"count":1,"href":"https:\/\/www.altominho.tv\/site\/wp-json\/wp\/v2\/posts\/112395\/revisions"}],"predecessor-version":[{"id":112397,"href":"https:\/\/www.altominho.tv\/site\/wp-json\/wp\/v2\/posts\/112395\/revisions\/112397"}],"wp:featuredmedia":[{"embeddable":true,"href":"https:\/\/www.altominho.tv\/site\/wp-json\/wp\/v2\/media\/112396"}],"wp:attachment":[{"href":"https:\/\/www.altominho.tv\/site\/wp-json\/wp\/v2\/media?parent=112395"}],"wp:term":[{"taxonomy":"category","embeddable":true,"href":"https:\/\/www.altominho.tv\/site\/wp-json\/wp\/v2\/categories?post=112395"},{"taxonomy":"post_tag","embeddable":true,"href":"https:\/\/www.altominho.tv\/site\/wp-json\/wp\/v2\/tags?post=112395"}],"curies":[{"name":"wp","href":"https:\/\/api.w.org\/{rel}","templated":true}]}}