{"id":11237,"date":"2018-04-03T14:21:59","date_gmt":"2018-04-03T14:21:59","guid":{"rendered":"http:\/\/www.altominho.tv\/site\/?p=11237"},"modified":"2018-04-03T14:21:59","modified_gmt":"2018-04-03T14:21:59","slug":"camara-vai-celebrar-dois-contratos-de-comodato-que-darao-nova-vida-a-antiga-escola-de-vilarinho","status":"publish","type":"post","link":"https:\/\/www.altominho.tv\/site\/2018\/04\/03\/camara-vai-celebrar-dois-contratos-de-comodato-que-darao-nova-vida-a-antiga-escola-de-vilarinho\/","title":{"rendered":"C\u00e2mara vai celebrar dois contratos de comodato que dar\u00e3o nova vida \u00e0 antiga escola de Vilarinho"},"content":{"rendered":"<p>A C\u00e2mara Municipal re\u00fane amanh\u00e3, dia 4 de abril, quarta-feira, em sess\u00e3o ordin\u00e1ria. Entre os pontos da ordem de trabalhos, destaque para dois contratos de comodato que dar\u00e3o nova vida \u00e0 antiga Escola Prim\u00e1ria de Vilarinho, em Vila Praia de \u00c2ncora, a celebrar com a Associa\u00e7\u00e3o Portuguesa de Pais e Amigos do Cidad\u00e3o com Defici\u00eancia Mental de Viana do Castelo (APPACDM) e com o Grupo Etnogr\u00e1fico de Vila Praia de \u00c2ncora.<\/p>\n<p>O presidente da C\u00e2mara vai apresentar ao restante Executivo uma proposta de ced\u00eancia das instala\u00e7\u00f5es da antiga Escola Prim\u00e1ria de Vilarinho, abrangendo o edif\u00edcio e parte do logradouro, atrav\u00e9s de um contrato comodato a celebrar entre o Munic\u00edpio de Caminha e a Associa\u00e7\u00e3o Portuguesa de Pais e Amigos do Cidad\u00e3o com Defici\u00eancia Mental de Viana do Castelo (APPACDM).<\/p>\n<p>Com esta medida, o concelho de Caminha ganhar\u00e1 um novo equipamento social. Trata-se de um CAO \u2013 Centro de Atividades Ocupacionais, preparado para dar resposta a 30 cidad\u00e3os com incapacidade ou defici\u00eancia. Refira-se que no concelho est\u00e3o identificados 24 cidad\u00e3os com esta necessidade. Atrav\u00e9s deste contrato, mant\u00e9m-se tamb\u00e9m a rela\u00e7\u00e3o do concelho com a APPACDM; garante-se a continua\u00e7\u00e3o do financiamento da Seguran\u00e7a Social que era canalizado para o concelho e criam-se novas oportunidades de emprego.<\/p>\n<p>O segundo contrato de comodato \u00e9 tamb\u00e9m uma proposta de Miguel Alves, que cumpre a promessa feita ao Grupo Etnogr\u00e1fico de Vila Praia de \u00c2ncora na ocasi\u00e3o do seu 40\u00ba anivers\u00e1rio. Com esta medida, como refere o presidente, faz-se justi\u00e7a a 40 anos de atividade desta associa\u00e7\u00e3o, que n\u00e3o disp\u00f5e de sede pr\u00f3pria.<\/p>\n<p>A ced\u00eancia das instala\u00e7\u00f5es, neste caso, compreende uma depend\u00eancia e parte do logradouro, tamb\u00e9m na antiga Escola Prim\u00e1ria de Vilarinho, que passar\u00e1 a estar ocupada por inteiro, ganhando nova vida.<\/p>\n<p>Ambos os contratos ser\u00e3o ainda submetidos \u00e0 Assembleia Municipal.<\/p>\n<p>Na reuni\u00e3o ser\u00e3o ainda apreciadas e votadas outras propostas, como as Normas de participa\u00e7\u00e3o na Feira Medieval de Caminha 2018 e a Homologa\u00e7\u00e3o da listagem definitiva dos candidatos aos incentivos a estudantes do ensino superior.<\/p>\n<p>&nbsp;<\/p>\n","protected":false},"excerpt":{"rendered":"<p>A C\u00e2mara Municipal re\u00fane amanh\u00e3, dia 4 de abril, quarta-feira, em sess\u00e3o ordin\u00e1ria. Entre os pontos da ordem de trabalhos, destaque para dois contratos de comodato que dar\u00e3o nova vida \u00e0 antiga Escola Prim\u00e1ria de Vilarinho, em Vila Praia de \u00c2ncora, a celebrar com a Associa\u00e7\u00e3o Portuguesa de Pais e Amigos do Cidad\u00e3o com Defici\u00eancia [&hellip;]<\/p>\n","protected":false},"author":11,"featured_media":11238,"comment_status":"closed","ping_status":"closed","sticky":false,"template":"","format":"standard","meta":{"_exactmetrics_skip_tracking":false,"_exactmetrics_sitenote_active":false,"_exactmetrics_sitenote_note":"","_exactmetrics_sitenote_category":0,"footnotes":""},"categories":[7],"tags":[27],"class_list":["post-11237","post","type-post","status-publish","format-standard","has-post-thumbnail","hentry","category-caminha","tag-sociedade"],"yoast_head":"<!-- This site is optimized with the Yoast SEO Premium plugin v27.5 (Yoast SEO v27.5) - https:\/\/yoast.com\/product\/yoast-seo-premium-wordpress\/ -->\n<title>C\u00e2mara vai celebrar dois contratos de comodato que dar\u00e3o nova vida \u00e0 antiga escola de Vilarinho<\/title>\n<meta name=\"robots\" content=\"index, follow, max-snippet:-1, max-image-preview:large, max-video-preview:-1\" \/>\n<link rel=\"canonical\" href=\"https:\/\/www.altominho.tv\/site\/2018\/04\/03\/camara-vai-celebrar-dois-contratos-de-comodato-que-darao-nova-vida-a-antiga-escola-de-vilarinho\/\" \/>\n<meta property=\"og:locale\" content=\"pt_PT\" \/>\n<meta property=\"og:type\" content=\"article\" \/>\n<meta property=\"og:title\" content=\"C\u00e2mara vai celebrar dois contratos de comodato que dar\u00e3o nova vida \u00e0 antiga escola de Vilarinho\" \/>\n<meta property=\"og:description\" content=\"A C\u00e2mara Municipal re\u00fane amanh\u00e3, dia 4 de abril, quarta-feira, em sess\u00e3o ordin\u00e1ria. Entre os pontos da ordem de trabalhos, destaque para dois contratos de comodato que dar\u00e3o nova vida \u00e0 antiga Escola Prim\u00e1ria de Vilarinho, em Vila Praia de \u00c2ncora, a celebrar com a Associa\u00e7\u00e3o Portuguesa de Pais e Amigos do Cidad\u00e3o com Defici\u00eancia [&hellip;]\" \/>\n<meta property=\"og:url\" content=\"https:\/\/www.altominho.tv\/site\/2018\/04\/03\/camara-vai-celebrar-dois-contratos-de-comodato-que-darao-nova-vida-a-antiga-escola-de-vilarinho\/\" \/>\n<meta property=\"og:site_name\" content=\"Altominho.tv\" \/>\n<meta property=\"article:publisher\" content=\"https:\/\/www.facebook.com\/altominhotv\" \/>\n<meta property=\"article:published_time\" content=\"2018-04-03T14:21:59+00:00\" \/>\n<meta property=\"og:image\" content=\"https:\/\/www.altominho.tv\/site\/wp-content\/uploads\/2018\/04\/0-2-640x350.jpg\" \/>\n\t<meta property=\"og:image:width\" content=\"640\" \/>\n\t<meta property=\"og:image:height\" content=\"350\" \/>\n\t<meta property=\"og:image:type\" content=\"image\/jpeg\" \/>\n<meta name=\"author\" content=\"M\u00e1rcio Ferreira\" \/>\n<meta name=\"twitter:card\" content=\"summary_large_image\" \/>\n<meta name=\"twitter:creator\" content=\"@altominhoTV\" \/>\n<meta name=\"twitter:site\" content=\"@altominhoTV\" \/>\n<meta name=\"twitter:label1\" content=\"Escrito por\" \/>\n\t<meta name=\"twitter:data1\" content=\"M\u00e1rcio Ferreira\" \/>\n\t<meta name=\"twitter:label2\" content=\"Tempo estimado de leitura\" \/>\n\t<meta name=\"twitter:data2\" content=\"2 minutos\" \/>\n<script type=\"application\/ld+json\" class=\"yoast-schema-graph\">{\"@context\":\"https:\\\/\\\/schema.org\",\"@graph\":[{\"@type\":\"Article\",\"@id\":\"https:\\\/\\\/www.altominho.tv\\\/site\\\/2018\\\/04\\\/03\\\/camara-vai-celebrar-dois-contratos-de-comodato-que-darao-nova-vida-a-antiga-escola-de-vilarinho\\\/#article\",\"isPartOf\":{\"@id\":\"https:\\\/\\\/www.altominho.tv\\\/site\\\/2018\\\/04\\\/03\\\/camara-vai-celebrar-dois-contratos-de-comodato-que-darao-nova-vida-a-antiga-escola-de-vilarinho\\\/\"},\"author\":{\"name\":\"M\u00e1rcio Ferreira\",\"@id\":\"https:\\\/\\\/www.altominho.tv\\\/site\\\/#\\\/schema\\\/person\\\/f836e37082b5dabe9144f3eb724ed5a7\"},\"headline\":\"C\u00e2mara vai celebrar dois contratos de comodato que dar\u00e3o nova vida \u00e0 antiga escola de Vilarinho\",\"datePublished\":\"2018-04-03T14:21:59+00:00\",\"mainEntityOfPage\":{\"@id\":\"https:\\\/\\\/www.altominho.tv\\\/site\\\/2018\\\/04\\\/03\\\/camara-vai-celebrar-dois-contratos-de-comodato-que-darao-nova-vida-a-antiga-escola-de-vilarinho\\\/\"},\"wordCount\":388,\"image\":{\"@id\":\"https:\\\/\\\/www.altominho.tv\\\/site\\\/2018\\\/04\\\/03\\\/camara-vai-celebrar-dois-contratos-de-comodato-que-darao-nova-vida-a-antiga-escola-de-vilarinho\\\/#primaryimage\"},\"thumbnailUrl\":\"https:\\\/\\\/www.altominho.tv\\\/site\\\/wp-content\\\/uploads\\\/2018\\\/04\\\/0-2-640x350.jpg\",\"keywords\":[\"Sociedade\"],\"articleSection\":[\"Caminha\"],\"inLanguage\":\"pt-PT\",\"copyrightYear\":\"2018\",\"copyrightHolder\":{\"@id\":\"https:\\\/\\\/www.altominho.tv\\\/site\\\/#organization\"}},{\"@type\":\"WebPage\",\"@id\":\"https:\\\/\\\/www.altominho.tv\\\/site\\\/2018\\\/04\\\/03\\\/camara-vai-celebrar-dois-contratos-de-comodato-que-darao-nova-vida-a-antiga-escola-de-vilarinho\\\/\",\"url\":\"https:\\\/\\\/www.altominho.tv\\\/site\\\/2018\\\/04\\\/03\\\/camara-vai-celebrar-dois-contratos-de-comodato-que-darao-nova-vida-a-antiga-escola-de-vilarinho\\\/\",\"name\":\"C\u00e2mara vai celebrar dois contratos de comodato que dar\u00e3o nova vida \u00e0 antiga escola de Vilarinho\",\"isPartOf\":{\"@id\":\"https:\\\/\\\/www.altominho.tv\\\/site\\\/#website\"},\"primaryImageOfPage\":{\"@id\":\"https:\\\/\\\/www.altominho.tv\\\/site\\\/2018\\\/04\\\/03\\\/camara-vai-celebrar-dois-contratos-de-comodato-que-darao-nova-vida-a-antiga-escola-de-vilarinho\\\/#primaryimage\"},\"image\":{\"@id\":\"https:\\\/\\\/www.altominho.tv\\\/site\\\/2018\\\/04\\\/03\\\/camara-vai-celebrar-dois-contratos-de-comodato-que-darao-nova-vida-a-antiga-escola-de-vilarinho\\\/#primaryimage\"},\"thumbnailUrl\":\"https:\\\/\\\/www.altominho.tv\\\/site\\\/wp-content\\\/uploads\\\/2018\\\/04\\\/0-2-640x350.jpg\",\"datePublished\":\"2018-04-03T14:21:59+00:00\",\"author\":{\"@id\":\"https:\\\/\\\/www.altominho.tv\\\/site\\\/#\\\/schema\\\/person\\\/f836e37082b5dabe9144f3eb724ed5a7\"},\"breadcrumb\":{\"@id\":\"https:\\\/\\\/www.altominho.tv\\\/site\\\/2018\\\/04\\\/03\\\/camara-vai-celebrar-dois-contratos-de-comodato-que-darao-nova-vida-a-antiga-escola-de-vilarinho\\\/#breadcrumb\"},\"inLanguage\":\"pt-PT\",\"potentialAction\":[{\"@type\":\"ReadAction\",\"target\":[\"https:\\\/\\\/www.altominho.tv\\\/site\\\/2018\\\/04\\\/03\\\/camara-vai-celebrar-dois-contratos-de-comodato-que-darao-nova-vida-a-antiga-escola-de-vilarinho\\\/\"]}]},{\"@type\":\"ImageObject\",\"inLanguage\":\"pt-PT\",\"@id\":\"https:\\\/\\\/www.altominho.tv\\\/site\\\/2018\\\/04\\\/03\\\/camara-vai-celebrar-dois-contratos-de-comodato-que-darao-nova-vida-a-antiga-escola-de-vilarinho\\\/#primaryimage\",\"url\":\"https:\\\/\\\/www.altominho.tv\\\/site\\\/wp-content\\\/uploads\\\/2018\\\/04\\\/0-2-640x350.jpg\",\"contentUrl\":\"https:\\\/\\\/www.altominho.tv\\\/site\\\/wp-content\\\/uploads\\\/2018\\\/04\\\/0-2-640x350.jpg\",\"width\":640,\"height\":350},{\"@type\":\"BreadcrumbList\",\"@id\":\"https:\\\/\\\/www.altominho.tv\\\/site\\\/2018\\\/04\\\/03\\\/camara-vai-celebrar-dois-contratos-de-comodato-que-darao-nova-vida-a-antiga-escola-de-vilarinho\\\/#breadcrumb\",\"itemListElement\":[{\"@type\":\"ListItem\",\"position\":1,\"name\":\"In\u00edcio\",\"item\":\"https:\\\/\\\/www.altominho.tv\\\/site\\\/\"},{\"@type\":\"ListItem\",\"position\":2,\"name\":\"C\u00e2mara vai celebrar dois contratos de comodato que dar\u00e3o nova vida \u00e0 antiga escola de Vilarinho\"}]},{\"@type\":\"WebSite\",\"@id\":\"https:\\\/\\\/www.altominho.tv\\\/site\\\/#website\",\"url\":\"https:\\\/\\\/www.altominho.tv\\\/site\\\/\",\"name\":\"Altominho.tv\",\"description\":\"A sua regi\u00e3o \u00e0 dist\u00e2ncia de um clique...\",\"potentialAction\":[{\"@type\":\"SearchAction\",\"target\":{\"@type\":\"EntryPoint\",\"urlTemplate\":\"https:\\\/\\\/www.altominho.tv\\\/site\\\/?s={search_term_string}\"},\"query-input\":{\"@type\":\"PropertyValueSpecification\",\"valueRequired\":true,\"valueName\":\"search_term_string\"}}],\"inLanguage\":\"pt-PT\"},{\"@type\":\"Person\",\"@id\":\"https:\\\/\\\/www.altominho.tv\\\/site\\\/#\\\/schema\\\/person\\\/f836e37082b5dabe9144f3eb724ed5a7\",\"name\":\"M\u00e1rcio Ferreira\",\"image\":{\"@type\":\"ImageObject\",\"inLanguage\":\"pt-PT\",\"@id\":\"https:\\\/\\\/www.altominho.tv\\\/site\\\/wp-content\\\/uploads\\\/2017\\\/11\\\/Marcio-150x150.jpg\",\"url\":\"https:\\\/\\\/www.altominho.tv\\\/site\\\/wp-content\\\/uploads\\\/2017\\\/11\\\/Marcio-150x150.jpg\",\"contentUrl\":\"https:\\\/\\\/www.altominho.tv\\\/site\\\/wp-content\\\/uploads\\\/2017\\\/11\\\/Marcio-150x150.jpg\",\"caption\":\"M\u00e1rcio Ferreira\"},\"url\":\"https:\\\/\\\/www.altominho.tv\\\/site\\\/author\\\/marcioferreira\\\/\"}]}<\/script>\n<!-- \/ Yoast SEO Premium plugin. -->","yoast_head_json":{"title":"C\u00e2mara vai celebrar dois contratos de comodato que dar\u00e3o nova vida \u00e0 antiga escola de Vilarinho","robots":{"index":"index","follow":"follow","max-snippet":"max-snippet:-1","max-image-preview":"max-image-preview:large","max-video-preview":"max-video-preview:-1"},"canonical":"https:\/\/www.altominho.tv\/site\/2018\/04\/03\/camara-vai-celebrar-dois-contratos-de-comodato-que-darao-nova-vida-a-antiga-escola-de-vilarinho\/","og_locale":"pt_PT","og_type":"article","og_title":"C\u00e2mara vai celebrar dois contratos de comodato que dar\u00e3o nova vida \u00e0 antiga escola de Vilarinho","og_description":"A C\u00e2mara Municipal re\u00fane amanh\u00e3, dia 4 de abril, quarta-feira, em sess\u00e3o ordin\u00e1ria. Entre os pontos da ordem de trabalhos, destaque para dois contratos de comodato que dar\u00e3o nova vida \u00e0 antiga Escola Prim\u00e1ria de Vilarinho, em Vila Praia de \u00c2ncora, a celebrar com a Associa\u00e7\u00e3o Portuguesa de Pais e Amigos do Cidad\u00e3o com Defici\u00eancia [&hellip;]","og_url":"https:\/\/www.altominho.tv\/site\/2018\/04\/03\/camara-vai-celebrar-dois-contratos-de-comodato-que-darao-nova-vida-a-antiga-escola-de-vilarinho\/","og_site_name":"Altominho.tv","article_publisher":"https:\/\/www.facebook.com\/altominhotv","article_published_time":"2018-04-03T14:21:59+00:00","og_image":[{"width":640,"height":350,"url":"https:\/\/www.altominho.tv\/site\/wp-content\/uploads\/2018\/04\/0-2-640x350.jpg","type":"image\/jpeg"}],"author":"M\u00e1rcio Ferreira","twitter_card":"summary_large_image","twitter_creator":"@altominhoTV","twitter_site":"@altominhoTV","twitter_misc":{"Escrito por":"M\u00e1rcio Ferreira","Tempo estimado de leitura":"2 minutos"},"schema":{"@context":"https:\/\/schema.org","@graph":[{"@type":"Article","@id":"https:\/\/www.altominho.tv\/site\/2018\/04\/03\/camara-vai-celebrar-dois-contratos-de-comodato-que-darao-nova-vida-a-antiga-escola-de-vilarinho\/#article","isPartOf":{"@id":"https:\/\/www.altominho.tv\/site\/2018\/04\/03\/camara-vai-celebrar-dois-contratos-de-comodato-que-darao-nova-vida-a-antiga-escola-de-vilarinho\/"},"author":{"name":"M\u00e1rcio Ferreira","@id":"https:\/\/www.altominho.tv\/site\/#\/schema\/person\/f836e37082b5dabe9144f3eb724ed5a7"},"headline":"C\u00e2mara vai celebrar dois contratos de comodato que dar\u00e3o nova vida \u00e0 antiga escola de Vilarinho","datePublished":"2018-04-03T14:21:59+00:00","mainEntityOfPage":{"@id":"https:\/\/www.altominho.tv\/site\/2018\/04\/03\/camara-vai-celebrar-dois-contratos-de-comodato-que-darao-nova-vida-a-antiga-escola-de-vilarinho\/"},"wordCount":388,"image":{"@id":"https:\/\/www.altominho.tv\/site\/2018\/04\/03\/camara-vai-celebrar-dois-contratos-de-comodato-que-darao-nova-vida-a-antiga-escola-de-vilarinho\/#primaryimage"},"thumbnailUrl":"https:\/\/www.altominho.tv\/site\/wp-content\/uploads\/2018\/04\/0-2-640x350.jpg","keywords":["Sociedade"],"articleSection":["Caminha"],"inLanguage":"pt-PT","copyrightYear":"2018","copyrightHolder":{"@id":"https:\/\/www.altominho.tv\/site\/#organization"}},{"@type":"WebPage","@id":"https:\/\/www.altominho.tv\/site\/2018\/04\/03\/camara-vai-celebrar-dois-contratos-de-comodato-que-darao-nova-vida-a-antiga-escola-de-vilarinho\/","url":"https:\/\/www.altominho.tv\/site\/2018\/04\/03\/camara-vai-celebrar-dois-contratos-de-comodato-que-darao-nova-vida-a-antiga-escola-de-vilarinho\/","name":"C\u00e2mara vai celebrar dois contratos de comodato que dar\u00e3o nova vida \u00e0 antiga escola de Vilarinho","isPartOf":{"@id":"https:\/\/www.altominho.tv\/site\/#website"},"primaryImageOfPage":{"@id":"https:\/\/www.altominho.tv\/site\/2018\/04\/03\/camara-vai-celebrar-dois-contratos-de-comodato-que-darao-nova-vida-a-antiga-escola-de-vilarinho\/#primaryimage"},"image":{"@id":"https:\/\/www.altominho.tv\/site\/2018\/04\/03\/camara-vai-celebrar-dois-contratos-de-comodato-que-darao-nova-vida-a-antiga-escola-de-vilarinho\/#primaryimage"},"thumbnailUrl":"https:\/\/www.altominho.tv\/site\/wp-content\/uploads\/2018\/04\/0-2-640x350.jpg","datePublished":"2018-04-03T14:21:59+00:00","author":{"@id":"https:\/\/www.altominho.tv\/site\/#\/schema\/person\/f836e37082b5dabe9144f3eb724ed5a7"},"breadcrumb":{"@id":"https:\/\/www.altominho.tv\/site\/2018\/04\/03\/camara-vai-celebrar-dois-contratos-de-comodato-que-darao-nova-vida-a-antiga-escola-de-vilarinho\/#breadcrumb"},"inLanguage":"pt-PT","potentialAction":[{"@type":"ReadAction","target":["https:\/\/www.altominho.tv\/site\/2018\/04\/03\/camara-vai-celebrar-dois-contratos-de-comodato-que-darao-nova-vida-a-antiga-escola-de-vilarinho\/"]}]},{"@type":"ImageObject","inLanguage":"pt-PT","@id":"https:\/\/www.altominho.tv\/site\/2018\/04\/03\/camara-vai-celebrar-dois-contratos-de-comodato-que-darao-nova-vida-a-antiga-escola-de-vilarinho\/#primaryimage","url":"https:\/\/www.altominho.tv\/site\/wp-content\/uploads\/2018\/04\/0-2-640x350.jpg","contentUrl":"https:\/\/www.altominho.tv\/site\/wp-content\/uploads\/2018\/04\/0-2-640x350.jpg","width":640,"height":350},{"@type":"BreadcrumbList","@id":"https:\/\/www.altominho.tv\/site\/2018\/04\/03\/camara-vai-celebrar-dois-contratos-de-comodato-que-darao-nova-vida-a-antiga-escola-de-vilarinho\/#breadcrumb","itemListElement":[{"@type":"ListItem","position":1,"name":"In\u00edcio","item":"https:\/\/www.altominho.tv\/site\/"},{"@type":"ListItem","position":2,"name":"C\u00e2mara vai celebrar dois contratos de comodato que dar\u00e3o nova vida \u00e0 antiga escola de Vilarinho"}]},{"@type":"WebSite","@id":"https:\/\/www.altominho.tv\/site\/#website","url":"https:\/\/www.altominho.tv\/site\/","name":"Altominho.tv","description":"A sua regi\u00e3o \u00e0 dist\u00e2ncia de um clique...","potentialAction":[{"@type":"SearchAction","target":{"@type":"EntryPoint","urlTemplate":"https:\/\/www.altominho.tv\/site\/?s={search_term_string}"},"query-input":{"@type":"PropertyValueSpecification","valueRequired":true,"valueName":"search_term_string"}}],"inLanguage":"pt-PT"},{"@type":"Person","@id":"https:\/\/www.altominho.tv\/site\/#\/schema\/person\/f836e37082b5dabe9144f3eb724ed5a7","name":"M\u00e1rcio Ferreira","image":{"@type":"ImageObject","inLanguage":"pt-PT","@id":"https:\/\/www.altominho.tv\/site\/wp-content\/uploads\/2017\/11\/Marcio-150x150.jpg","url":"https:\/\/www.altominho.tv\/site\/wp-content\/uploads\/2017\/11\/Marcio-150x150.jpg","contentUrl":"https:\/\/www.altominho.tv\/site\/wp-content\/uploads\/2017\/11\/Marcio-150x150.jpg","caption":"M\u00e1rcio Ferreira"},"url":"https:\/\/www.altominho.tv\/site\/author\/marcioferreira\/"}]}},"_links":{"self":[{"href":"https:\/\/www.altominho.tv\/site\/wp-json\/wp\/v2\/posts\/11237","targetHints":{"allow":["GET"]}}],"collection":[{"href":"https:\/\/www.altominho.tv\/site\/wp-json\/wp\/v2\/posts"}],"about":[{"href":"https:\/\/www.altominho.tv\/site\/wp-json\/wp\/v2\/types\/post"}],"author":[{"embeddable":true,"href":"https:\/\/www.altominho.tv\/site\/wp-json\/wp\/v2\/users\/11"}],"replies":[{"embeddable":true,"href":"https:\/\/www.altominho.tv\/site\/wp-json\/wp\/v2\/comments?post=11237"}],"version-history":[{"count":0,"href":"https:\/\/www.altominho.tv\/site\/wp-json\/wp\/v2\/posts\/11237\/revisions"}],"wp:featuredmedia":[{"embeddable":true,"href":"https:\/\/www.altominho.tv\/site\/wp-json\/wp\/v2\/media\/11238"}],"wp:attachment":[{"href":"https:\/\/www.altominho.tv\/site\/wp-json\/wp\/v2\/media?parent=11237"}],"wp:term":[{"taxonomy":"category","embeddable":true,"href":"https:\/\/www.altominho.tv\/site\/wp-json\/wp\/v2\/categories?post=11237"},{"taxonomy":"post_tag","embeddable":true,"href":"https:\/\/www.altominho.tv\/site\/wp-json\/wp\/v2\/tags?post=11237"}],"curies":[{"name":"wp","href":"https:\/\/api.w.org\/{rel}","templated":true}]}}