{"id":112366,"date":"2024-11-12T15:30:58","date_gmt":"2024-11-12T15:30:58","guid":{"rendered":"https:\/\/www.altominho.tv\/site\/?p=112366"},"modified":"2024-11-12T15:31:00","modified_gmt":"2024-11-12T15:31:00","slug":"coura-promove-acao-de-restauro-ecologico-para-preservar-o-lobo","status":"publish","type":"post","link":"https:\/\/www.altominho.tv\/site\/2024\/11\/12\/coura-promove-acao-de-restauro-ecologico-para-preservar-o-lobo\/","title":{"rendered":"Coura promove a\u00e7\u00e3o de restauro ecol\u00f3gico para preservar o lobo"},"content":{"rendered":"\n<p>A falta de habitat e de presas silvestres&nbsp;levam por vezes o lobo-ib\u00e9rico a atacar animais dom\u00e9sticos, como vacas, cabras e ovelhas. Foi a pensar nesta situa\u00e7\u00e3o de conflito que a&nbsp;Paisagem Protegida do Corno do Bico foi alvo de um&nbsp;restauro ecol\u00f3gico&nbsp;que visa criar as&nbsp;condi\u00e7\u00f5es necess\u00e1rias para a viabilidade a longo-prazo desta esp\u00e9cie.&nbsp;<\/p>\n\n\n\n<p>Esta recupera\u00e7\u00e3o do habitat foi feita com recurso \u00e0 tra\u00e7\u00e3o animal, uma alternativa&nbsp;mais&nbsp;sustent\u00e1vel, que possui um baixo impacto ambiental.&nbsp;<\/p>\n\n\n\n<p>Esta a\u00e7\u00e3o&nbsp;levada a cabo pelo munic\u00edpio de Paredes de Coura&nbsp;insere-se no projeto Life Wild Wolf, que&nbsp;pretende criar mecanismos e boas pr\u00e1ticas para a gest\u00e3o de lobos em ambientes humanizados.&nbsp;<\/p>\n\n\n\n<figure class=\"wp-block-embed is-type-video is-provider-youtube wp-block-embed-youtube wp-embed-aspect-16-9 wp-has-aspect-ratio\"><div class=\"wp-block-embed__wrapper\">\n<iframe loading=\"lazy\" title=\"Coura promove a\u00e7\u00e3o de restauro ecol\u00f3gico para preservar o lobo | Altominho TV\" width=\"770\" height=\"433\" src=\"https:\/\/www.youtube.com\/embed\/qv6BpN23XDE?feature=oembed\" frameborder=\"0\" allow=\"accelerometer; autoplay; clipboard-write; encrypted-media; gyroscope; picture-in-picture; web-share\" referrerpolicy=\"strict-origin-when-cross-origin\" allowfullscreen><\/iframe>\n<\/div><\/figure>\n","protected":false},"excerpt":{"rendered":"<p>A falta de habitat e de presas silvestres&nbsp;levam por vezes o lobo-ib\u00e9rico a atacar animais dom\u00e9sticos, como vacas, cabras e ovelhas. Foi a pensar nesta situa\u00e7\u00e3o de conflito que a&nbsp;Paisagem Protegida do Corno do Bico foi alvo de um&nbsp;restauro ecol\u00f3gico&nbsp;que visa criar as&nbsp;condi\u00e7\u00f5es necess\u00e1rias para a viabilidade a longo-prazo desta esp\u00e9cie.&nbsp; Esta recupera\u00e7\u00e3o do habitat [&hellip;]<\/p>\n","protected":false},"author":9,"featured_media":112367,"comment_status":"closed","ping_status":"closed","sticky":false,"template":"","format":"video","meta":{"_exactmetrics_skip_tracking":false,"_exactmetrics_sitenote_active":false,"_exactmetrics_sitenote_note":"","_exactmetrics_sitenote_category":0,"footnotes":""},"categories":[10],"tags":[27],"class_list":["post-112366","post","type-post","status-publish","format-video","has-post-thumbnail","hentry","category-paredes-de-coura","tag-sociedade","post_format-post-format-video"],"yoast_head":"<!-- This site is optimized with the Yoast SEO Premium plugin v27.4 (Yoast SEO v27.4) - https:\/\/yoast.com\/product\/yoast-seo-premium-wordpress\/ -->\n<title>Coura promove a\u00e7\u00e3o de restauro ecol\u00f3gico para preservar o lobo<\/title>\n<meta name=\"robots\" content=\"index, follow, max-snippet:-1, max-image-preview:large, max-video-preview:-1\" \/>\n<link rel=\"canonical\" href=\"https:\/\/www.altominho.tv\/site\/2024\/11\/12\/coura-promove-acao-de-restauro-ecologico-para-preservar-o-lobo\/\" \/>\n<meta property=\"og:locale\" content=\"pt_PT\" \/>\n<meta property=\"og:type\" content=\"article\" \/>\n<meta property=\"og:title\" content=\"Coura promove a\u00e7\u00e3o de restauro ecol\u00f3gico para preservar o lobo\" \/>\n<meta property=\"og:description\" content=\"A falta de habitat e de presas silvestres&nbsp;levam por vezes o lobo-ib\u00e9rico a atacar animais dom\u00e9sticos, como vacas, cabras e ovelhas. Foi a pensar nesta situa\u00e7\u00e3o de conflito que a&nbsp;Paisagem Protegida do Corno do Bico foi alvo de um&nbsp;restauro ecol\u00f3gico&nbsp;que visa criar as&nbsp;condi\u00e7\u00f5es necess\u00e1rias para a viabilidade a longo-prazo desta esp\u00e9cie.&nbsp; Esta recupera\u00e7\u00e3o do habitat [&hellip;]\" \/>\n<meta property=\"og:url\" content=\"https:\/\/www.altominho.tv\/site\/2024\/11\/12\/coura-promove-acao-de-restauro-ecologico-para-preservar-o-lobo\/\" \/>\n<meta property=\"og:site_name\" content=\"Altominho.tv\" \/>\n<meta property=\"article:publisher\" content=\"https:\/\/www.facebook.com\/altominhotv\" \/>\n<meta property=\"article:published_time\" content=\"2024-11-12T15:30:58+00:00\" \/>\n<meta property=\"article:modified_time\" content=\"2024-11-12T15:31:00+00:00\" \/>\n<meta property=\"og:image\" content=\"https:\/\/www.altominho.tv\/site\/wp-content\/uploads\/2024\/11\/cavalos.jpg\" \/>\n\t<meta property=\"og:image:width\" content=\"1920\" \/>\n\t<meta property=\"og:image:height\" content=\"1080\" \/>\n\t<meta property=\"og:image:type\" content=\"image\/jpeg\" \/>\n<meta name=\"author\" content=\"Rafael Pereira\" \/>\n<meta name=\"twitter:card\" content=\"summary_large_image\" \/>\n<meta name=\"twitter:creator\" content=\"@altominhoTV\" \/>\n<meta name=\"twitter:site\" content=\"@altominhoTV\" \/>\n<meta name=\"twitter:label1\" content=\"Escrito por\" \/>\n\t<meta name=\"twitter:data1\" content=\"Rafael Pereira\" \/>\n\t<meta name=\"twitter:label2\" content=\"Tempo estimado de leitura\" \/>\n\t<meta name=\"twitter:data2\" content=\"1 minuto\" \/>\n<script type=\"application\/ld+json\" class=\"yoast-schema-graph\">{\"@context\":\"https:\\\/\\\/schema.org\",\"@graph\":[{\"@type\":\"Article\",\"@id\":\"https:\\\/\\\/www.altominho.tv\\\/site\\\/2024\\\/11\\\/12\\\/coura-promove-acao-de-restauro-ecologico-para-preservar-o-lobo\\\/#article\",\"isPartOf\":{\"@id\":\"https:\\\/\\\/www.altominho.tv\\\/site\\\/2024\\\/11\\\/12\\\/coura-promove-acao-de-restauro-ecologico-para-preservar-o-lobo\\\/\"},\"author\":{\"name\":\"Rafael Pereira\",\"@id\":\"https:\\\/\\\/www.altominho.tv\\\/site\\\/#\\\/schema\\\/person\\\/2690abd4f0b3984514ce0607afbfced7\"},\"headline\":\"Coura promove a\u00e7\u00e3o de restauro ecol\u00f3gico para preservar o lobo\",\"datePublished\":\"2024-11-12T15:30:58+00:00\",\"dateModified\":\"2024-11-12T15:31:00+00:00\",\"mainEntityOfPage\":{\"@id\":\"https:\\\/\\\/www.altominho.tv\\\/site\\\/2024\\\/11\\\/12\\\/coura-promove-acao-de-restauro-ecologico-para-preservar-o-lobo\\\/\"},\"wordCount\":153,\"image\":{\"@id\":\"https:\\\/\\\/www.altominho.tv\\\/site\\\/2024\\\/11\\\/12\\\/coura-promove-acao-de-restauro-ecologico-para-preservar-o-lobo\\\/#primaryimage\"},\"thumbnailUrl\":\"https:\\\/\\\/www.altominho.tv\\\/site\\\/wp-content\\\/uploads\\\/2024\\\/11\\\/cavalos.jpg\",\"keywords\":[\"Sociedade\"],\"articleSection\":[\"Paredes de Coura\"],\"inLanguage\":\"pt-PT\",\"copyrightYear\":\"2024\",\"copyrightHolder\":{\"@id\":\"https:\\\/\\\/www.altominho.tv\\\/site\\\/#organization\"}},{\"@type\":\"WebPage\",\"@id\":\"https:\\\/\\\/www.altominho.tv\\\/site\\\/2024\\\/11\\\/12\\\/coura-promove-acao-de-restauro-ecologico-para-preservar-o-lobo\\\/\",\"url\":\"https:\\\/\\\/www.altominho.tv\\\/site\\\/2024\\\/11\\\/12\\\/coura-promove-acao-de-restauro-ecologico-para-preservar-o-lobo\\\/\",\"name\":\"Coura promove a\u00e7\u00e3o de restauro ecol\u00f3gico para preservar o lobo\",\"isPartOf\":{\"@id\":\"https:\\\/\\\/www.altominho.tv\\\/site\\\/#website\"},\"primaryImageOfPage\":{\"@id\":\"https:\\\/\\\/www.altominho.tv\\\/site\\\/2024\\\/11\\\/12\\\/coura-promove-acao-de-restauro-ecologico-para-preservar-o-lobo\\\/#primaryimage\"},\"image\":{\"@id\":\"https:\\\/\\\/www.altominho.tv\\\/site\\\/2024\\\/11\\\/12\\\/coura-promove-acao-de-restauro-ecologico-para-preservar-o-lobo\\\/#primaryimage\"},\"thumbnailUrl\":\"https:\\\/\\\/www.altominho.tv\\\/site\\\/wp-content\\\/uploads\\\/2024\\\/11\\\/cavalos.jpg\",\"datePublished\":\"2024-11-12T15:30:58+00:00\",\"dateModified\":\"2024-11-12T15:31:00+00:00\",\"author\":{\"@id\":\"https:\\\/\\\/www.altominho.tv\\\/site\\\/#\\\/schema\\\/person\\\/2690abd4f0b3984514ce0607afbfced7\"},\"breadcrumb\":{\"@id\":\"https:\\\/\\\/www.altominho.tv\\\/site\\\/2024\\\/11\\\/12\\\/coura-promove-acao-de-restauro-ecologico-para-preservar-o-lobo\\\/#breadcrumb\"},\"inLanguage\":\"pt-PT\",\"potentialAction\":[{\"@type\":\"ReadAction\",\"target\":[\"https:\\\/\\\/www.altominho.tv\\\/site\\\/2024\\\/11\\\/12\\\/coura-promove-acao-de-restauro-ecologico-para-preservar-o-lobo\\\/\"]}]},{\"@type\":\"ImageObject\",\"inLanguage\":\"pt-PT\",\"@id\":\"https:\\\/\\\/www.altominho.tv\\\/site\\\/2024\\\/11\\\/12\\\/coura-promove-acao-de-restauro-ecologico-para-preservar-o-lobo\\\/#primaryimage\",\"url\":\"https:\\\/\\\/www.altominho.tv\\\/site\\\/wp-content\\\/uploads\\\/2024\\\/11\\\/cavalos.jpg\",\"contentUrl\":\"https:\\\/\\\/www.altominho.tv\\\/site\\\/wp-content\\\/uploads\\\/2024\\\/11\\\/cavalos.jpg\",\"width\":1920,\"height\":1080},{\"@type\":\"BreadcrumbList\",\"@id\":\"https:\\\/\\\/www.altominho.tv\\\/site\\\/2024\\\/11\\\/12\\\/coura-promove-acao-de-restauro-ecologico-para-preservar-o-lobo\\\/#breadcrumb\",\"itemListElement\":[{\"@type\":\"ListItem\",\"position\":1,\"name\":\"In\u00edcio\",\"item\":\"https:\\\/\\\/www.altominho.tv\\\/site\\\/\"},{\"@type\":\"ListItem\",\"position\":2,\"name\":\"Coura promove a\u00e7\u00e3o de restauro ecol\u00f3gico para preservar o lobo\"}]},{\"@type\":\"WebSite\",\"@id\":\"https:\\\/\\\/www.altominho.tv\\\/site\\\/#website\",\"url\":\"https:\\\/\\\/www.altominho.tv\\\/site\\\/\",\"name\":\"Altominho.tv\",\"description\":\"A sua regi\u00e3o \u00e0 dist\u00e2ncia de um clique...\",\"potentialAction\":[{\"@type\":\"SearchAction\",\"target\":{\"@type\":\"EntryPoint\",\"urlTemplate\":\"https:\\\/\\\/www.altominho.tv\\\/site\\\/?s={search_term_string}\"},\"query-input\":{\"@type\":\"PropertyValueSpecification\",\"valueRequired\":true,\"valueName\":\"search_term_string\"}}],\"inLanguage\":\"pt-PT\"},{\"@type\":\"Person\",\"@id\":\"https:\\\/\\\/www.altominho.tv\\\/site\\\/#\\\/schema\\\/person\\\/2690abd4f0b3984514ce0607afbfced7\",\"name\":\"Rafael Pereira\",\"image\":{\"@type\":\"ImageObject\",\"inLanguage\":\"pt-PT\",\"@id\":\"https:\\\/\\\/www.altominho.tv\\\/site\\\/wp-content\\\/uploads\\\/2021\\\/08\\\/42996867_1705603802900752_8292335788369117184_n-150x150.jpeg\",\"url\":\"https:\\\/\\\/www.altominho.tv\\\/site\\\/wp-content\\\/uploads\\\/2021\\\/08\\\/42996867_1705603802900752_8292335788369117184_n-150x150.jpeg\",\"contentUrl\":\"https:\\\/\\\/www.altominho.tv\\\/site\\\/wp-content\\\/uploads\\\/2021\\\/08\\\/42996867_1705603802900752_8292335788369117184_n-150x150.jpeg\",\"caption\":\"Rafael Pereira\"},\"url\":\"https:\\\/\\\/www.altominho.tv\\\/site\\\/author\\\/rafaelpereira\\\/\"}]}<\/script>\n<meta property=\"og:video\" content=\"https:\/\/www.youtube.com\/embed\/qv6BpN23XDE\" \/>\n<meta property=\"og:video:type\" content=\"text\/html\" \/>\n<meta property=\"og:video:duration\" content=\"167\" \/>\n<meta property=\"og:video:width\" content=\"480\" \/>\n<meta property=\"og:video:height\" content=\"270\" \/>\n<meta property=\"ya:ovs:adult\" content=\"false\" \/>\n<meta property=\"ya:ovs:upload_date\" content=\"2024-11-12T15:30:58+00:00\" \/>\n<meta property=\"ya:ovs:allow_embed\" content=\"true\" \/>\n<!-- \/ Yoast SEO Premium plugin. -->","yoast_head_json":{"title":"Coura promove a\u00e7\u00e3o de restauro ecol\u00f3gico para preservar o lobo","robots":{"index":"index","follow":"follow","max-snippet":"max-snippet:-1","max-image-preview":"max-image-preview:large","max-video-preview":"max-video-preview:-1"},"canonical":"https:\/\/www.altominho.tv\/site\/2024\/11\/12\/coura-promove-acao-de-restauro-ecologico-para-preservar-o-lobo\/","og_locale":"pt_PT","og_type":"article","og_title":"Coura promove a\u00e7\u00e3o de restauro ecol\u00f3gico para preservar o lobo","og_description":"A falta de habitat e de presas silvestres&nbsp;levam por vezes o lobo-ib\u00e9rico a atacar animais dom\u00e9sticos, como vacas, cabras e ovelhas. Foi a pensar nesta situa\u00e7\u00e3o de conflito que a&nbsp;Paisagem Protegida do Corno do Bico foi alvo de um&nbsp;restauro ecol\u00f3gico&nbsp;que visa criar as&nbsp;condi\u00e7\u00f5es necess\u00e1rias para a viabilidade a longo-prazo desta esp\u00e9cie.&nbsp; Esta recupera\u00e7\u00e3o do habitat [&hellip;]","og_url":"https:\/\/www.altominho.tv\/site\/2024\/11\/12\/coura-promove-acao-de-restauro-ecologico-para-preservar-o-lobo\/","og_site_name":"Altominho.tv","article_publisher":"https:\/\/www.facebook.com\/altominhotv","article_published_time":"2024-11-12T15:30:58+00:00","article_modified_time":"2024-11-12T15:31:00+00:00","og_image":[{"width":1920,"height":1080,"url":"https:\/\/www.altominho.tv\/site\/wp-content\/uploads\/2024\/11\/cavalos.jpg","type":"image\/jpeg"}],"author":"Rafael Pereira","twitter_card":"summary_large_image","twitter_creator":"@altominhoTV","twitter_site":"@altominhoTV","twitter_misc":{"Escrito por":"Rafael Pereira","Tempo estimado de leitura":"1 minuto"},"schema":{"@context":"https:\/\/schema.org","@graph":[{"@type":"Article","@id":"https:\/\/www.altominho.tv\/site\/2024\/11\/12\/coura-promove-acao-de-restauro-ecologico-para-preservar-o-lobo\/#article","isPartOf":{"@id":"https:\/\/www.altominho.tv\/site\/2024\/11\/12\/coura-promove-acao-de-restauro-ecologico-para-preservar-o-lobo\/"},"author":{"name":"Rafael Pereira","@id":"https:\/\/www.altominho.tv\/site\/#\/schema\/person\/2690abd4f0b3984514ce0607afbfced7"},"headline":"Coura promove a\u00e7\u00e3o de restauro ecol\u00f3gico para preservar o lobo","datePublished":"2024-11-12T15:30:58+00:00","dateModified":"2024-11-12T15:31:00+00:00","mainEntityOfPage":{"@id":"https:\/\/www.altominho.tv\/site\/2024\/11\/12\/coura-promove-acao-de-restauro-ecologico-para-preservar-o-lobo\/"},"wordCount":153,"image":{"@id":"https:\/\/www.altominho.tv\/site\/2024\/11\/12\/coura-promove-acao-de-restauro-ecologico-para-preservar-o-lobo\/#primaryimage"},"thumbnailUrl":"https:\/\/www.altominho.tv\/site\/wp-content\/uploads\/2024\/11\/cavalos.jpg","keywords":["Sociedade"],"articleSection":["Paredes de Coura"],"inLanguage":"pt-PT","copyrightYear":"2024","copyrightHolder":{"@id":"https:\/\/www.altominho.tv\/site\/#organization"}},{"@type":"WebPage","@id":"https:\/\/www.altominho.tv\/site\/2024\/11\/12\/coura-promove-acao-de-restauro-ecologico-para-preservar-o-lobo\/","url":"https:\/\/www.altominho.tv\/site\/2024\/11\/12\/coura-promove-acao-de-restauro-ecologico-para-preservar-o-lobo\/","name":"Coura promove a\u00e7\u00e3o de restauro ecol\u00f3gico para preservar o lobo","isPartOf":{"@id":"https:\/\/www.altominho.tv\/site\/#website"},"primaryImageOfPage":{"@id":"https:\/\/www.altominho.tv\/site\/2024\/11\/12\/coura-promove-acao-de-restauro-ecologico-para-preservar-o-lobo\/#primaryimage"},"image":{"@id":"https:\/\/www.altominho.tv\/site\/2024\/11\/12\/coura-promove-acao-de-restauro-ecologico-para-preservar-o-lobo\/#primaryimage"},"thumbnailUrl":"https:\/\/www.altominho.tv\/site\/wp-content\/uploads\/2024\/11\/cavalos.jpg","datePublished":"2024-11-12T15:30:58+00:00","dateModified":"2024-11-12T15:31:00+00:00","author":{"@id":"https:\/\/www.altominho.tv\/site\/#\/schema\/person\/2690abd4f0b3984514ce0607afbfced7"},"breadcrumb":{"@id":"https:\/\/www.altominho.tv\/site\/2024\/11\/12\/coura-promove-acao-de-restauro-ecologico-para-preservar-o-lobo\/#breadcrumb"},"inLanguage":"pt-PT","potentialAction":[{"@type":"ReadAction","target":["https:\/\/www.altominho.tv\/site\/2024\/11\/12\/coura-promove-acao-de-restauro-ecologico-para-preservar-o-lobo\/"]}]},{"@type":"ImageObject","inLanguage":"pt-PT","@id":"https:\/\/www.altominho.tv\/site\/2024\/11\/12\/coura-promove-acao-de-restauro-ecologico-para-preservar-o-lobo\/#primaryimage","url":"https:\/\/www.altominho.tv\/site\/wp-content\/uploads\/2024\/11\/cavalos.jpg","contentUrl":"https:\/\/www.altominho.tv\/site\/wp-content\/uploads\/2024\/11\/cavalos.jpg","width":1920,"height":1080},{"@type":"BreadcrumbList","@id":"https:\/\/www.altominho.tv\/site\/2024\/11\/12\/coura-promove-acao-de-restauro-ecologico-para-preservar-o-lobo\/#breadcrumb","itemListElement":[{"@type":"ListItem","position":1,"name":"In\u00edcio","item":"https:\/\/www.altominho.tv\/site\/"},{"@type":"ListItem","position":2,"name":"Coura promove a\u00e7\u00e3o de restauro ecol\u00f3gico para preservar o lobo"}]},{"@type":"WebSite","@id":"https:\/\/www.altominho.tv\/site\/#website","url":"https:\/\/www.altominho.tv\/site\/","name":"Altominho.tv","description":"A sua regi\u00e3o \u00e0 dist\u00e2ncia de um clique...","potentialAction":[{"@type":"SearchAction","target":{"@type":"EntryPoint","urlTemplate":"https:\/\/www.altominho.tv\/site\/?s={search_term_string}"},"query-input":{"@type":"PropertyValueSpecification","valueRequired":true,"valueName":"search_term_string"}}],"inLanguage":"pt-PT"},{"@type":"Person","@id":"https:\/\/www.altominho.tv\/site\/#\/schema\/person\/2690abd4f0b3984514ce0607afbfced7","name":"Rafael Pereira","image":{"@type":"ImageObject","inLanguage":"pt-PT","@id":"https:\/\/www.altominho.tv\/site\/wp-content\/uploads\/2021\/08\/42996867_1705603802900752_8292335788369117184_n-150x150.jpeg","url":"https:\/\/www.altominho.tv\/site\/wp-content\/uploads\/2021\/08\/42996867_1705603802900752_8292335788369117184_n-150x150.jpeg","contentUrl":"https:\/\/www.altominho.tv\/site\/wp-content\/uploads\/2021\/08\/42996867_1705603802900752_8292335788369117184_n-150x150.jpeg","caption":"Rafael Pereira"},"url":"https:\/\/www.altominho.tv\/site\/author\/rafaelpereira\/"}]},"og_video":"https:\/\/www.youtube.com\/embed\/qv6BpN23XDE","og_video_type":"text\/html","og_video_duration":"167","og_video_width":"480","og_video_height":"270","ya_ovs_adult":"false","ya_ovs_upload_date":"2024-11-12T15:30:58+00:00","ya_ovs_allow_embed":"true"},"_links":{"self":[{"href":"https:\/\/www.altominho.tv\/site\/wp-json\/wp\/v2\/posts\/112366","targetHints":{"allow":["GET"]}}],"collection":[{"href":"https:\/\/www.altominho.tv\/site\/wp-json\/wp\/v2\/posts"}],"about":[{"href":"https:\/\/www.altominho.tv\/site\/wp-json\/wp\/v2\/types\/post"}],"author":[{"embeddable":true,"href":"https:\/\/www.altominho.tv\/site\/wp-json\/wp\/v2\/users\/9"}],"replies":[{"embeddable":true,"href":"https:\/\/www.altominho.tv\/site\/wp-json\/wp\/v2\/comments?post=112366"}],"version-history":[{"count":1,"href":"https:\/\/www.altominho.tv\/site\/wp-json\/wp\/v2\/posts\/112366\/revisions"}],"predecessor-version":[{"id":112368,"href":"https:\/\/www.altominho.tv\/site\/wp-json\/wp\/v2\/posts\/112366\/revisions\/112368"}],"wp:featuredmedia":[{"embeddable":true,"href":"https:\/\/www.altominho.tv\/site\/wp-json\/wp\/v2\/media\/112367"}],"wp:attachment":[{"href":"https:\/\/www.altominho.tv\/site\/wp-json\/wp\/v2\/media?parent=112366"}],"wp:term":[{"taxonomy":"category","embeddable":true,"href":"https:\/\/www.altominho.tv\/site\/wp-json\/wp\/v2\/categories?post=112366"},{"taxonomy":"post_tag","embeddable":true,"href":"https:\/\/www.altominho.tv\/site\/wp-json\/wp\/v2\/tags?post=112366"}],"curies":[{"name":"wp","href":"https:\/\/api.w.org\/{rel}","templated":true}]}}