{"id":112155,"date":"2024-11-05T17:57:20","date_gmt":"2024-11-05T17:57:20","guid":{"rendered":"https:\/\/www.altominho.tv\/site\/?p=112155"},"modified":"2024-11-05T17:57:22","modified_gmt":"2024-11-05T17:57:22","slug":"space-festival","status":"publish","type":"post","link":"https:\/\/www.altominho.tv\/site\/2024\/11\/05\/space-festival\/","title":{"rendered":"Oferta cultural com Space Festival e bailado contempor\u00e2neo"},"content":{"rendered":"<p>O festival itinerante Space Festival come\u00e7a na quinta-feira, em Paredes de Coura, com os concertos de Mariana Dionisio &amp; Clara Saleiro e o espet\u00e1culo &#8220;Multimedia Percussion&#8221; de V\u00edtor Castro, revelou a c\u00e2mara municipal.<\/p>\n<p>Segundo a autarquia do distrito de Viana do Castelo, o evento inclui uma incurs\u00e3o pelo teatro com a pe\u00e7a &#8220;Trama&#8221;, pelo Mais Teatro Amador Courense e Com\u00e9dias do Minho, complementada com a trilha sonora pelo Space Ensemble, e bailado contempor\u00e2neo pela Companhia de Dan\u00e7a Contempor\u00e2nea de Angola.<\/p>\n<p>O concerto assinado por Mariana Dionisio &amp; Clara Saleiro \u00e9 apresentado na quinta-feira, no centro cultural, \u00e0s 21h30, e, \u00e0s 22h30, \u00e9 a vez de V\u00edtor Castro dar a conhecer o espet\u00e1culo \u201cMultimedia Percussion\u201d.<\/p>\n","protected":false},"excerpt":{"rendered":"<p>O festival itinerante Space Festival come\u00e7a na quinta-feira, em Paredes de Coura, com os concertos de Mariana Dionisio &amp; Clara Saleiro e o espet\u00e1culo &#8220;Multimedia Percussion&#8221; de V\u00edtor Castro, revelou a c\u00e2mara municipal. Segundo a autarquia do distrito de Viana do Castelo, o evento inclui uma incurs\u00e3o pelo teatro com a pe\u00e7a &#8220;Trama&#8221;, pelo Mais [&hellip;]<\/p>\n","protected":false},"author":13,"featured_media":112156,"comment_status":"closed","ping_status":"closed","sticky":false,"template":"","format":"standard","meta":{"_exactmetrics_skip_tracking":false,"_exactmetrics_sitenote_active":false,"_exactmetrics_sitenote_note":"","_exactmetrics_sitenote_category":0,"footnotes":""},"categories":[10],"tags":[19],"class_list":["post-112155","post","type-post","status-publish","format-standard","has-post-thumbnail","hentry","category-paredes-de-coura","tag-cultura"],"yoast_head":"<!-- This site is optimized with the Yoast SEO Premium plugin v27.4 (Yoast SEO v27.4) - https:\/\/yoast.com\/product\/yoast-seo-premium-wordpress\/ -->\n<title>Oferta cultural com Space Festival e bailado contempor\u00e2neo<\/title>\n<meta name=\"description\" content=\"O festival come\u00e7a com os concertos de Mariana Dionisio &amp; Clara Saleiro e o espet\u00e1culo &quot;Multimedia Percussion&quot; de V\u00edtor Castro.\" \/>\n<meta name=\"robots\" content=\"index, follow, max-snippet:-1, max-image-preview:large, max-video-preview:-1\" \/>\n<link rel=\"canonical\" href=\"https:\/\/www.altominho.tv\/site\/2024\/11\/05\/space-festival\/\" \/>\n<meta property=\"og:locale\" content=\"pt_PT\" \/>\n<meta property=\"og:type\" content=\"article\" \/>\n<meta property=\"og:title\" content=\"Oferta cultural com Space Festival e bailado contempor\u00e2neo\" \/>\n<meta property=\"og:description\" content=\"O festival come\u00e7a com os concertos de Mariana Dionisio &amp; Clara Saleiro e o espet\u00e1culo &quot;Multimedia Percussion&quot; de V\u00edtor Castro.\" \/>\n<meta property=\"og:url\" content=\"https:\/\/www.altominho.tv\/site\/2024\/11\/05\/space-festival\/\" \/>\n<meta property=\"og:site_name\" content=\"Altominho.tv\" \/>\n<meta property=\"article:publisher\" content=\"https:\/\/www.facebook.com\/altominhotv\" \/>\n<meta property=\"article:published_time\" content=\"2024-11-05T17:57:20+00:00\" \/>\n<meta property=\"article:modified_time\" content=\"2024-11-05T17:57:22+00:00\" \/>\n<meta property=\"og:image\" content=\"https:\/\/www.altominho.tv\/site\/wp-content\/uploads\/2024\/11\/Mariana-Dionisio-Clara-Saleiro.jpg\" \/>\n\t<meta property=\"og:image:width\" content=\"1200\" \/>\n\t<meta property=\"og:image:height\" content=\"628\" \/>\n\t<meta property=\"og:image:type\" content=\"image\/jpeg\" \/>\n<meta name=\"author\" content=\"Lusa\" \/>\n<meta name=\"twitter:card\" content=\"summary_large_image\" \/>\n<meta name=\"twitter:creator\" content=\"@altominhoTV\" \/>\n<meta name=\"twitter:site\" content=\"@altominhoTV\" \/>\n<meta name=\"twitter:label1\" content=\"Escrito por\" \/>\n\t<meta name=\"twitter:data1\" content=\"Lusa\" \/>\n\t<meta name=\"twitter:label2\" content=\"Tempo estimado de leitura\" \/>\n\t<meta name=\"twitter:data2\" content=\"1 minuto\" \/>\n<script type=\"application\/ld+json\" class=\"yoast-schema-graph\">{\"@context\":\"https:\\\/\\\/schema.org\",\"@graph\":[{\"@type\":\"Article\",\"@id\":\"https:\\\/\\\/www.altominho.tv\\\/site\\\/2024\\\/11\\\/05\\\/space-festival\\\/#article\",\"isPartOf\":{\"@id\":\"https:\\\/\\\/www.altominho.tv\\\/site\\\/2024\\\/11\\\/05\\\/space-festival\\\/\"},\"author\":{\"name\":\"Lusa\",\"@id\":\"https:\\\/\\\/www.altominho.tv\\\/site\\\/#\\\/schema\\\/person\\\/63f693da3e1899361cbe955c46f3232e\"},\"headline\":\"Oferta cultural com Space Festival e bailado contempor\u00e2neo\",\"datePublished\":\"2024-11-05T17:57:20+00:00\",\"dateModified\":\"2024-11-05T17:57:22+00:00\",\"mainEntityOfPage\":{\"@id\":\"https:\\\/\\\/www.altominho.tv\\\/site\\\/2024\\\/11\\\/05\\\/space-festival\\\/\"},\"wordCount\":133,\"image\":{\"@id\":\"https:\\\/\\\/www.altominho.tv\\\/site\\\/2024\\\/11\\\/05\\\/space-festival\\\/#primaryimage\"},\"thumbnailUrl\":\"https:\\\/\\\/www.altominho.tv\\\/site\\\/wp-content\\\/uploads\\\/2024\\\/11\\\/Mariana-Dionisio-Clara-Saleiro.jpg\",\"keywords\":[\"Cultura\"],\"articleSection\":[\"Paredes de Coura\"],\"inLanguage\":\"pt-PT\",\"copyrightYear\":\"2024\",\"copyrightHolder\":{\"@id\":\"https:\\\/\\\/www.altominho.tv\\\/site\\\/#organization\"}},{\"@type\":\"WebPage\",\"@id\":\"https:\\\/\\\/www.altominho.tv\\\/site\\\/2024\\\/11\\\/05\\\/space-festival\\\/\",\"url\":\"https:\\\/\\\/www.altominho.tv\\\/site\\\/2024\\\/11\\\/05\\\/space-festival\\\/\",\"name\":\"Oferta cultural com Space Festival e bailado contempor\u00e2neo\",\"isPartOf\":{\"@id\":\"https:\\\/\\\/www.altominho.tv\\\/site\\\/#website\"},\"primaryImageOfPage\":{\"@id\":\"https:\\\/\\\/www.altominho.tv\\\/site\\\/2024\\\/11\\\/05\\\/space-festival\\\/#primaryimage\"},\"image\":{\"@id\":\"https:\\\/\\\/www.altominho.tv\\\/site\\\/2024\\\/11\\\/05\\\/space-festival\\\/#primaryimage\"},\"thumbnailUrl\":\"https:\\\/\\\/www.altominho.tv\\\/site\\\/wp-content\\\/uploads\\\/2024\\\/11\\\/Mariana-Dionisio-Clara-Saleiro.jpg\",\"datePublished\":\"2024-11-05T17:57:20+00:00\",\"dateModified\":\"2024-11-05T17:57:22+00:00\",\"author\":{\"@id\":\"https:\\\/\\\/www.altominho.tv\\\/site\\\/#\\\/schema\\\/person\\\/63f693da3e1899361cbe955c46f3232e\"},\"description\":\"O festival come\u00e7a com os concertos de Mariana Dionisio & Clara Saleiro e o espet\u00e1culo \\\"Multimedia Percussion\\\" de V\u00edtor Castro.\",\"breadcrumb\":{\"@id\":\"https:\\\/\\\/www.altominho.tv\\\/site\\\/2024\\\/11\\\/05\\\/space-festival\\\/#breadcrumb\"},\"inLanguage\":\"pt-PT\",\"potentialAction\":[{\"@type\":\"ReadAction\",\"target\":[\"https:\\\/\\\/www.altominho.tv\\\/site\\\/2024\\\/11\\\/05\\\/space-festival\\\/\"]}]},{\"@type\":\"ImageObject\",\"inLanguage\":\"pt-PT\",\"@id\":\"https:\\\/\\\/www.altominho.tv\\\/site\\\/2024\\\/11\\\/05\\\/space-festival\\\/#primaryimage\",\"url\":\"https:\\\/\\\/www.altominho.tv\\\/site\\\/wp-content\\\/uploads\\\/2024\\\/11\\\/Mariana-Dionisio-Clara-Saleiro.jpg\",\"contentUrl\":\"https:\\\/\\\/www.altominho.tv\\\/site\\\/wp-content\\\/uploads\\\/2024\\\/11\\\/Mariana-Dionisio-Clara-Saleiro.jpg\",\"width\":1200,\"height\":628},{\"@type\":\"BreadcrumbList\",\"@id\":\"https:\\\/\\\/www.altominho.tv\\\/site\\\/2024\\\/11\\\/05\\\/space-festival\\\/#breadcrumb\",\"itemListElement\":[{\"@type\":\"ListItem\",\"position\":1,\"name\":\"In\u00edcio\",\"item\":\"https:\\\/\\\/www.altominho.tv\\\/site\\\/\"},{\"@type\":\"ListItem\",\"position\":2,\"name\":\"Oferta cultural com Space Festival e bailado contempor\u00e2neo\"}]},{\"@type\":\"WebSite\",\"@id\":\"https:\\\/\\\/www.altominho.tv\\\/site\\\/#website\",\"url\":\"https:\\\/\\\/www.altominho.tv\\\/site\\\/\",\"name\":\"Altominho.tv\",\"description\":\"A sua regi\u00e3o \u00e0 dist\u00e2ncia de um clique...\",\"potentialAction\":[{\"@type\":\"SearchAction\",\"target\":{\"@type\":\"EntryPoint\",\"urlTemplate\":\"https:\\\/\\\/www.altominho.tv\\\/site\\\/?s={search_term_string}\"},\"query-input\":{\"@type\":\"PropertyValueSpecification\",\"valueRequired\":true,\"valueName\":\"search_term_string\"}}],\"inLanguage\":\"pt-PT\"},{\"@type\":\"Person\",\"@id\":\"https:\\\/\\\/www.altominho.tv\\\/site\\\/#\\\/schema\\\/person\\\/63f693da3e1899361cbe955c46f3232e\",\"name\":\"Lusa\",\"image\":{\"@type\":\"ImageObject\",\"inLanguage\":\"pt-PT\",\"@id\":\"https:\\\/\\\/www.altominho.tv\\\/site\\\/wp-content\\\/uploads\\\/2019\\\/08\\\/LUSA_Logo.gif\",\"url\":\"https:\\\/\\\/www.altominho.tv\\\/site\\\/wp-content\\\/uploads\\\/2019\\\/08\\\/LUSA_Logo.gif\",\"contentUrl\":\"https:\\\/\\\/www.altominho.tv\\\/site\\\/wp-content\\\/uploads\\\/2019\\\/08\\\/LUSA_Logo.gif\",\"caption\":\"Lusa\"},\"sameAs\":[\"http:\\\/\\\/\\\/\\\/www.altominho.tv\\\/site\"],\"url\":\"https:\\\/\\\/www.altominho.tv\\\/site\\\/author\\\/lusa\\\/\"}]}<\/script>\n<!-- \/ Yoast SEO Premium plugin. -->","yoast_head_json":{"title":"Oferta cultural com Space Festival e bailado contempor\u00e2neo","description":"O festival come\u00e7a com os concertos de Mariana Dionisio & Clara Saleiro e o espet\u00e1culo \"Multimedia Percussion\" de V\u00edtor Castro.","robots":{"index":"index","follow":"follow","max-snippet":"max-snippet:-1","max-image-preview":"max-image-preview:large","max-video-preview":"max-video-preview:-1"},"canonical":"https:\/\/www.altominho.tv\/site\/2024\/11\/05\/space-festival\/","og_locale":"pt_PT","og_type":"article","og_title":"Oferta cultural com Space Festival e bailado contempor\u00e2neo","og_description":"O festival come\u00e7a com os concertos de Mariana Dionisio & Clara Saleiro e o espet\u00e1culo \"Multimedia Percussion\" de V\u00edtor Castro.","og_url":"https:\/\/www.altominho.tv\/site\/2024\/11\/05\/space-festival\/","og_site_name":"Altominho.tv","article_publisher":"https:\/\/www.facebook.com\/altominhotv","article_published_time":"2024-11-05T17:57:20+00:00","article_modified_time":"2024-11-05T17:57:22+00:00","og_image":[{"width":1200,"height":628,"url":"https:\/\/www.altominho.tv\/site\/wp-content\/uploads\/2024\/11\/Mariana-Dionisio-Clara-Saleiro.jpg","type":"image\/jpeg"}],"author":"Lusa","twitter_card":"summary_large_image","twitter_creator":"@altominhoTV","twitter_site":"@altominhoTV","twitter_misc":{"Escrito por":"Lusa","Tempo estimado de leitura":"1 minuto"},"schema":{"@context":"https:\/\/schema.org","@graph":[{"@type":"Article","@id":"https:\/\/www.altominho.tv\/site\/2024\/11\/05\/space-festival\/#article","isPartOf":{"@id":"https:\/\/www.altominho.tv\/site\/2024\/11\/05\/space-festival\/"},"author":{"name":"Lusa","@id":"https:\/\/www.altominho.tv\/site\/#\/schema\/person\/63f693da3e1899361cbe955c46f3232e"},"headline":"Oferta cultural com Space Festival e bailado contempor\u00e2neo","datePublished":"2024-11-05T17:57:20+00:00","dateModified":"2024-11-05T17:57:22+00:00","mainEntityOfPage":{"@id":"https:\/\/www.altominho.tv\/site\/2024\/11\/05\/space-festival\/"},"wordCount":133,"image":{"@id":"https:\/\/www.altominho.tv\/site\/2024\/11\/05\/space-festival\/#primaryimage"},"thumbnailUrl":"https:\/\/www.altominho.tv\/site\/wp-content\/uploads\/2024\/11\/Mariana-Dionisio-Clara-Saleiro.jpg","keywords":["Cultura"],"articleSection":["Paredes de Coura"],"inLanguage":"pt-PT","copyrightYear":"2024","copyrightHolder":{"@id":"https:\/\/www.altominho.tv\/site\/#organization"}},{"@type":"WebPage","@id":"https:\/\/www.altominho.tv\/site\/2024\/11\/05\/space-festival\/","url":"https:\/\/www.altominho.tv\/site\/2024\/11\/05\/space-festival\/","name":"Oferta cultural com Space Festival e bailado contempor\u00e2neo","isPartOf":{"@id":"https:\/\/www.altominho.tv\/site\/#website"},"primaryImageOfPage":{"@id":"https:\/\/www.altominho.tv\/site\/2024\/11\/05\/space-festival\/#primaryimage"},"image":{"@id":"https:\/\/www.altominho.tv\/site\/2024\/11\/05\/space-festival\/#primaryimage"},"thumbnailUrl":"https:\/\/www.altominho.tv\/site\/wp-content\/uploads\/2024\/11\/Mariana-Dionisio-Clara-Saleiro.jpg","datePublished":"2024-11-05T17:57:20+00:00","dateModified":"2024-11-05T17:57:22+00:00","author":{"@id":"https:\/\/www.altominho.tv\/site\/#\/schema\/person\/63f693da3e1899361cbe955c46f3232e"},"description":"O festival come\u00e7a com os concertos de Mariana Dionisio & Clara Saleiro e o espet\u00e1culo \"Multimedia Percussion\" de V\u00edtor Castro.","breadcrumb":{"@id":"https:\/\/www.altominho.tv\/site\/2024\/11\/05\/space-festival\/#breadcrumb"},"inLanguage":"pt-PT","potentialAction":[{"@type":"ReadAction","target":["https:\/\/www.altominho.tv\/site\/2024\/11\/05\/space-festival\/"]}]},{"@type":"ImageObject","inLanguage":"pt-PT","@id":"https:\/\/www.altominho.tv\/site\/2024\/11\/05\/space-festival\/#primaryimage","url":"https:\/\/www.altominho.tv\/site\/wp-content\/uploads\/2024\/11\/Mariana-Dionisio-Clara-Saleiro.jpg","contentUrl":"https:\/\/www.altominho.tv\/site\/wp-content\/uploads\/2024\/11\/Mariana-Dionisio-Clara-Saleiro.jpg","width":1200,"height":628},{"@type":"BreadcrumbList","@id":"https:\/\/www.altominho.tv\/site\/2024\/11\/05\/space-festival\/#breadcrumb","itemListElement":[{"@type":"ListItem","position":1,"name":"In\u00edcio","item":"https:\/\/www.altominho.tv\/site\/"},{"@type":"ListItem","position":2,"name":"Oferta cultural com Space Festival e bailado contempor\u00e2neo"}]},{"@type":"WebSite","@id":"https:\/\/www.altominho.tv\/site\/#website","url":"https:\/\/www.altominho.tv\/site\/","name":"Altominho.tv","description":"A sua regi\u00e3o \u00e0 dist\u00e2ncia de um clique...","potentialAction":[{"@type":"SearchAction","target":{"@type":"EntryPoint","urlTemplate":"https:\/\/www.altominho.tv\/site\/?s={search_term_string}"},"query-input":{"@type":"PropertyValueSpecification","valueRequired":true,"valueName":"search_term_string"}}],"inLanguage":"pt-PT"},{"@type":"Person","@id":"https:\/\/www.altominho.tv\/site\/#\/schema\/person\/63f693da3e1899361cbe955c46f3232e","name":"Lusa","image":{"@type":"ImageObject","inLanguage":"pt-PT","@id":"https:\/\/www.altominho.tv\/site\/wp-content\/uploads\/2019\/08\/LUSA_Logo.gif","url":"https:\/\/www.altominho.tv\/site\/wp-content\/uploads\/2019\/08\/LUSA_Logo.gif","contentUrl":"https:\/\/www.altominho.tv\/site\/wp-content\/uploads\/2019\/08\/LUSA_Logo.gif","caption":"Lusa"},"sameAs":["http:\/\/\/\/www.altominho.tv\/site"],"url":"https:\/\/www.altominho.tv\/site\/author\/lusa\/"}]}},"_links":{"self":[{"href":"https:\/\/www.altominho.tv\/site\/wp-json\/wp\/v2\/posts\/112155","targetHints":{"allow":["GET"]}}],"collection":[{"href":"https:\/\/www.altominho.tv\/site\/wp-json\/wp\/v2\/posts"}],"about":[{"href":"https:\/\/www.altominho.tv\/site\/wp-json\/wp\/v2\/types\/post"}],"author":[{"embeddable":true,"href":"https:\/\/www.altominho.tv\/site\/wp-json\/wp\/v2\/users\/13"}],"replies":[{"embeddable":true,"href":"https:\/\/www.altominho.tv\/site\/wp-json\/wp\/v2\/comments?post=112155"}],"version-history":[{"count":1,"href":"https:\/\/www.altominho.tv\/site\/wp-json\/wp\/v2\/posts\/112155\/revisions"}],"predecessor-version":[{"id":112157,"href":"https:\/\/www.altominho.tv\/site\/wp-json\/wp\/v2\/posts\/112155\/revisions\/112157"}],"wp:featuredmedia":[{"embeddable":true,"href":"https:\/\/www.altominho.tv\/site\/wp-json\/wp\/v2\/media\/112156"}],"wp:attachment":[{"href":"https:\/\/www.altominho.tv\/site\/wp-json\/wp\/v2\/media?parent=112155"}],"wp:term":[{"taxonomy":"category","embeddable":true,"href":"https:\/\/www.altominho.tv\/site\/wp-json\/wp\/v2\/categories?post=112155"},{"taxonomy":"post_tag","embeddable":true,"href":"https:\/\/www.altominho.tv\/site\/wp-json\/wp\/v2\/tags?post=112155"}],"curies":[{"name":"wp","href":"https:\/\/api.w.org\/{rel}","templated":true}]}}