{"id":112123,"date":"2024-11-04T17:39:37","date_gmt":"2024-11-04T17:39:37","guid":{"rendered":"https:\/\/www.altominho.tv\/site\/?p=112123"},"modified":"2024-11-04T17:39:39","modified_gmt":"2024-11-04T17:39:39","slug":"vereadora-do-psd-escolhida-pela-distrital-para-concorrer-a-camara-de-caminha","status":"publish","type":"post","link":"https:\/\/www.altominho.tv\/site\/2024\/11\/04\/vereadora-do-psd-escolhida-pela-distrital-para-concorrer-a-camara-de-caminha\/","title":{"rendered":"Vereadora do PSD escolhida pela distrital para concorrer \u00e0 C\u00e2mara de Caminha"},"content":{"rendered":"<p>A vereadora da oposi\u00e7\u00e3o na C\u00e2mara de Caminha Liliana Silva vai ser a candidata pelo PSD \u00e0 presid\u00eancia daquela autarquia nas elei\u00e7\u00f5es de 2025, por escolha da distrital, foi hoje divulgado.<\/p>\n<p>\u201cO PSD Alto Minho escolheu por unanimidade Liliana Silva como candidata \u00e0s pr\u00f3ximas aut\u00e1rquicas, no concelho de Caminha\u201d, indica aquela estrutura social-democrata do distrito de Viana do Castelo, em comunicado.<\/p>\n<p>J\u00e1 nas elei\u00e7\u00f5es aut\u00e1rquicas de 2021, a contabilista tinha sido a escolha do PSD para defrontar a corrida a um terceiro mandato do socialista Miguel Alves, que deixaria a presid\u00eancia para assumir uma secretaria de Estado no governo de Ant\u00f3nio Costa (PS), deixando a C\u00e2mara de Caminha nas m\u00e3os do \u2018vice\u2019, Rui Lages.<\/p>\n<p>Ex-deputada \u00e0 Assembleia da Rep\u00fablica (2015-2019) pelo c\u00edrculo eleitoral de Viana do Castelo, a ex-professora \u00e9 presidente da Comiss\u00e3o Pol\u00edtica de Sec\u00e7\u00e3o do concelho de Caminha e j\u00e1 exerceu o cargo de coordenadora do CEN \u2013 Conselho Estrat\u00e9gico Nacional do PSD, recorda o PSD Alto Minho.<\/p>\n<p>Citada no comunicado, a candidata do PSD \u00e0 C\u00e2mara de Caminha afirma que \u201cas medidas e decis\u00f5es avulsas e inconsistentes t\u00eam feito o concelho estagnar e, em muitos casos, andar para tr\u00e1s\u201d.<\/p>\n<p>\u201cS\u00f3 um crescimento econ\u00f3mico sustent\u00e1vel poder\u00e1 permitir um futuro promissor ao concelho, criando melhores oportunidades e postos de trabalho\u201d, sustenta Liliana Silva.<\/p>\n<p>Colocar o concelho \u201ca crescer em termos econ\u00f3micos\u201d \u00e9 o objetivo da social-democrata.<\/p>\n<p>\u201c\u00c9 dessa forma que poderemos ter mais e melhores empregos e isto consegue-se com pol\u00edticas fiscais fortes e aplica\u00e7\u00e3o de uma estrat\u00e9gia para capta\u00e7\u00e3o de empresas e industrias de ponta que possam criar um \u2018cluster\u2019 de vanguarda em Caminha\u201d, justifica.<\/p>\n<p>Liliana Silva defende um aumento e promo\u00e7\u00e3o do \u201cpotencial end\u00f3geno de forma sustent\u00e1vel\u201d e \u201cmais transpar\u00eancia na gest\u00e3o municipal\u201d.<\/p>\n<p>\u201cTemos que resolver os problemas das pessoas sem problemas ideol\u00f3gicos\u201d, acrescenta.<\/p>\n<p>Para a candidata, a \u201cfalta de uma pol\u00edtica social s\u00e9ria e de longo prazo tamb\u00e9m tem sido um trav\u00e3o na economia local\u201d, pelo que se pretende impulsionar o \u201cdesenvolvimento de um concelho com mais pol\u00edticas sociais capazes de tornar a comunidade mais resiliente e fortalecida\u201d.<\/p>\n<p>Tal passa, diz, por \u201cmelhores condi\u00e7\u00f5es ao n\u00edvel da habita\u00e7\u00e3o social e habita\u00e7\u00e3o a custos controlados, assim como por um concelho mais inclusivo e com respeito pela diferen\u00e7a e sem barreiras\u201d.<\/p>\n<p>\u201cQuero um concelho com uma defini\u00e7\u00e3o clara e a longo prazo sobre o trabalho a ser feito nas nossas florestas. Um concelho onde o m\u00e9rito e a compet\u00eancia prevale\u00e7am sobre o clientelismo. Quero um concelho mais amigo das fam\u00edlias e com pol\u00edticas municipais que atinjam esse objetivo\u201d, revelou.<\/p>\n<p>A candidata manifestou-se ainda comprometida \u201ccom a defesa incondicional da constru\u00e7\u00e3o de uma ponte entre o concelho de Caminha e A Guarda (Galiza &#8211; Espanha), a requalifica\u00e7\u00e3o do Porto de Mar, a navegabilidade do Rio Minho.<\/p>\n<p>A par disso, o objetivo \u00e9 \u201cconseguir entrar no circuito de investimentos fortes e financiamentos para potenciar a capta\u00e7\u00e3o de ind\u00fastria, empresas e novas respostas sociais para o concelho&#8221;.<\/p>\n<p>Para o presidente da comiss\u00e3o pol\u00edtica distrital do PSD, Oleg\u00e1rio Gon\u00e7alves, \u201co nome de Liliana Silva foi un\u00e2nime por todo o trabalho que esta tem vindo a fazer ao longo deste mandato na C\u00e2mara de Caminha e na defesa dos interesses da popula\u00e7\u00e3o do concelho\u201d.<\/p>\n<p>\u201cA Liliana sempre se mostrou extremamente dedicada ao concelho e \u00e0s popula\u00e7\u00f5es, nunca baixou os bra\u00e7os perante as adversidades e fez um percurso com um enorme m\u00e9rito. Acreditamos que nas pr\u00f3ximas elei\u00e7\u00f5es aut\u00e1rquicas, o PSD pode efetivamente mudar o rumo de Caminha e ser a alternativa s\u00e9ria e capaz de vencer as elei\u00e7\u00f5es\u201d, observou.<\/p>\n<p>Em 2021, Liliana Silva concorreu \u00e0 C\u00e2mara de Caminha na coliga\u00e7\u00e3o O Concelho Em Primeiro, formada pelo PSD, CDS-PP, Alian\u00e7a e PPM.<\/p>\n","protected":false},"excerpt":{"rendered":"<p>A vereadora da oposi\u00e7\u00e3o na C\u00e2mara de Caminha Liliana Silva vai ser a candidata pelo PSD \u00e0 presid\u00eancia daquela autarquia nas elei\u00e7\u00f5es de 2025, por escolha da distrital, foi hoje divulgado. \u201cO PSD Alto Minho escolheu por unanimidade Liliana Silva como candidata \u00e0s pr\u00f3ximas aut\u00e1rquicas, no concelho de Caminha\u201d, indica aquela estrutura social-democrata do distrito [&hellip;]<\/p>\n","protected":false},"author":13,"featured_media":112124,"comment_status":"closed","ping_status":"closed","sticky":false,"template":"","format":"standard","meta":{"_exactmetrics_skip_tracking":false,"_exactmetrics_sitenote_active":false,"_exactmetrics_sitenote_note":"","_exactmetrics_sitenote_category":0,"footnotes":""},"categories":[7],"tags":[56326],"class_list":["post-112123","post","type-post","status-publish","format-standard","has-post-thumbnail","hentry","category-caminha","tag-politica"],"yoast_head":"<!-- This site is optimized with the Yoast SEO Premium plugin v27.5 (Yoast SEO v27.5) - https:\/\/yoast.com\/product\/yoast-seo-premium-wordpress\/ -->\n<title>Vereadora do PSD escolhida pela distrital para concorrer \u00e0 C\u00e2mara de Caminha<\/title>\n<meta name=\"description\" content=\"\u201cO PSD Alto Minho escolheu por unanimidade Liliana Silva como candidata \u00e0s pr\u00f3ximas aut\u00e1rquicas, no concelho de Caminha\u201d.\" \/>\n<meta name=\"robots\" content=\"index, follow, max-snippet:-1, max-image-preview:large, max-video-preview:-1\" \/>\n<link rel=\"canonical\" href=\"https:\/\/www.altominho.tv\/site\/2024\/11\/04\/vereadora-do-psd-escolhida-pela-distrital-para-concorrer-a-camara-de-caminha\/\" \/>\n<meta property=\"og:locale\" content=\"pt_PT\" \/>\n<meta property=\"og:type\" content=\"article\" \/>\n<meta property=\"og:title\" content=\"Vereadora do PSD escolhida pela distrital para concorrer \u00e0 C\u00e2mara de Caminha\" \/>\n<meta property=\"og:description\" content=\"\u201cO PSD Alto Minho escolheu por unanimidade Liliana Silva como candidata \u00e0s pr\u00f3ximas aut\u00e1rquicas, no concelho de Caminha\u201d.\" \/>\n<meta property=\"og:url\" content=\"https:\/\/www.altominho.tv\/site\/2024\/11\/04\/vereadora-do-psd-escolhida-pela-distrital-para-concorrer-a-camara-de-caminha\/\" \/>\n<meta property=\"og:site_name\" content=\"Altominho.tv\" \/>\n<meta property=\"article:publisher\" content=\"https:\/\/www.facebook.com\/altominhotv\" \/>\n<meta property=\"article:published_time\" content=\"2024-11-04T17:39:37+00:00\" \/>\n<meta property=\"article:modified_time\" content=\"2024-11-04T17:39:39+00:00\" \/>\n<meta property=\"og:image\" content=\"https:\/\/www.altominho.tv\/site\/wp-content\/uploads\/2024\/11\/Liliana-Silva.jpg\" \/>\n\t<meta property=\"og:image:width\" content=\"1200\" \/>\n\t<meta property=\"og:image:height\" content=\"628\" \/>\n\t<meta property=\"og:image:type\" content=\"image\/jpeg\" \/>\n<meta name=\"author\" content=\"Lusa\" \/>\n<meta name=\"twitter:card\" content=\"summary_large_image\" \/>\n<meta name=\"twitter:creator\" content=\"@altominhoTV\" \/>\n<meta name=\"twitter:site\" content=\"@altominhoTV\" \/>\n<meta name=\"twitter:label1\" content=\"Escrito por\" \/>\n\t<meta name=\"twitter:data1\" content=\"Lusa\" \/>\n\t<meta name=\"twitter:label2\" content=\"Tempo estimado de leitura\" \/>\n\t<meta name=\"twitter:data2\" content=\"4 minutos\" \/>\n<script type=\"application\/ld+json\" class=\"yoast-schema-graph\">{\"@context\":\"https:\\\/\\\/schema.org\",\"@graph\":[{\"@type\":\"Article\",\"@id\":\"https:\\\/\\\/www.altominho.tv\\\/site\\\/2024\\\/11\\\/04\\\/vereadora-do-psd-escolhida-pela-distrital-para-concorrer-a-camara-de-caminha\\\/#article\",\"isPartOf\":{\"@id\":\"https:\\\/\\\/www.altominho.tv\\\/site\\\/2024\\\/11\\\/04\\\/vereadora-do-psd-escolhida-pela-distrital-para-concorrer-a-camara-de-caminha\\\/\"},\"author\":{\"name\":\"Lusa\",\"@id\":\"https:\\\/\\\/www.altominho.tv\\\/site\\\/#\\\/schema\\\/person\\\/63f693da3e1899361cbe955c46f3232e\"},\"headline\":\"Vereadora do PSD escolhida pela distrital para concorrer \u00e0 C\u00e2mara de Caminha\",\"datePublished\":\"2024-11-04T17:39:37+00:00\",\"dateModified\":\"2024-11-04T17:39:39+00:00\",\"mainEntityOfPage\":{\"@id\":\"https:\\\/\\\/www.altominho.tv\\\/site\\\/2024\\\/11\\\/04\\\/vereadora-do-psd-escolhida-pela-distrital-para-concorrer-a-camara-de-caminha\\\/\"},\"wordCount\":680,\"image\":{\"@id\":\"https:\\\/\\\/www.altominho.tv\\\/site\\\/2024\\\/11\\\/04\\\/vereadora-do-psd-escolhida-pela-distrital-para-concorrer-a-camara-de-caminha\\\/#primaryimage\"},\"thumbnailUrl\":\"https:\\\/\\\/www.altominho.tv\\\/site\\\/wp-content\\\/uploads\\\/2024\\\/11\\\/Liliana-Silva.jpg\",\"keywords\":[\"Pol\u00edtica\"],\"articleSection\":[\"Caminha\"],\"inLanguage\":\"pt-PT\",\"copyrightYear\":\"2024\",\"copyrightHolder\":{\"@id\":\"https:\\\/\\\/www.altominho.tv\\\/site\\\/#organization\"}},{\"@type\":\"WebPage\",\"@id\":\"https:\\\/\\\/www.altominho.tv\\\/site\\\/2024\\\/11\\\/04\\\/vereadora-do-psd-escolhida-pela-distrital-para-concorrer-a-camara-de-caminha\\\/\",\"url\":\"https:\\\/\\\/www.altominho.tv\\\/site\\\/2024\\\/11\\\/04\\\/vereadora-do-psd-escolhida-pela-distrital-para-concorrer-a-camara-de-caminha\\\/\",\"name\":\"Vereadora do PSD escolhida pela distrital para concorrer \u00e0 C\u00e2mara de Caminha\",\"isPartOf\":{\"@id\":\"https:\\\/\\\/www.altominho.tv\\\/site\\\/#website\"},\"primaryImageOfPage\":{\"@id\":\"https:\\\/\\\/www.altominho.tv\\\/site\\\/2024\\\/11\\\/04\\\/vereadora-do-psd-escolhida-pela-distrital-para-concorrer-a-camara-de-caminha\\\/#primaryimage\"},\"image\":{\"@id\":\"https:\\\/\\\/www.altominho.tv\\\/site\\\/2024\\\/11\\\/04\\\/vereadora-do-psd-escolhida-pela-distrital-para-concorrer-a-camara-de-caminha\\\/#primaryimage\"},\"thumbnailUrl\":\"https:\\\/\\\/www.altominho.tv\\\/site\\\/wp-content\\\/uploads\\\/2024\\\/11\\\/Liliana-Silva.jpg\",\"datePublished\":\"2024-11-04T17:39:37+00:00\",\"dateModified\":\"2024-11-04T17:39:39+00:00\",\"author\":{\"@id\":\"https:\\\/\\\/www.altominho.tv\\\/site\\\/#\\\/schema\\\/person\\\/63f693da3e1899361cbe955c46f3232e\"},\"description\":\"\u201cO PSD Alto Minho escolheu por unanimidade Liliana Silva como candidata \u00e0s pr\u00f3ximas aut\u00e1rquicas, no concelho de Caminha\u201d.\",\"breadcrumb\":{\"@id\":\"https:\\\/\\\/www.altominho.tv\\\/site\\\/2024\\\/11\\\/04\\\/vereadora-do-psd-escolhida-pela-distrital-para-concorrer-a-camara-de-caminha\\\/#breadcrumb\"},\"inLanguage\":\"pt-PT\",\"potentialAction\":[{\"@type\":\"ReadAction\",\"target\":[\"https:\\\/\\\/www.altominho.tv\\\/site\\\/2024\\\/11\\\/04\\\/vereadora-do-psd-escolhida-pela-distrital-para-concorrer-a-camara-de-caminha\\\/\"]}]},{\"@type\":\"ImageObject\",\"inLanguage\":\"pt-PT\",\"@id\":\"https:\\\/\\\/www.altominho.tv\\\/site\\\/2024\\\/11\\\/04\\\/vereadora-do-psd-escolhida-pela-distrital-para-concorrer-a-camara-de-caminha\\\/#primaryimage\",\"url\":\"https:\\\/\\\/www.altominho.tv\\\/site\\\/wp-content\\\/uploads\\\/2024\\\/11\\\/Liliana-Silva.jpg\",\"contentUrl\":\"https:\\\/\\\/www.altominho.tv\\\/site\\\/wp-content\\\/uploads\\\/2024\\\/11\\\/Liliana-Silva.jpg\",\"width\":1200,\"height\":628},{\"@type\":\"BreadcrumbList\",\"@id\":\"https:\\\/\\\/www.altominho.tv\\\/site\\\/2024\\\/11\\\/04\\\/vereadora-do-psd-escolhida-pela-distrital-para-concorrer-a-camara-de-caminha\\\/#breadcrumb\",\"itemListElement\":[{\"@type\":\"ListItem\",\"position\":1,\"name\":\"In\u00edcio\",\"item\":\"https:\\\/\\\/www.altominho.tv\\\/site\\\/\"},{\"@type\":\"ListItem\",\"position\":2,\"name\":\"Vereadora do PSD escolhida pela distrital para concorrer \u00e0 C\u00e2mara de Caminha\"}]},{\"@type\":\"WebSite\",\"@id\":\"https:\\\/\\\/www.altominho.tv\\\/site\\\/#website\",\"url\":\"https:\\\/\\\/www.altominho.tv\\\/site\\\/\",\"name\":\"Altominho.tv\",\"description\":\"A sua regi\u00e3o \u00e0 dist\u00e2ncia de um clique...\",\"potentialAction\":[{\"@type\":\"SearchAction\",\"target\":{\"@type\":\"EntryPoint\",\"urlTemplate\":\"https:\\\/\\\/www.altominho.tv\\\/site\\\/?s={search_term_string}\"},\"query-input\":{\"@type\":\"PropertyValueSpecification\",\"valueRequired\":true,\"valueName\":\"search_term_string\"}}],\"inLanguage\":\"pt-PT\"},{\"@type\":\"Person\",\"@id\":\"https:\\\/\\\/www.altominho.tv\\\/site\\\/#\\\/schema\\\/person\\\/63f693da3e1899361cbe955c46f3232e\",\"name\":\"Lusa\",\"image\":{\"@type\":\"ImageObject\",\"inLanguage\":\"pt-PT\",\"@id\":\"https:\\\/\\\/www.altominho.tv\\\/site\\\/wp-content\\\/uploads\\\/2019\\\/08\\\/LUSA_Logo.gif\",\"url\":\"https:\\\/\\\/www.altominho.tv\\\/site\\\/wp-content\\\/uploads\\\/2019\\\/08\\\/LUSA_Logo.gif\",\"contentUrl\":\"https:\\\/\\\/www.altominho.tv\\\/site\\\/wp-content\\\/uploads\\\/2019\\\/08\\\/LUSA_Logo.gif\",\"caption\":\"Lusa\"},\"sameAs\":[\"http:\\\/\\\/\\\/\\\/www.altominho.tv\\\/site\"],\"url\":\"https:\\\/\\\/www.altominho.tv\\\/site\\\/author\\\/lusa\\\/\"}]}<\/script>\n<!-- \/ Yoast SEO Premium plugin. -->","yoast_head_json":{"title":"Vereadora do PSD escolhida pela distrital para concorrer \u00e0 C\u00e2mara de Caminha","description":"\u201cO PSD Alto Minho escolheu por unanimidade Liliana Silva como candidata \u00e0s pr\u00f3ximas aut\u00e1rquicas, no concelho de Caminha\u201d.","robots":{"index":"index","follow":"follow","max-snippet":"max-snippet:-1","max-image-preview":"max-image-preview:large","max-video-preview":"max-video-preview:-1"},"canonical":"https:\/\/www.altominho.tv\/site\/2024\/11\/04\/vereadora-do-psd-escolhida-pela-distrital-para-concorrer-a-camara-de-caminha\/","og_locale":"pt_PT","og_type":"article","og_title":"Vereadora do PSD escolhida pela distrital para concorrer \u00e0 C\u00e2mara de Caminha","og_description":"\u201cO PSD Alto Minho escolheu por unanimidade Liliana Silva como candidata \u00e0s pr\u00f3ximas aut\u00e1rquicas, no concelho de Caminha\u201d.","og_url":"https:\/\/www.altominho.tv\/site\/2024\/11\/04\/vereadora-do-psd-escolhida-pela-distrital-para-concorrer-a-camara-de-caminha\/","og_site_name":"Altominho.tv","article_publisher":"https:\/\/www.facebook.com\/altominhotv","article_published_time":"2024-11-04T17:39:37+00:00","article_modified_time":"2024-11-04T17:39:39+00:00","og_image":[{"width":1200,"height":628,"url":"https:\/\/www.altominho.tv\/site\/wp-content\/uploads\/2024\/11\/Liliana-Silva.jpg","type":"image\/jpeg"}],"author":"Lusa","twitter_card":"summary_large_image","twitter_creator":"@altominhoTV","twitter_site":"@altominhoTV","twitter_misc":{"Escrito por":"Lusa","Tempo estimado de leitura":"4 minutos"},"schema":{"@context":"https:\/\/schema.org","@graph":[{"@type":"Article","@id":"https:\/\/www.altominho.tv\/site\/2024\/11\/04\/vereadora-do-psd-escolhida-pela-distrital-para-concorrer-a-camara-de-caminha\/#article","isPartOf":{"@id":"https:\/\/www.altominho.tv\/site\/2024\/11\/04\/vereadora-do-psd-escolhida-pela-distrital-para-concorrer-a-camara-de-caminha\/"},"author":{"name":"Lusa","@id":"https:\/\/www.altominho.tv\/site\/#\/schema\/person\/63f693da3e1899361cbe955c46f3232e"},"headline":"Vereadora do PSD escolhida pela distrital para concorrer \u00e0 C\u00e2mara de Caminha","datePublished":"2024-11-04T17:39:37+00:00","dateModified":"2024-11-04T17:39:39+00:00","mainEntityOfPage":{"@id":"https:\/\/www.altominho.tv\/site\/2024\/11\/04\/vereadora-do-psd-escolhida-pela-distrital-para-concorrer-a-camara-de-caminha\/"},"wordCount":680,"image":{"@id":"https:\/\/www.altominho.tv\/site\/2024\/11\/04\/vereadora-do-psd-escolhida-pela-distrital-para-concorrer-a-camara-de-caminha\/#primaryimage"},"thumbnailUrl":"https:\/\/www.altominho.tv\/site\/wp-content\/uploads\/2024\/11\/Liliana-Silva.jpg","keywords":["Pol\u00edtica"],"articleSection":["Caminha"],"inLanguage":"pt-PT","copyrightYear":"2024","copyrightHolder":{"@id":"https:\/\/www.altominho.tv\/site\/#organization"}},{"@type":"WebPage","@id":"https:\/\/www.altominho.tv\/site\/2024\/11\/04\/vereadora-do-psd-escolhida-pela-distrital-para-concorrer-a-camara-de-caminha\/","url":"https:\/\/www.altominho.tv\/site\/2024\/11\/04\/vereadora-do-psd-escolhida-pela-distrital-para-concorrer-a-camara-de-caminha\/","name":"Vereadora do PSD escolhida pela distrital para concorrer \u00e0 C\u00e2mara de Caminha","isPartOf":{"@id":"https:\/\/www.altominho.tv\/site\/#website"},"primaryImageOfPage":{"@id":"https:\/\/www.altominho.tv\/site\/2024\/11\/04\/vereadora-do-psd-escolhida-pela-distrital-para-concorrer-a-camara-de-caminha\/#primaryimage"},"image":{"@id":"https:\/\/www.altominho.tv\/site\/2024\/11\/04\/vereadora-do-psd-escolhida-pela-distrital-para-concorrer-a-camara-de-caminha\/#primaryimage"},"thumbnailUrl":"https:\/\/www.altominho.tv\/site\/wp-content\/uploads\/2024\/11\/Liliana-Silva.jpg","datePublished":"2024-11-04T17:39:37+00:00","dateModified":"2024-11-04T17:39:39+00:00","author":{"@id":"https:\/\/www.altominho.tv\/site\/#\/schema\/person\/63f693da3e1899361cbe955c46f3232e"},"description":"\u201cO PSD Alto Minho escolheu por unanimidade Liliana Silva como candidata \u00e0s pr\u00f3ximas aut\u00e1rquicas, no concelho de Caminha\u201d.","breadcrumb":{"@id":"https:\/\/www.altominho.tv\/site\/2024\/11\/04\/vereadora-do-psd-escolhida-pela-distrital-para-concorrer-a-camara-de-caminha\/#breadcrumb"},"inLanguage":"pt-PT","potentialAction":[{"@type":"ReadAction","target":["https:\/\/www.altominho.tv\/site\/2024\/11\/04\/vereadora-do-psd-escolhida-pela-distrital-para-concorrer-a-camara-de-caminha\/"]}]},{"@type":"ImageObject","inLanguage":"pt-PT","@id":"https:\/\/www.altominho.tv\/site\/2024\/11\/04\/vereadora-do-psd-escolhida-pela-distrital-para-concorrer-a-camara-de-caminha\/#primaryimage","url":"https:\/\/www.altominho.tv\/site\/wp-content\/uploads\/2024\/11\/Liliana-Silva.jpg","contentUrl":"https:\/\/www.altominho.tv\/site\/wp-content\/uploads\/2024\/11\/Liliana-Silva.jpg","width":1200,"height":628},{"@type":"BreadcrumbList","@id":"https:\/\/www.altominho.tv\/site\/2024\/11\/04\/vereadora-do-psd-escolhida-pela-distrital-para-concorrer-a-camara-de-caminha\/#breadcrumb","itemListElement":[{"@type":"ListItem","position":1,"name":"In\u00edcio","item":"https:\/\/www.altominho.tv\/site\/"},{"@type":"ListItem","position":2,"name":"Vereadora do PSD escolhida pela distrital para concorrer \u00e0 C\u00e2mara de Caminha"}]},{"@type":"WebSite","@id":"https:\/\/www.altominho.tv\/site\/#website","url":"https:\/\/www.altominho.tv\/site\/","name":"Altominho.tv","description":"A sua regi\u00e3o \u00e0 dist\u00e2ncia de um clique...","potentialAction":[{"@type":"SearchAction","target":{"@type":"EntryPoint","urlTemplate":"https:\/\/www.altominho.tv\/site\/?s={search_term_string}"},"query-input":{"@type":"PropertyValueSpecification","valueRequired":true,"valueName":"search_term_string"}}],"inLanguage":"pt-PT"},{"@type":"Person","@id":"https:\/\/www.altominho.tv\/site\/#\/schema\/person\/63f693da3e1899361cbe955c46f3232e","name":"Lusa","image":{"@type":"ImageObject","inLanguage":"pt-PT","@id":"https:\/\/www.altominho.tv\/site\/wp-content\/uploads\/2019\/08\/LUSA_Logo.gif","url":"https:\/\/www.altominho.tv\/site\/wp-content\/uploads\/2019\/08\/LUSA_Logo.gif","contentUrl":"https:\/\/www.altominho.tv\/site\/wp-content\/uploads\/2019\/08\/LUSA_Logo.gif","caption":"Lusa"},"sameAs":["http:\/\/\/\/www.altominho.tv\/site"],"url":"https:\/\/www.altominho.tv\/site\/author\/lusa\/"}]}},"_links":{"self":[{"href":"https:\/\/www.altominho.tv\/site\/wp-json\/wp\/v2\/posts\/112123","targetHints":{"allow":["GET"]}}],"collection":[{"href":"https:\/\/www.altominho.tv\/site\/wp-json\/wp\/v2\/posts"}],"about":[{"href":"https:\/\/www.altominho.tv\/site\/wp-json\/wp\/v2\/types\/post"}],"author":[{"embeddable":true,"href":"https:\/\/www.altominho.tv\/site\/wp-json\/wp\/v2\/users\/13"}],"replies":[{"embeddable":true,"href":"https:\/\/www.altominho.tv\/site\/wp-json\/wp\/v2\/comments?post=112123"}],"version-history":[{"count":1,"href":"https:\/\/www.altominho.tv\/site\/wp-json\/wp\/v2\/posts\/112123\/revisions"}],"predecessor-version":[{"id":112125,"href":"https:\/\/www.altominho.tv\/site\/wp-json\/wp\/v2\/posts\/112123\/revisions\/112125"}],"wp:featuredmedia":[{"embeddable":true,"href":"https:\/\/www.altominho.tv\/site\/wp-json\/wp\/v2\/media\/112124"}],"wp:attachment":[{"href":"https:\/\/www.altominho.tv\/site\/wp-json\/wp\/v2\/media?parent=112123"}],"wp:term":[{"taxonomy":"category","embeddable":true,"href":"https:\/\/www.altominho.tv\/site\/wp-json\/wp\/v2\/categories?post=112123"},{"taxonomy":"post_tag","embeddable":true,"href":"https:\/\/www.altominho.tv\/site\/wp-json\/wp\/v2\/tags?post=112123"}],"curies":[{"name":"wp","href":"https:\/\/api.w.org\/{rel}","templated":true}]}}