{"id":112089,"date":"2024-11-04T09:56:15","date_gmt":"2024-11-04T09:56:15","guid":{"rendered":"https:\/\/www.altominho.tv\/site\/?p=112089"},"modified":"2024-11-04T09:56:17","modified_gmt":"2024-11-04T09:56:17","slug":"joaquim-sa-sagra-se-pela-3a-vez-consecutiva-campeao-nacional-m75-de-maratona","status":"publish","type":"post","link":"https:\/\/www.altominho.tv\/site\/2024\/11\/04\/joaquim-sa-sagra-se-pela-3a-vez-consecutiva-campeao-nacional-m75-de-maratona\/","title":{"rendered":"Joaquim S\u00e1 sagra-se pela 3\u00aa vez consecutiva, Campe\u00e3o Nacional M75 de Maratona"},"content":{"rendered":"<div class=\"xdj266r x11i5rnm xat24cr x1mh8g0r x1vvkbs x126k92a\">\n<p dir=\"auto\"><span class=\"html-span xdj266r x11i5rnm xat24cr x1mh8g0r xexx8yu x4uap5 x18d9i69 xkhd6sd x1hl2dhg x16tdsg8 x1vvkbs\">Joaquim S\u00e1 sagra-se <\/span>pela 3\u00aa vez consecutiva, Campe\u00e3o Nacional M75 de Maratona, na 20\u00aa edi\u00e7\u00e3o da EDP Maratona do Porto que se realizou este domingo.<\/p>\n<\/div>\n<div dir=\"auto\">Com 76 anos,\u00a0 o courense Joaquim S\u00e1, \u00e9 o Atleta Portugu\u00eas mais velho de sempre a completar uma Maratona em menos de 4 horas.<\/div>\n<div class=\"x11i5rnm xat24cr x1mh8g0r x1vvkbs xtlvy1s x126k92a\">\n<p dir=\"auto\">Integrada na 20\u00aa edi\u00e7\u00e3o da EDP <span class=\"html-span xdj266r x11i5rnm xat24cr x1mh8g0r xexx8yu x4uap5 x18d9i69 xkhd6sd x1hl2dhg x16tdsg8 x1vvkbs\"><a class=\"x1i10hfl xjbqb8w x1ejq31n xd10rxx x1sy0etr x17r0tee x972fbf xcfux6l x1qhh985 xm0m39n x9f619 x1ypdohk xt0psk2 xe8uvvx xdj266r x11i5rnm xat24cr x1mh8g0r xexx8yu x4uap5 x18d9i69 xkhd6sd x16tdsg8 x1hl2dhg xggy1nq x1a2a7pz x1sur9pj xkrqix3 x1fey0fg x1s688f\" tabindex=\"0\" role=\"link\" href=\"https:\/\/www.facebook.com\/portomarathon?__cft__[0]=AZWtaG6iLTT9waTgTqTDiBLo5edvRo8anLue_xO_vMSm4Ky3JaexFy4uSA4JZByktNVuMbBOWwaTHeyfNLAOP59bBjXqWMBvfL5FBFJqQokqRsjWg293FQvQC-uyt1GKvONSdLN2YPtlpf-_3QCFVhZQYVISMIBuiHpCoBVnnJzLwd3VC0-23fgBfoSgwaejs3s&amp;__tn__=-]K-R\"><span class=\"xt0psk2\">Maratona do Porto<\/span><\/a><\/span>, a FPA (Federa\u00e7\u00e3o Portuguesa de Atletismo), a ANAV (Associa\u00e7\u00e3o Nacional de Atletismo Veterano) e a RunPorto realizaram na manh\u00e3 de ontem, 3 de Novembro, os Campeonatos Nacionais de Maratona da \u00e9poca 2024\/2025.<\/p>\n<p dir=\"auto\">Joaquim S\u00e1, atleta do Centro de Atletismo de Arcos de Valdevez, foi o grande vencedor do escal\u00e3o M75, percorrendo os 42.195m em 3h56m41, sagrando-se Tri-Campe\u00e3o Nacional, depois de j\u00e1 ter vencido no mesmo escal\u00e3o em 2022\/2023 (Aveiro) e 2023\/2024 (Funchal).<\/p>\n<p dir=\"auto\">Com este registo o atleta foi mesmo o vencedor mais destacado dos Campeonatos, vencendo com mais de uma hora e meia de avan\u00e7o.<\/p>\n<p dir=\"auto\">Tornou-se ainda o Atleta Portugu\u00eas mais velho de sempre a completar uma Maratona em menos de 4 horas, com 76 anos e 210 dias (melhorando o feito que j\u00e1 lhe pertencia).<\/p>\n<p dir=\"auto\">O atleta passa agora a deter todas as 3 melhores marcas portuguesas de sempre da categoria M75, todas feitas no decorrer dos Campeonatos Nacionais: 3h47m01 a 23\/04\/2023 em Aveiro; 3h56m41 a 03\/11\/2024 no Porto; 4h01m35 a 21\/01\/2024 no Funchal.<\/p>\n<\/div>\n","protected":false},"excerpt":{"rendered":"<p>Joaquim S\u00e1 sagra-se pela 3\u00aa vez consecutiva, Campe\u00e3o Nacional M75 de Maratona, na 20\u00aa edi\u00e7\u00e3o da EDP Maratona do Porto que se realizou este domingo. Com 76 anos,\u00a0 o courense Joaquim S\u00e1, \u00e9 o Atleta Portugu\u00eas mais velho de sempre a completar uma Maratona em menos de 4 horas. Integrada na 20\u00aa edi\u00e7\u00e3o da EDP [&hellip;]<\/p>\n","protected":false},"author":1,"featured_media":112090,"comment_status":"closed","ping_status":"closed","sticky":false,"template":"","format":"standard","meta":{"_exactmetrics_skip_tracking":false,"_exactmetrics_sitenote_active":false,"_exactmetrics_sitenote_note":"","_exactmetrics_sitenote_category":0,"footnotes":""},"categories":[10],"tags":[20],"class_list":["post-112089","post","type-post","status-publish","format-standard","has-post-thumbnail","hentry","category-paredes-de-coura","tag-desporto"],"yoast_head":"<!-- This site is optimized with the Yoast SEO Premium plugin v27.4 (Yoast SEO v27.4) - https:\/\/yoast.com\/product\/yoast-seo-premium-wordpress\/ -->\n<title>Joaquim S\u00e1 sagra-se pela 3\u00aa vez consecutiva, Campe\u00e3o Nacional M75 de Maratona<\/title>\n<meta name=\"robots\" content=\"index, follow, max-snippet:-1, max-image-preview:large, max-video-preview:-1\" \/>\n<link rel=\"canonical\" href=\"https:\/\/www.altominho.tv\/site\/2024\/11\/04\/joaquim-sa-sagra-se-pela-3a-vez-consecutiva-campeao-nacional-m75-de-maratona\/\" \/>\n<meta property=\"og:locale\" content=\"pt_PT\" \/>\n<meta property=\"og:type\" content=\"article\" \/>\n<meta property=\"og:title\" content=\"Joaquim S\u00e1 sagra-se pela 3\u00aa vez consecutiva, Campe\u00e3o Nacional M75 de Maratona\" \/>\n<meta property=\"og:description\" content=\"Joaquim S\u00e1 sagra-se pela 3\u00aa vez consecutiva, Campe\u00e3o Nacional M75 de Maratona, na 20\u00aa edi\u00e7\u00e3o da EDP Maratona do Porto que se realizou este domingo. Com 76 anos,\u00a0 o courense Joaquim S\u00e1, \u00e9 o Atleta Portugu\u00eas mais velho de sempre a completar uma Maratona em menos de 4 horas. Integrada na 20\u00aa edi\u00e7\u00e3o da EDP [&hellip;]\" \/>\n<meta property=\"og:url\" content=\"https:\/\/www.altominho.tv\/site\/2024\/11\/04\/joaquim-sa-sagra-se-pela-3a-vez-consecutiva-campeao-nacional-m75-de-maratona\/\" \/>\n<meta property=\"og:site_name\" content=\"Altominho.tv\" \/>\n<meta property=\"article:publisher\" content=\"https:\/\/www.facebook.com\/altominhotv\" \/>\n<meta property=\"article:published_time\" content=\"2024-11-04T09:56:15+00:00\" \/>\n<meta property=\"article:modified_time\" content=\"2024-11-04T09:56:17+00:00\" \/>\n<meta property=\"og:image\" content=\"https:\/\/www.altominho.tv\/site\/wp-content\/uploads\/2024\/11\/Joaquim_Sa_Maratona.jpg\" \/>\n\t<meta property=\"og:image:width\" content=\"1200\" \/>\n\t<meta property=\"og:image:height\" content=\"630\" \/>\n\t<meta property=\"og:image:type\" content=\"image\/jpeg\" \/>\n<meta name=\"author\" content=\"Altominho.tv\" \/>\n<meta name=\"twitter:card\" content=\"summary_large_image\" \/>\n<meta name=\"twitter:creator\" content=\"@altominhoTV\" \/>\n<meta name=\"twitter:site\" content=\"@altominhoTV\" \/>\n<meta name=\"twitter:label1\" content=\"Escrito por\" \/>\n\t<meta name=\"twitter:data1\" content=\"Altominho.tv\" \/>\n\t<meta name=\"twitter:label2\" content=\"Tempo estimado de leitura\" \/>\n\t<meta name=\"twitter:data2\" content=\"2 minutos\" \/>\n<script type=\"application\/ld+json\" class=\"yoast-schema-graph\">{\"@context\":\"https:\\\/\\\/schema.org\",\"@graph\":[{\"@type\":\"Article\",\"@id\":\"https:\\\/\\\/www.altominho.tv\\\/site\\\/2024\\\/11\\\/04\\\/joaquim-sa-sagra-se-pela-3a-vez-consecutiva-campeao-nacional-m75-de-maratona\\\/#article\",\"isPartOf\":{\"@id\":\"https:\\\/\\\/www.altominho.tv\\\/site\\\/2024\\\/11\\\/04\\\/joaquim-sa-sagra-se-pela-3a-vez-consecutiva-campeao-nacional-m75-de-maratona\\\/\"},\"author\":{\"name\":\"Altominho.tv\",\"@id\":\"https:\\\/\\\/www.altominho.tv\\\/site\\\/#\\\/schema\\\/person\\\/4e536851627d7914baf3dac752b6af22\"},\"headline\":\"Joaquim S\u00e1 sagra-se pela 3\u00aa vez consecutiva, Campe\u00e3o Nacional M75 de Maratona\",\"datePublished\":\"2024-11-04T09:56:15+00:00\",\"dateModified\":\"2024-11-04T09:56:17+00:00\",\"mainEntityOfPage\":{\"@id\":\"https:\\\/\\\/www.altominho.tv\\\/site\\\/2024\\\/11\\\/04\\\/joaquim-sa-sagra-se-pela-3a-vez-consecutiva-campeao-nacional-m75-de-maratona\\\/\"},\"wordCount\":233,\"image\":{\"@id\":\"https:\\\/\\\/www.altominho.tv\\\/site\\\/2024\\\/11\\\/04\\\/joaquim-sa-sagra-se-pela-3a-vez-consecutiva-campeao-nacional-m75-de-maratona\\\/#primaryimage\"},\"thumbnailUrl\":\"https:\\\/\\\/www.altominho.tv\\\/site\\\/wp-content\\\/uploads\\\/2024\\\/11\\\/Joaquim_Sa_Maratona.jpg\",\"keywords\":[\"Desporto\"],\"articleSection\":[\"Paredes de Coura\"],\"inLanguage\":\"pt-PT\",\"copyrightYear\":\"2024\",\"copyrightHolder\":{\"@id\":\"https:\\\/\\\/www.altominho.tv\\\/site\\\/#organization\"}},{\"@type\":\"WebPage\",\"@id\":\"https:\\\/\\\/www.altominho.tv\\\/site\\\/2024\\\/11\\\/04\\\/joaquim-sa-sagra-se-pela-3a-vez-consecutiva-campeao-nacional-m75-de-maratona\\\/\",\"url\":\"https:\\\/\\\/www.altominho.tv\\\/site\\\/2024\\\/11\\\/04\\\/joaquim-sa-sagra-se-pela-3a-vez-consecutiva-campeao-nacional-m75-de-maratona\\\/\",\"name\":\"Joaquim S\u00e1 sagra-se pela 3\u00aa vez consecutiva, Campe\u00e3o Nacional M75 de Maratona\",\"isPartOf\":{\"@id\":\"https:\\\/\\\/www.altominho.tv\\\/site\\\/#website\"},\"primaryImageOfPage\":{\"@id\":\"https:\\\/\\\/www.altominho.tv\\\/site\\\/2024\\\/11\\\/04\\\/joaquim-sa-sagra-se-pela-3a-vez-consecutiva-campeao-nacional-m75-de-maratona\\\/#primaryimage\"},\"image\":{\"@id\":\"https:\\\/\\\/www.altominho.tv\\\/site\\\/2024\\\/11\\\/04\\\/joaquim-sa-sagra-se-pela-3a-vez-consecutiva-campeao-nacional-m75-de-maratona\\\/#primaryimage\"},\"thumbnailUrl\":\"https:\\\/\\\/www.altominho.tv\\\/site\\\/wp-content\\\/uploads\\\/2024\\\/11\\\/Joaquim_Sa_Maratona.jpg\",\"datePublished\":\"2024-11-04T09:56:15+00:00\",\"dateModified\":\"2024-11-04T09:56:17+00:00\",\"author\":{\"@id\":\"https:\\\/\\\/www.altominho.tv\\\/site\\\/#\\\/schema\\\/person\\\/4e536851627d7914baf3dac752b6af22\"},\"breadcrumb\":{\"@id\":\"https:\\\/\\\/www.altominho.tv\\\/site\\\/2024\\\/11\\\/04\\\/joaquim-sa-sagra-se-pela-3a-vez-consecutiva-campeao-nacional-m75-de-maratona\\\/#breadcrumb\"},\"inLanguage\":\"pt-PT\",\"potentialAction\":[{\"@type\":\"ReadAction\",\"target\":[\"https:\\\/\\\/www.altominho.tv\\\/site\\\/2024\\\/11\\\/04\\\/joaquim-sa-sagra-se-pela-3a-vez-consecutiva-campeao-nacional-m75-de-maratona\\\/\"]}]},{\"@type\":\"ImageObject\",\"inLanguage\":\"pt-PT\",\"@id\":\"https:\\\/\\\/www.altominho.tv\\\/site\\\/2024\\\/11\\\/04\\\/joaquim-sa-sagra-se-pela-3a-vez-consecutiva-campeao-nacional-m75-de-maratona\\\/#primaryimage\",\"url\":\"https:\\\/\\\/www.altominho.tv\\\/site\\\/wp-content\\\/uploads\\\/2024\\\/11\\\/Joaquim_Sa_Maratona.jpg\",\"contentUrl\":\"https:\\\/\\\/www.altominho.tv\\\/site\\\/wp-content\\\/uploads\\\/2024\\\/11\\\/Joaquim_Sa_Maratona.jpg\",\"width\":1200,\"height\":630,\"caption\":\"CAAV\"},{\"@type\":\"BreadcrumbList\",\"@id\":\"https:\\\/\\\/www.altominho.tv\\\/site\\\/2024\\\/11\\\/04\\\/joaquim-sa-sagra-se-pela-3a-vez-consecutiva-campeao-nacional-m75-de-maratona\\\/#breadcrumb\",\"itemListElement\":[{\"@type\":\"ListItem\",\"position\":1,\"name\":\"In\u00edcio\",\"item\":\"https:\\\/\\\/www.altominho.tv\\\/site\\\/\"},{\"@type\":\"ListItem\",\"position\":2,\"name\":\"Joaquim S\u00e1 sagra-se pela 3\u00aa vez consecutiva, Campe\u00e3o Nacional M75 de Maratona\"}]},{\"@type\":\"WebSite\",\"@id\":\"https:\\\/\\\/www.altominho.tv\\\/site\\\/#website\",\"url\":\"https:\\\/\\\/www.altominho.tv\\\/site\\\/\",\"name\":\"Altominho.tv\",\"description\":\"A sua regi\u00e3o \u00e0 dist\u00e2ncia de um clique...\",\"potentialAction\":[{\"@type\":\"SearchAction\",\"target\":{\"@type\":\"EntryPoint\",\"urlTemplate\":\"https:\\\/\\\/www.altominho.tv\\\/site\\\/?s={search_term_string}\"},\"query-input\":{\"@type\":\"PropertyValueSpecification\",\"valueRequired\":true,\"valueName\":\"search_term_string\"}}],\"inLanguage\":\"pt-PT\"},{\"@type\":\"Person\",\"@id\":\"https:\\\/\\\/www.altominho.tv\\\/site\\\/#\\\/schema\\\/person\\\/4e536851627d7914baf3dac752b6af22\",\"name\":\"Altominho.tv\",\"image\":{\"@type\":\"ImageObject\",\"inLanguage\":\"pt-PT\",\"@id\":\"https:\\\/\\\/www.altominho.tv\\\/site\\\/wp-content\\\/uploads\\\/2019\\\/11\\\/Logo_Avatar_2-150x150.jpg\",\"url\":\"https:\\\/\\\/www.altominho.tv\\\/site\\\/wp-content\\\/uploads\\\/2019\\\/11\\\/Logo_Avatar_2-150x150.jpg\",\"contentUrl\":\"https:\\\/\\\/www.altominho.tv\\\/site\\\/wp-content\\\/uploads\\\/2019\\\/11\\\/Logo_Avatar_2-150x150.jpg\",\"caption\":\"Altominho.tv\"},\"url\":\"https:\\\/\\\/www.altominho.tv\\\/site\\\/author\\\/altominhotv-tecnico\\\/\"}]}<\/script>\n<!-- \/ Yoast SEO Premium plugin. -->","yoast_head_json":{"title":"Joaquim S\u00e1 sagra-se pela 3\u00aa vez consecutiva, Campe\u00e3o Nacional M75 de Maratona","robots":{"index":"index","follow":"follow","max-snippet":"max-snippet:-1","max-image-preview":"max-image-preview:large","max-video-preview":"max-video-preview:-1"},"canonical":"https:\/\/www.altominho.tv\/site\/2024\/11\/04\/joaquim-sa-sagra-se-pela-3a-vez-consecutiva-campeao-nacional-m75-de-maratona\/","og_locale":"pt_PT","og_type":"article","og_title":"Joaquim S\u00e1 sagra-se pela 3\u00aa vez consecutiva, Campe\u00e3o Nacional M75 de Maratona","og_description":"Joaquim S\u00e1 sagra-se pela 3\u00aa vez consecutiva, Campe\u00e3o Nacional M75 de Maratona, na 20\u00aa edi\u00e7\u00e3o da EDP Maratona do Porto que se realizou este domingo. Com 76 anos,\u00a0 o courense Joaquim S\u00e1, \u00e9 o Atleta Portugu\u00eas mais velho de sempre a completar uma Maratona em menos de 4 horas. Integrada na 20\u00aa edi\u00e7\u00e3o da EDP [&hellip;]","og_url":"https:\/\/www.altominho.tv\/site\/2024\/11\/04\/joaquim-sa-sagra-se-pela-3a-vez-consecutiva-campeao-nacional-m75-de-maratona\/","og_site_name":"Altominho.tv","article_publisher":"https:\/\/www.facebook.com\/altominhotv","article_published_time":"2024-11-04T09:56:15+00:00","article_modified_time":"2024-11-04T09:56:17+00:00","og_image":[{"width":1200,"height":630,"url":"https:\/\/www.altominho.tv\/site\/wp-content\/uploads\/2024\/11\/Joaquim_Sa_Maratona.jpg","type":"image\/jpeg"}],"author":"Altominho.tv","twitter_card":"summary_large_image","twitter_creator":"@altominhoTV","twitter_site":"@altominhoTV","twitter_misc":{"Escrito por":"Altominho.tv","Tempo estimado de leitura":"2 minutos"},"schema":{"@context":"https:\/\/schema.org","@graph":[{"@type":"Article","@id":"https:\/\/www.altominho.tv\/site\/2024\/11\/04\/joaquim-sa-sagra-se-pela-3a-vez-consecutiva-campeao-nacional-m75-de-maratona\/#article","isPartOf":{"@id":"https:\/\/www.altominho.tv\/site\/2024\/11\/04\/joaquim-sa-sagra-se-pela-3a-vez-consecutiva-campeao-nacional-m75-de-maratona\/"},"author":{"name":"Altominho.tv","@id":"https:\/\/www.altominho.tv\/site\/#\/schema\/person\/4e536851627d7914baf3dac752b6af22"},"headline":"Joaquim S\u00e1 sagra-se pela 3\u00aa vez consecutiva, Campe\u00e3o Nacional M75 de Maratona","datePublished":"2024-11-04T09:56:15+00:00","dateModified":"2024-11-04T09:56:17+00:00","mainEntityOfPage":{"@id":"https:\/\/www.altominho.tv\/site\/2024\/11\/04\/joaquim-sa-sagra-se-pela-3a-vez-consecutiva-campeao-nacional-m75-de-maratona\/"},"wordCount":233,"image":{"@id":"https:\/\/www.altominho.tv\/site\/2024\/11\/04\/joaquim-sa-sagra-se-pela-3a-vez-consecutiva-campeao-nacional-m75-de-maratona\/#primaryimage"},"thumbnailUrl":"https:\/\/www.altominho.tv\/site\/wp-content\/uploads\/2024\/11\/Joaquim_Sa_Maratona.jpg","keywords":["Desporto"],"articleSection":["Paredes de Coura"],"inLanguage":"pt-PT","copyrightYear":"2024","copyrightHolder":{"@id":"https:\/\/www.altominho.tv\/site\/#organization"}},{"@type":"WebPage","@id":"https:\/\/www.altominho.tv\/site\/2024\/11\/04\/joaquim-sa-sagra-se-pela-3a-vez-consecutiva-campeao-nacional-m75-de-maratona\/","url":"https:\/\/www.altominho.tv\/site\/2024\/11\/04\/joaquim-sa-sagra-se-pela-3a-vez-consecutiva-campeao-nacional-m75-de-maratona\/","name":"Joaquim S\u00e1 sagra-se pela 3\u00aa vez consecutiva, Campe\u00e3o Nacional M75 de Maratona","isPartOf":{"@id":"https:\/\/www.altominho.tv\/site\/#website"},"primaryImageOfPage":{"@id":"https:\/\/www.altominho.tv\/site\/2024\/11\/04\/joaquim-sa-sagra-se-pela-3a-vez-consecutiva-campeao-nacional-m75-de-maratona\/#primaryimage"},"image":{"@id":"https:\/\/www.altominho.tv\/site\/2024\/11\/04\/joaquim-sa-sagra-se-pela-3a-vez-consecutiva-campeao-nacional-m75-de-maratona\/#primaryimage"},"thumbnailUrl":"https:\/\/www.altominho.tv\/site\/wp-content\/uploads\/2024\/11\/Joaquim_Sa_Maratona.jpg","datePublished":"2024-11-04T09:56:15+00:00","dateModified":"2024-11-04T09:56:17+00:00","author":{"@id":"https:\/\/www.altominho.tv\/site\/#\/schema\/person\/4e536851627d7914baf3dac752b6af22"},"breadcrumb":{"@id":"https:\/\/www.altominho.tv\/site\/2024\/11\/04\/joaquim-sa-sagra-se-pela-3a-vez-consecutiva-campeao-nacional-m75-de-maratona\/#breadcrumb"},"inLanguage":"pt-PT","potentialAction":[{"@type":"ReadAction","target":["https:\/\/www.altominho.tv\/site\/2024\/11\/04\/joaquim-sa-sagra-se-pela-3a-vez-consecutiva-campeao-nacional-m75-de-maratona\/"]}]},{"@type":"ImageObject","inLanguage":"pt-PT","@id":"https:\/\/www.altominho.tv\/site\/2024\/11\/04\/joaquim-sa-sagra-se-pela-3a-vez-consecutiva-campeao-nacional-m75-de-maratona\/#primaryimage","url":"https:\/\/www.altominho.tv\/site\/wp-content\/uploads\/2024\/11\/Joaquim_Sa_Maratona.jpg","contentUrl":"https:\/\/www.altominho.tv\/site\/wp-content\/uploads\/2024\/11\/Joaquim_Sa_Maratona.jpg","width":1200,"height":630,"caption":"CAAV"},{"@type":"BreadcrumbList","@id":"https:\/\/www.altominho.tv\/site\/2024\/11\/04\/joaquim-sa-sagra-se-pela-3a-vez-consecutiva-campeao-nacional-m75-de-maratona\/#breadcrumb","itemListElement":[{"@type":"ListItem","position":1,"name":"In\u00edcio","item":"https:\/\/www.altominho.tv\/site\/"},{"@type":"ListItem","position":2,"name":"Joaquim S\u00e1 sagra-se pela 3\u00aa vez consecutiva, Campe\u00e3o Nacional M75 de Maratona"}]},{"@type":"WebSite","@id":"https:\/\/www.altominho.tv\/site\/#website","url":"https:\/\/www.altominho.tv\/site\/","name":"Altominho.tv","description":"A sua regi\u00e3o \u00e0 dist\u00e2ncia de um clique...","potentialAction":[{"@type":"SearchAction","target":{"@type":"EntryPoint","urlTemplate":"https:\/\/www.altominho.tv\/site\/?s={search_term_string}"},"query-input":{"@type":"PropertyValueSpecification","valueRequired":true,"valueName":"search_term_string"}}],"inLanguage":"pt-PT"},{"@type":"Person","@id":"https:\/\/www.altominho.tv\/site\/#\/schema\/person\/4e536851627d7914baf3dac752b6af22","name":"Altominho.tv","image":{"@type":"ImageObject","inLanguage":"pt-PT","@id":"https:\/\/www.altominho.tv\/site\/wp-content\/uploads\/2019\/11\/Logo_Avatar_2-150x150.jpg","url":"https:\/\/www.altominho.tv\/site\/wp-content\/uploads\/2019\/11\/Logo_Avatar_2-150x150.jpg","contentUrl":"https:\/\/www.altominho.tv\/site\/wp-content\/uploads\/2019\/11\/Logo_Avatar_2-150x150.jpg","caption":"Altominho.tv"},"url":"https:\/\/www.altominho.tv\/site\/author\/altominhotv-tecnico\/"}]}},"_links":{"self":[{"href":"https:\/\/www.altominho.tv\/site\/wp-json\/wp\/v2\/posts\/112089","targetHints":{"allow":["GET"]}}],"collection":[{"href":"https:\/\/www.altominho.tv\/site\/wp-json\/wp\/v2\/posts"}],"about":[{"href":"https:\/\/www.altominho.tv\/site\/wp-json\/wp\/v2\/types\/post"}],"author":[{"embeddable":true,"href":"https:\/\/www.altominho.tv\/site\/wp-json\/wp\/v2\/users\/1"}],"replies":[{"embeddable":true,"href":"https:\/\/www.altominho.tv\/site\/wp-json\/wp\/v2\/comments?post=112089"}],"version-history":[{"count":1,"href":"https:\/\/www.altominho.tv\/site\/wp-json\/wp\/v2\/posts\/112089\/revisions"}],"predecessor-version":[{"id":112091,"href":"https:\/\/www.altominho.tv\/site\/wp-json\/wp\/v2\/posts\/112089\/revisions\/112091"}],"wp:featuredmedia":[{"embeddable":true,"href":"https:\/\/www.altominho.tv\/site\/wp-json\/wp\/v2\/media\/112090"}],"wp:attachment":[{"href":"https:\/\/www.altominho.tv\/site\/wp-json\/wp\/v2\/media?parent=112089"}],"wp:term":[{"taxonomy":"category","embeddable":true,"href":"https:\/\/www.altominho.tv\/site\/wp-json\/wp\/v2\/categories?post=112089"},{"taxonomy":"post_tag","embeddable":true,"href":"https:\/\/www.altominho.tv\/site\/wp-json\/wp\/v2\/tags?post=112089"}],"curies":[{"name":"wp","href":"https:\/\/api.w.org\/{rel}","templated":true}]}}