{"id":112057,"date":"2024-11-01T17:00:00","date_gmt":"2024-11-01T17:00:00","guid":{"rendered":"https:\/\/www.altominho.tv\/site\/?p=112057"},"modified":"2024-11-01T17:27:14","modified_gmt":"2024-11-01T17:27:14","slug":"noite-dos-medos-enche-e-assusta-as-ruas-de-melgaco","status":"publish","type":"post","link":"https:\/\/www.altominho.tv\/site\/2024\/11\/01\/noite-dos-medos-enche-e-assusta-as-ruas-de-melgaco\/","title":{"rendered":"Noite dos Medos enche e assusta as ruas de Melga\u00e7o"},"content":{"rendered":"\n<figure class=\"wp-block-embed is-type-video is-provider-youtube wp-block-embed-youtube wp-embed-aspect-16-9 wp-has-aspect-ratio\"><div class=\"wp-block-embed__wrapper\">\n<iframe loading=\"lazy\" title=\"Noite dos Medos enche e assusta as ruas de Melga\u00e7o | Altominho TV\" width=\"770\" height=\"433\" src=\"https:\/\/www.youtube.com\/embed\/zqkcZAsMwy4?feature=oembed\" frameborder=\"0\" allow=\"accelerometer; autoplay; clipboard-write; encrypted-media; gyroscope; picture-in-picture; web-share\" referrerpolicy=\"strict-origin-when-cross-origin\" allowfullscreen><\/iframe>\n<\/div><\/figure>\n\n\n\n<p class=\"wp-block-paragraph\">O Munic\u00edpio de Melga\u00e7o voltou a assombrar as ruas da vila na Noite dos Medos, que decorreu esta quinta feira. Disfarces e uma decora\u00e7\u00e3o a rigor fizeram parte desta grande festa que envolveu toda a comunidade e centenas de visitantes.<\/p>\n\n\n\n<p class=\"wp-block-paragraph\">Entre um concurso de disfarces, um desfile, a queimada e um Dj no Castelo, foram v\u00e1rias as atividades que fizeram parte da programa\u00e7\u00e3o deste evento, que j\u00e1 \u00e9 uma tradi\u00e7\u00e3o no concelho.<\/p>\n\n\n\n<p class=\"wp-block-paragraph\">O ambiente misterioso da Noite dos Medos prolonga-se at\u00e9 domingo, na Torre de Menagem, no Castelo, com espa\u00e7os decorados e m\u00fasica ambiente e que promete muitas surpresas aterrorizantes.<\/p>\n","protected":false},"excerpt":{"rendered":"<p>O Munic\u00edpio de Melga\u00e7o voltou a assombrar as ruas da vila na Noite dos Medos, que decorreu esta quinta feira. Disfarces e uma decora\u00e7\u00e3o a rigor fizeram parte desta grande festa que envolveu toda a comunidade e centenas de visitantes. Entre um concurso de disfarces, um desfile, a queimada e um Dj no Castelo, foram [&hellip;]<\/p>\n","protected":false},"author":8,"featured_media":112059,"comment_status":"closed","ping_status":"closed","sticky":false,"template":"","format":"video","meta":{"_exactmetrics_skip_tracking":false,"footnotes":""},"categories":[8],"tags":[24,27],"class_list":["post-112057","post","type-post","status-publish","format-video","has-post-thumbnail","hentry","category-melgaco","tag-lazer","tag-sociedade","post_format-post-format-video"],"yoast_head":"<!-- This site is optimized with the Yoast SEO Premium plugin v28.3 (Yoast SEO v28.3) - https:\/\/yoast.com\/product\/yoast-seo-premium-wordpress\/ -->\n<title>Noite dos Medos enche e assusta as ruas de Melga\u00e7o<\/title>\n<meta name=\"description\" content=\"Disfarces e uma decora\u00e7\u00e3o a rigor fizeram parte desta grande festa que envolveu toda a comunidade e centenas de visitantes.\" \/>\n<meta name=\"robots\" content=\"index, follow, max-snippet:-1, max-image-preview:large, max-video-preview:-1\" \/>\n<link rel=\"canonical\" href=\"https:\/\/www.altominho.tv\/site\/2024\/11\/01\/noite-dos-medos-enche-e-assusta-as-ruas-de-melgaco\/\" \/>\n<meta property=\"og:locale\" content=\"pt_PT\" \/>\n<meta property=\"og:type\" content=\"article\" \/>\n<meta property=\"og:title\" content=\"Noite dos Medos enche e assusta as ruas de Melga\u00e7o\" \/>\n<meta property=\"og:description\" content=\"Disfarces e uma decora\u00e7\u00e3o a rigor fizeram parte desta grande festa que envolveu toda a comunidade e centenas de visitantes.\" \/>\n<meta property=\"og:url\" content=\"https:\/\/www.altominho.tv\/site\/2024\/11\/01\/noite-dos-medos-enche-e-assusta-as-ruas-de-melgaco\/\" \/>\n<meta property=\"og:site_name\" content=\"Altominho.tv\" \/>\n<meta property=\"article:publisher\" content=\"https:\/\/www.facebook.com\/altominhotv\" \/>\n<meta property=\"article:published_time\" content=\"2024-11-01T17:00:00+00:00\" \/>\n<meta property=\"article:modified_time\" content=\"2024-11-01T17:27:14+00:00\" \/>\n<meta property=\"og:image\" content=\"https:\/\/www.altominho.tv\/site\/wp-content\/uploads\/2024\/11\/zqkczasmwy4.jpg\" \/>\n\t<meta property=\"og:image:width\" content=\"1280\" \/>\n\t<meta property=\"og:image:height\" content=\"720\" \/>\n\t<meta property=\"og:image:type\" content=\"image\/jpeg\" \/>\n<meta name=\"author\" content=\"Alexandre Ferreira\" \/>\n<meta name=\"twitter:card\" content=\"summary_large_image\" \/>\n<meta name=\"twitter:creator\" content=\"@altominhoTV\" \/>\n<meta name=\"twitter:site\" content=\"@altominhoTV\" \/>\n<meta name=\"twitter:label1\" content=\"Escrito por\" \/>\n\t<meta name=\"twitter:data1\" content=\"Alexandre Ferreira\" \/>\n\t<meta name=\"twitter:label2\" content=\"Tempo estimado de leitura\" \/>\n\t<meta name=\"twitter:data2\" content=\"1 minuto\" \/>\n<script type=\"application\/ld+json\" class=\"yoast-schema-graph\">{\"@context\":\"https:\\\/\\\/schema.org\",\"@graph\":[{\"@type\":\"Article\",\"@id\":\"https:\\\/\\\/www.altominho.tv\\\/site\\\/2024\\\/11\\\/01\\\/noite-dos-medos-enche-e-assusta-as-ruas-de-melgaco\\\/#article\",\"isPartOf\":{\"@id\":\"https:\\\/\\\/www.altominho.tv\\\/site\\\/2024\\\/11\\\/01\\\/noite-dos-medos-enche-e-assusta-as-ruas-de-melgaco\\\/\"},\"author\":{\"name\":\"Alexandre Ferreira\",\"@id\":\"https:\\\/\\\/www.altominho.tv\\\/site\\\/#\\\/schema\\\/person\\\/56c462a0f6591602f4e9fb3fa6ea49bd\"},\"headline\":\"Noite dos Medos enche e assusta as ruas de Melga\u00e7o\",\"datePublished\":\"2024-11-01T17:00:00+00:00\",\"dateModified\":\"2024-11-01T17:27:14+00:00\",\"mainEntityOfPage\":{\"@id\":\"https:\\\/\\\/www.altominho.tv\\\/site\\\/2024\\\/11\\\/01\\\/noite-dos-medos-enche-e-assusta-as-ruas-de-melgaco\\\/\"},\"wordCount\":122,\"image\":{\"@id\":\"https:\\\/\\\/www.altominho.tv\\\/site\\\/2024\\\/11\\\/01\\\/noite-dos-medos-enche-e-assusta-as-ruas-de-melgaco\\\/#primaryimage\"},\"thumbnailUrl\":\"https:\\\/\\\/www.altominho.tv\\\/site\\\/wp-content\\\/uploads\\\/2024\\\/11\\\/zqkczasmwy4.jpg\",\"keywords\":[\"Lazer\",\"Sociedade\"],\"articleSection\":[\"Melga\u00e7o\"],\"inLanguage\":\"pt-PT\",\"copyrightYear\":\"2024\",\"copyrightHolder\":{\"@id\":\"https:\\\/\\\/www.altominho.tv\\\/site\\\/#organization\"}},{\"@type\":\"WebPage\",\"@id\":\"https:\\\/\\\/www.altominho.tv\\\/site\\\/2024\\\/11\\\/01\\\/noite-dos-medos-enche-e-assusta-as-ruas-de-melgaco\\\/\",\"url\":\"https:\\\/\\\/www.altominho.tv\\\/site\\\/2024\\\/11\\\/01\\\/noite-dos-medos-enche-e-assusta-as-ruas-de-melgaco\\\/\",\"name\":\"Noite dos Medos enche e assusta as ruas de Melga\u00e7o\",\"isPartOf\":{\"@id\":\"https:\\\/\\\/www.altominho.tv\\\/site\\\/#website\"},\"primaryImageOfPage\":{\"@id\":\"https:\\\/\\\/www.altominho.tv\\\/site\\\/2024\\\/11\\\/01\\\/noite-dos-medos-enche-e-assusta-as-ruas-de-melgaco\\\/#primaryimage\"},\"image\":{\"@id\":\"https:\\\/\\\/www.altominho.tv\\\/site\\\/2024\\\/11\\\/01\\\/noite-dos-medos-enche-e-assusta-as-ruas-de-melgaco\\\/#primaryimage\"},\"thumbnailUrl\":\"https:\\\/\\\/www.altominho.tv\\\/site\\\/wp-content\\\/uploads\\\/2024\\\/11\\\/zqkczasmwy4.jpg\",\"datePublished\":\"2024-11-01T17:00:00+00:00\",\"dateModified\":\"2024-11-01T17:27:14+00:00\",\"author\":{\"@id\":\"https:\\\/\\\/www.altominho.tv\\\/site\\\/#\\\/schema\\\/person\\\/56c462a0f6591602f4e9fb3fa6ea49bd\"},\"description\":\"Disfarces e uma decora\u00e7\u00e3o a rigor fizeram parte desta grande festa que envolveu toda a comunidade e centenas de visitantes.\",\"breadcrumb\":{\"@id\":\"https:\\\/\\\/www.altominho.tv\\\/site\\\/2024\\\/11\\\/01\\\/noite-dos-medos-enche-e-assusta-as-ruas-de-melgaco\\\/#breadcrumb\"},\"inLanguage\":\"pt-PT\",\"potentialAction\":[{\"@type\":\"ReadAction\",\"target\":[\"https:\\\/\\\/www.altominho.tv\\\/site\\\/2024\\\/11\\\/01\\\/noite-dos-medos-enche-e-assusta-as-ruas-de-melgaco\\\/\"]}]},{\"@type\":\"ImageObject\",\"inLanguage\":\"pt-PT\",\"@id\":\"https:\\\/\\\/www.altominho.tv\\\/site\\\/2024\\\/11\\\/01\\\/noite-dos-medos-enche-e-assusta-as-ruas-de-melgaco\\\/#primaryimage\",\"url\":\"https:\\\/\\\/www.altominho.tv\\\/site\\\/wp-content\\\/uploads\\\/2024\\\/11\\\/zqkczasmwy4.jpg\",\"contentUrl\":\"https:\\\/\\\/www.altominho.tv\\\/site\\\/wp-content\\\/uploads\\\/2024\\\/11\\\/zqkczasmwy4.jpg\",\"width\":1280,\"height\":720},{\"@type\":\"BreadcrumbList\",\"@id\":\"https:\\\/\\\/www.altominho.tv\\\/site\\\/2024\\\/11\\\/01\\\/noite-dos-medos-enche-e-assusta-as-ruas-de-melgaco\\\/#breadcrumb\",\"itemListElement\":[{\"@type\":\"ListItem\",\"position\":1,\"name\":\"In\u00edcio\",\"item\":\"https:\\\/\\\/www.altominho.tv\\\/site\\\/\"},{\"@type\":\"ListItem\",\"position\":2,\"name\":\"Noite dos Medos enche e assusta as ruas de Melga\u00e7o\"}]},{\"@type\":\"WebSite\",\"@id\":\"https:\\\/\\\/www.altominho.tv\\\/site\\\/#website\",\"url\":\"https:\\\/\\\/www.altominho.tv\\\/site\\\/\",\"name\":\"Altominho.tv\",\"description\":\"A sua regi\u00e3o \u00e0 dist\u00e2ncia de um clique...\",\"potentialAction\":[{\"@type\":\"SearchAction\",\"target\":{\"@type\":\"EntryPoint\",\"urlTemplate\":\"https:\\\/\\\/www.altominho.tv\\\/site\\\/?s={search_term_string}\"},\"query-input\":{\"@type\":\"PropertyValueSpecification\",\"valueRequired\":true,\"valueName\":\"search_term_string\"}}],\"inLanguage\":\"pt-PT\"},{\"@type\":\"Person\",\"@id\":\"https:\\\/\\\/www.altominho.tv\\\/site\\\/#\\\/schema\\\/person\\\/56c462a0f6591602f4e9fb3fa6ea49bd\",\"name\":\"Alexandre Ferreira\",\"image\":{\"@type\":\"ImageObject\",\"inLanguage\":\"pt-PT\",\"@id\":\"https:\\\/\\\/www.altominho.tv\\\/site\\\/wp-content\\\/uploads\\\/2017\\\/11\\\/Alexandre-150x150.jpg\",\"url\":\"https:\\\/\\\/www.altominho.tv\\\/site\\\/wp-content\\\/uploads\\\/2017\\\/11\\\/Alexandre-150x150.jpg\",\"contentUrl\":\"https:\\\/\\\/www.altominho.tv\\\/site\\\/wp-content\\\/uploads\\\/2017\\\/11\\\/Alexandre-150x150.jpg\",\"caption\":\"Alexandre Ferreira\"},\"url\":\"https:\\\/\\\/www.altominho.tv\\\/site\\\/author\\\/alexandreferreira\\\/\"}]}<\/script>\n<meta property=\"og:video\" content=\"https:\/\/www.youtube.com\/embed\/zqkcZAsMwy4\" \/>\n<meta property=\"og:video:type\" content=\"text\/html\" \/>\n<meta property=\"og:video:duration\" content=\"134\" \/>\n<meta property=\"og:video:width\" content=\"480\" \/>\n<meta property=\"og:video:height\" content=\"270\" \/>\n<meta property=\"ya:ovs:adult\" content=\"false\" \/>\n<meta property=\"ya:ovs:upload_date\" content=\"2024-11-01T17:00:00+00:00\" \/>\n<meta property=\"ya:ovs:allow_embed\" content=\"true\" \/>\n<!-- \/ Yoast SEO Premium plugin. -->","yoast_head_json":{"title":"Noite dos Medos enche e assusta as ruas de Melga\u00e7o","description":"Disfarces e uma decora\u00e7\u00e3o a rigor fizeram parte desta grande festa que envolveu toda a comunidade e centenas de visitantes.","robots":{"index":"index","follow":"follow","max-snippet":"max-snippet:-1","max-image-preview":"max-image-preview:large","max-video-preview":"max-video-preview:-1"},"canonical":"https:\/\/www.altominho.tv\/site\/2024\/11\/01\/noite-dos-medos-enche-e-assusta-as-ruas-de-melgaco\/","og_locale":"pt_PT","og_type":"article","og_title":"Noite dos Medos enche e assusta as ruas de Melga\u00e7o","og_description":"Disfarces e uma decora\u00e7\u00e3o a rigor fizeram parte desta grande festa que envolveu toda a comunidade e centenas de visitantes.","og_url":"https:\/\/www.altominho.tv\/site\/2024\/11\/01\/noite-dos-medos-enche-e-assusta-as-ruas-de-melgaco\/","og_site_name":"Altominho.tv","article_publisher":"https:\/\/www.facebook.com\/altominhotv","article_published_time":"2024-11-01T17:00:00+00:00","article_modified_time":"2024-11-01T17:27:14+00:00","og_image":[{"width":1280,"height":720,"url":"https:\/\/www.altominho.tv\/site\/wp-content\/uploads\/2024\/11\/zqkczasmwy4.jpg","type":"image\/jpeg"}],"author":"Alexandre Ferreira","twitter_card":"summary_large_image","twitter_creator":"@altominhoTV","twitter_site":"@altominhoTV","twitter_misc":{"Escrito por":"Alexandre Ferreira","Tempo estimado de leitura":"1 minuto"},"schema":{"@context":"https:\/\/schema.org","@graph":[{"@type":"Article","@id":"https:\/\/www.altominho.tv\/site\/2024\/11\/01\/noite-dos-medos-enche-e-assusta-as-ruas-de-melgaco\/#article","isPartOf":{"@id":"https:\/\/www.altominho.tv\/site\/2024\/11\/01\/noite-dos-medos-enche-e-assusta-as-ruas-de-melgaco\/"},"author":{"name":"Alexandre Ferreira","@id":"https:\/\/www.altominho.tv\/site\/#\/schema\/person\/56c462a0f6591602f4e9fb3fa6ea49bd"},"headline":"Noite dos Medos enche e assusta as ruas de Melga\u00e7o","datePublished":"2024-11-01T17:00:00+00:00","dateModified":"2024-11-01T17:27:14+00:00","mainEntityOfPage":{"@id":"https:\/\/www.altominho.tv\/site\/2024\/11\/01\/noite-dos-medos-enche-e-assusta-as-ruas-de-melgaco\/"},"wordCount":122,"image":{"@id":"https:\/\/www.altominho.tv\/site\/2024\/11\/01\/noite-dos-medos-enche-e-assusta-as-ruas-de-melgaco\/#primaryimage"},"thumbnailUrl":"https:\/\/www.altominho.tv\/site\/wp-content\/uploads\/2024\/11\/zqkczasmwy4.jpg","keywords":["Lazer","Sociedade"],"articleSection":["Melga\u00e7o"],"inLanguage":"pt-PT","copyrightYear":"2024","copyrightHolder":{"@id":"https:\/\/www.altominho.tv\/site\/#organization"}},{"@type":"WebPage","@id":"https:\/\/www.altominho.tv\/site\/2024\/11\/01\/noite-dos-medos-enche-e-assusta-as-ruas-de-melgaco\/","url":"https:\/\/www.altominho.tv\/site\/2024\/11\/01\/noite-dos-medos-enche-e-assusta-as-ruas-de-melgaco\/","name":"Noite dos Medos enche e assusta as ruas de Melga\u00e7o","isPartOf":{"@id":"https:\/\/www.altominho.tv\/site\/#website"},"primaryImageOfPage":{"@id":"https:\/\/www.altominho.tv\/site\/2024\/11\/01\/noite-dos-medos-enche-e-assusta-as-ruas-de-melgaco\/#primaryimage"},"image":{"@id":"https:\/\/www.altominho.tv\/site\/2024\/11\/01\/noite-dos-medos-enche-e-assusta-as-ruas-de-melgaco\/#primaryimage"},"thumbnailUrl":"https:\/\/www.altominho.tv\/site\/wp-content\/uploads\/2024\/11\/zqkczasmwy4.jpg","datePublished":"2024-11-01T17:00:00+00:00","dateModified":"2024-11-01T17:27:14+00:00","author":{"@id":"https:\/\/www.altominho.tv\/site\/#\/schema\/person\/56c462a0f6591602f4e9fb3fa6ea49bd"},"description":"Disfarces e uma decora\u00e7\u00e3o a rigor fizeram parte desta grande festa que envolveu toda a comunidade e centenas de visitantes.","breadcrumb":{"@id":"https:\/\/www.altominho.tv\/site\/2024\/11\/01\/noite-dos-medos-enche-e-assusta-as-ruas-de-melgaco\/#breadcrumb"},"inLanguage":"pt-PT","potentialAction":[{"@type":"ReadAction","target":["https:\/\/www.altominho.tv\/site\/2024\/11\/01\/noite-dos-medos-enche-e-assusta-as-ruas-de-melgaco\/"]}]},{"@type":"ImageObject","inLanguage":"pt-PT","@id":"https:\/\/www.altominho.tv\/site\/2024\/11\/01\/noite-dos-medos-enche-e-assusta-as-ruas-de-melgaco\/#primaryimage","url":"https:\/\/www.altominho.tv\/site\/wp-content\/uploads\/2024\/11\/zqkczasmwy4.jpg","contentUrl":"https:\/\/www.altominho.tv\/site\/wp-content\/uploads\/2024\/11\/zqkczasmwy4.jpg","width":1280,"height":720},{"@type":"BreadcrumbList","@id":"https:\/\/www.altominho.tv\/site\/2024\/11\/01\/noite-dos-medos-enche-e-assusta-as-ruas-de-melgaco\/#breadcrumb","itemListElement":[{"@type":"ListItem","position":1,"name":"In\u00edcio","item":"https:\/\/www.altominho.tv\/site\/"},{"@type":"ListItem","position":2,"name":"Noite dos Medos enche e assusta as ruas de Melga\u00e7o"}]},{"@type":"WebSite","@id":"https:\/\/www.altominho.tv\/site\/#website","url":"https:\/\/www.altominho.tv\/site\/","name":"Altominho.tv","description":"A sua regi\u00e3o \u00e0 dist\u00e2ncia de um clique...","potentialAction":[{"@type":"SearchAction","target":{"@type":"EntryPoint","urlTemplate":"https:\/\/www.altominho.tv\/site\/?s={search_term_string}"},"query-input":{"@type":"PropertyValueSpecification","valueRequired":true,"valueName":"search_term_string"}}],"inLanguage":"pt-PT"},{"@type":"Person","@id":"https:\/\/www.altominho.tv\/site\/#\/schema\/person\/56c462a0f6591602f4e9fb3fa6ea49bd","name":"Alexandre Ferreira","image":{"@type":"ImageObject","inLanguage":"pt-PT","@id":"https:\/\/www.altominho.tv\/site\/wp-content\/uploads\/2017\/11\/Alexandre-150x150.jpg","url":"https:\/\/www.altominho.tv\/site\/wp-content\/uploads\/2017\/11\/Alexandre-150x150.jpg","contentUrl":"https:\/\/www.altominho.tv\/site\/wp-content\/uploads\/2017\/11\/Alexandre-150x150.jpg","caption":"Alexandre Ferreira"},"url":"https:\/\/www.altominho.tv\/site\/author\/alexandreferreira\/"}]},"og_video":"https:\/\/www.youtube.com\/embed\/zqkcZAsMwy4","og_video_type":"text\/html","og_video_duration":"134","og_video_width":"480","og_video_height":"270","ya_ovs_adult":"false","ya_ovs_upload_date":"2024-11-01T17:00:00+00:00","ya_ovs_allow_embed":"true"},"_links":{"self":[{"href":"https:\/\/www.altominho.tv\/site\/wp-json\/wp\/v2\/posts\/112057","targetHints":{"allow":["GET"]}}],"collection":[{"href":"https:\/\/www.altominho.tv\/site\/wp-json\/wp\/v2\/posts"}],"about":[{"href":"https:\/\/www.altominho.tv\/site\/wp-json\/wp\/v2\/types\/post"}],"author":[{"embeddable":true,"href":"https:\/\/www.altominho.tv\/site\/wp-json\/wp\/v2\/users\/8"}],"replies":[{"embeddable":true,"href":"https:\/\/www.altominho.tv\/site\/wp-json\/wp\/v2\/comments?post=112057"}],"version-history":[{"count":1,"href":"https:\/\/www.altominho.tv\/site\/wp-json\/wp\/v2\/posts\/112057\/revisions"}],"predecessor-version":[{"id":112058,"href":"https:\/\/www.altominho.tv\/site\/wp-json\/wp\/v2\/posts\/112057\/revisions\/112058"}],"wp:featuredmedia":[{"embeddable":true,"href":"https:\/\/www.altominho.tv\/site\/wp-json\/wp\/v2\/media\/112059"}],"wp:attachment":[{"href":"https:\/\/www.altominho.tv\/site\/wp-json\/wp\/v2\/media?parent=112057"}],"wp:term":[{"taxonomy":"category","embeddable":true,"href":"https:\/\/www.altominho.tv\/site\/wp-json\/wp\/v2\/categories?post=112057"},{"taxonomy":"post_tag","embeddable":true,"href":"https:\/\/www.altominho.tv\/site\/wp-json\/wp\/v2\/tags?post=112057"}],"curies":[{"name":"wp","href":"https:\/\/api.w.org\/{rel}","templated":true}]}}