{"id":111981,"date":"2024-10-30T11:06:14","date_gmt":"2024-10-30T11:06:14","guid":{"rendered":"https:\/\/www.altominho.tv\/site\/?p=111981"},"modified":"2024-10-30T15:32:17","modified_gmt":"2024-10-30T15:32:17","slug":"space-festival-regressa-ao-concelho-de-caminha-nos-dias-9-e-10-de-novembro","status":"publish","type":"post","link":"https:\/\/www.altominho.tv\/site\/2024\/10\/30\/space-festival-regressa-ao-concelho-de-caminha-nos-dias-9-e-10-de-novembro\/","title":{"rendered":"Space Festival regressa ao concelho de Caminha nos dias 9 e 10 de novembro"},"content":{"rendered":"\n<p>O Space Festival est\u00e1 de volta ao concelho de Caminha nos dias 9 e 10 de novembro. As duas Vilas, Caminha e Vila Praia de \u00c2ncora, v\u00e3o acolher os espet\u00e1culos e outros prontos do programa, que se v\u00e3o repartir pelo Valadares, Teatro Municipal de Caminha e Biblioteca Municipal de Caminha, assim como pelo Audit\u00f3rio Municipal Ramos Pereira e Hotel Meira, ambos em Vila Praia de \u00c2ncora. A entrada \u00e9 livre.<\/p>\n\n\n\n<p>Cine-M\u00fasica &#8211; Space Ensemble &amp; A.M.Fernandes F\u00e3o V.P. \u00c2ncora, no Audit\u00f3rio Municipal Ramos Pereira, em Vila Praia de \u00c2ncora, abre os dois dias de Festival.<\/p>\n\n\n\n<p>O Space Festival define-se como um \u201cfestival itinerante\u201d que continua a apostar \u201cno encontro entre artistas, espa\u00e7os e p\u00fablicos improv\u00e1veis, estimulando a coes\u00e3o territorial na apresenta\u00e7\u00e3o e frui\u00e7\u00e3o de espet\u00e1culos no \u00e2mbito da m\u00fasica experimental e improvisada (\u2026) foca-se na promo\u00e7\u00e3o e circula\u00e7\u00e3o de projetos portugueses, contudo esta edi\u00e7\u00e3o traz alguns nomes internacionais, dois dos quais v\u00e3o passar por Caminha\u201d.<\/p>\n\n\n\n<p>No dia 9 de novembro, \u00e0s 16h00, o Audit\u00f3rio Municipal Ramos Pereira, em Vila Praia de \u00c2ncora, vai acolher o espet\u00e1culo \u201cCine-m\u00fasica\u201d, preparado pelo Space Ensemble em colabora\u00e7\u00e3o com cerca de 30 alunos da Academia de M\u00fasica Fernandes F\u00e3o de Vila Praia de \u00c2ncora.<\/p>\n\n\n\n<p>Segundo a organiza\u00e7\u00e3o, \u201cser\u00e1 um momento in\u00e9dito que mostra o resultado de uma resid\u00eancia desenvolvida durante o m\u00eas de outubro, em que os jovens da Academia foram introduzidos a t\u00e9cnicas de improvisa\u00e7\u00e3o livre e dirigida, aprendendo a musicar filmes ao vivo\u201d.<\/p>\n\n\n\n<p>\u00c0s 21h30, a programa\u00e7\u00e3o continua no Valadares, Teatro Municipal de Caminha, com o concerto de OTTO, \u201ctrio franc\u00eas de percuss\u00e3o que se foca no uso do instrumento b\u00falgaro Tapan, complementado com percuss\u00f5es met\u00e1licas (gongo e pratos)\u201d.<\/p>\n\n\n\n<p>A 10 de novembro, o terra\u00e7o do Hotel Meira, em Vila Praia de \u00c2ncora, acolhe o concerto de Camille Emaille \u00e0s 11h30, em que uma das percussionistas de OTTO se apresentar\u00e1 tamb\u00e9m a solo.<\/p>\n\n\n\n<p>\u00c0 tarde, o festival desloca-se para o Centro Hist\u00f3rico de Caminha, com a conversa \u201cCultura e Territ\u00f3rios &#8211; Novos centros para a explora\u00e7\u00e3o musical\u201d, na Biblioteca Municipal, \u00e0s 15h00, seguida pelo concerto \u201cPHONOSPERMIA\u201d, ali ao lado, no Valadares, Teatro Municipal de Caminha, \u00e0s 16h30, uma produ\u00e7\u00e3o da Sonoscopia, assinada por Clara Saleiro, Ang\u00e9lica Salvi, Gustavo Costa, Henrique Fernandes e Tiago \u00c2ngelo.<\/p>\n\n\n\n<p>Al\u00e9m do Valadares, Teatro Municipal de Caminha e da Biblioteca Municipal de Caminha, esta edi\u00e7\u00e3o inclui novos espa\u00e7os, como o Audit\u00f3rio Municipal Ramos Pereira e o Hotel Meira, ambos em Vila Praia de \u00c2ncora.<\/p>\n\n\n\n<p>O Space Festival \u00e9 organizado pela Associa\u00e7\u00e3o Cultural Rock\u2018n\u2019Cave em parceria com o Space Ensemble, contando com o apoio da Dire\u00e7\u00e3o Geral das Artes e com a parceria do CITEMOR e dos Munic\u00edpios de Montemor-o-Velho, Castelo de Paiva, Mondim de Basto, Paredes de Coura, Arcos de Valdevez e Caminha.<\/p>\n\n\n\n<p><\/p>\n","protected":false},"excerpt":{"rendered":"<p>O Space Festival est\u00e1 de volta ao concelho de Caminha nos dias 9 e 10 de novembro. As duas Vilas, Caminha e Vila Praia de \u00c2ncora, v\u00e3o acolher os espet\u00e1culos e outros prontos do programa, que se v\u00e3o repartir pelo Valadares, Teatro Municipal de Caminha e Biblioteca Municipal de Caminha, assim como pelo Audit\u00f3rio Municipal [&hellip;]<\/p>\n","protected":false},"author":1,"featured_media":112004,"comment_status":"closed","ping_status":"closed","sticky":false,"template":"","format":"standard","meta":{"_exactmetrics_skip_tracking":false,"_exactmetrics_sitenote_active":false,"_exactmetrics_sitenote_note":"","_exactmetrics_sitenote_category":0,"footnotes":""},"categories":[7],"tags":[19,27],"class_list":["post-111981","post","type-post","status-publish","format-standard","has-post-thumbnail","hentry","category-caminha","tag-cultura","tag-sociedade"],"yoast_head":"<!-- This site is optimized with the Yoast SEO Premium plugin v27.5 (Yoast SEO v27.5) - https:\/\/yoast.com\/product\/yoast-seo-premium-wordpress\/ -->\n<title>Space Festival regressa ao concelho de Caminha nos dias 9 e 10 de novembro<\/title>\n<meta name=\"robots\" content=\"index, follow, max-snippet:-1, max-image-preview:large, max-video-preview:-1\" \/>\n<link rel=\"canonical\" href=\"https:\/\/www.altominho.tv\/site\/2024\/10\/30\/space-festival-regressa-ao-concelho-de-caminha-nos-dias-9-e-10-de-novembro\/\" \/>\n<meta property=\"og:locale\" content=\"pt_PT\" \/>\n<meta property=\"og:type\" content=\"article\" \/>\n<meta property=\"og:title\" content=\"Space Festival regressa ao concelho de Caminha nos dias 9 e 10 de novembro\" \/>\n<meta property=\"og:description\" content=\"O Space Festival est\u00e1 de volta ao concelho de Caminha nos dias 9 e 10 de novembro. As duas Vilas, Caminha e Vila Praia de \u00c2ncora, v\u00e3o acolher os espet\u00e1culos e outros prontos do programa, que se v\u00e3o repartir pelo Valadares, Teatro Municipal de Caminha e Biblioteca Municipal de Caminha, assim como pelo Audit\u00f3rio Municipal [&hellip;]\" \/>\n<meta property=\"og:url\" content=\"https:\/\/www.altominho.tv\/site\/2024\/10\/30\/space-festival-regressa-ao-concelho-de-caminha-nos-dias-9-e-10-de-novembro\/\" \/>\n<meta property=\"og:site_name\" content=\"Altominho.tv\" \/>\n<meta property=\"article:publisher\" content=\"https:\/\/www.facebook.com\/altominhotv\" \/>\n<meta property=\"article:published_time\" content=\"2024-10-30T11:06:14+00:00\" \/>\n<meta property=\"article:modified_time\" content=\"2024-10-30T15:32:17+00:00\" \/>\n<meta property=\"og:image\" content=\"https:\/\/www.altominho.tv\/site\/wp-content\/uploads\/2024\/10\/dr.jpg\" \/>\n\t<meta property=\"og:image:width\" content=\"1200\" \/>\n\t<meta property=\"og:image:height\" content=\"630\" \/>\n\t<meta property=\"og:image:type\" content=\"image\/jpeg\" \/>\n<meta name=\"author\" content=\"Altominho.tv\" \/>\n<meta name=\"twitter:card\" content=\"summary_large_image\" \/>\n<meta name=\"twitter:creator\" content=\"@altominhoTV\" \/>\n<meta name=\"twitter:site\" content=\"@altominhoTV\" \/>\n<meta name=\"twitter:label1\" content=\"Escrito por\" \/>\n\t<meta name=\"twitter:data1\" content=\"Altominho.tv\" \/>\n\t<meta name=\"twitter:label2\" content=\"Tempo estimado de leitura\" \/>\n\t<meta name=\"twitter:data2\" content=\"3 minutos\" \/>\n<script type=\"application\/ld+json\" class=\"yoast-schema-graph\">{\"@context\":\"https:\\\/\\\/schema.org\",\"@graph\":[{\"@type\":\"Article\",\"@id\":\"https:\\\/\\\/www.altominho.tv\\\/site\\\/2024\\\/10\\\/30\\\/space-festival-regressa-ao-concelho-de-caminha-nos-dias-9-e-10-de-novembro\\\/#article\",\"isPartOf\":{\"@id\":\"https:\\\/\\\/www.altominho.tv\\\/site\\\/2024\\\/10\\\/30\\\/space-festival-regressa-ao-concelho-de-caminha-nos-dias-9-e-10-de-novembro\\\/\"},\"author\":{\"name\":\"Altominho.tv\",\"@id\":\"https:\\\/\\\/www.altominho.tv\\\/site\\\/#\\\/schema\\\/person\\\/4e536851627d7914baf3dac752b6af22\"},\"headline\":\"Space Festival regressa ao concelho de Caminha nos dias 9 e 10 de novembro\",\"datePublished\":\"2024-10-30T11:06:14+00:00\",\"dateModified\":\"2024-10-30T15:32:17+00:00\",\"mainEntityOfPage\":{\"@id\":\"https:\\\/\\\/www.altominho.tv\\\/site\\\/2024\\\/10\\\/30\\\/space-festival-regressa-ao-concelho-de-caminha-nos-dias-9-e-10-de-novembro\\\/\"},\"wordCount\":513,\"image\":{\"@id\":\"https:\\\/\\\/www.altominho.tv\\\/site\\\/2024\\\/10\\\/30\\\/space-festival-regressa-ao-concelho-de-caminha-nos-dias-9-e-10-de-novembro\\\/#primaryimage\"},\"thumbnailUrl\":\"https:\\\/\\\/www.altominho.tv\\\/site\\\/wp-content\\\/uploads\\\/2024\\\/10\\\/dr.jpg\",\"keywords\":[\"Cultura\",\"Sociedade\"],\"articleSection\":[\"Caminha\"],\"inLanguage\":\"pt-PT\",\"copyrightYear\":\"2024\",\"copyrightHolder\":{\"@id\":\"https:\\\/\\\/www.altominho.tv\\\/site\\\/#organization\"}},{\"@type\":\"WebPage\",\"@id\":\"https:\\\/\\\/www.altominho.tv\\\/site\\\/2024\\\/10\\\/30\\\/space-festival-regressa-ao-concelho-de-caminha-nos-dias-9-e-10-de-novembro\\\/\",\"url\":\"https:\\\/\\\/www.altominho.tv\\\/site\\\/2024\\\/10\\\/30\\\/space-festival-regressa-ao-concelho-de-caminha-nos-dias-9-e-10-de-novembro\\\/\",\"name\":\"Space Festival regressa ao concelho de Caminha nos dias 9 e 10 de novembro\",\"isPartOf\":{\"@id\":\"https:\\\/\\\/www.altominho.tv\\\/site\\\/#website\"},\"primaryImageOfPage\":{\"@id\":\"https:\\\/\\\/www.altominho.tv\\\/site\\\/2024\\\/10\\\/30\\\/space-festival-regressa-ao-concelho-de-caminha-nos-dias-9-e-10-de-novembro\\\/#primaryimage\"},\"image\":{\"@id\":\"https:\\\/\\\/www.altominho.tv\\\/site\\\/2024\\\/10\\\/30\\\/space-festival-regressa-ao-concelho-de-caminha-nos-dias-9-e-10-de-novembro\\\/#primaryimage\"},\"thumbnailUrl\":\"https:\\\/\\\/www.altominho.tv\\\/site\\\/wp-content\\\/uploads\\\/2024\\\/10\\\/dr.jpg\",\"datePublished\":\"2024-10-30T11:06:14+00:00\",\"dateModified\":\"2024-10-30T15:32:17+00:00\",\"author\":{\"@id\":\"https:\\\/\\\/www.altominho.tv\\\/site\\\/#\\\/schema\\\/person\\\/4e536851627d7914baf3dac752b6af22\"},\"breadcrumb\":{\"@id\":\"https:\\\/\\\/www.altominho.tv\\\/site\\\/2024\\\/10\\\/30\\\/space-festival-regressa-ao-concelho-de-caminha-nos-dias-9-e-10-de-novembro\\\/#breadcrumb\"},\"inLanguage\":\"pt-PT\",\"potentialAction\":[{\"@type\":\"ReadAction\",\"target\":[\"https:\\\/\\\/www.altominho.tv\\\/site\\\/2024\\\/10\\\/30\\\/space-festival-regressa-ao-concelho-de-caminha-nos-dias-9-e-10-de-novembro\\\/\"]}]},{\"@type\":\"ImageObject\",\"inLanguage\":\"pt-PT\",\"@id\":\"https:\\\/\\\/www.altominho.tv\\\/site\\\/2024\\\/10\\\/30\\\/space-festival-regressa-ao-concelho-de-caminha-nos-dias-9-e-10-de-novembro\\\/#primaryimage\",\"url\":\"https:\\\/\\\/www.altominho.tv\\\/site\\\/wp-content\\\/uploads\\\/2024\\\/10\\\/dr.jpg\",\"contentUrl\":\"https:\\\/\\\/www.altominho.tv\\\/site\\\/wp-content\\\/uploads\\\/2024\\\/10\\\/dr.jpg\",\"width\":1200,\"height\":630},{\"@type\":\"BreadcrumbList\",\"@id\":\"https:\\\/\\\/www.altominho.tv\\\/site\\\/2024\\\/10\\\/30\\\/space-festival-regressa-ao-concelho-de-caminha-nos-dias-9-e-10-de-novembro\\\/#breadcrumb\",\"itemListElement\":[{\"@type\":\"ListItem\",\"position\":1,\"name\":\"In\u00edcio\",\"item\":\"https:\\\/\\\/www.altominho.tv\\\/site\\\/\"},{\"@type\":\"ListItem\",\"position\":2,\"name\":\"Space Festival regressa ao concelho de Caminha nos dias 9 e 10 de novembro\"}]},{\"@type\":\"WebSite\",\"@id\":\"https:\\\/\\\/www.altominho.tv\\\/site\\\/#website\",\"url\":\"https:\\\/\\\/www.altominho.tv\\\/site\\\/\",\"name\":\"Altominho.tv\",\"description\":\"A sua regi\u00e3o \u00e0 dist\u00e2ncia de um clique...\",\"potentialAction\":[{\"@type\":\"SearchAction\",\"target\":{\"@type\":\"EntryPoint\",\"urlTemplate\":\"https:\\\/\\\/www.altominho.tv\\\/site\\\/?s={search_term_string}\"},\"query-input\":{\"@type\":\"PropertyValueSpecification\",\"valueRequired\":true,\"valueName\":\"search_term_string\"}}],\"inLanguage\":\"pt-PT\"},{\"@type\":\"Person\",\"@id\":\"https:\\\/\\\/www.altominho.tv\\\/site\\\/#\\\/schema\\\/person\\\/4e536851627d7914baf3dac752b6af22\",\"name\":\"Altominho.tv\",\"image\":{\"@type\":\"ImageObject\",\"inLanguage\":\"pt-PT\",\"@id\":\"https:\\\/\\\/www.altominho.tv\\\/site\\\/wp-content\\\/uploads\\\/2019\\\/11\\\/Logo_Avatar_2-150x150.jpg\",\"url\":\"https:\\\/\\\/www.altominho.tv\\\/site\\\/wp-content\\\/uploads\\\/2019\\\/11\\\/Logo_Avatar_2-150x150.jpg\",\"contentUrl\":\"https:\\\/\\\/www.altominho.tv\\\/site\\\/wp-content\\\/uploads\\\/2019\\\/11\\\/Logo_Avatar_2-150x150.jpg\",\"caption\":\"Altominho.tv\"},\"url\":\"https:\\\/\\\/www.altominho.tv\\\/site\\\/author\\\/altominhotv-tecnico\\\/\"}]}<\/script>\n<!-- \/ Yoast SEO Premium plugin. -->","yoast_head_json":{"title":"Space Festival regressa ao concelho de Caminha nos dias 9 e 10 de novembro","robots":{"index":"index","follow":"follow","max-snippet":"max-snippet:-1","max-image-preview":"max-image-preview:large","max-video-preview":"max-video-preview:-1"},"canonical":"https:\/\/www.altominho.tv\/site\/2024\/10\/30\/space-festival-regressa-ao-concelho-de-caminha-nos-dias-9-e-10-de-novembro\/","og_locale":"pt_PT","og_type":"article","og_title":"Space Festival regressa ao concelho de Caminha nos dias 9 e 10 de novembro","og_description":"O Space Festival est\u00e1 de volta ao concelho de Caminha nos dias 9 e 10 de novembro. As duas Vilas, Caminha e Vila Praia de \u00c2ncora, v\u00e3o acolher os espet\u00e1culos e outros prontos do programa, que se v\u00e3o repartir pelo Valadares, Teatro Municipal de Caminha e Biblioteca Municipal de Caminha, assim como pelo Audit\u00f3rio Municipal [&hellip;]","og_url":"https:\/\/www.altominho.tv\/site\/2024\/10\/30\/space-festival-regressa-ao-concelho-de-caminha-nos-dias-9-e-10-de-novembro\/","og_site_name":"Altominho.tv","article_publisher":"https:\/\/www.facebook.com\/altominhotv","article_published_time":"2024-10-30T11:06:14+00:00","article_modified_time":"2024-10-30T15:32:17+00:00","og_image":[{"width":1200,"height":630,"url":"https:\/\/www.altominho.tv\/site\/wp-content\/uploads\/2024\/10\/dr.jpg","type":"image\/jpeg"}],"author":"Altominho.tv","twitter_card":"summary_large_image","twitter_creator":"@altominhoTV","twitter_site":"@altominhoTV","twitter_misc":{"Escrito por":"Altominho.tv","Tempo estimado de leitura":"3 minutos"},"schema":{"@context":"https:\/\/schema.org","@graph":[{"@type":"Article","@id":"https:\/\/www.altominho.tv\/site\/2024\/10\/30\/space-festival-regressa-ao-concelho-de-caminha-nos-dias-9-e-10-de-novembro\/#article","isPartOf":{"@id":"https:\/\/www.altominho.tv\/site\/2024\/10\/30\/space-festival-regressa-ao-concelho-de-caminha-nos-dias-9-e-10-de-novembro\/"},"author":{"name":"Altominho.tv","@id":"https:\/\/www.altominho.tv\/site\/#\/schema\/person\/4e536851627d7914baf3dac752b6af22"},"headline":"Space Festival regressa ao concelho de Caminha nos dias 9 e 10 de novembro","datePublished":"2024-10-30T11:06:14+00:00","dateModified":"2024-10-30T15:32:17+00:00","mainEntityOfPage":{"@id":"https:\/\/www.altominho.tv\/site\/2024\/10\/30\/space-festival-regressa-ao-concelho-de-caminha-nos-dias-9-e-10-de-novembro\/"},"wordCount":513,"image":{"@id":"https:\/\/www.altominho.tv\/site\/2024\/10\/30\/space-festival-regressa-ao-concelho-de-caminha-nos-dias-9-e-10-de-novembro\/#primaryimage"},"thumbnailUrl":"https:\/\/www.altominho.tv\/site\/wp-content\/uploads\/2024\/10\/dr.jpg","keywords":["Cultura","Sociedade"],"articleSection":["Caminha"],"inLanguage":"pt-PT","copyrightYear":"2024","copyrightHolder":{"@id":"https:\/\/www.altominho.tv\/site\/#organization"}},{"@type":"WebPage","@id":"https:\/\/www.altominho.tv\/site\/2024\/10\/30\/space-festival-regressa-ao-concelho-de-caminha-nos-dias-9-e-10-de-novembro\/","url":"https:\/\/www.altominho.tv\/site\/2024\/10\/30\/space-festival-regressa-ao-concelho-de-caminha-nos-dias-9-e-10-de-novembro\/","name":"Space Festival regressa ao concelho de Caminha nos dias 9 e 10 de novembro","isPartOf":{"@id":"https:\/\/www.altominho.tv\/site\/#website"},"primaryImageOfPage":{"@id":"https:\/\/www.altominho.tv\/site\/2024\/10\/30\/space-festival-regressa-ao-concelho-de-caminha-nos-dias-9-e-10-de-novembro\/#primaryimage"},"image":{"@id":"https:\/\/www.altominho.tv\/site\/2024\/10\/30\/space-festival-regressa-ao-concelho-de-caminha-nos-dias-9-e-10-de-novembro\/#primaryimage"},"thumbnailUrl":"https:\/\/www.altominho.tv\/site\/wp-content\/uploads\/2024\/10\/dr.jpg","datePublished":"2024-10-30T11:06:14+00:00","dateModified":"2024-10-30T15:32:17+00:00","author":{"@id":"https:\/\/www.altominho.tv\/site\/#\/schema\/person\/4e536851627d7914baf3dac752b6af22"},"breadcrumb":{"@id":"https:\/\/www.altominho.tv\/site\/2024\/10\/30\/space-festival-regressa-ao-concelho-de-caminha-nos-dias-9-e-10-de-novembro\/#breadcrumb"},"inLanguage":"pt-PT","potentialAction":[{"@type":"ReadAction","target":["https:\/\/www.altominho.tv\/site\/2024\/10\/30\/space-festival-regressa-ao-concelho-de-caminha-nos-dias-9-e-10-de-novembro\/"]}]},{"@type":"ImageObject","inLanguage":"pt-PT","@id":"https:\/\/www.altominho.tv\/site\/2024\/10\/30\/space-festival-regressa-ao-concelho-de-caminha-nos-dias-9-e-10-de-novembro\/#primaryimage","url":"https:\/\/www.altominho.tv\/site\/wp-content\/uploads\/2024\/10\/dr.jpg","contentUrl":"https:\/\/www.altominho.tv\/site\/wp-content\/uploads\/2024\/10\/dr.jpg","width":1200,"height":630},{"@type":"BreadcrumbList","@id":"https:\/\/www.altominho.tv\/site\/2024\/10\/30\/space-festival-regressa-ao-concelho-de-caminha-nos-dias-9-e-10-de-novembro\/#breadcrumb","itemListElement":[{"@type":"ListItem","position":1,"name":"In\u00edcio","item":"https:\/\/www.altominho.tv\/site\/"},{"@type":"ListItem","position":2,"name":"Space Festival regressa ao concelho de Caminha nos dias 9 e 10 de novembro"}]},{"@type":"WebSite","@id":"https:\/\/www.altominho.tv\/site\/#website","url":"https:\/\/www.altominho.tv\/site\/","name":"Altominho.tv","description":"A sua regi\u00e3o \u00e0 dist\u00e2ncia de um clique...","potentialAction":[{"@type":"SearchAction","target":{"@type":"EntryPoint","urlTemplate":"https:\/\/www.altominho.tv\/site\/?s={search_term_string}"},"query-input":{"@type":"PropertyValueSpecification","valueRequired":true,"valueName":"search_term_string"}}],"inLanguage":"pt-PT"},{"@type":"Person","@id":"https:\/\/www.altominho.tv\/site\/#\/schema\/person\/4e536851627d7914baf3dac752b6af22","name":"Altominho.tv","image":{"@type":"ImageObject","inLanguage":"pt-PT","@id":"https:\/\/www.altominho.tv\/site\/wp-content\/uploads\/2019\/11\/Logo_Avatar_2-150x150.jpg","url":"https:\/\/www.altominho.tv\/site\/wp-content\/uploads\/2019\/11\/Logo_Avatar_2-150x150.jpg","contentUrl":"https:\/\/www.altominho.tv\/site\/wp-content\/uploads\/2019\/11\/Logo_Avatar_2-150x150.jpg","caption":"Altominho.tv"},"url":"https:\/\/www.altominho.tv\/site\/author\/altominhotv-tecnico\/"}]}},"_links":{"self":[{"href":"https:\/\/www.altominho.tv\/site\/wp-json\/wp\/v2\/posts\/111981","targetHints":{"allow":["GET"]}}],"collection":[{"href":"https:\/\/www.altominho.tv\/site\/wp-json\/wp\/v2\/posts"}],"about":[{"href":"https:\/\/www.altominho.tv\/site\/wp-json\/wp\/v2\/types\/post"}],"author":[{"embeddable":true,"href":"https:\/\/www.altominho.tv\/site\/wp-json\/wp\/v2\/users\/1"}],"replies":[{"embeddable":true,"href":"https:\/\/www.altominho.tv\/site\/wp-json\/wp\/v2\/comments?post=111981"}],"version-history":[{"count":2,"href":"https:\/\/www.altominho.tv\/site\/wp-json\/wp\/v2\/posts\/111981\/revisions"}],"predecessor-version":[{"id":112005,"href":"https:\/\/www.altominho.tv\/site\/wp-json\/wp\/v2\/posts\/111981\/revisions\/112005"}],"wp:featuredmedia":[{"embeddable":true,"href":"https:\/\/www.altominho.tv\/site\/wp-json\/wp\/v2\/media\/112004"}],"wp:attachment":[{"href":"https:\/\/www.altominho.tv\/site\/wp-json\/wp\/v2\/media?parent=111981"}],"wp:term":[{"taxonomy":"category","embeddable":true,"href":"https:\/\/www.altominho.tv\/site\/wp-json\/wp\/v2\/categories?post=111981"},{"taxonomy":"post_tag","embeddable":true,"href":"https:\/\/www.altominho.tv\/site\/wp-json\/wp\/v2\/tags?post=111981"}],"curies":[{"name":"wp","href":"https:\/\/api.w.org\/{rel}","templated":true}]}}