{"id":111956,"date":"2024-10-29T16:51:05","date_gmt":"2024-10-29T16:51:05","guid":{"rendered":"https:\/\/www.altominho.tv\/site\/?p=111956"},"modified":"2024-10-29T16:51:07","modified_gmt":"2024-10-29T16:51:07","slug":"melgaco-vai-instalar-10-mil-paineis-solares-em-seis-hectares-de-producao-fotovoltaica","status":"publish","type":"post","link":"https:\/\/www.altominho.tv\/site\/2024\/10\/29\/melgaco-vai-instalar-10-mil-paineis-solares-em-seis-hectares-de-producao-fotovoltaica\/","title":{"rendered":"Melga\u00e7o vai instalar 10 mil pain\u00e9is solares em seis hectares de produ\u00e7\u00e3o fotovoltaica"},"content":{"rendered":"\n<figure class=\"wp-block-embed is-type-video is-provider-youtube wp-block-embed-youtube wp-embed-aspect-16-9 wp-has-aspect-ratio\"><div class=\"wp-block-embed__wrapper\">\n<iframe loading=\"lazy\" title=\"Melga\u00e7o vai instalar 10 mil pain\u00e9is solares em seis hectares de produ\u00e7\u00e3o fotovoltaica | Altominho TV\" width=\"770\" height=\"433\" src=\"https:\/\/www.youtube.com\/embed\/PQCSjR1-yyU?feature=oembed\" frameborder=\"0\" allow=\"accelerometer; autoplay; clipboard-write; encrypted-media; gyroscope; picture-in-picture; web-share\" referrerpolicy=\"strict-origin-when-cross-origin\" allowfullscreen><\/iframe>\n<\/div><\/figure>\n\n\n<p>O Secret\u00e1rio de Estado da Administra\u00e7\u00e3o Local e Ordenamento do Territ\u00f3rio esteve hoje em Melga\u00e7o na cerim\u00f3nia p\u00fablica de assinatura do auto de consigna\u00e7\u00e3o do upgrade tecnol\u00f3gico da Zona Industrial de Penso.<\/p>\n<p>Esta interven\u00e7\u00e3o passa pela constru\u00e7\u00e3o de seis hectares de produ\u00e7\u00e3o de energia fotovoltaica, com 10 mil pain\u00e9is solares, que permitir\u00e1 oferecer energia \u00e0s zonas empresariais.<\/p>\n<p>Desta forma, Melga\u00e7o posiciona-se na linha da frente do Alto Minho na produ\u00e7\u00e3o de energia fotovoltaica e ser\u00e1 o primeiro munic\u00edpio a produzir hidrog\u00e9nio verde.<\/p>\n<p>Esta a\u00e7\u00e3o acontece no \u00e2mbito da candidatura submetida por Melga\u00e7o ao abrigo do Plano de Recupera\u00e7\u00e3o e Resili\u00eancia (PRR), com um valor de cerca de 13 milh\u00f5es de euros.<\/p>","protected":false},"excerpt":{"rendered":"<p>O Secret\u00e1rio de Estado da Administra\u00e7\u00e3o Local e Ordenamento do Territ\u00f3rio esteve hoje em Melga\u00e7o na cerim\u00f3nia p\u00fablica de assinatura do auto de consigna\u00e7\u00e3o do upgrade tecnol\u00f3gico da Zona Industrial de Penso. Esta interven\u00e7\u00e3o passa pela constru\u00e7\u00e3o de seis hectares de produ\u00e7\u00e3o de energia fotovoltaica, com 10 mil pain\u00e9is solares, que permitir\u00e1 oferecer energia \u00e0s [&hellip;]<\/p>\n","protected":false},"author":8,"featured_media":111958,"comment_status":"closed","ping_status":"closed","sticky":false,"template":"","format":"video","meta":{"_exactmetrics_skip_tracking":false,"_exactmetrics_sitenote_active":false,"_exactmetrics_sitenote_note":"","_exactmetrics_sitenote_category":0,"footnotes":""},"categories":[8],"tags":[21],"class_list":["post-111956","post","type-post","status-publish","format-video","has-post-thumbnail","hentry","category-melgaco","tag-economia","post_format-post-format-video"],"yoast_head":"<!-- This site is optimized with the Yoast SEO Premium plugin v27.5 (Yoast SEO v27.5) - https:\/\/yoast.com\/product\/yoast-seo-premium-wordpress\/ -->\n<title>Melga\u00e7o vai instalar 10 mil pain\u00e9is solares em seis hectares de produ\u00e7\u00e3o fotovoltaica<\/title>\n<meta name=\"description\" content=\"Esta interven\u00e7\u00e3o passa pela constru\u00e7\u00e3o de seis hectares de produ\u00e7\u00e3o de energia fotovoltaica, com 10 mil pain\u00e9is solares.\" \/>\n<meta name=\"robots\" content=\"index, follow, max-snippet:-1, max-image-preview:large, max-video-preview:-1\" \/>\n<link rel=\"canonical\" href=\"https:\/\/www.altominho.tv\/site\/2024\/10\/29\/melgaco-vai-instalar-10-mil-paineis-solares-em-seis-hectares-de-producao-fotovoltaica\/\" \/>\n<meta property=\"og:locale\" content=\"pt_PT\" \/>\n<meta property=\"og:type\" content=\"article\" \/>\n<meta property=\"og:title\" content=\"Melga\u00e7o vai instalar 10 mil pain\u00e9is solares em seis hectares de produ\u00e7\u00e3o fotovoltaica\" \/>\n<meta property=\"og:description\" content=\"Esta interven\u00e7\u00e3o passa pela constru\u00e7\u00e3o de seis hectares de produ\u00e7\u00e3o de energia fotovoltaica, com 10 mil pain\u00e9is solares.\" \/>\n<meta property=\"og:url\" content=\"https:\/\/www.altominho.tv\/site\/2024\/10\/29\/melgaco-vai-instalar-10-mil-paineis-solares-em-seis-hectares-de-producao-fotovoltaica\/\" \/>\n<meta property=\"og:site_name\" content=\"Altominho.tv\" \/>\n<meta property=\"article:publisher\" content=\"https:\/\/www.facebook.com\/altominhotv\" \/>\n<meta property=\"article:published_time\" content=\"2024-10-29T16:51:05+00:00\" \/>\n<meta property=\"article:modified_time\" content=\"2024-10-29T16:51:07+00:00\" \/>\n<meta property=\"og:image\" content=\"https:\/\/www.altominho.tv\/site\/wp-content\/uploads\/2024\/10\/pqcsjr1-yyu.jpg\" \/>\n\t<meta property=\"og:image:width\" content=\"1280\" \/>\n\t<meta property=\"og:image:height\" content=\"720\" \/>\n\t<meta property=\"og:image:type\" content=\"image\/jpeg\" \/>\n<meta name=\"author\" content=\"Alexandre Ferreira\" \/>\n<meta name=\"twitter:card\" content=\"summary_large_image\" \/>\n<meta name=\"twitter:creator\" content=\"@altominhoTV\" \/>\n<meta name=\"twitter:site\" content=\"@altominhoTV\" \/>\n<meta name=\"twitter:label1\" content=\"Escrito por\" \/>\n\t<meta name=\"twitter:data1\" content=\"Alexandre Ferreira\" \/>\n\t<meta name=\"twitter:label2\" content=\"Tempo estimado de leitura\" \/>\n\t<meta name=\"twitter:data2\" content=\"1 minuto\" \/>\n<script type=\"application\/ld+json\" class=\"yoast-schema-graph\">{\"@context\":\"https:\\\/\\\/schema.org\",\"@graph\":[{\"@type\":\"Article\",\"@id\":\"https:\\\/\\\/www.altominho.tv\\\/site\\\/2024\\\/10\\\/29\\\/melgaco-vai-instalar-10-mil-paineis-solares-em-seis-hectares-de-producao-fotovoltaica\\\/#article\",\"isPartOf\":{\"@id\":\"https:\\\/\\\/www.altominho.tv\\\/site\\\/2024\\\/10\\\/29\\\/melgaco-vai-instalar-10-mil-paineis-solares-em-seis-hectares-de-producao-fotovoltaica\\\/\"},\"author\":{\"name\":\"Alexandre Ferreira\",\"@id\":\"https:\\\/\\\/www.altominho.tv\\\/site\\\/#\\\/schema\\\/person\\\/56c462a0f6591602f4e9fb3fa6ea49bd\"},\"headline\":\"Melga\u00e7o vai instalar 10 mil pain\u00e9is solares em seis hectares de produ\u00e7\u00e3o fotovoltaica\",\"datePublished\":\"2024-10-29T16:51:05+00:00\",\"dateModified\":\"2024-10-29T16:51:07+00:00\",\"mainEntityOfPage\":{\"@id\":\"https:\\\/\\\/www.altominho.tv\\\/site\\\/2024\\\/10\\\/29\\\/melgaco-vai-instalar-10-mil-paineis-solares-em-seis-hectares-de-producao-fotovoltaica\\\/\"},\"wordCount\":150,\"image\":{\"@id\":\"https:\\\/\\\/www.altominho.tv\\\/site\\\/2024\\\/10\\\/29\\\/melgaco-vai-instalar-10-mil-paineis-solares-em-seis-hectares-de-producao-fotovoltaica\\\/#primaryimage\"},\"thumbnailUrl\":\"https:\\\/\\\/www.altominho.tv\\\/site\\\/wp-content\\\/uploads\\\/2024\\\/10\\\/pqcsjr1-yyu.jpg\",\"keywords\":[\"Economia\"],\"articleSection\":[\"Melga\u00e7o\"],\"inLanguage\":\"pt-PT\",\"copyrightYear\":\"2024\",\"copyrightHolder\":{\"@id\":\"https:\\\/\\\/www.altominho.tv\\\/site\\\/#organization\"}},{\"@type\":\"WebPage\",\"@id\":\"https:\\\/\\\/www.altominho.tv\\\/site\\\/2024\\\/10\\\/29\\\/melgaco-vai-instalar-10-mil-paineis-solares-em-seis-hectares-de-producao-fotovoltaica\\\/\",\"url\":\"https:\\\/\\\/www.altominho.tv\\\/site\\\/2024\\\/10\\\/29\\\/melgaco-vai-instalar-10-mil-paineis-solares-em-seis-hectares-de-producao-fotovoltaica\\\/\",\"name\":\"Melga\u00e7o vai instalar 10 mil pain\u00e9is solares em seis hectares de produ\u00e7\u00e3o fotovoltaica\",\"isPartOf\":{\"@id\":\"https:\\\/\\\/www.altominho.tv\\\/site\\\/#website\"},\"primaryImageOfPage\":{\"@id\":\"https:\\\/\\\/www.altominho.tv\\\/site\\\/2024\\\/10\\\/29\\\/melgaco-vai-instalar-10-mil-paineis-solares-em-seis-hectares-de-producao-fotovoltaica\\\/#primaryimage\"},\"image\":{\"@id\":\"https:\\\/\\\/www.altominho.tv\\\/site\\\/2024\\\/10\\\/29\\\/melgaco-vai-instalar-10-mil-paineis-solares-em-seis-hectares-de-producao-fotovoltaica\\\/#primaryimage\"},\"thumbnailUrl\":\"https:\\\/\\\/www.altominho.tv\\\/site\\\/wp-content\\\/uploads\\\/2024\\\/10\\\/pqcsjr1-yyu.jpg\",\"datePublished\":\"2024-10-29T16:51:05+00:00\",\"dateModified\":\"2024-10-29T16:51:07+00:00\",\"author\":{\"@id\":\"https:\\\/\\\/www.altominho.tv\\\/site\\\/#\\\/schema\\\/person\\\/56c462a0f6591602f4e9fb3fa6ea49bd\"},\"description\":\"Esta interven\u00e7\u00e3o passa pela constru\u00e7\u00e3o de seis hectares de produ\u00e7\u00e3o de energia fotovoltaica, com 10 mil pain\u00e9is solares.\",\"breadcrumb\":{\"@id\":\"https:\\\/\\\/www.altominho.tv\\\/site\\\/2024\\\/10\\\/29\\\/melgaco-vai-instalar-10-mil-paineis-solares-em-seis-hectares-de-producao-fotovoltaica\\\/#breadcrumb\"},\"inLanguage\":\"pt-PT\",\"potentialAction\":[{\"@type\":\"ReadAction\",\"target\":[\"https:\\\/\\\/www.altominho.tv\\\/site\\\/2024\\\/10\\\/29\\\/melgaco-vai-instalar-10-mil-paineis-solares-em-seis-hectares-de-producao-fotovoltaica\\\/\"]}]},{\"@type\":\"ImageObject\",\"inLanguage\":\"pt-PT\",\"@id\":\"https:\\\/\\\/www.altominho.tv\\\/site\\\/2024\\\/10\\\/29\\\/melgaco-vai-instalar-10-mil-paineis-solares-em-seis-hectares-de-producao-fotovoltaica\\\/#primaryimage\",\"url\":\"https:\\\/\\\/www.altominho.tv\\\/site\\\/wp-content\\\/uploads\\\/2024\\\/10\\\/pqcsjr1-yyu.jpg\",\"contentUrl\":\"https:\\\/\\\/www.altominho.tv\\\/site\\\/wp-content\\\/uploads\\\/2024\\\/10\\\/pqcsjr1-yyu.jpg\",\"width\":1280,\"height\":720},{\"@type\":\"BreadcrumbList\",\"@id\":\"https:\\\/\\\/www.altominho.tv\\\/site\\\/2024\\\/10\\\/29\\\/melgaco-vai-instalar-10-mil-paineis-solares-em-seis-hectares-de-producao-fotovoltaica\\\/#breadcrumb\",\"itemListElement\":[{\"@type\":\"ListItem\",\"position\":1,\"name\":\"In\u00edcio\",\"item\":\"https:\\\/\\\/www.altominho.tv\\\/site\\\/\"},{\"@type\":\"ListItem\",\"position\":2,\"name\":\"Melga\u00e7o vai instalar 10 mil pain\u00e9is solares em seis hectares de produ\u00e7\u00e3o fotovoltaica\"}]},{\"@type\":\"WebSite\",\"@id\":\"https:\\\/\\\/www.altominho.tv\\\/site\\\/#website\",\"url\":\"https:\\\/\\\/www.altominho.tv\\\/site\\\/\",\"name\":\"Altominho.tv\",\"description\":\"A sua regi\u00e3o \u00e0 dist\u00e2ncia de um clique...\",\"potentialAction\":[{\"@type\":\"SearchAction\",\"target\":{\"@type\":\"EntryPoint\",\"urlTemplate\":\"https:\\\/\\\/www.altominho.tv\\\/site\\\/?s={search_term_string}\"},\"query-input\":{\"@type\":\"PropertyValueSpecification\",\"valueRequired\":true,\"valueName\":\"search_term_string\"}}],\"inLanguage\":\"pt-PT\"},{\"@type\":\"Person\",\"@id\":\"https:\\\/\\\/www.altominho.tv\\\/site\\\/#\\\/schema\\\/person\\\/56c462a0f6591602f4e9fb3fa6ea49bd\",\"name\":\"Alexandre Ferreira\",\"image\":{\"@type\":\"ImageObject\",\"inLanguage\":\"pt-PT\",\"@id\":\"https:\\\/\\\/www.altominho.tv\\\/site\\\/wp-content\\\/uploads\\\/2017\\\/11\\\/Alexandre-150x150.jpg\",\"url\":\"https:\\\/\\\/www.altominho.tv\\\/site\\\/wp-content\\\/uploads\\\/2017\\\/11\\\/Alexandre-150x150.jpg\",\"contentUrl\":\"https:\\\/\\\/www.altominho.tv\\\/site\\\/wp-content\\\/uploads\\\/2017\\\/11\\\/Alexandre-150x150.jpg\",\"caption\":\"Alexandre Ferreira\"},\"url\":\"https:\\\/\\\/www.altominho.tv\\\/site\\\/author\\\/alexandreferreira\\\/\"}]}<\/script>\n<meta property=\"og:video\" content=\"https:\/\/www.youtube.com\/embed\/PQCSjR1-yyU\" \/>\n<meta property=\"og:video:type\" content=\"text\/html\" \/>\n<meta property=\"og:video:duration\" content=\"129\" \/>\n<meta property=\"og:video:width\" content=\"480\" \/>\n<meta property=\"og:video:height\" content=\"270\" \/>\n<meta property=\"ya:ovs:adult\" content=\"false\" \/>\n<meta property=\"ya:ovs:upload_date\" content=\"2024-10-29T16:51:05+00:00\" \/>\n<meta property=\"ya:ovs:allow_embed\" content=\"true\" \/>\n<!-- \/ Yoast SEO Premium plugin. -->","yoast_head_json":{"title":"Melga\u00e7o vai instalar 10 mil pain\u00e9is solares em seis hectares de produ\u00e7\u00e3o fotovoltaica","description":"Esta interven\u00e7\u00e3o passa pela constru\u00e7\u00e3o de seis hectares de produ\u00e7\u00e3o de energia fotovoltaica, com 10 mil pain\u00e9is solares.","robots":{"index":"index","follow":"follow","max-snippet":"max-snippet:-1","max-image-preview":"max-image-preview:large","max-video-preview":"max-video-preview:-1"},"canonical":"https:\/\/www.altominho.tv\/site\/2024\/10\/29\/melgaco-vai-instalar-10-mil-paineis-solares-em-seis-hectares-de-producao-fotovoltaica\/","og_locale":"pt_PT","og_type":"article","og_title":"Melga\u00e7o vai instalar 10 mil pain\u00e9is solares em seis hectares de produ\u00e7\u00e3o fotovoltaica","og_description":"Esta interven\u00e7\u00e3o passa pela constru\u00e7\u00e3o de seis hectares de produ\u00e7\u00e3o de energia fotovoltaica, com 10 mil pain\u00e9is solares.","og_url":"https:\/\/www.altominho.tv\/site\/2024\/10\/29\/melgaco-vai-instalar-10-mil-paineis-solares-em-seis-hectares-de-producao-fotovoltaica\/","og_site_name":"Altominho.tv","article_publisher":"https:\/\/www.facebook.com\/altominhotv","article_published_time":"2024-10-29T16:51:05+00:00","article_modified_time":"2024-10-29T16:51:07+00:00","og_image":[{"width":1280,"height":720,"url":"https:\/\/www.altominho.tv\/site\/wp-content\/uploads\/2024\/10\/pqcsjr1-yyu.jpg","type":"image\/jpeg"}],"author":"Alexandre Ferreira","twitter_card":"summary_large_image","twitter_creator":"@altominhoTV","twitter_site":"@altominhoTV","twitter_misc":{"Escrito por":"Alexandre Ferreira","Tempo estimado de leitura":"1 minuto"},"schema":{"@context":"https:\/\/schema.org","@graph":[{"@type":"Article","@id":"https:\/\/www.altominho.tv\/site\/2024\/10\/29\/melgaco-vai-instalar-10-mil-paineis-solares-em-seis-hectares-de-producao-fotovoltaica\/#article","isPartOf":{"@id":"https:\/\/www.altominho.tv\/site\/2024\/10\/29\/melgaco-vai-instalar-10-mil-paineis-solares-em-seis-hectares-de-producao-fotovoltaica\/"},"author":{"name":"Alexandre Ferreira","@id":"https:\/\/www.altominho.tv\/site\/#\/schema\/person\/56c462a0f6591602f4e9fb3fa6ea49bd"},"headline":"Melga\u00e7o vai instalar 10 mil pain\u00e9is solares em seis hectares de produ\u00e7\u00e3o fotovoltaica","datePublished":"2024-10-29T16:51:05+00:00","dateModified":"2024-10-29T16:51:07+00:00","mainEntityOfPage":{"@id":"https:\/\/www.altominho.tv\/site\/2024\/10\/29\/melgaco-vai-instalar-10-mil-paineis-solares-em-seis-hectares-de-producao-fotovoltaica\/"},"wordCount":150,"image":{"@id":"https:\/\/www.altominho.tv\/site\/2024\/10\/29\/melgaco-vai-instalar-10-mil-paineis-solares-em-seis-hectares-de-producao-fotovoltaica\/#primaryimage"},"thumbnailUrl":"https:\/\/www.altominho.tv\/site\/wp-content\/uploads\/2024\/10\/pqcsjr1-yyu.jpg","keywords":["Economia"],"articleSection":["Melga\u00e7o"],"inLanguage":"pt-PT","copyrightYear":"2024","copyrightHolder":{"@id":"https:\/\/www.altominho.tv\/site\/#organization"}},{"@type":"WebPage","@id":"https:\/\/www.altominho.tv\/site\/2024\/10\/29\/melgaco-vai-instalar-10-mil-paineis-solares-em-seis-hectares-de-producao-fotovoltaica\/","url":"https:\/\/www.altominho.tv\/site\/2024\/10\/29\/melgaco-vai-instalar-10-mil-paineis-solares-em-seis-hectares-de-producao-fotovoltaica\/","name":"Melga\u00e7o vai instalar 10 mil pain\u00e9is solares em seis hectares de produ\u00e7\u00e3o fotovoltaica","isPartOf":{"@id":"https:\/\/www.altominho.tv\/site\/#website"},"primaryImageOfPage":{"@id":"https:\/\/www.altominho.tv\/site\/2024\/10\/29\/melgaco-vai-instalar-10-mil-paineis-solares-em-seis-hectares-de-producao-fotovoltaica\/#primaryimage"},"image":{"@id":"https:\/\/www.altominho.tv\/site\/2024\/10\/29\/melgaco-vai-instalar-10-mil-paineis-solares-em-seis-hectares-de-producao-fotovoltaica\/#primaryimage"},"thumbnailUrl":"https:\/\/www.altominho.tv\/site\/wp-content\/uploads\/2024\/10\/pqcsjr1-yyu.jpg","datePublished":"2024-10-29T16:51:05+00:00","dateModified":"2024-10-29T16:51:07+00:00","author":{"@id":"https:\/\/www.altominho.tv\/site\/#\/schema\/person\/56c462a0f6591602f4e9fb3fa6ea49bd"},"description":"Esta interven\u00e7\u00e3o passa pela constru\u00e7\u00e3o de seis hectares de produ\u00e7\u00e3o de energia fotovoltaica, com 10 mil pain\u00e9is solares.","breadcrumb":{"@id":"https:\/\/www.altominho.tv\/site\/2024\/10\/29\/melgaco-vai-instalar-10-mil-paineis-solares-em-seis-hectares-de-producao-fotovoltaica\/#breadcrumb"},"inLanguage":"pt-PT","potentialAction":[{"@type":"ReadAction","target":["https:\/\/www.altominho.tv\/site\/2024\/10\/29\/melgaco-vai-instalar-10-mil-paineis-solares-em-seis-hectares-de-producao-fotovoltaica\/"]}]},{"@type":"ImageObject","inLanguage":"pt-PT","@id":"https:\/\/www.altominho.tv\/site\/2024\/10\/29\/melgaco-vai-instalar-10-mil-paineis-solares-em-seis-hectares-de-producao-fotovoltaica\/#primaryimage","url":"https:\/\/www.altominho.tv\/site\/wp-content\/uploads\/2024\/10\/pqcsjr1-yyu.jpg","contentUrl":"https:\/\/www.altominho.tv\/site\/wp-content\/uploads\/2024\/10\/pqcsjr1-yyu.jpg","width":1280,"height":720},{"@type":"BreadcrumbList","@id":"https:\/\/www.altominho.tv\/site\/2024\/10\/29\/melgaco-vai-instalar-10-mil-paineis-solares-em-seis-hectares-de-producao-fotovoltaica\/#breadcrumb","itemListElement":[{"@type":"ListItem","position":1,"name":"In\u00edcio","item":"https:\/\/www.altominho.tv\/site\/"},{"@type":"ListItem","position":2,"name":"Melga\u00e7o vai instalar 10 mil pain\u00e9is solares em seis hectares de produ\u00e7\u00e3o fotovoltaica"}]},{"@type":"WebSite","@id":"https:\/\/www.altominho.tv\/site\/#website","url":"https:\/\/www.altominho.tv\/site\/","name":"Altominho.tv","description":"A sua regi\u00e3o \u00e0 dist\u00e2ncia de um clique...","potentialAction":[{"@type":"SearchAction","target":{"@type":"EntryPoint","urlTemplate":"https:\/\/www.altominho.tv\/site\/?s={search_term_string}"},"query-input":{"@type":"PropertyValueSpecification","valueRequired":true,"valueName":"search_term_string"}}],"inLanguage":"pt-PT"},{"@type":"Person","@id":"https:\/\/www.altominho.tv\/site\/#\/schema\/person\/56c462a0f6591602f4e9fb3fa6ea49bd","name":"Alexandre Ferreira","image":{"@type":"ImageObject","inLanguage":"pt-PT","@id":"https:\/\/www.altominho.tv\/site\/wp-content\/uploads\/2017\/11\/Alexandre-150x150.jpg","url":"https:\/\/www.altominho.tv\/site\/wp-content\/uploads\/2017\/11\/Alexandre-150x150.jpg","contentUrl":"https:\/\/www.altominho.tv\/site\/wp-content\/uploads\/2017\/11\/Alexandre-150x150.jpg","caption":"Alexandre Ferreira"},"url":"https:\/\/www.altominho.tv\/site\/author\/alexandreferreira\/"}]},"og_video":"https:\/\/www.youtube.com\/embed\/PQCSjR1-yyU","og_video_type":"text\/html","og_video_duration":"129","og_video_width":"480","og_video_height":"270","ya_ovs_adult":"false","ya_ovs_upload_date":"2024-10-29T16:51:05+00:00","ya_ovs_allow_embed":"true"},"_links":{"self":[{"href":"https:\/\/www.altominho.tv\/site\/wp-json\/wp\/v2\/posts\/111956","targetHints":{"allow":["GET"]}}],"collection":[{"href":"https:\/\/www.altominho.tv\/site\/wp-json\/wp\/v2\/posts"}],"about":[{"href":"https:\/\/www.altominho.tv\/site\/wp-json\/wp\/v2\/types\/post"}],"author":[{"embeddable":true,"href":"https:\/\/www.altominho.tv\/site\/wp-json\/wp\/v2\/users\/8"}],"replies":[{"embeddable":true,"href":"https:\/\/www.altominho.tv\/site\/wp-json\/wp\/v2\/comments?post=111956"}],"version-history":[{"count":1,"href":"https:\/\/www.altominho.tv\/site\/wp-json\/wp\/v2\/posts\/111956\/revisions"}],"predecessor-version":[{"id":111957,"href":"https:\/\/www.altominho.tv\/site\/wp-json\/wp\/v2\/posts\/111956\/revisions\/111957"}],"wp:featuredmedia":[{"embeddable":true,"href":"https:\/\/www.altominho.tv\/site\/wp-json\/wp\/v2\/media\/111958"}],"wp:attachment":[{"href":"https:\/\/www.altominho.tv\/site\/wp-json\/wp\/v2\/media?parent=111956"}],"wp:term":[{"taxonomy":"category","embeddable":true,"href":"https:\/\/www.altominho.tv\/site\/wp-json\/wp\/v2\/categories?post=111956"},{"taxonomy":"post_tag","embeddable":true,"href":"https:\/\/www.altominho.tv\/site\/wp-json\/wp\/v2\/tags?post=111956"}],"curies":[{"name":"wp","href":"https:\/\/api.w.org\/{rel}","templated":true}]}}