{"id":111945,"date":"2024-10-29T12:01:26","date_gmt":"2024-10-29T12:01:26","guid":{"rendered":"https:\/\/www.altominho.tv\/site\/?p=111945"},"modified":"2024-10-30T09:24:15","modified_gmt":"2024-10-30T09:24:15","slug":"novembro-traz-anonimos-de-abril-space-festival-teatro-danca-e-circo-contemporaneo","status":"publish","type":"post","link":"https:\/\/www.altominho.tv\/site\/2024\/10\/29\/novembro-traz-anonimos-de-abril-space-festival-teatro-danca-e-circo-contemporaneo\/","title":{"rendered":"Novembro traz \u2018An\u00f3nimos de Abril\u2019, Space Festival, teatro, dan\u00e7a e circo contempor\u00e2neo"},"content":{"rendered":"\n<p>O primeiro dia do m\u00eas arranca logo com o concerto An\u00f3nimos de Abril, prolonga-se com o festival itinerante Space Festival que passa por Coura com os concertos de Mariana Dionisio &amp; Clara Saleiro e o espet\u00e1culo \u2018Multimedia Percussion\u2019 de V\u00edtor Castro, o palco estende-se ao teatro com as \u2018Aves\u2019, pelas Com\u00e9dias do Minho, \u2018Trama\u2019 pelo Mais Teatro Amador Courense &amp; Space Ensemble e \u2018O tamanho das coisas\u2019, uma produ\u00e7\u00e3o Terra Amarela, mas tamb\u00e9m h\u00e1 dan\u00e7a contempor\u00e2nea pela Companhia de Dan\u00e7a Contempor\u00e2nea de Angola e novo circo no \u00e2mbito da Rede Internacional La Nuit du Cirque.&nbsp;<\/p>\n\n\n\n<p>Mas tamb\u00e9m h\u00e1 muito cinema, desde o drama\/romance \u2018Todo o tempo que temos\u2019 ao filme de anima\u00e7\u00e3o \u2018Robot Selvagem\u2019, passando pela aventura \u2018Venom: a \u00faltima dan\u00e7a\u2019 e a com\u00e9dia \u2018Red One: miss\u00e3o secreta\u2019, n\u00e3o falta uma anima\u00e7\u00e3o cultural cuidada \u00e0 qual tamb\u00e9m se acrescentam os j\u00e1 habituais&nbsp;<em>workshops<\/em>com constru\u00e7\u00f5es Lego e os modernos jogos de tabuleiro com os Jogos em Fam\u00edlia.<\/p>\n\n\n\n<p>Assim, j\u00e1 na pr\u00f3xima sexta-feira, primeiro dia de novembro, pelo Centro Cultural passam a partir das 21h30 os \u2018An\u00f3nimos de Abril\u2019, um projeto de Rog\u00e9rio Charraz e Jos\u00e9 Fialho Gouveia com participa\u00e7\u00f5es de Joana Alegre e Jo\u00e3o Afonso. \u2018An\u00f3nimos de Abril\u2019 procura honrar em can\u00e7\u00f5es os muitos protagonistas, gente cuja a\u00e7\u00e3o foi de alguma maneira determinante ou simb\u00f3lica para a revolu\u00e7\u00e3o, mas que com o passar do tempo vai ficando submersa no esquecimento ou at\u00e9 mesmo no desconhecimento.<\/p>\n\n\n\n<p>A 6 e 7 de novembro Paredes de Coura recebe o festival itinerante Space Festival. Mariana Dionisio (voz) e Clara Saleiro (flauta) s\u00e3o as primeiras a subir ao palco, na sequ\u00eancia de uma resid\u00eancia art\u00edstica com o apoio do Centro Cultural Paredes de Coura e da Dire\u00e7\u00e3o Geral das Artes. Constroem todo o seu repert\u00f3rio a partir de uma pe\u00e7a de Kate Soper \u2013 \u201cOnly the Words Themselves Mean What They Say\u201d, com ideias, jogos e pequenos temas que servem de base a uma explora\u00e7\u00e3o da fus\u00e3o sonora entre a voz e a flauta, atrav\u00e9s da improvisa\u00e7\u00e3o.<\/p>\n\n\n\n<p>Por sua vez, V\u00edtor Castro apresenta \u2018Multimedia Percussion\u2019, uma viagem sensorial e imersiva em que a percuss\u00e3o transcende os seus limites tradicionais atrav\u00e9s do di\u00e1logo com elementos visuais, gestuais e multim\u00e9dia. V\u00edtor Castro cria uma narrativa que explora o caos e a harmonia, o sil\u00eancio e a explos\u00e3o, guiando o p\u00fablico por novos territ\u00f3rios sonoros nas fronteiras da m\u00fasica, teatro e arte visual.<\/p>\n\n\n\n<p>O Space Festival tamb\u00e9m se estende ao teatro com a pe\u00e7a \u2018Trama\u2019, uma cria\u00e7\u00e3o de Lu\u00eds Filipe Silva para o Mais Teatro Amador Courense\/Com\u00e9dias do Minho e a m\u00fasica dos Space Ensemble,\u00a0\u00a0Samuel Martins Coelho (violino), Nuno Alves (eletr\u00f3nica), Ant\u00f3nio Oliveira (violoncelo) e Lu\u00eds Bittencourt (percuss\u00e3o), numa evoca\u00e7\u00e3o dos 20 anos das Com\u00e9dias do Minho e 50 anos de Liberdade, celebrando a constru\u00e7\u00e3o comunit\u00e1ria desta grande Casa.<\/p>\n\n\n\n<p>O teatro mant\u00e9m-se em cena neste m\u00eas de novembro com a pe\u00e7a \u2018As Aves\u2019. Ao longo de quatro dias, 20 a 24 novembro, pela vila e freguesias de Paredes de Coura as Com\u00e9dia do Minho levam esta com\u00e9dia com um forte sentido cr\u00edtico em rela\u00e7\u00e3o aos \u201cmales de Atenas\u201d, e que \u00e9 considerada a obra-prima de Arist\u00f3fanes. A narrativa assenta na capacidade de persuas\u00e3o que um humano \u2013 Pistetero \u2013 tem sobre as aves, levando-as a concretizar os seus desejos.<\/p>\n\n\n\n<p>J\u00e1 \u2018O tamanho das coisas\u2019 \u00e9 uma coprodu\u00e7\u00e3o do Centro Cultural de Paredes de Coura, Teatro Diogo Bernardes e Cine-Teatro de Pombal com interpreta\u00e7\u00e3o de Paulo Azevedo sob um texto de Alex Cassal. A determinado momento numa geografia desconhecida e sem qualquer raz\u00e3o aparente, um homem interrompe o seu caminho parando em pleno oceano. Da compara\u00e7\u00e3o entre o seu corpo e a escala avassaladora do que o rodeia levanta a quest\u00e3o: ser\u00e1 que devo continuar?<\/p>\n\n\n\n<p>A dan\u00e7a contempor\u00e2nea e o novo circo tamb\u00e9m marcam presen\u00e7a em Coura no m\u00eas de novembro, com a Companhia de Dan\u00e7a Contempor\u00e2nea de Angola a trazer \u2018Onde o vento n\u00e3o sopra\u2019 e \u2018Kair\u00f3s\u2019, no \u00e2mbito da Noite do Circo &#8211; Rede Internacional La Nuit du Cirque, respetivamente.<\/p>\n\n\n\n<p>Com coreografia de Ana Clara Guerra Marques, \u2018Onde o vento n\u00e3o sopra\u2019, a 8 de novembro, aborda os terrenos da emigra\u00e7\u00e3o, propondo um olhar sobre a complexidade das conex\u00f5es humanas na constru\u00e7\u00e3o de uma teia que se entrela\u00e7a em diferentes dire\u00e7\u00f5es.<\/p>\n\n\n\n<p>J\u00e1 \u2018Kair\u00f3s\u2019, a 15 de novembro, \u00e9 uma coprodu\u00e7\u00e3o do Centro Cultural de Paredes de Coura e Cineteatro Ant\u00f3nio Lamoso. Atrav\u00e9s da acrobacia e da dan\u00e7a, busca perfeitas&nbsp;coincid\u00eancias, encontros dos corpos, momentos\u2026 KAIR\u00d3S, a palavra grega sobre o conceito do tempo e da oportunidade.<\/p>\n","protected":false},"excerpt":{"rendered":"<p>O primeiro dia do m\u00eas arranca logo com o concerto An\u00f3nimos de Abril, prolonga-se com o festival itinerante Space Festival que passa por Coura com os concertos de Mariana Dionisio &amp; Clara Saleiro e o espet\u00e1culo \u2018Multimedia Percussion\u2019 de V\u00edtor Castro, o palco estende-se ao teatro com as \u2018Aves\u2019, pelas Com\u00e9dias do Minho, \u2018Trama\u2019 pelo [&hellip;]<\/p>\n","protected":false},"author":1,"featured_media":111964,"comment_status":"closed","ping_status":"closed","sticky":false,"template":"","format":"standard","meta":{"_exactmetrics_skip_tracking":false,"_exactmetrics_sitenote_active":false,"_exactmetrics_sitenote_note":"","_exactmetrics_sitenote_category":0,"footnotes":""},"categories":[10],"tags":[19,27],"class_list":["post-111945","post","type-post","status-publish","format-standard","has-post-thumbnail","hentry","category-paredes-de-coura","tag-cultura","tag-sociedade"],"yoast_head":"<!-- This site is optimized with the Yoast SEO Premium plugin v27.4 (Yoast SEO v27.4) - https:\/\/yoast.com\/product\/yoast-seo-premium-wordpress\/ -->\n<title>Novembro traz \u2018An\u00f3nimos de Abril\u2019, Space Festival, teatro, dan\u00e7a e circo contempor\u00e2neo<\/title>\n<meta name=\"robots\" content=\"index, follow, max-snippet:-1, max-image-preview:large, max-video-preview:-1\" \/>\n<link rel=\"canonical\" href=\"https:\/\/www.altominho.tv\/site\/2024\/10\/29\/novembro-traz-anonimos-de-abril-space-festival-teatro-danca-e-circo-contemporaneo\/\" \/>\n<meta property=\"og:locale\" content=\"pt_PT\" \/>\n<meta property=\"og:type\" content=\"article\" \/>\n<meta property=\"og:title\" content=\"Novembro traz \u2018An\u00f3nimos de Abril\u2019, Space Festival, teatro, dan\u00e7a e circo contempor\u00e2neo\" \/>\n<meta property=\"og:description\" content=\"O primeiro dia do m\u00eas arranca logo com o concerto An\u00f3nimos de Abril, prolonga-se com o festival itinerante Space Festival que passa por Coura com os concertos de Mariana Dionisio &amp; Clara Saleiro e o espet\u00e1culo \u2018Multimedia Percussion\u2019 de V\u00edtor Castro, o palco estende-se ao teatro com as \u2018Aves\u2019, pelas Com\u00e9dias do Minho, \u2018Trama\u2019 pelo [&hellip;]\" \/>\n<meta property=\"og:url\" content=\"https:\/\/www.altominho.tv\/site\/2024\/10\/29\/novembro-traz-anonimos-de-abril-space-festival-teatro-danca-e-circo-contemporaneo\/\" \/>\n<meta property=\"og:site_name\" content=\"Altominho.tv\" \/>\n<meta property=\"article:publisher\" content=\"https:\/\/www.facebook.com\/altominhotv\" \/>\n<meta property=\"article:published_time\" content=\"2024-10-29T12:01:26+00:00\" \/>\n<meta property=\"article:modified_time\" content=\"2024-10-30T09:24:15+00:00\" \/>\n<meta property=\"og:image\" content=\"https:\/\/www.altominho.tv\/site\/wp-content\/uploads\/2024\/10\/CC_PCoura-1200x630-1.jpg\" \/>\n\t<meta property=\"og:image:width\" content=\"1200\" \/>\n\t<meta property=\"og:image:height\" content=\"630\" \/>\n\t<meta property=\"og:image:type\" content=\"image\/jpeg\" \/>\n<meta name=\"author\" content=\"Altominho.tv\" \/>\n<meta name=\"twitter:card\" content=\"summary_large_image\" \/>\n<meta name=\"twitter:creator\" content=\"@altominhoTV\" \/>\n<meta name=\"twitter:site\" content=\"@altominhoTV\" \/>\n<meta name=\"twitter:label1\" content=\"Escrito por\" \/>\n\t<meta name=\"twitter:data1\" content=\"Altominho.tv\" \/>\n\t<meta name=\"twitter:label2\" content=\"Tempo estimado de leitura\" \/>\n\t<meta name=\"twitter:data2\" content=\"5 minutos\" \/>\n<script type=\"application\/ld+json\" class=\"yoast-schema-graph\">{\"@context\":\"https:\\\/\\\/schema.org\",\"@graph\":[{\"@type\":\"Article\",\"@id\":\"https:\\\/\\\/www.altominho.tv\\\/site\\\/2024\\\/10\\\/29\\\/novembro-traz-anonimos-de-abril-space-festival-teatro-danca-e-circo-contemporaneo\\\/#article\",\"isPartOf\":{\"@id\":\"https:\\\/\\\/www.altominho.tv\\\/site\\\/2024\\\/10\\\/29\\\/novembro-traz-anonimos-de-abril-space-festival-teatro-danca-e-circo-contemporaneo\\\/\"},\"author\":{\"name\":\"Altominho.tv\",\"@id\":\"https:\\\/\\\/www.altominho.tv\\\/site\\\/#\\\/schema\\\/person\\\/4e536851627d7914baf3dac752b6af22\"},\"headline\":\"Novembro traz \u2018An\u00f3nimos de Abril\u2019, Space Festival, teatro, dan\u00e7a e circo contempor\u00e2neo\",\"datePublished\":\"2024-10-29T12:01:26+00:00\",\"dateModified\":\"2024-10-30T09:24:15+00:00\",\"mainEntityOfPage\":{\"@id\":\"https:\\\/\\\/www.altominho.tv\\\/site\\\/2024\\\/10\\\/29\\\/novembro-traz-anonimos-de-abril-space-festival-teatro-danca-e-circo-contemporaneo\\\/\"},\"wordCount\":857,\"image\":{\"@id\":\"https:\\\/\\\/www.altominho.tv\\\/site\\\/2024\\\/10\\\/29\\\/novembro-traz-anonimos-de-abril-space-festival-teatro-danca-e-circo-contemporaneo\\\/#primaryimage\"},\"thumbnailUrl\":\"https:\\\/\\\/www.altominho.tv\\\/site\\\/wp-content\\\/uploads\\\/2024\\\/10\\\/CCCoura.jpeg\",\"keywords\":[\"Cultura\",\"Sociedade\"],\"articleSection\":[\"Paredes de Coura\"],\"inLanguage\":\"pt-PT\",\"copyrightYear\":\"2024\",\"copyrightHolder\":{\"@id\":\"https:\\\/\\\/www.altominho.tv\\\/site\\\/#organization\"}},{\"@type\":\"WebPage\",\"@id\":\"https:\\\/\\\/www.altominho.tv\\\/site\\\/2024\\\/10\\\/29\\\/novembro-traz-anonimos-de-abril-space-festival-teatro-danca-e-circo-contemporaneo\\\/\",\"url\":\"https:\\\/\\\/www.altominho.tv\\\/site\\\/2024\\\/10\\\/29\\\/novembro-traz-anonimos-de-abril-space-festival-teatro-danca-e-circo-contemporaneo\\\/\",\"name\":\"Novembro traz \u2018An\u00f3nimos de Abril\u2019, Space Festival, teatro, dan\u00e7a e circo contempor\u00e2neo\",\"isPartOf\":{\"@id\":\"https:\\\/\\\/www.altominho.tv\\\/site\\\/#website\"},\"primaryImageOfPage\":{\"@id\":\"https:\\\/\\\/www.altominho.tv\\\/site\\\/2024\\\/10\\\/29\\\/novembro-traz-anonimos-de-abril-space-festival-teatro-danca-e-circo-contemporaneo\\\/#primaryimage\"},\"image\":{\"@id\":\"https:\\\/\\\/www.altominho.tv\\\/site\\\/2024\\\/10\\\/29\\\/novembro-traz-anonimos-de-abril-space-festival-teatro-danca-e-circo-contemporaneo\\\/#primaryimage\"},\"thumbnailUrl\":\"https:\\\/\\\/www.altominho.tv\\\/site\\\/wp-content\\\/uploads\\\/2024\\\/10\\\/CCCoura.jpeg\",\"datePublished\":\"2024-10-29T12:01:26+00:00\",\"dateModified\":\"2024-10-30T09:24:15+00:00\",\"author\":{\"@id\":\"https:\\\/\\\/www.altominho.tv\\\/site\\\/#\\\/schema\\\/person\\\/4e536851627d7914baf3dac752b6af22\"},\"breadcrumb\":{\"@id\":\"https:\\\/\\\/www.altominho.tv\\\/site\\\/2024\\\/10\\\/29\\\/novembro-traz-anonimos-de-abril-space-festival-teatro-danca-e-circo-contemporaneo\\\/#breadcrumb\"},\"inLanguage\":\"pt-PT\",\"potentialAction\":[{\"@type\":\"ReadAction\",\"target\":[\"https:\\\/\\\/www.altominho.tv\\\/site\\\/2024\\\/10\\\/29\\\/novembro-traz-anonimos-de-abril-space-festival-teatro-danca-e-circo-contemporaneo\\\/\"]}]},{\"@type\":\"ImageObject\",\"inLanguage\":\"pt-PT\",\"@id\":\"https:\\\/\\\/www.altominho.tv\\\/site\\\/2024\\\/10\\\/29\\\/novembro-traz-anonimos-de-abril-space-festival-teatro-danca-e-circo-contemporaneo\\\/#primaryimage\",\"url\":\"https:\\\/\\\/www.altominho.tv\\\/site\\\/wp-content\\\/uploads\\\/2024\\\/10\\\/CCCoura.jpeg\",\"contentUrl\":\"https:\\\/\\\/www.altominho.tv\\\/site\\\/wp-content\\\/uploads\\\/2024\\\/10\\\/CCCoura.jpeg\",\"width\":1620,\"height\":1080},{\"@type\":\"BreadcrumbList\",\"@id\":\"https:\\\/\\\/www.altominho.tv\\\/site\\\/2024\\\/10\\\/29\\\/novembro-traz-anonimos-de-abril-space-festival-teatro-danca-e-circo-contemporaneo\\\/#breadcrumb\",\"itemListElement\":[{\"@type\":\"ListItem\",\"position\":1,\"name\":\"In\u00edcio\",\"item\":\"https:\\\/\\\/www.altominho.tv\\\/site\\\/\"},{\"@type\":\"ListItem\",\"position\":2,\"name\":\"Novembro traz \u2018An\u00f3nimos de Abril\u2019, Space Festival, teatro, dan\u00e7a e circo contempor\u00e2neo\"}]},{\"@type\":\"WebSite\",\"@id\":\"https:\\\/\\\/www.altominho.tv\\\/site\\\/#website\",\"url\":\"https:\\\/\\\/www.altominho.tv\\\/site\\\/\",\"name\":\"Altominho.tv\",\"description\":\"A sua regi\u00e3o \u00e0 dist\u00e2ncia de um clique...\",\"potentialAction\":[{\"@type\":\"SearchAction\",\"target\":{\"@type\":\"EntryPoint\",\"urlTemplate\":\"https:\\\/\\\/www.altominho.tv\\\/site\\\/?s={search_term_string}\"},\"query-input\":{\"@type\":\"PropertyValueSpecification\",\"valueRequired\":true,\"valueName\":\"search_term_string\"}}],\"inLanguage\":\"pt-PT\"},{\"@type\":\"Person\",\"@id\":\"https:\\\/\\\/www.altominho.tv\\\/site\\\/#\\\/schema\\\/person\\\/4e536851627d7914baf3dac752b6af22\",\"name\":\"Altominho.tv\",\"image\":{\"@type\":\"ImageObject\",\"inLanguage\":\"pt-PT\",\"@id\":\"https:\\\/\\\/www.altominho.tv\\\/site\\\/wp-content\\\/uploads\\\/2019\\\/11\\\/Logo_Avatar_2-150x150.jpg\",\"url\":\"https:\\\/\\\/www.altominho.tv\\\/site\\\/wp-content\\\/uploads\\\/2019\\\/11\\\/Logo_Avatar_2-150x150.jpg\",\"contentUrl\":\"https:\\\/\\\/www.altominho.tv\\\/site\\\/wp-content\\\/uploads\\\/2019\\\/11\\\/Logo_Avatar_2-150x150.jpg\",\"caption\":\"Altominho.tv\"},\"url\":\"https:\\\/\\\/www.altominho.tv\\\/site\\\/author\\\/altominhotv-tecnico\\\/\"}]}<\/script>\n<!-- \/ Yoast SEO Premium plugin. -->","yoast_head_json":{"title":"Novembro traz \u2018An\u00f3nimos de Abril\u2019, Space Festival, teatro, dan\u00e7a e circo contempor\u00e2neo","robots":{"index":"index","follow":"follow","max-snippet":"max-snippet:-1","max-image-preview":"max-image-preview:large","max-video-preview":"max-video-preview:-1"},"canonical":"https:\/\/www.altominho.tv\/site\/2024\/10\/29\/novembro-traz-anonimos-de-abril-space-festival-teatro-danca-e-circo-contemporaneo\/","og_locale":"pt_PT","og_type":"article","og_title":"Novembro traz \u2018An\u00f3nimos de Abril\u2019, Space Festival, teatro, dan\u00e7a e circo contempor\u00e2neo","og_description":"O primeiro dia do m\u00eas arranca logo com o concerto An\u00f3nimos de Abril, prolonga-se com o festival itinerante Space Festival que passa por Coura com os concertos de Mariana Dionisio &amp; Clara Saleiro e o espet\u00e1culo \u2018Multimedia Percussion\u2019 de V\u00edtor Castro, o palco estende-se ao teatro com as \u2018Aves\u2019, pelas Com\u00e9dias do Minho, \u2018Trama\u2019 pelo [&hellip;]","og_url":"https:\/\/www.altominho.tv\/site\/2024\/10\/29\/novembro-traz-anonimos-de-abril-space-festival-teatro-danca-e-circo-contemporaneo\/","og_site_name":"Altominho.tv","article_publisher":"https:\/\/www.facebook.com\/altominhotv","article_published_time":"2024-10-29T12:01:26+00:00","article_modified_time":"2024-10-30T09:24:15+00:00","og_image":[{"width":1200,"height":630,"url":"https:\/\/www.altominho.tv\/site\/wp-content\/uploads\/2024\/10\/CC_PCoura-1200x630-1.jpg","type":"image\/jpeg"}],"author":"Altominho.tv","twitter_card":"summary_large_image","twitter_creator":"@altominhoTV","twitter_site":"@altominhoTV","twitter_misc":{"Escrito por":"Altominho.tv","Tempo estimado de leitura":"5 minutos"},"schema":{"@context":"https:\/\/schema.org","@graph":[{"@type":"Article","@id":"https:\/\/www.altominho.tv\/site\/2024\/10\/29\/novembro-traz-anonimos-de-abril-space-festival-teatro-danca-e-circo-contemporaneo\/#article","isPartOf":{"@id":"https:\/\/www.altominho.tv\/site\/2024\/10\/29\/novembro-traz-anonimos-de-abril-space-festival-teatro-danca-e-circo-contemporaneo\/"},"author":{"name":"Altominho.tv","@id":"https:\/\/www.altominho.tv\/site\/#\/schema\/person\/4e536851627d7914baf3dac752b6af22"},"headline":"Novembro traz \u2018An\u00f3nimos de Abril\u2019, Space Festival, teatro, dan\u00e7a e circo contempor\u00e2neo","datePublished":"2024-10-29T12:01:26+00:00","dateModified":"2024-10-30T09:24:15+00:00","mainEntityOfPage":{"@id":"https:\/\/www.altominho.tv\/site\/2024\/10\/29\/novembro-traz-anonimos-de-abril-space-festival-teatro-danca-e-circo-contemporaneo\/"},"wordCount":857,"image":{"@id":"https:\/\/www.altominho.tv\/site\/2024\/10\/29\/novembro-traz-anonimos-de-abril-space-festival-teatro-danca-e-circo-contemporaneo\/#primaryimage"},"thumbnailUrl":"https:\/\/www.altominho.tv\/site\/wp-content\/uploads\/2024\/10\/CCCoura.jpeg","keywords":["Cultura","Sociedade"],"articleSection":["Paredes de Coura"],"inLanguage":"pt-PT","copyrightYear":"2024","copyrightHolder":{"@id":"https:\/\/www.altominho.tv\/site\/#organization"}},{"@type":"WebPage","@id":"https:\/\/www.altominho.tv\/site\/2024\/10\/29\/novembro-traz-anonimos-de-abril-space-festival-teatro-danca-e-circo-contemporaneo\/","url":"https:\/\/www.altominho.tv\/site\/2024\/10\/29\/novembro-traz-anonimos-de-abril-space-festival-teatro-danca-e-circo-contemporaneo\/","name":"Novembro traz \u2018An\u00f3nimos de Abril\u2019, Space Festival, teatro, dan\u00e7a e circo contempor\u00e2neo","isPartOf":{"@id":"https:\/\/www.altominho.tv\/site\/#website"},"primaryImageOfPage":{"@id":"https:\/\/www.altominho.tv\/site\/2024\/10\/29\/novembro-traz-anonimos-de-abril-space-festival-teatro-danca-e-circo-contemporaneo\/#primaryimage"},"image":{"@id":"https:\/\/www.altominho.tv\/site\/2024\/10\/29\/novembro-traz-anonimos-de-abril-space-festival-teatro-danca-e-circo-contemporaneo\/#primaryimage"},"thumbnailUrl":"https:\/\/www.altominho.tv\/site\/wp-content\/uploads\/2024\/10\/CCCoura.jpeg","datePublished":"2024-10-29T12:01:26+00:00","dateModified":"2024-10-30T09:24:15+00:00","author":{"@id":"https:\/\/www.altominho.tv\/site\/#\/schema\/person\/4e536851627d7914baf3dac752b6af22"},"breadcrumb":{"@id":"https:\/\/www.altominho.tv\/site\/2024\/10\/29\/novembro-traz-anonimos-de-abril-space-festival-teatro-danca-e-circo-contemporaneo\/#breadcrumb"},"inLanguage":"pt-PT","potentialAction":[{"@type":"ReadAction","target":["https:\/\/www.altominho.tv\/site\/2024\/10\/29\/novembro-traz-anonimos-de-abril-space-festival-teatro-danca-e-circo-contemporaneo\/"]}]},{"@type":"ImageObject","inLanguage":"pt-PT","@id":"https:\/\/www.altominho.tv\/site\/2024\/10\/29\/novembro-traz-anonimos-de-abril-space-festival-teatro-danca-e-circo-contemporaneo\/#primaryimage","url":"https:\/\/www.altominho.tv\/site\/wp-content\/uploads\/2024\/10\/CCCoura.jpeg","contentUrl":"https:\/\/www.altominho.tv\/site\/wp-content\/uploads\/2024\/10\/CCCoura.jpeg","width":1620,"height":1080},{"@type":"BreadcrumbList","@id":"https:\/\/www.altominho.tv\/site\/2024\/10\/29\/novembro-traz-anonimos-de-abril-space-festival-teatro-danca-e-circo-contemporaneo\/#breadcrumb","itemListElement":[{"@type":"ListItem","position":1,"name":"In\u00edcio","item":"https:\/\/www.altominho.tv\/site\/"},{"@type":"ListItem","position":2,"name":"Novembro traz \u2018An\u00f3nimos de Abril\u2019, Space Festival, teatro, dan\u00e7a e circo contempor\u00e2neo"}]},{"@type":"WebSite","@id":"https:\/\/www.altominho.tv\/site\/#website","url":"https:\/\/www.altominho.tv\/site\/","name":"Altominho.tv","description":"A sua regi\u00e3o \u00e0 dist\u00e2ncia de um clique...","potentialAction":[{"@type":"SearchAction","target":{"@type":"EntryPoint","urlTemplate":"https:\/\/www.altominho.tv\/site\/?s={search_term_string}"},"query-input":{"@type":"PropertyValueSpecification","valueRequired":true,"valueName":"search_term_string"}}],"inLanguage":"pt-PT"},{"@type":"Person","@id":"https:\/\/www.altominho.tv\/site\/#\/schema\/person\/4e536851627d7914baf3dac752b6af22","name":"Altominho.tv","image":{"@type":"ImageObject","inLanguage":"pt-PT","@id":"https:\/\/www.altominho.tv\/site\/wp-content\/uploads\/2019\/11\/Logo_Avatar_2-150x150.jpg","url":"https:\/\/www.altominho.tv\/site\/wp-content\/uploads\/2019\/11\/Logo_Avatar_2-150x150.jpg","contentUrl":"https:\/\/www.altominho.tv\/site\/wp-content\/uploads\/2019\/11\/Logo_Avatar_2-150x150.jpg","caption":"Altominho.tv"},"url":"https:\/\/www.altominho.tv\/site\/author\/altominhotv-tecnico\/"}]}},"_links":{"self":[{"href":"https:\/\/www.altominho.tv\/site\/wp-json\/wp\/v2\/posts\/111945","targetHints":{"allow":["GET"]}}],"collection":[{"href":"https:\/\/www.altominho.tv\/site\/wp-json\/wp\/v2\/posts"}],"about":[{"href":"https:\/\/www.altominho.tv\/site\/wp-json\/wp\/v2\/types\/post"}],"author":[{"embeddable":true,"href":"https:\/\/www.altominho.tv\/site\/wp-json\/wp\/v2\/users\/1"}],"replies":[{"embeddable":true,"href":"https:\/\/www.altominho.tv\/site\/wp-json\/wp\/v2\/comments?post=111945"}],"version-history":[{"count":1,"href":"https:\/\/www.altominho.tv\/site\/wp-json\/wp\/v2\/posts\/111945\/revisions"}],"predecessor-version":[{"id":111947,"href":"https:\/\/www.altominho.tv\/site\/wp-json\/wp\/v2\/posts\/111945\/revisions\/111947"}],"wp:featuredmedia":[{"embeddable":true,"href":"https:\/\/www.altominho.tv\/site\/wp-json\/wp\/v2\/media\/111964"}],"wp:attachment":[{"href":"https:\/\/www.altominho.tv\/site\/wp-json\/wp\/v2\/media?parent=111945"}],"wp:term":[{"taxonomy":"category","embeddable":true,"href":"https:\/\/www.altominho.tv\/site\/wp-json\/wp\/v2\/categories?post=111945"},{"taxonomy":"post_tag","embeddable":true,"href":"https:\/\/www.altominho.tv\/site\/wp-json\/wp\/v2\/tags?post=111945"}],"curies":[{"name":"wp","href":"https:\/\/api.w.org\/{rel}","templated":true}]}}