{"id":11189,"date":"2018-03-30T11:44:43","date_gmt":"2018-03-30T11:44:43","guid":{"rendered":"http:\/\/www.altominho.tv\/site\/?p=11189"},"modified":"2018-03-30T11:44:43","modified_gmt":"2018-03-30T11:44:43","slug":"detido-por-tentativa-de-burla-a-idosa","status":"publish","type":"post","link":"https:\/\/www.altominho.tv\/site\/2018\/03\/30\/detido-por-tentativa-de-burla-a-idosa\/","title":{"rendered":"Detido por tentativa de burla a idosa"},"content":{"rendered":"<p style=\"font-weight: 400\">O Comando Territorial de Viana do Castelo, atrav\u00e9s do N\u00facleo de Investiga\u00e7\u00e3o Criminal de Arcos de Valdevez, ontem, dia 29 de\u00a0mar\u00e7o, deteve um homem, de 48 anos, por tentativa deburla\u00a0a\u00a0uma idosa, em Ponte de Lima.<\/p>\n<p style=\"font-weight: 400\">O suspeito ter\u00e1 abordado uma idosa de 83 anos, quando estava na sua resid\u00eancia, dizendo ser amigo do padre da par\u00f3quia local, no intuito de ganhar a sua confian\u00e7a, tentando vender-lhe pendentes dourados de bijuteria, de valor muito reduzido, como se fossem pe\u00e7as em ouro, solicitando \u00e0 idosa elevadas quantias.<\/p>\n<p style=\"font-weight: 400\">A v\u00edtima ao verificar que estava a ser alvo de uma tentativa de burla, chamou um vizinho em voz alta, mandando o suspeito embora, rea\u00e7\u00e3o que obrigou o burl\u00e3o a fugir do local. Atrav\u00e9s das carater\u00edsticas do indiv\u00edduo e com base nos dados recolhidos, a GNR realizou uma opera\u00e7\u00e3o policial \u00a0no sentido de localizar o suspeito.<\/p>\n<p style=\"font-weight: 400\">A viatura utilizada pelo burl\u00e3o acabou por ser encontrada num parque de estacionamento de uma superf\u00edcie comercial, o que permitiu det\u00ea-lo no interior das instala\u00e7\u00f5es comerciais e apreender os artigos usados na tentativa de burla, nomeadamente:<\/p>\n<ul>\n<li style=\"font-weight: 400\">21 fios;<\/li>\n<li style=\"font-weight: 400\">12\u00a0pendentes;<\/li>\n<li style=\"font-weight: 400\">Dois brincos.<\/li>\n<\/ul>\n<p style=\"font-weight: 400\">O suspeito foi\u00a0constitu\u00eddo arguido e sujeito \u00e0 medida de coa\u00e7\u00e3o de termo de identidade e resid\u00eancia.<\/p>\n<p style=\"font-weight: 400\">A a\u00e7\u00e3o contou com o apoio da Pol\u00edcia de Seguran\u00e7a P\u00fablica.<\/p>\n","protected":false},"excerpt":{"rendered":"<p>O Comando Territorial de Viana do Castelo, atrav\u00e9s do N\u00facleo de Investiga\u00e7\u00e3o Criminal de Arcos de Valdevez, ontem, dia 29 de\u00a0mar\u00e7o, deteve um homem, de 48 anos, por tentativa deburla\u00a0a\u00a0uma idosa, em Ponte de Lima. O suspeito ter\u00e1 abordado uma idosa de 83 anos, quando estava na sua resid\u00eancia, dizendo ser amigo do padre da [&hellip;]<\/p>\n","protected":false},"author":11,"featured_media":11190,"comment_status":"closed","ping_status":"closed","sticky":false,"template":"","format":"standard","meta":{"_exactmetrics_skip_tracking":false,"_exactmetrics_sitenote_active":false,"_exactmetrics_sitenote_note":"","_exactmetrics_sitenote_category":0,"footnotes":""},"categories":[12],"tags":[27],"class_list":["post-11189","post","type-post","status-publish","format-standard","has-post-thumbnail","hentry","category-ponte-de-lima","tag-sociedade"],"yoast_head":"<!-- This site is optimized with the Yoast SEO Premium plugin v27.5 (Yoast SEO v27.5) - https:\/\/yoast.com\/product\/yoast-seo-premium-wordpress\/ -->\n<title>Detido por tentativa de burla a idosa<\/title>\n<meta name=\"robots\" content=\"index, follow, max-snippet:-1, max-image-preview:large, max-video-preview:-1\" \/>\n<link rel=\"canonical\" href=\"https:\/\/www.altominho.tv\/site\/2018\/03\/30\/detido-por-tentativa-de-burla-a-idosa\/\" \/>\n<meta property=\"og:locale\" content=\"pt_PT\" \/>\n<meta property=\"og:type\" content=\"article\" \/>\n<meta property=\"og:title\" content=\"Detido por tentativa de burla a idosa\" \/>\n<meta property=\"og:description\" content=\"O Comando Territorial de Viana do Castelo, atrav\u00e9s do N\u00facleo de Investiga\u00e7\u00e3o Criminal de Arcos de Valdevez, ontem, dia 29 de\u00a0mar\u00e7o, deteve um homem, de 48 anos, por tentativa deburla\u00a0a\u00a0uma idosa, em Ponte de Lima. O suspeito ter\u00e1 abordado uma idosa de 83 anos, quando estava na sua resid\u00eancia, dizendo ser amigo do padre da [&hellip;]\" \/>\n<meta property=\"og:url\" content=\"https:\/\/www.altominho.tv\/site\/2018\/03\/30\/detido-por-tentativa-de-burla-a-idosa\/\" \/>\n<meta property=\"og:site_name\" content=\"Altominho.tv\" \/>\n<meta property=\"article:publisher\" content=\"https:\/\/www.facebook.com\/altominhotv\" \/>\n<meta property=\"article:published_time\" content=\"2018-03-30T11:44:43+00:00\" \/>\n<meta property=\"og:image\" content=\"https:\/\/www.altominho.tv\/site\/wp-content\/uploads\/2018\/03\/GNR-Viana-do-Castelo-Artigos-apreendidos.jpg\" \/>\n\t<meta property=\"og:image:width\" content=\"1500\" \/>\n\t<meta property=\"og:image:height\" content=\"1125\" \/>\n\t<meta property=\"og:image:type\" content=\"image\/jpeg\" \/>\n<meta name=\"author\" content=\"M\u00e1rcio Ferreira\" \/>\n<meta name=\"twitter:card\" content=\"summary_large_image\" \/>\n<meta name=\"twitter:creator\" content=\"@altominhoTV\" \/>\n<meta name=\"twitter:site\" content=\"@altominhoTV\" \/>\n<meta name=\"twitter:label1\" content=\"Escrito por\" \/>\n\t<meta name=\"twitter:data1\" content=\"M\u00e1rcio Ferreira\" \/>\n\t<meta name=\"twitter:label2\" content=\"Tempo estimado de leitura\" \/>\n\t<meta name=\"twitter:data2\" content=\"1 minuto\" \/>\n<script type=\"application\/ld+json\" class=\"yoast-schema-graph\">{\"@context\":\"https:\\\/\\\/schema.org\",\"@graph\":[{\"@type\":\"Article\",\"@id\":\"https:\\\/\\\/www.altominho.tv\\\/site\\\/2018\\\/03\\\/30\\\/detido-por-tentativa-de-burla-a-idosa\\\/#article\",\"isPartOf\":{\"@id\":\"https:\\\/\\\/www.altominho.tv\\\/site\\\/2018\\\/03\\\/30\\\/detido-por-tentativa-de-burla-a-idosa\\\/\"},\"author\":{\"name\":\"M\u00e1rcio Ferreira\",\"@id\":\"https:\\\/\\\/www.altominho.tv\\\/site\\\/#\\\/schema\\\/person\\\/f836e37082b5dabe9144f3eb724ed5a7\"},\"headline\":\"Detido por tentativa de burla a idosa\",\"datePublished\":\"2018-03-30T11:44:43+00:00\",\"mainEntityOfPage\":{\"@id\":\"https:\\\/\\\/www.altominho.tv\\\/site\\\/2018\\\/03\\\/30\\\/detido-por-tentativa-de-burla-a-idosa\\\/\"},\"wordCount\":240,\"image\":{\"@id\":\"https:\\\/\\\/www.altominho.tv\\\/site\\\/2018\\\/03\\\/30\\\/detido-por-tentativa-de-burla-a-idosa\\\/#primaryimage\"},\"thumbnailUrl\":\"https:\\\/\\\/www.altominho.tv\\\/site\\\/wp-content\\\/uploads\\\/2018\\\/03\\\/GNR-Viana-do-Castelo-Artigos-apreendidos.jpg\",\"keywords\":[\"Sociedade\"],\"articleSection\":[\"Ponte de Lima\"],\"inLanguage\":\"pt-PT\",\"copyrightYear\":\"2018\",\"copyrightHolder\":{\"@id\":\"https:\\\/\\\/www.altominho.tv\\\/site\\\/#organization\"}},{\"@type\":\"WebPage\",\"@id\":\"https:\\\/\\\/www.altominho.tv\\\/site\\\/2018\\\/03\\\/30\\\/detido-por-tentativa-de-burla-a-idosa\\\/\",\"url\":\"https:\\\/\\\/www.altominho.tv\\\/site\\\/2018\\\/03\\\/30\\\/detido-por-tentativa-de-burla-a-idosa\\\/\",\"name\":\"Detido por tentativa de burla a idosa\",\"isPartOf\":{\"@id\":\"https:\\\/\\\/www.altominho.tv\\\/site\\\/#website\"},\"primaryImageOfPage\":{\"@id\":\"https:\\\/\\\/www.altominho.tv\\\/site\\\/2018\\\/03\\\/30\\\/detido-por-tentativa-de-burla-a-idosa\\\/#primaryimage\"},\"image\":{\"@id\":\"https:\\\/\\\/www.altominho.tv\\\/site\\\/2018\\\/03\\\/30\\\/detido-por-tentativa-de-burla-a-idosa\\\/#primaryimage\"},\"thumbnailUrl\":\"https:\\\/\\\/www.altominho.tv\\\/site\\\/wp-content\\\/uploads\\\/2018\\\/03\\\/GNR-Viana-do-Castelo-Artigos-apreendidos.jpg\",\"datePublished\":\"2018-03-30T11:44:43+00:00\",\"author\":{\"@id\":\"https:\\\/\\\/www.altominho.tv\\\/site\\\/#\\\/schema\\\/person\\\/f836e37082b5dabe9144f3eb724ed5a7\"},\"breadcrumb\":{\"@id\":\"https:\\\/\\\/www.altominho.tv\\\/site\\\/2018\\\/03\\\/30\\\/detido-por-tentativa-de-burla-a-idosa\\\/#breadcrumb\"},\"inLanguage\":\"pt-PT\",\"potentialAction\":[{\"@type\":\"ReadAction\",\"target\":[\"https:\\\/\\\/www.altominho.tv\\\/site\\\/2018\\\/03\\\/30\\\/detido-por-tentativa-de-burla-a-idosa\\\/\"]}]},{\"@type\":\"ImageObject\",\"inLanguage\":\"pt-PT\",\"@id\":\"https:\\\/\\\/www.altominho.tv\\\/site\\\/2018\\\/03\\\/30\\\/detido-por-tentativa-de-burla-a-idosa\\\/#primaryimage\",\"url\":\"https:\\\/\\\/www.altominho.tv\\\/site\\\/wp-content\\\/uploads\\\/2018\\\/03\\\/GNR-Viana-do-Castelo-Artigos-apreendidos.jpg\",\"contentUrl\":\"https:\\\/\\\/www.altominho.tv\\\/site\\\/wp-content\\\/uploads\\\/2018\\\/03\\\/GNR-Viana-do-Castelo-Artigos-apreendidos.jpg\",\"width\":1500,\"height\":1125},{\"@type\":\"BreadcrumbList\",\"@id\":\"https:\\\/\\\/www.altominho.tv\\\/site\\\/2018\\\/03\\\/30\\\/detido-por-tentativa-de-burla-a-idosa\\\/#breadcrumb\",\"itemListElement\":[{\"@type\":\"ListItem\",\"position\":1,\"name\":\"In\u00edcio\",\"item\":\"https:\\\/\\\/www.altominho.tv\\\/site\\\/\"},{\"@type\":\"ListItem\",\"position\":2,\"name\":\"Detido por tentativa de burla a idosa\"}]},{\"@type\":\"WebSite\",\"@id\":\"https:\\\/\\\/www.altominho.tv\\\/site\\\/#website\",\"url\":\"https:\\\/\\\/www.altominho.tv\\\/site\\\/\",\"name\":\"Altominho.tv\",\"description\":\"A sua regi\u00e3o \u00e0 dist\u00e2ncia de um clique...\",\"potentialAction\":[{\"@type\":\"SearchAction\",\"target\":{\"@type\":\"EntryPoint\",\"urlTemplate\":\"https:\\\/\\\/www.altominho.tv\\\/site\\\/?s={search_term_string}\"},\"query-input\":{\"@type\":\"PropertyValueSpecification\",\"valueRequired\":true,\"valueName\":\"search_term_string\"}}],\"inLanguage\":\"pt-PT\"},{\"@type\":\"Person\",\"@id\":\"https:\\\/\\\/www.altominho.tv\\\/site\\\/#\\\/schema\\\/person\\\/f836e37082b5dabe9144f3eb724ed5a7\",\"name\":\"M\u00e1rcio Ferreira\",\"image\":{\"@type\":\"ImageObject\",\"inLanguage\":\"pt-PT\",\"@id\":\"https:\\\/\\\/www.altominho.tv\\\/site\\\/wp-content\\\/uploads\\\/2017\\\/11\\\/Marcio-150x150.jpg\",\"url\":\"https:\\\/\\\/www.altominho.tv\\\/site\\\/wp-content\\\/uploads\\\/2017\\\/11\\\/Marcio-150x150.jpg\",\"contentUrl\":\"https:\\\/\\\/www.altominho.tv\\\/site\\\/wp-content\\\/uploads\\\/2017\\\/11\\\/Marcio-150x150.jpg\",\"caption\":\"M\u00e1rcio Ferreira\"},\"url\":\"https:\\\/\\\/www.altominho.tv\\\/site\\\/author\\\/marcioferreira\\\/\"}]}<\/script>\n<!-- \/ Yoast SEO Premium plugin. -->","yoast_head_json":{"title":"Detido por tentativa de burla a idosa","robots":{"index":"index","follow":"follow","max-snippet":"max-snippet:-1","max-image-preview":"max-image-preview:large","max-video-preview":"max-video-preview:-1"},"canonical":"https:\/\/www.altominho.tv\/site\/2018\/03\/30\/detido-por-tentativa-de-burla-a-idosa\/","og_locale":"pt_PT","og_type":"article","og_title":"Detido por tentativa de burla a idosa","og_description":"O Comando Territorial de Viana do Castelo, atrav\u00e9s do N\u00facleo de Investiga\u00e7\u00e3o Criminal de Arcos de Valdevez, ontem, dia 29 de\u00a0mar\u00e7o, deteve um homem, de 48 anos, por tentativa deburla\u00a0a\u00a0uma idosa, em Ponte de Lima. O suspeito ter\u00e1 abordado uma idosa de 83 anos, quando estava na sua resid\u00eancia, dizendo ser amigo do padre da [&hellip;]","og_url":"https:\/\/www.altominho.tv\/site\/2018\/03\/30\/detido-por-tentativa-de-burla-a-idosa\/","og_site_name":"Altominho.tv","article_publisher":"https:\/\/www.facebook.com\/altominhotv","article_published_time":"2018-03-30T11:44:43+00:00","og_image":[{"width":1500,"height":1125,"url":"https:\/\/www.altominho.tv\/site\/wp-content\/uploads\/2018\/03\/GNR-Viana-do-Castelo-Artigos-apreendidos.jpg","type":"image\/jpeg"}],"author":"M\u00e1rcio Ferreira","twitter_card":"summary_large_image","twitter_creator":"@altominhoTV","twitter_site":"@altominhoTV","twitter_misc":{"Escrito por":"M\u00e1rcio Ferreira","Tempo estimado de leitura":"1 minuto"},"schema":{"@context":"https:\/\/schema.org","@graph":[{"@type":"Article","@id":"https:\/\/www.altominho.tv\/site\/2018\/03\/30\/detido-por-tentativa-de-burla-a-idosa\/#article","isPartOf":{"@id":"https:\/\/www.altominho.tv\/site\/2018\/03\/30\/detido-por-tentativa-de-burla-a-idosa\/"},"author":{"name":"M\u00e1rcio Ferreira","@id":"https:\/\/www.altominho.tv\/site\/#\/schema\/person\/f836e37082b5dabe9144f3eb724ed5a7"},"headline":"Detido por tentativa de burla a idosa","datePublished":"2018-03-30T11:44:43+00:00","mainEntityOfPage":{"@id":"https:\/\/www.altominho.tv\/site\/2018\/03\/30\/detido-por-tentativa-de-burla-a-idosa\/"},"wordCount":240,"image":{"@id":"https:\/\/www.altominho.tv\/site\/2018\/03\/30\/detido-por-tentativa-de-burla-a-idosa\/#primaryimage"},"thumbnailUrl":"https:\/\/www.altominho.tv\/site\/wp-content\/uploads\/2018\/03\/GNR-Viana-do-Castelo-Artigos-apreendidos.jpg","keywords":["Sociedade"],"articleSection":["Ponte de Lima"],"inLanguage":"pt-PT","copyrightYear":"2018","copyrightHolder":{"@id":"https:\/\/www.altominho.tv\/site\/#organization"}},{"@type":"WebPage","@id":"https:\/\/www.altominho.tv\/site\/2018\/03\/30\/detido-por-tentativa-de-burla-a-idosa\/","url":"https:\/\/www.altominho.tv\/site\/2018\/03\/30\/detido-por-tentativa-de-burla-a-idosa\/","name":"Detido por tentativa de burla a idosa","isPartOf":{"@id":"https:\/\/www.altominho.tv\/site\/#website"},"primaryImageOfPage":{"@id":"https:\/\/www.altominho.tv\/site\/2018\/03\/30\/detido-por-tentativa-de-burla-a-idosa\/#primaryimage"},"image":{"@id":"https:\/\/www.altominho.tv\/site\/2018\/03\/30\/detido-por-tentativa-de-burla-a-idosa\/#primaryimage"},"thumbnailUrl":"https:\/\/www.altominho.tv\/site\/wp-content\/uploads\/2018\/03\/GNR-Viana-do-Castelo-Artigos-apreendidos.jpg","datePublished":"2018-03-30T11:44:43+00:00","author":{"@id":"https:\/\/www.altominho.tv\/site\/#\/schema\/person\/f836e37082b5dabe9144f3eb724ed5a7"},"breadcrumb":{"@id":"https:\/\/www.altominho.tv\/site\/2018\/03\/30\/detido-por-tentativa-de-burla-a-idosa\/#breadcrumb"},"inLanguage":"pt-PT","potentialAction":[{"@type":"ReadAction","target":["https:\/\/www.altominho.tv\/site\/2018\/03\/30\/detido-por-tentativa-de-burla-a-idosa\/"]}]},{"@type":"ImageObject","inLanguage":"pt-PT","@id":"https:\/\/www.altominho.tv\/site\/2018\/03\/30\/detido-por-tentativa-de-burla-a-idosa\/#primaryimage","url":"https:\/\/www.altominho.tv\/site\/wp-content\/uploads\/2018\/03\/GNR-Viana-do-Castelo-Artigos-apreendidos.jpg","contentUrl":"https:\/\/www.altominho.tv\/site\/wp-content\/uploads\/2018\/03\/GNR-Viana-do-Castelo-Artigos-apreendidos.jpg","width":1500,"height":1125},{"@type":"BreadcrumbList","@id":"https:\/\/www.altominho.tv\/site\/2018\/03\/30\/detido-por-tentativa-de-burla-a-idosa\/#breadcrumb","itemListElement":[{"@type":"ListItem","position":1,"name":"In\u00edcio","item":"https:\/\/www.altominho.tv\/site\/"},{"@type":"ListItem","position":2,"name":"Detido por tentativa de burla a idosa"}]},{"@type":"WebSite","@id":"https:\/\/www.altominho.tv\/site\/#website","url":"https:\/\/www.altominho.tv\/site\/","name":"Altominho.tv","description":"A sua regi\u00e3o \u00e0 dist\u00e2ncia de um clique...","potentialAction":[{"@type":"SearchAction","target":{"@type":"EntryPoint","urlTemplate":"https:\/\/www.altominho.tv\/site\/?s={search_term_string}"},"query-input":{"@type":"PropertyValueSpecification","valueRequired":true,"valueName":"search_term_string"}}],"inLanguage":"pt-PT"},{"@type":"Person","@id":"https:\/\/www.altominho.tv\/site\/#\/schema\/person\/f836e37082b5dabe9144f3eb724ed5a7","name":"M\u00e1rcio Ferreira","image":{"@type":"ImageObject","inLanguage":"pt-PT","@id":"https:\/\/www.altominho.tv\/site\/wp-content\/uploads\/2017\/11\/Marcio-150x150.jpg","url":"https:\/\/www.altominho.tv\/site\/wp-content\/uploads\/2017\/11\/Marcio-150x150.jpg","contentUrl":"https:\/\/www.altominho.tv\/site\/wp-content\/uploads\/2017\/11\/Marcio-150x150.jpg","caption":"M\u00e1rcio Ferreira"},"url":"https:\/\/www.altominho.tv\/site\/author\/marcioferreira\/"}]}},"_links":{"self":[{"href":"https:\/\/www.altominho.tv\/site\/wp-json\/wp\/v2\/posts\/11189","targetHints":{"allow":["GET"]}}],"collection":[{"href":"https:\/\/www.altominho.tv\/site\/wp-json\/wp\/v2\/posts"}],"about":[{"href":"https:\/\/www.altominho.tv\/site\/wp-json\/wp\/v2\/types\/post"}],"author":[{"embeddable":true,"href":"https:\/\/www.altominho.tv\/site\/wp-json\/wp\/v2\/users\/11"}],"replies":[{"embeddable":true,"href":"https:\/\/www.altominho.tv\/site\/wp-json\/wp\/v2\/comments?post=11189"}],"version-history":[{"count":0,"href":"https:\/\/www.altominho.tv\/site\/wp-json\/wp\/v2\/posts\/11189\/revisions"}],"wp:featuredmedia":[{"embeddable":true,"href":"https:\/\/www.altominho.tv\/site\/wp-json\/wp\/v2\/media\/11190"}],"wp:attachment":[{"href":"https:\/\/www.altominho.tv\/site\/wp-json\/wp\/v2\/media?parent=11189"}],"wp:term":[{"taxonomy":"category","embeddable":true,"href":"https:\/\/www.altominho.tv\/site\/wp-json\/wp\/v2\/categories?post=11189"},{"taxonomy":"post_tag","embeddable":true,"href":"https:\/\/www.altominho.tv\/site\/wp-json\/wp\/v2\/tags?post=11189"}],"curies":[{"name":"wp","href":"https:\/\/api.w.org\/{rel}","templated":true}]}}