{"id":111805,"date":"2024-10-24T15:47:50","date_gmt":"2024-10-24T14:47:50","guid":{"rendered":"https:\/\/www.altominho.tv\/site\/?p=111805"},"modified":"2024-10-24T15:47:53","modified_gmt":"2024-10-24T14:47:53","slug":"autarca-de-caminha-nao-se-vai-calar-ate-governo-resolver-assoreamento-do-rio-minho","status":"publish","type":"post","link":"https:\/\/www.altominho.tv\/site\/2024\/10\/24\/autarca-de-caminha-nao-se-vai-calar-ate-governo-resolver-assoreamento-do-rio-minho\/","title":{"rendered":"Autarca de Caminha n\u00e3o se vai calar at\u00e9 Governo resolver assoreamento do rio Minho"},"content":{"rendered":"<p>O presidente da C\u00e2mara de Caminha prometeu hoje n\u00e3o se calar at\u00e9 que o Governo resolva o assoreamento do rio Minho, lamentando que o executivo tenha \u201cesquecido\u201d a regi\u00e3o e o tema na cimeira ib\u00e9rica de quarta-feira.<\/p>\n<p>\u201cO problema carece de solu\u00e7\u00e3o urgente. Agora o Governo vai ter de resolver, porque n\u00e3o me vou calar at\u00e9 que esta situa\u00e7\u00e3o deixe de ser esquecida pelo Governo de Portugal\u201d, afirmou Rui Lages (PS), em declara\u00e7\u00f5es \u00e0 Lusa, lembrando o of\u00edcio conjunto com os presidentes dos munic\u00edpios de A Guarda e O Rosal, na Galiza, enviado em outubro ao primeiro-ministro para que o tema fosse inclu\u00eddo na agenda da cimeira com Espanha.<\/p>\n<p>Para o autarca, o assoreamento e a navegabilidade do rio Minho \u00e9 uma \u201cquest\u00e3o estrat\u00e9gica\u201d e a cimeira era \u201cuma oportunidade grande de debater o assunto\u201d.<\/p>\n<p>Em comunicado divulgado hoje, a coliga\u00e7\u00e3o PSD\/CDS\/Alian\u00e7a\/PPM naquele munic\u00edpio\u00a0 criticou Rui Lages por n\u00e3o ter \u201cfor\u00e7a pol\u00edtica nem estrat\u00e9gia\u201d, considerou que o assoreamento \u00e9 um tema de \u201cgest\u00e3o corrente\u201d entre os dois governos e apelou \u201c\u00e0 uni\u00e3o na luta por uma ponte\u201d de liga\u00e7\u00e3o a A Guarda, na Galiza, Espanha.<\/p>\n<p>\u201cNa cimeira ib\u00e9rica, pela ordem de grandeza, era uma ponte pela qual todos deveriam lutar, mas n\u00e3o precisamos de uma cimeira para a p\u00f4r na agenda pol\u00edtica nacional\u201d, assinala a coliga\u00e7\u00e3o.<\/p>\n<p>Para a coliga\u00e7\u00e3o, \u201co desassoreamento tem que ser tratado pelos governos dos dois pa\u00edses na gest\u00e3o corrente de manuten\u00e7\u00f5es de navegabilidade do rio Minho\u201d, sendo \u201cuma quest\u00e3o que n\u00e3o pode estar \u00e0 espera de decis\u00f5es de cimeiras ib\u00e9ricas\u201d.<\/p>\n<p>Rui Lages sustenta que \u201calgo anda a falhar na gest\u00e3o corrente\u201d do problema que tem \u201cd\u00e9cadas\u201d.<\/p>\n<p>\u201cEstes f\u00f3runs servem para isso mesmo. Se este n\u00e3o \u00e9 o f\u00f3rum ideal, n\u00e3o sei qual era. Era importante o Governo portugu\u00eas ter-se entendido com o de Espanha para ver quem e quando teria a responsabilidade de fazer o desassoreamento\u201d, disse.<\/p>\n<p>O autarca considera que \u201colhar para o assoreamento \u00e9 ver o territ\u00f3rio como um todo\u201d, por estar em causa \u201ca navegabilidade do rio Minho, as pescas, o turismo e a seguran\u00e7a mar\u00edtima nacional, que tem um posto em Caminha e se depara com as suas embarca\u00e7\u00f5es em bancos de areia\u201d.<\/p>\n<p>\u201cFiz chegar estas preocupa\u00e7\u00f5es ao Governo. Enviei diversas missivas. As respostas foram sempre zero. A voz n\u00e3o me vai doer at\u00e9 ver esta situa\u00e7\u00e3o resolvida\u201d, avisou.<\/p>\n<p>Quanto \u00e0 travessia para ligar Caminha \u00e0 Galiza, o autarca recorda o estudo do Agrupamento Europeu de Coopera\u00e7\u00e3o Territorial (AECT) Rio Minho divulgado em outubro de 2023, de acordo com o qual a op\u00e7\u00e3o por um \u2018ferryboat\u2019 el\u00e9trico n\u00e3o pode ser descartada no curto\/m\u00e9dio prazo, \u201cmesmo no caso hipot\u00e9tico de se estudar uma ponte\u201d.<\/p>\n<p>A preocupa\u00e7\u00e3o, disse, \u201c\u00e9 que o rio volte a ter din\u00e2mica e a criar riqueza\u201d.<\/p>\n<p>Insistindo que \u201cem cimeiras ib\u00e9ricas tem que se lutar por uma liga\u00e7\u00e3o rodovi\u00e1ria efetiva\u201d, a coliga\u00e7\u00e3o revela que vai \u201cpromover reuni\u00f5es com respons\u00e1veis, mostrar o estudo e trabalho j\u00e1 feito e sensibilizar as entidades\u201d, para que a ponte \u201cseja tema de aprofundamento nas rela\u00e7\u00f5es entre os governos de Portugal e Espanha\u201d.<\/p>\n<p>De acordo com o estudo de pr\u00e9-viabilidade do refor\u00e7o de liga\u00e7\u00f5es entre Caminha e a Guarda, \u201cmesmo no pressuposto de que se optasse por uma solu\u00e7\u00e3o tipo ponte, h\u00e1 que ter presente que, para a sua materializa\u00e7\u00e3o, seriam necess\u00e1rios 15 a 20 anos, pelo que seria de manter a liga\u00e7\u00e3o por \u2018ferry\u2019 el\u00e9trico\u201d.<\/p>\n<p>O &#8216;ferryboat&#8217; Santa Rita de C\u00e1ssia come\u00e7ou a cruzar o rio Minho entre Caminha e A Guarda em 1995, mas ao longo dos anos a travessia esteve v\u00e1rias vezes interrompida, em algumas situa\u00e7\u00f5es por largos per\u00edodos, ou devido a avarias na embarca\u00e7\u00e3o ou pelo assoreamento do canal de navega\u00e7\u00e3o.<\/p>\n<p>Caminha \u00e9 \u00fanico concelho do vale do Minho que depende do transporte fluvial para garantir a liga\u00e7\u00e3o \u00e0 Galiza. Vila Nova de Cerveira, Valen\u00e7a, Mon\u00e7\u00e3o e Melga\u00e7o disp\u00f5em de pontes internacionais.<\/p>\n","protected":false},"excerpt":{"rendered":"<p>O presidente da C\u00e2mara de Caminha prometeu hoje n\u00e3o se calar at\u00e9 que o Governo resolva o assoreamento do rio Minho, lamentando que o executivo tenha \u201cesquecido\u201d a regi\u00e3o e o tema na cimeira ib\u00e9rica de quarta-feira. \u201cO problema carece de solu\u00e7\u00e3o urgente. Agora o Governo vai ter de resolver, porque n\u00e3o me vou calar [&hellip;]<\/p>\n","protected":false},"author":13,"featured_media":99172,"comment_status":"closed","ping_status":"closed","sticky":false,"template":"","format":"standard","meta":{"_exactmetrics_skip_tracking":false,"_exactmetrics_sitenote_active":false,"_exactmetrics_sitenote_note":"","_exactmetrics_sitenote_category":0,"footnotes":""},"categories":[7],"tags":[56326],"class_list":["post-111805","post","type-post","status-publish","format-standard","has-post-thumbnail","hentry","category-caminha","tag-politica"],"yoast_head":"<!-- This site is optimized with the Yoast SEO Premium plugin v27.5 (Yoast SEO v27.5) - https:\/\/yoast.com\/product\/yoast-seo-premium-wordpress\/ -->\n<title>Autarca de Caminha n\u00e3o se vai calar at\u00e9 Governo resolver assoreamento do rio Minho<\/title>\n<meta name=\"description\" content=\"O presidente da C\u00e2mara de Caminha prometeu hoje n\u00e3o se calar at\u00e9 que o Governo resolva o assoreamento do rio Minho, lamentando que o executivo tenha \u201cesquecido\u201d a regi\u00e3o e o tema na cimeira ib\u00e9rica de quarta-feira.\" \/>\n<meta name=\"robots\" content=\"index, follow, max-snippet:-1, max-image-preview:large, max-video-preview:-1\" \/>\n<link rel=\"canonical\" href=\"https:\/\/www.altominho.tv\/site\/2024\/10\/24\/autarca-de-caminha-nao-se-vai-calar-ate-governo-resolver-assoreamento-do-rio-minho\/\" \/>\n<meta property=\"og:locale\" content=\"pt_PT\" \/>\n<meta property=\"og:type\" content=\"article\" \/>\n<meta property=\"og:title\" content=\"Autarca de Caminha n\u00e3o se vai calar at\u00e9 Governo resolver assoreamento do rio Minho\" \/>\n<meta property=\"og:description\" content=\"O presidente da C\u00e2mara de Caminha prometeu hoje n\u00e3o se calar at\u00e9 que o Governo resolva o assoreamento do rio Minho, lamentando que o executivo tenha \u201cesquecido\u201d a regi\u00e3o e o tema na cimeira ib\u00e9rica de quarta-feira.\" \/>\n<meta property=\"og:url\" content=\"https:\/\/www.altominho.tv\/site\/2024\/10\/24\/autarca-de-caminha-nao-se-vai-calar-ate-governo-resolver-assoreamento-do-rio-minho\/\" \/>\n<meta property=\"og:site_name\" content=\"Altominho.tv\" \/>\n<meta property=\"article:publisher\" content=\"https:\/\/www.facebook.com\/altominhotv\" \/>\n<meta property=\"article:published_time\" content=\"2024-10-24T14:47:50+00:00\" \/>\n<meta property=\"article:modified_time\" content=\"2024-10-24T14:47:53+00:00\" \/>\n<meta property=\"og:image\" content=\"https:\/\/www.altominho.tv\/site\/wp-content\/uploads\/2023\/11\/Rui-lages-e1729781102717.jpg\" \/>\n\t<meta property=\"og:image:width\" content=\"1620\" \/>\n\t<meta property=\"og:image:height\" content=\"912\" \/>\n\t<meta property=\"og:image:type\" content=\"image\/jpeg\" \/>\n<meta name=\"author\" content=\"Lusa\" \/>\n<meta name=\"twitter:card\" content=\"summary_large_image\" \/>\n<meta name=\"twitter:creator\" content=\"@altominhoTV\" \/>\n<meta name=\"twitter:site\" content=\"@altominhoTV\" \/>\n<meta name=\"twitter:label1\" content=\"Escrito por\" \/>\n\t<meta name=\"twitter:data1\" content=\"Lusa\" \/>\n\t<meta name=\"twitter:label2\" content=\"Tempo estimado de leitura\" \/>\n\t<meta name=\"twitter:data2\" content=\"4 minutos\" \/>\n<script type=\"application\/ld+json\" class=\"yoast-schema-graph\">{\"@context\":\"https:\\\/\\\/schema.org\",\"@graph\":[{\"@type\":\"Article\",\"@id\":\"https:\\\/\\\/www.altominho.tv\\\/site\\\/2024\\\/10\\\/24\\\/autarca-de-caminha-nao-se-vai-calar-ate-governo-resolver-assoreamento-do-rio-minho\\\/#article\",\"isPartOf\":{\"@id\":\"https:\\\/\\\/www.altominho.tv\\\/site\\\/2024\\\/10\\\/24\\\/autarca-de-caminha-nao-se-vai-calar-ate-governo-resolver-assoreamento-do-rio-minho\\\/\"},\"author\":{\"name\":\"Lusa\",\"@id\":\"https:\\\/\\\/www.altominho.tv\\\/site\\\/#\\\/schema\\\/person\\\/63f693da3e1899361cbe955c46f3232e\"},\"headline\":\"Autarca de Caminha n\u00e3o se vai calar at\u00e9 Governo resolver assoreamento do rio Minho\",\"datePublished\":\"2024-10-24T14:47:50+00:00\",\"dateModified\":\"2024-10-24T14:47:53+00:00\",\"mainEntityOfPage\":{\"@id\":\"https:\\\/\\\/www.altominho.tv\\\/site\\\/2024\\\/10\\\/24\\\/autarca-de-caminha-nao-se-vai-calar-ate-governo-resolver-assoreamento-do-rio-minho\\\/\"},\"wordCount\":728,\"image\":{\"@id\":\"https:\\\/\\\/www.altominho.tv\\\/site\\\/2024\\\/10\\\/24\\\/autarca-de-caminha-nao-se-vai-calar-ate-governo-resolver-assoreamento-do-rio-minho\\\/#primaryimage\"},\"thumbnailUrl\":\"https:\\\/\\\/www.altominho.tv\\\/site\\\/wp-content\\\/uploads\\\/2023\\\/11\\\/Rui-lages-e1729781102717.jpg\",\"keywords\":[\"Pol\u00edtica\"],\"articleSection\":[\"Caminha\"],\"inLanguage\":\"pt-PT\",\"copyrightYear\":\"2024\",\"copyrightHolder\":{\"@id\":\"https:\\\/\\\/www.altominho.tv\\\/site\\\/#organization\"}},{\"@type\":\"WebPage\",\"@id\":\"https:\\\/\\\/www.altominho.tv\\\/site\\\/2024\\\/10\\\/24\\\/autarca-de-caminha-nao-se-vai-calar-ate-governo-resolver-assoreamento-do-rio-minho\\\/\",\"url\":\"https:\\\/\\\/www.altominho.tv\\\/site\\\/2024\\\/10\\\/24\\\/autarca-de-caminha-nao-se-vai-calar-ate-governo-resolver-assoreamento-do-rio-minho\\\/\",\"name\":\"Autarca de Caminha n\u00e3o se vai calar at\u00e9 Governo resolver assoreamento do rio Minho\",\"isPartOf\":{\"@id\":\"https:\\\/\\\/www.altominho.tv\\\/site\\\/#website\"},\"primaryImageOfPage\":{\"@id\":\"https:\\\/\\\/www.altominho.tv\\\/site\\\/2024\\\/10\\\/24\\\/autarca-de-caminha-nao-se-vai-calar-ate-governo-resolver-assoreamento-do-rio-minho\\\/#primaryimage\"},\"image\":{\"@id\":\"https:\\\/\\\/www.altominho.tv\\\/site\\\/2024\\\/10\\\/24\\\/autarca-de-caminha-nao-se-vai-calar-ate-governo-resolver-assoreamento-do-rio-minho\\\/#primaryimage\"},\"thumbnailUrl\":\"https:\\\/\\\/www.altominho.tv\\\/site\\\/wp-content\\\/uploads\\\/2023\\\/11\\\/Rui-lages-e1729781102717.jpg\",\"datePublished\":\"2024-10-24T14:47:50+00:00\",\"dateModified\":\"2024-10-24T14:47:53+00:00\",\"author\":{\"@id\":\"https:\\\/\\\/www.altominho.tv\\\/site\\\/#\\\/schema\\\/person\\\/63f693da3e1899361cbe955c46f3232e\"},\"description\":\"O presidente da C\u00e2mara de Caminha prometeu hoje n\u00e3o se calar at\u00e9 que o Governo resolva o assoreamento do rio Minho, lamentando que o executivo tenha \u201cesquecido\u201d a regi\u00e3o e o tema na cimeira ib\u00e9rica de quarta-feira.\",\"breadcrumb\":{\"@id\":\"https:\\\/\\\/www.altominho.tv\\\/site\\\/2024\\\/10\\\/24\\\/autarca-de-caminha-nao-se-vai-calar-ate-governo-resolver-assoreamento-do-rio-minho\\\/#breadcrumb\"},\"inLanguage\":\"pt-PT\",\"potentialAction\":[{\"@type\":\"ReadAction\",\"target\":[\"https:\\\/\\\/www.altominho.tv\\\/site\\\/2024\\\/10\\\/24\\\/autarca-de-caminha-nao-se-vai-calar-ate-governo-resolver-assoreamento-do-rio-minho\\\/\"]}]},{\"@type\":\"ImageObject\",\"inLanguage\":\"pt-PT\",\"@id\":\"https:\\\/\\\/www.altominho.tv\\\/site\\\/2024\\\/10\\\/24\\\/autarca-de-caminha-nao-se-vai-calar-ate-governo-resolver-assoreamento-do-rio-minho\\\/#primaryimage\",\"url\":\"https:\\\/\\\/www.altominho.tv\\\/site\\\/wp-content\\\/uploads\\\/2023\\\/11\\\/Rui-lages-e1729781102717.jpg\",\"contentUrl\":\"https:\\\/\\\/www.altominho.tv\\\/site\\\/wp-content\\\/uploads\\\/2023\\\/11\\\/Rui-lages-e1729781102717.jpg\",\"width\":1620,\"height\":912},{\"@type\":\"BreadcrumbList\",\"@id\":\"https:\\\/\\\/www.altominho.tv\\\/site\\\/2024\\\/10\\\/24\\\/autarca-de-caminha-nao-se-vai-calar-ate-governo-resolver-assoreamento-do-rio-minho\\\/#breadcrumb\",\"itemListElement\":[{\"@type\":\"ListItem\",\"position\":1,\"name\":\"In\u00edcio\",\"item\":\"https:\\\/\\\/www.altominho.tv\\\/site\\\/\"},{\"@type\":\"ListItem\",\"position\":2,\"name\":\"Autarca de Caminha n\u00e3o se vai calar at\u00e9 Governo resolver assoreamento do rio Minho\"}]},{\"@type\":\"WebSite\",\"@id\":\"https:\\\/\\\/www.altominho.tv\\\/site\\\/#website\",\"url\":\"https:\\\/\\\/www.altominho.tv\\\/site\\\/\",\"name\":\"Altominho.tv\",\"description\":\"A sua regi\u00e3o \u00e0 dist\u00e2ncia de um clique...\",\"potentialAction\":[{\"@type\":\"SearchAction\",\"target\":{\"@type\":\"EntryPoint\",\"urlTemplate\":\"https:\\\/\\\/www.altominho.tv\\\/site\\\/?s={search_term_string}\"},\"query-input\":{\"@type\":\"PropertyValueSpecification\",\"valueRequired\":true,\"valueName\":\"search_term_string\"}}],\"inLanguage\":\"pt-PT\"},{\"@type\":\"Person\",\"@id\":\"https:\\\/\\\/www.altominho.tv\\\/site\\\/#\\\/schema\\\/person\\\/63f693da3e1899361cbe955c46f3232e\",\"name\":\"Lusa\",\"image\":{\"@type\":\"ImageObject\",\"inLanguage\":\"pt-PT\",\"@id\":\"https:\\\/\\\/www.altominho.tv\\\/site\\\/wp-content\\\/uploads\\\/2019\\\/08\\\/LUSA_Logo.gif\",\"url\":\"https:\\\/\\\/www.altominho.tv\\\/site\\\/wp-content\\\/uploads\\\/2019\\\/08\\\/LUSA_Logo.gif\",\"contentUrl\":\"https:\\\/\\\/www.altominho.tv\\\/site\\\/wp-content\\\/uploads\\\/2019\\\/08\\\/LUSA_Logo.gif\",\"caption\":\"Lusa\"},\"sameAs\":[\"http:\\\/\\\/\\\/\\\/www.altominho.tv\\\/site\"],\"url\":\"https:\\\/\\\/www.altominho.tv\\\/site\\\/author\\\/lusa\\\/\"}]}<\/script>\n<!-- \/ Yoast SEO Premium plugin. -->","yoast_head_json":{"title":"Autarca de Caminha n\u00e3o se vai calar at\u00e9 Governo resolver assoreamento do rio Minho","description":"O presidente da C\u00e2mara de Caminha prometeu hoje n\u00e3o se calar at\u00e9 que o Governo resolva o assoreamento do rio Minho, lamentando que o executivo tenha \u201cesquecido\u201d a regi\u00e3o e o tema na cimeira ib\u00e9rica de quarta-feira.","robots":{"index":"index","follow":"follow","max-snippet":"max-snippet:-1","max-image-preview":"max-image-preview:large","max-video-preview":"max-video-preview:-1"},"canonical":"https:\/\/www.altominho.tv\/site\/2024\/10\/24\/autarca-de-caminha-nao-se-vai-calar-ate-governo-resolver-assoreamento-do-rio-minho\/","og_locale":"pt_PT","og_type":"article","og_title":"Autarca de Caminha n\u00e3o se vai calar at\u00e9 Governo resolver assoreamento do rio Minho","og_description":"O presidente da C\u00e2mara de Caminha prometeu hoje n\u00e3o se calar at\u00e9 que o Governo resolva o assoreamento do rio Minho, lamentando que o executivo tenha \u201cesquecido\u201d a regi\u00e3o e o tema na cimeira ib\u00e9rica de quarta-feira.","og_url":"https:\/\/www.altominho.tv\/site\/2024\/10\/24\/autarca-de-caminha-nao-se-vai-calar-ate-governo-resolver-assoreamento-do-rio-minho\/","og_site_name":"Altominho.tv","article_publisher":"https:\/\/www.facebook.com\/altominhotv","article_published_time":"2024-10-24T14:47:50+00:00","article_modified_time":"2024-10-24T14:47:53+00:00","og_image":[{"width":1620,"height":912,"url":"https:\/\/www.altominho.tv\/site\/wp-content\/uploads\/2023\/11\/Rui-lages-e1729781102717.jpg","type":"image\/jpeg"}],"author":"Lusa","twitter_card":"summary_large_image","twitter_creator":"@altominhoTV","twitter_site":"@altominhoTV","twitter_misc":{"Escrito por":"Lusa","Tempo estimado de leitura":"4 minutos"},"schema":{"@context":"https:\/\/schema.org","@graph":[{"@type":"Article","@id":"https:\/\/www.altominho.tv\/site\/2024\/10\/24\/autarca-de-caminha-nao-se-vai-calar-ate-governo-resolver-assoreamento-do-rio-minho\/#article","isPartOf":{"@id":"https:\/\/www.altominho.tv\/site\/2024\/10\/24\/autarca-de-caminha-nao-se-vai-calar-ate-governo-resolver-assoreamento-do-rio-minho\/"},"author":{"name":"Lusa","@id":"https:\/\/www.altominho.tv\/site\/#\/schema\/person\/63f693da3e1899361cbe955c46f3232e"},"headline":"Autarca de Caminha n\u00e3o se vai calar at\u00e9 Governo resolver assoreamento do rio Minho","datePublished":"2024-10-24T14:47:50+00:00","dateModified":"2024-10-24T14:47:53+00:00","mainEntityOfPage":{"@id":"https:\/\/www.altominho.tv\/site\/2024\/10\/24\/autarca-de-caminha-nao-se-vai-calar-ate-governo-resolver-assoreamento-do-rio-minho\/"},"wordCount":728,"image":{"@id":"https:\/\/www.altominho.tv\/site\/2024\/10\/24\/autarca-de-caminha-nao-se-vai-calar-ate-governo-resolver-assoreamento-do-rio-minho\/#primaryimage"},"thumbnailUrl":"https:\/\/www.altominho.tv\/site\/wp-content\/uploads\/2023\/11\/Rui-lages-e1729781102717.jpg","keywords":["Pol\u00edtica"],"articleSection":["Caminha"],"inLanguage":"pt-PT","copyrightYear":"2024","copyrightHolder":{"@id":"https:\/\/www.altominho.tv\/site\/#organization"}},{"@type":"WebPage","@id":"https:\/\/www.altominho.tv\/site\/2024\/10\/24\/autarca-de-caminha-nao-se-vai-calar-ate-governo-resolver-assoreamento-do-rio-minho\/","url":"https:\/\/www.altominho.tv\/site\/2024\/10\/24\/autarca-de-caminha-nao-se-vai-calar-ate-governo-resolver-assoreamento-do-rio-minho\/","name":"Autarca de Caminha n\u00e3o se vai calar at\u00e9 Governo resolver assoreamento do rio Minho","isPartOf":{"@id":"https:\/\/www.altominho.tv\/site\/#website"},"primaryImageOfPage":{"@id":"https:\/\/www.altominho.tv\/site\/2024\/10\/24\/autarca-de-caminha-nao-se-vai-calar-ate-governo-resolver-assoreamento-do-rio-minho\/#primaryimage"},"image":{"@id":"https:\/\/www.altominho.tv\/site\/2024\/10\/24\/autarca-de-caminha-nao-se-vai-calar-ate-governo-resolver-assoreamento-do-rio-minho\/#primaryimage"},"thumbnailUrl":"https:\/\/www.altominho.tv\/site\/wp-content\/uploads\/2023\/11\/Rui-lages-e1729781102717.jpg","datePublished":"2024-10-24T14:47:50+00:00","dateModified":"2024-10-24T14:47:53+00:00","author":{"@id":"https:\/\/www.altominho.tv\/site\/#\/schema\/person\/63f693da3e1899361cbe955c46f3232e"},"description":"O presidente da C\u00e2mara de Caminha prometeu hoje n\u00e3o se calar at\u00e9 que o Governo resolva o assoreamento do rio Minho, lamentando que o executivo tenha \u201cesquecido\u201d a regi\u00e3o e o tema na cimeira ib\u00e9rica de quarta-feira.","breadcrumb":{"@id":"https:\/\/www.altominho.tv\/site\/2024\/10\/24\/autarca-de-caminha-nao-se-vai-calar-ate-governo-resolver-assoreamento-do-rio-minho\/#breadcrumb"},"inLanguage":"pt-PT","potentialAction":[{"@type":"ReadAction","target":["https:\/\/www.altominho.tv\/site\/2024\/10\/24\/autarca-de-caminha-nao-se-vai-calar-ate-governo-resolver-assoreamento-do-rio-minho\/"]}]},{"@type":"ImageObject","inLanguage":"pt-PT","@id":"https:\/\/www.altominho.tv\/site\/2024\/10\/24\/autarca-de-caminha-nao-se-vai-calar-ate-governo-resolver-assoreamento-do-rio-minho\/#primaryimage","url":"https:\/\/www.altominho.tv\/site\/wp-content\/uploads\/2023\/11\/Rui-lages-e1729781102717.jpg","contentUrl":"https:\/\/www.altominho.tv\/site\/wp-content\/uploads\/2023\/11\/Rui-lages-e1729781102717.jpg","width":1620,"height":912},{"@type":"BreadcrumbList","@id":"https:\/\/www.altominho.tv\/site\/2024\/10\/24\/autarca-de-caminha-nao-se-vai-calar-ate-governo-resolver-assoreamento-do-rio-minho\/#breadcrumb","itemListElement":[{"@type":"ListItem","position":1,"name":"In\u00edcio","item":"https:\/\/www.altominho.tv\/site\/"},{"@type":"ListItem","position":2,"name":"Autarca de Caminha n\u00e3o se vai calar at\u00e9 Governo resolver assoreamento do rio Minho"}]},{"@type":"WebSite","@id":"https:\/\/www.altominho.tv\/site\/#website","url":"https:\/\/www.altominho.tv\/site\/","name":"Altominho.tv","description":"A sua regi\u00e3o \u00e0 dist\u00e2ncia de um clique...","potentialAction":[{"@type":"SearchAction","target":{"@type":"EntryPoint","urlTemplate":"https:\/\/www.altominho.tv\/site\/?s={search_term_string}"},"query-input":{"@type":"PropertyValueSpecification","valueRequired":true,"valueName":"search_term_string"}}],"inLanguage":"pt-PT"},{"@type":"Person","@id":"https:\/\/www.altominho.tv\/site\/#\/schema\/person\/63f693da3e1899361cbe955c46f3232e","name":"Lusa","image":{"@type":"ImageObject","inLanguage":"pt-PT","@id":"https:\/\/www.altominho.tv\/site\/wp-content\/uploads\/2019\/08\/LUSA_Logo.gif","url":"https:\/\/www.altominho.tv\/site\/wp-content\/uploads\/2019\/08\/LUSA_Logo.gif","contentUrl":"https:\/\/www.altominho.tv\/site\/wp-content\/uploads\/2019\/08\/LUSA_Logo.gif","caption":"Lusa"},"sameAs":["http:\/\/\/\/www.altominho.tv\/site"],"url":"https:\/\/www.altominho.tv\/site\/author\/lusa\/"}]}},"_links":{"self":[{"href":"https:\/\/www.altominho.tv\/site\/wp-json\/wp\/v2\/posts\/111805","targetHints":{"allow":["GET"]}}],"collection":[{"href":"https:\/\/www.altominho.tv\/site\/wp-json\/wp\/v2\/posts"}],"about":[{"href":"https:\/\/www.altominho.tv\/site\/wp-json\/wp\/v2\/types\/post"}],"author":[{"embeddable":true,"href":"https:\/\/www.altominho.tv\/site\/wp-json\/wp\/v2\/users\/13"}],"replies":[{"embeddable":true,"href":"https:\/\/www.altominho.tv\/site\/wp-json\/wp\/v2\/comments?post=111805"}],"version-history":[{"count":1,"href":"https:\/\/www.altominho.tv\/site\/wp-json\/wp\/v2\/posts\/111805\/revisions"}],"predecessor-version":[{"id":111806,"href":"https:\/\/www.altominho.tv\/site\/wp-json\/wp\/v2\/posts\/111805\/revisions\/111806"}],"wp:featuredmedia":[{"embeddable":true,"href":"https:\/\/www.altominho.tv\/site\/wp-json\/wp\/v2\/media\/99172"}],"wp:attachment":[{"href":"https:\/\/www.altominho.tv\/site\/wp-json\/wp\/v2\/media?parent=111805"}],"wp:term":[{"taxonomy":"category","embeddable":true,"href":"https:\/\/www.altominho.tv\/site\/wp-json\/wp\/v2\/categories?post=111805"},{"taxonomy":"post_tag","embeddable":true,"href":"https:\/\/www.altominho.tv\/site\/wp-json\/wp\/v2\/tags?post=111805"}],"curies":[{"name":"wp","href":"https:\/\/api.w.org\/{rel}","templated":true}]}}