{"id":111792,"date":"2024-10-24T12:54:56","date_gmt":"2024-10-24T11:54:56","guid":{"rendered":"https:\/\/www.altominho.tv\/site\/?p=111792"},"modified":"2024-10-24T12:54:59","modified_gmt":"2024-10-24T11:54:59","slug":"cardielos-recebe-tradicional-corta-mato-de-abertura-da-aavc","status":"publish","type":"post","link":"https:\/\/www.altominho.tv\/site\/2024\/10\/24\/cardielos-recebe-tradicional-corta-mato-de-abertura-da-aavc\/","title":{"rendered":"Cardielos recebe tradicional Corta-Mato de Abertura da AAVC"},"content":{"rendered":"<p>A freguesia de Cardielos recebe no pr\u00f3ximo s\u00e1bado, dia 26 de outubro, a partir das 14h30, o tradicional Corta-Mato de Abertura, a primeira prova do calend\u00e1rio 2024\/2025 da Associa\u00e7\u00e3o de Atletismo de Viana do Castelo (AAVC).<\/p>\n<p>A prova, que se realizar\u00e1 junto \u00e0 praia fluvial de Cardielos, serve como primeira etapa do circuito de corta-mato promovido pela AAVC.<\/p>\n<p>Este circuito contempla um total de 4 provas \u2013 a seguinte ser\u00e1 efetuada em Verdoejo a 2 de novembro \u2013 e as classifica\u00e7\u00f5es obtidas por cada atleta, nas diferentes provas, contribuir\u00e1 para a defini\u00e7\u00e3o de uma classifica\u00e7\u00e3o final que consagrar\u00e1 o vencedor do circuito.<\/p>\n<p>Esta prova conta com i apoio da Uni\u00e3o de Freguesias de Cardielos e Serreleis.<\/p>\n","protected":false},"excerpt":{"rendered":"<p>A freguesia de Cardielos recebe no pr\u00f3ximo s\u00e1bado, dia 26 de outubro, a partir das 14h30, o tradicional Corta-Mato de Abertura, a primeira prova do calend\u00e1rio 2024\/2025 da Associa\u00e7\u00e3o de Atletismo de Viana do Castelo (AAVC). A prova, que se realizar\u00e1 junto \u00e0 praia fluvial de Cardielos, serve como primeira etapa do circuito de corta-mato [&hellip;]<\/p>\n","protected":false},"author":1,"featured_media":111793,"comment_status":"closed","ping_status":"closed","sticky":false,"template":"","format":"standard","meta":{"_exactmetrics_skip_tracking":false,"_exactmetrics_sitenote_active":false,"_exactmetrics_sitenote_note":"","_exactmetrics_sitenote_category":0,"footnotes":""},"categories":[14],"tags":[20],"class_list":["post-111792","post","type-post","status-publish","format-standard","has-post-thumbnail","hentry","category-viana-do-castelo","tag-desporto"],"yoast_head":"<!-- This site is optimized with the Yoast SEO Premium plugin v27.4 (Yoast SEO v27.4) - https:\/\/yoast.com\/product\/yoast-seo-premium-wordpress\/ -->\n<title>Cardielos recebe tradicional Corta-Mato de Abertura da AAVC<\/title>\n<meta name=\"description\" content=\"A freguesia de Cardielos recebe no pr\u00f3ximo s\u00e1bado, dia 26 de outubro, a partir das 14h30, o tradicional Corta-Mato de Abertura, a primeira prova do calend\u00e1rio 2024\/2025 da Associa\u00e7\u00e3o de Atletismo de Viana do Castelo (AAVC).\" \/>\n<meta name=\"robots\" content=\"index, follow, max-snippet:-1, max-image-preview:large, max-video-preview:-1\" \/>\n<link rel=\"canonical\" href=\"https:\/\/www.altominho.tv\/site\/2024\/10\/24\/cardielos-recebe-tradicional-corta-mato-de-abertura-da-aavc\/\" \/>\n<meta property=\"og:locale\" content=\"pt_PT\" \/>\n<meta property=\"og:type\" content=\"article\" \/>\n<meta property=\"og:title\" content=\"Cardielos recebe tradicional Corta-Mato de Abertura da AAVC\" \/>\n<meta property=\"og:description\" content=\"A freguesia de Cardielos recebe no pr\u00f3ximo s\u00e1bado, dia 26 de outubro, a partir das 14h30, o tradicional Corta-Mato de Abertura, a primeira prova do calend\u00e1rio 2024\/2025 da Associa\u00e7\u00e3o de Atletismo de Viana do Castelo (AAVC).\" \/>\n<meta property=\"og:url\" content=\"https:\/\/www.altominho.tv\/site\/2024\/10\/24\/cardielos-recebe-tradicional-corta-mato-de-abertura-da-aavc\/\" \/>\n<meta property=\"og:site_name\" content=\"Altominho.tv\" \/>\n<meta property=\"article:publisher\" content=\"https:\/\/www.facebook.com\/altominhotv\" \/>\n<meta property=\"article:published_time\" content=\"2024-10-24T11:54:56+00:00\" \/>\n<meta property=\"article:modified_time\" content=\"2024-10-24T11:54:59+00:00\" \/>\n<meta property=\"og:image\" content=\"https:\/\/www.altominho.tv\/site\/wp-content\/uploads\/2024\/10\/corta-mato.jpg\" \/>\n\t<meta property=\"og:image:width\" content=\"2000\" \/>\n\t<meta property=\"og:image:height\" content=\"1125\" \/>\n\t<meta property=\"og:image:type\" content=\"image\/jpeg\" \/>\n<meta name=\"author\" content=\"Altominho.tv\" \/>\n<meta name=\"twitter:card\" content=\"summary_large_image\" \/>\n<meta name=\"twitter:creator\" content=\"@altominhoTV\" \/>\n<meta name=\"twitter:site\" content=\"@altominhoTV\" \/>\n<meta name=\"twitter:label1\" content=\"Escrito por\" \/>\n\t<meta name=\"twitter:data1\" content=\"Altominho.tv\" \/>\n\t<meta name=\"twitter:label2\" content=\"Tempo estimado de leitura\" \/>\n\t<meta name=\"twitter:data2\" content=\"1 minuto\" \/>\n<script type=\"application\/ld+json\" class=\"yoast-schema-graph\">{\"@context\":\"https:\\\/\\\/schema.org\",\"@graph\":[{\"@type\":\"Article\",\"@id\":\"https:\\\/\\\/www.altominho.tv\\\/site\\\/2024\\\/10\\\/24\\\/cardielos-recebe-tradicional-corta-mato-de-abertura-da-aavc\\\/#article\",\"isPartOf\":{\"@id\":\"https:\\\/\\\/www.altominho.tv\\\/site\\\/2024\\\/10\\\/24\\\/cardielos-recebe-tradicional-corta-mato-de-abertura-da-aavc\\\/\"},\"author\":{\"name\":\"Altominho.tv\",\"@id\":\"https:\\\/\\\/www.altominho.tv\\\/site\\\/#\\\/schema\\\/person\\\/4e536851627d7914baf3dac752b6af22\"},\"headline\":\"Cardielos recebe tradicional Corta-Mato de Abertura da AAVC\",\"datePublished\":\"2024-10-24T11:54:56+00:00\",\"dateModified\":\"2024-10-24T11:54:59+00:00\",\"mainEntityOfPage\":{\"@id\":\"https:\\\/\\\/www.altominho.tv\\\/site\\\/2024\\\/10\\\/24\\\/cardielos-recebe-tradicional-corta-mato-de-abertura-da-aavc\\\/\"},\"wordCount\":125,\"image\":{\"@id\":\"https:\\\/\\\/www.altominho.tv\\\/site\\\/2024\\\/10\\\/24\\\/cardielos-recebe-tradicional-corta-mato-de-abertura-da-aavc\\\/#primaryimage\"},\"thumbnailUrl\":\"https:\\\/\\\/www.altominho.tv\\\/site\\\/wp-content\\\/uploads\\\/2024\\\/10\\\/corta-mato.jpg\",\"keywords\":[\"Desporto\"],\"articleSection\":[\"Viana do Castelo\"],\"inLanguage\":\"pt-PT\",\"copyrightYear\":\"2024\",\"copyrightHolder\":{\"@id\":\"https:\\\/\\\/www.altominho.tv\\\/site\\\/#organization\"}},{\"@type\":\"WebPage\",\"@id\":\"https:\\\/\\\/www.altominho.tv\\\/site\\\/2024\\\/10\\\/24\\\/cardielos-recebe-tradicional-corta-mato-de-abertura-da-aavc\\\/\",\"url\":\"https:\\\/\\\/www.altominho.tv\\\/site\\\/2024\\\/10\\\/24\\\/cardielos-recebe-tradicional-corta-mato-de-abertura-da-aavc\\\/\",\"name\":\"Cardielos recebe tradicional Corta-Mato de Abertura da AAVC\",\"isPartOf\":{\"@id\":\"https:\\\/\\\/www.altominho.tv\\\/site\\\/#website\"},\"primaryImageOfPage\":{\"@id\":\"https:\\\/\\\/www.altominho.tv\\\/site\\\/2024\\\/10\\\/24\\\/cardielos-recebe-tradicional-corta-mato-de-abertura-da-aavc\\\/#primaryimage\"},\"image\":{\"@id\":\"https:\\\/\\\/www.altominho.tv\\\/site\\\/2024\\\/10\\\/24\\\/cardielos-recebe-tradicional-corta-mato-de-abertura-da-aavc\\\/#primaryimage\"},\"thumbnailUrl\":\"https:\\\/\\\/www.altominho.tv\\\/site\\\/wp-content\\\/uploads\\\/2024\\\/10\\\/corta-mato.jpg\",\"datePublished\":\"2024-10-24T11:54:56+00:00\",\"dateModified\":\"2024-10-24T11:54:59+00:00\",\"author\":{\"@id\":\"https:\\\/\\\/www.altominho.tv\\\/site\\\/#\\\/schema\\\/person\\\/4e536851627d7914baf3dac752b6af22\"},\"description\":\"A freguesia de Cardielos recebe no pr\u00f3ximo s\u00e1bado, dia 26 de outubro, a partir das 14h30, o tradicional Corta-Mato de Abertura, a primeira prova do calend\u00e1rio 2024\\\/2025 da Associa\u00e7\u00e3o de Atletismo de Viana do Castelo (AAVC).\",\"breadcrumb\":{\"@id\":\"https:\\\/\\\/www.altominho.tv\\\/site\\\/2024\\\/10\\\/24\\\/cardielos-recebe-tradicional-corta-mato-de-abertura-da-aavc\\\/#breadcrumb\"},\"inLanguage\":\"pt-PT\",\"potentialAction\":[{\"@type\":\"ReadAction\",\"target\":[\"https:\\\/\\\/www.altominho.tv\\\/site\\\/2024\\\/10\\\/24\\\/cardielos-recebe-tradicional-corta-mato-de-abertura-da-aavc\\\/\"]}]},{\"@type\":\"ImageObject\",\"inLanguage\":\"pt-PT\",\"@id\":\"https:\\\/\\\/www.altominho.tv\\\/site\\\/2024\\\/10\\\/24\\\/cardielos-recebe-tradicional-corta-mato-de-abertura-da-aavc\\\/#primaryimage\",\"url\":\"https:\\\/\\\/www.altominho.tv\\\/site\\\/wp-content\\\/uploads\\\/2024\\\/10\\\/corta-mato.jpg\",\"contentUrl\":\"https:\\\/\\\/www.altominho.tv\\\/site\\\/wp-content\\\/uploads\\\/2024\\\/10\\\/corta-mato.jpg\",\"width\":2000,\"height\":1125},{\"@type\":\"BreadcrumbList\",\"@id\":\"https:\\\/\\\/www.altominho.tv\\\/site\\\/2024\\\/10\\\/24\\\/cardielos-recebe-tradicional-corta-mato-de-abertura-da-aavc\\\/#breadcrumb\",\"itemListElement\":[{\"@type\":\"ListItem\",\"position\":1,\"name\":\"In\u00edcio\",\"item\":\"https:\\\/\\\/www.altominho.tv\\\/site\\\/\"},{\"@type\":\"ListItem\",\"position\":2,\"name\":\"Cardielos recebe tradicional Corta-Mato de Abertura da AAVC\"}]},{\"@type\":\"WebSite\",\"@id\":\"https:\\\/\\\/www.altominho.tv\\\/site\\\/#website\",\"url\":\"https:\\\/\\\/www.altominho.tv\\\/site\\\/\",\"name\":\"Altominho.tv\",\"description\":\"A sua regi\u00e3o \u00e0 dist\u00e2ncia de um clique...\",\"potentialAction\":[{\"@type\":\"SearchAction\",\"target\":{\"@type\":\"EntryPoint\",\"urlTemplate\":\"https:\\\/\\\/www.altominho.tv\\\/site\\\/?s={search_term_string}\"},\"query-input\":{\"@type\":\"PropertyValueSpecification\",\"valueRequired\":true,\"valueName\":\"search_term_string\"}}],\"inLanguage\":\"pt-PT\"},{\"@type\":\"Person\",\"@id\":\"https:\\\/\\\/www.altominho.tv\\\/site\\\/#\\\/schema\\\/person\\\/4e536851627d7914baf3dac752b6af22\",\"name\":\"Altominho.tv\",\"image\":{\"@type\":\"ImageObject\",\"inLanguage\":\"pt-PT\",\"@id\":\"https:\\\/\\\/www.altominho.tv\\\/site\\\/wp-content\\\/uploads\\\/2019\\\/11\\\/Logo_Avatar_2-150x150.jpg\",\"url\":\"https:\\\/\\\/www.altominho.tv\\\/site\\\/wp-content\\\/uploads\\\/2019\\\/11\\\/Logo_Avatar_2-150x150.jpg\",\"contentUrl\":\"https:\\\/\\\/www.altominho.tv\\\/site\\\/wp-content\\\/uploads\\\/2019\\\/11\\\/Logo_Avatar_2-150x150.jpg\",\"caption\":\"Altominho.tv\"},\"url\":\"https:\\\/\\\/www.altominho.tv\\\/site\\\/author\\\/altominhotv-tecnico\\\/\"}]}<\/script>\n<!-- \/ Yoast SEO Premium plugin. -->","yoast_head_json":{"title":"Cardielos recebe tradicional Corta-Mato de Abertura da AAVC","description":"A freguesia de Cardielos recebe no pr\u00f3ximo s\u00e1bado, dia 26 de outubro, a partir das 14h30, o tradicional Corta-Mato de Abertura, a primeira prova do calend\u00e1rio 2024\/2025 da Associa\u00e7\u00e3o de Atletismo de Viana do Castelo (AAVC).","robots":{"index":"index","follow":"follow","max-snippet":"max-snippet:-1","max-image-preview":"max-image-preview:large","max-video-preview":"max-video-preview:-1"},"canonical":"https:\/\/www.altominho.tv\/site\/2024\/10\/24\/cardielos-recebe-tradicional-corta-mato-de-abertura-da-aavc\/","og_locale":"pt_PT","og_type":"article","og_title":"Cardielos recebe tradicional Corta-Mato de Abertura da AAVC","og_description":"A freguesia de Cardielos recebe no pr\u00f3ximo s\u00e1bado, dia 26 de outubro, a partir das 14h30, o tradicional Corta-Mato de Abertura, a primeira prova do calend\u00e1rio 2024\/2025 da Associa\u00e7\u00e3o de Atletismo de Viana do Castelo (AAVC).","og_url":"https:\/\/www.altominho.tv\/site\/2024\/10\/24\/cardielos-recebe-tradicional-corta-mato-de-abertura-da-aavc\/","og_site_name":"Altominho.tv","article_publisher":"https:\/\/www.facebook.com\/altominhotv","article_published_time":"2024-10-24T11:54:56+00:00","article_modified_time":"2024-10-24T11:54:59+00:00","og_image":[{"width":2000,"height":1125,"url":"https:\/\/www.altominho.tv\/site\/wp-content\/uploads\/2024\/10\/corta-mato.jpg","type":"image\/jpeg"}],"author":"Altominho.tv","twitter_card":"summary_large_image","twitter_creator":"@altominhoTV","twitter_site":"@altominhoTV","twitter_misc":{"Escrito por":"Altominho.tv","Tempo estimado de leitura":"1 minuto"},"schema":{"@context":"https:\/\/schema.org","@graph":[{"@type":"Article","@id":"https:\/\/www.altominho.tv\/site\/2024\/10\/24\/cardielos-recebe-tradicional-corta-mato-de-abertura-da-aavc\/#article","isPartOf":{"@id":"https:\/\/www.altominho.tv\/site\/2024\/10\/24\/cardielos-recebe-tradicional-corta-mato-de-abertura-da-aavc\/"},"author":{"name":"Altominho.tv","@id":"https:\/\/www.altominho.tv\/site\/#\/schema\/person\/4e536851627d7914baf3dac752b6af22"},"headline":"Cardielos recebe tradicional Corta-Mato de Abertura da AAVC","datePublished":"2024-10-24T11:54:56+00:00","dateModified":"2024-10-24T11:54:59+00:00","mainEntityOfPage":{"@id":"https:\/\/www.altominho.tv\/site\/2024\/10\/24\/cardielos-recebe-tradicional-corta-mato-de-abertura-da-aavc\/"},"wordCount":125,"image":{"@id":"https:\/\/www.altominho.tv\/site\/2024\/10\/24\/cardielos-recebe-tradicional-corta-mato-de-abertura-da-aavc\/#primaryimage"},"thumbnailUrl":"https:\/\/www.altominho.tv\/site\/wp-content\/uploads\/2024\/10\/corta-mato.jpg","keywords":["Desporto"],"articleSection":["Viana do Castelo"],"inLanguage":"pt-PT","copyrightYear":"2024","copyrightHolder":{"@id":"https:\/\/www.altominho.tv\/site\/#organization"}},{"@type":"WebPage","@id":"https:\/\/www.altominho.tv\/site\/2024\/10\/24\/cardielos-recebe-tradicional-corta-mato-de-abertura-da-aavc\/","url":"https:\/\/www.altominho.tv\/site\/2024\/10\/24\/cardielos-recebe-tradicional-corta-mato-de-abertura-da-aavc\/","name":"Cardielos recebe tradicional Corta-Mato de Abertura da AAVC","isPartOf":{"@id":"https:\/\/www.altominho.tv\/site\/#website"},"primaryImageOfPage":{"@id":"https:\/\/www.altominho.tv\/site\/2024\/10\/24\/cardielos-recebe-tradicional-corta-mato-de-abertura-da-aavc\/#primaryimage"},"image":{"@id":"https:\/\/www.altominho.tv\/site\/2024\/10\/24\/cardielos-recebe-tradicional-corta-mato-de-abertura-da-aavc\/#primaryimage"},"thumbnailUrl":"https:\/\/www.altominho.tv\/site\/wp-content\/uploads\/2024\/10\/corta-mato.jpg","datePublished":"2024-10-24T11:54:56+00:00","dateModified":"2024-10-24T11:54:59+00:00","author":{"@id":"https:\/\/www.altominho.tv\/site\/#\/schema\/person\/4e536851627d7914baf3dac752b6af22"},"description":"A freguesia de Cardielos recebe no pr\u00f3ximo s\u00e1bado, dia 26 de outubro, a partir das 14h30, o tradicional Corta-Mato de Abertura, a primeira prova do calend\u00e1rio 2024\/2025 da Associa\u00e7\u00e3o de Atletismo de Viana do Castelo (AAVC).","breadcrumb":{"@id":"https:\/\/www.altominho.tv\/site\/2024\/10\/24\/cardielos-recebe-tradicional-corta-mato-de-abertura-da-aavc\/#breadcrumb"},"inLanguage":"pt-PT","potentialAction":[{"@type":"ReadAction","target":["https:\/\/www.altominho.tv\/site\/2024\/10\/24\/cardielos-recebe-tradicional-corta-mato-de-abertura-da-aavc\/"]}]},{"@type":"ImageObject","inLanguage":"pt-PT","@id":"https:\/\/www.altominho.tv\/site\/2024\/10\/24\/cardielos-recebe-tradicional-corta-mato-de-abertura-da-aavc\/#primaryimage","url":"https:\/\/www.altominho.tv\/site\/wp-content\/uploads\/2024\/10\/corta-mato.jpg","contentUrl":"https:\/\/www.altominho.tv\/site\/wp-content\/uploads\/2024\/10\/corta-mato.jpg","width":2000,"height":1125},{"@type":"BreadcrumbList","@id":"https:\/\/www.altominho.tv\/site\/2024\/10\/24\/cardielos-recebe-tradicional-corta-mato-de-abertura-da-aavc\/#breadcrumb","itemListElement":[{"@type":"ListItem","position":1,"name":"In\u00edcio","item":"https:\/\/www.altominho.tv\/site\/"},{"@type":"ListItem","position":2,"name":"Cardielos recebe tradicional Corta-Mato de Abertura da AAVC"}]},{"@type":"WebSite","@id":"https:\/\/www.altominho.tv\/site\/#website","url":"https:\/\/www.altominho.tv\/site\/","name":"Altominho.tv","description":"A sua regi\u00e3o \u00e0 dist\u00e2ncia de um clique...","potentialAction":[{"@type":"SearchAction","target":{"@type":"EntryPoint","urlTemplate":"https:\/\/www.altominho.tv\/site\/?s={search_term_string}"},"query-input":{"@type":"PropertyValueSpecification","valueRequired":true,"valueName":"search_term_string"}}],"inLanguage":"pt-PT"},{"@type":"Person","@id":"https:\/\/www.altominho.tv\/site\/#\/schema\/person\/4e536851627d7914baf3dac752b6af22","name":"Altominho.tv","image":{"@type":"ImageObject","inLanguage":"pt-PT","@id":"https:\/\/www.altominho.tv\/site\/wp-content\/uploads\/2019\/11\/Logo_Avatar_2-150x150.jpg","url":"https:\/\/www.altominho.tv\/site\/wp-content\/uploads\/2019\/11\/Logo_Avatar_2-150x150.jpg","contentUrl":"https:\/\/www.altominho.tv\/site\/wp-content\/uploads\/2019\/11\/Logo_Avatar_2-150x150.jpg","caption":"Altominho.tv"},"url":"https:\/\/www.altominho.tv\/site\/author\/altominhotv-tecnico\/"}]}},"_links":{"self":[{"href":"https:\/\/www.altominho.tv\/site\/wp-json\/wp\/v2\/posts\/111792","targetHints":{"allow":["GET"]}}],"collection":[{"href":"https:\/\/www.altominho.tv\/site\/wp-json\/wp\/v2\/posts"}],"about":[{"href":"https:\/\/www.altominho.tv\/site\/wp-json\/wp\/v2\/types\/post"}],"author":[{"embeddable":true,"href":"https:\/\/www.altominho.tv\/site\/wp-json\/wp\/v2\/users\/1"}],"replies":[{"embeddable":true,"href":"https:\/\/www.altominho.tv\/site\/wp-json\/wp\/v2\/comments?post=111792"}],"version-history":[{"count":1,"href":"https:\/\/www.altominho.tv\/site\/wp-json\/wp\/v2\/posts\/111792\/revisions"}],"predecessor-version":[{"id":111794,"href":"https:\/\/www.altominho.tv\/site\/wp-json\/wp\/v2\/posts\/111792\/revisions\/111794"}],"wp:featuredmedia":[{"embeddable":true,"href":"https:\/\/www.altominho.tv\/site\/wp-json\/wp\/v2\/media\/111793"}],"wp:attachment":[{"href":"https:\/\/www.altominho.tv\/site\/wp-json\/wp\/v2\/media?parent=111792"}],"wp:term":[{"taxonomy":"category","embeddable":true,"href":"https:\/\/www.altominho.tv\/site\/wp-json\/wp\/v2\/categories?post=111792"},{"taxonomy":"post_tag","embeddable":true,"href":"https:\/\/www.altominho.tv\/site\/wp-json\/wp\/v2\/tags?post=111792"}],"curies":[{"name":"wp","href":"https:\/\/api.w.org\/{rel}","templated":true}]}}