{"id":111786,"date":"2024-10-24T11:58:02","date_gmt":"2024-10-24T10:58:02","guid":{"rendered":"https:\/\/www.altominho.tv\/site\/?p=111786"},"modified":"2024-10-24T11:58:04","modified_gmt":"2024-10-24T10:58:04","slug":"antigos-estudantes-do-ipvc-desenvolvem-app-que-aposta-na-sustentabilidade-para-o-setor-textil","status":"publish","type":"post","link":"https:\/\/www.altominho.tv\/site\/2024\/10\/24\/antigos-estudantes-do-ipvc-desenvolvem-app-que-aposta-na-sustentabilidade-para-o-setor-textil\/","title":{"rendered":"Antigos estudantes do IPVC desenvolvem App que aposta na sustentabilidade para o setor t\u00eaxtil"},"content":{"rendered":"<p>Dois antigos alunos do Polit\u00e9cnico de Viana do Castelo desenvolveram uma aplica\u00e7\u00e3o que pretende incentivar a sustentabilidade no setor t\u00eaxtil, promovendo a economia circular atrav\u00e9s da valoriza\u00e7\u00e3o das pe\u00e7as de roupa. A cada a\u00e7\u00e3o sustent\u00e1vel, como a repara\u00e7\u00e3o ou a doa\u00e7\u00e3o de vestu\u00e1rio, os utilizadores acumulam pontos que podem ser trocados por vouchers em lojas parceiras.<\/p>\n<p>A EcoProve foi apresentada esta quinta-feira e nasce do trabalho desenvolvido por antigos alunos do curso de licenciatura em Engenharia Inform\u00e1tica do Polit\u00e9cnico de Viana do Castelo.<\/p>\n<p>Esta aplica\u00e7\u00e3o visa promover pr\u00e1ticas de economia circular, incentivando os utilizadores a adotarem comportamentos que prolonguem a vida \u00fatil do t\u00eaxtil e do vestu\u00e1rio e que reduzam o desperd\u00edcio. Num mundo ideal, dizem Diogo Assun\u00e7\u00e3o e David Braga, os utilizadores nem precisariam da App ou, no limite, at\u00e9 a instalariam como instrumento de ajuda para aferir, da melhor forma, o impacto das suas a\u00e7\u00f5es.<\/p>\n<p>Mas, conscientes de que o mundo ideal n\u00e3o existe, Diogo e David decidiram criar \u201cuma app \u2018gamificada\u2019, em que o utilizador ganha pontos e pode troc\u00e1-los por algo.<\/p>\n<p>Na pr\u00e1tica, o utilizador \u00e9 incentivado a desempenhar a\u00e7\u00f5es mais sustent\u00e1veis e que promovam a longevidade das pe\u00e7as de roupa. De que forma? A resposta \u00e9 simples. Optar pelo conserto em vez da substitui\u00e7\u00e3o, partilhar, doar ou vender as roupas que j\u00e1 n\u00e3o usa. O envio das pe\u00e7as para reciclagem \u00e9 tamb\u00e9m uma das op\u00e7\u00f5es apontadas, afirma a docente e orientadora do projeto Estrela Cruz. Por cada boa a\u00e7\u00e3o, o utilizador recebe pontos ou medalhas que dar\u00e3o direito a vouchers para serem trocados em lojas parceiras.<\/p>\n<p>Estes pontos e estas medalhas s\u00e3o, tamb\u00e9m, \u201cformas de criar um ambiente mais compensador e competitivo, no bom sentido, uma vez que os utilizadores podem usar chats embutidos na App para falar, doar pe\u00e7as de roupa e vangloriar-se das medalhas conquistas\u201d, descrevem os dois jovens de 21 anos, naturais da P\u00f3voa de Varzim.<\/p>\n<p>Sendo ainda uma vers\u00e3o beta e, por isso, numa fase inicial, Diogo e David n\u00e3o esperam uma grande aflu\u00eancia de utilizadores, uma vez que ainda n\u00e3o existem empresas associadas a disponibilizar vouchers. \u201cEsperamos atrair empresas para esta causa, para aumentar a aflu\u00eancia de utilizadores e criar um movimento que promova a transi\u00e7\u00e3o do setor t\u00eaxtil e do vestu\u00e1rio para a economia circular. Al\u00e9m disso, pretendemos ter feedback das funcionalidades dispon\u00edveis para uma evolu\u00e7\u00e3o cont\u00ednua da aplica\u00e7\u00e3o\u201d, rematam.<\/p>\n<p>O Projeto Be@t \u2013 Bioeconomia para T\u00eaxtil e Vestu\u00e1rio para Refor\u00e7o da Bioeconomia Nacional \u2013 tem como principal objetivo a promo\u00e7\u00e3o e a valoriza\u00e7\u00e3o da bioeconomia para t\u00eaxtil e vestu\u00e1rio, contando com dezenas de entidades envolvidas no desenvolvimento das v\u00e1rias iniciativas.<\/p>\n<p>Para j\u00e1, a EcoProve est\u00e1 dispon\u00edvel na Play Store, mas \u00e9 inten\u00e7\u00e3o dos dois jovens coloc\u00e1-la tamb\u00e9m dispon\u00edvel na App Store, e deixam o repto a quem se quiser associar, sejam empresas ou utilizadores.<\/p>\n","protected":false},"excerpt":{"rendered":"<p>Dois antigos alunos do Polit\u00e9cnico de Viana do Castelo desenvolveram uma aplica\u00e7\u00e3o que pretende incentivar a sustentabilidade no setor t\u00eaxtil, promovendo a economia circular atrav\u00e9s da valoriza\u00e7\u00e3o das pe\u00e7as de roupa. A cada a\u00e7\u00e3o sustent\u00e1vel, como a repara\u00e7\u00e3o ou a doa\u00e7\u00e3o de vestu\u00e1rio, os utilizadores acumulam pontos que podem ser trocados por vouchers em lojas [&hellip;]<\/p>\n","protected":false},"author":1,"featured_media":111787,"comment_status":"closed","ping_status":"closed","sticky":false,"template":"","format":"standard","meta":{"_exactmetrics_skip_tracking":false,"_exactmetrics_sitenote_active":false,"_exactmetrics_sitenote_note":"","_exactmetrics_sitenote_category":0,"footnotes":""},"categories":[14],"tags":[22],"class_list":["post-111786","post","type-post","status-publish","format-standard","has-post-thumbnail","hentry","category-viana-do-castelo","tag-educacao"],"yoast_head":"<!-- This site is optimized with the Yoast SEO Premium plugin v27.4 (Yoast SEO v27.4) - https:\/\/yoast.com\/product\/yoast-seo-premium-wordpress\/ -->\n<title>Antigos estudantes do IPVC desenvolvem App que aposta na sustentabilidade para o setor t\u00eaxtil<\/title>\n<meta name=\"description\" content=\"Dois antigos alunos do Polit\u00e9cnico de Viana do Castelo desenvolveram uma aplica\u00e7\u00e3o que pretende incentivar a sustentabilidade no setor t\u00eaxtil, promovendo a economia circular atrav\u00e9s da valoriza\u00e7\u00e3o das pe\u00e7as de roupa. A cada a\u00e7\u00e3o sustent\u00e1vel, como a repara\u00e7\u00e3o ou a doa\u00e7\u00e3o de vestu\u00e1rio, os utilizadores acumulam pontos que podem ser trocados por vouchers em lojas parceiras.\" \/>\n<meta name=\"robots\" content=\"index, follow, max-snippet:-1, max-image-preview:large, max-video-preview:-1\" \/>\n<link rel=\"canonical\" href=\"https:\/\/www.altominho.tv\/site\/2024\/10\/24\/antigos-estudantes-do-ipvc-desenvolvem-app-que-aposta-na-sustentabilidade-para-o-setor-textil\/\" \/>\n<meta property=\"og:locale\" content=\"pt_PT\" \/>\n<meta property=\"og:type\" content=\"article\" \/>\n<meta property=\"og:title\" content=\"Antigos estudantes do IPVC desenvolvem App que aposta na sustentabilidade para o setor t\u00eaxtil\" \/>\n<meta property=\"og:description\" content=\"Dois antigos alunos do Polit\u00e9cnico de Viana do Castelo desenvolveram uma aplica\u00e7\u00e3o que pretende incentivar a sustentabilidade no setor t\u00eaxtil, promovendo a economia circular atrav\u00e9s da valoriza\u00e7\u00e3o das pe\u00e7as de roupa. A cada a\u00e7\u00e3o sustent\u00e1vel, como a repara\u00e7\u00e3o ou a doa\u00e7\u00e3o de vestu\u00e1rio, os utilizadores acumulam pontos que podem ser trocados por vouchers em lojas parceiras.\" \/>\n<meta property=\"og:url\" content=\"https:\/\/www.altominho.tv\/site\/2024\/10\/24\/antigos-estudantes-do-ipvc-desenvolvem-app-que-aposta-na-sustentabilidade-para-o-setor-textil\/\" \/>\n<meta property=\"og:site_name\" content=\"Altominho.tv\" \/>\n<meta property=\"article:publisher\" content=\"https:\/\/www.facebook.com\/altominhotv\" \/>\n<meta property=\"article:published_time\" content=\"2024-10-24T10:58:02+00:00\" \/>\n<meta property=\"article:modified_time\" content=\"2024-10-24T10:58:04+00:00\" \/>\n<meta property=\"og:image\" content=\"https:\/\/www.altominho.tv\/site\/wp-content\/uploads\/2024\/10\/estudantes-IPVC.jpg\" \/>\n\t<meta property=\"og:image:width\" content=\"2000\" \/>\n\t<meta property=\"og:image:height\" content=\"1125\" \/>\n\t<meta property=\"og:image:type\" content=\"image\/jpeg\" \/>\n<meta name=\"author\" content=\"Altominho.tv\" \/>\n<meta name=\"twitter:card\" content=\"summary_large_image\" \/>\n<meta name=\"twitter:creator\" content=\"@altominhoTV\" \/>\n<meta name=\"twitter:site\" content=\"@altominhoTV\" \/>\n<meta name=\"twitter:label1\" content=\"Escrito por\" \/>\n\t<meta name=\"twitter:data1\" content=\"Altominho.tv\" \/>\n\t<meta name=\"twitter:label2\" content=\"Tempo estimado de leitura\" \/>\n\t<meta name=\"twitter:data2\" content=\"3 minutos\" \/>\n<script type=\"application\/ld+json\" class=\"yoast-schema-graph\">{\"@context\":\"https:\\\/\\\/schema.org\",\"@graph\":[{\"@type\":\"Article\",\"@id\":\"https:\\\/\\\/www.altominho.tv\\\/site\\\/2024\\\/10\\\/24\\\/antigos-estudantes-do-ipvc-desenvolvem-app-que-aposta-na-sustentabilidade-para-o-setor-textil\\\/#article\",\"isPartOf\":{\"@id\":\"https:\\\/\\\/www.altominho.tv\\\/site\\\/2024\\\/10\\\/24\\\/antigos-estudantes-do-ipvc-desenvolvem-app-que-aposta-na-sustentabilidade-para-o-setor-textil\\\/\"},\"author\":{\"name\":\"Altominho.tv\",\"@id\":\"https:\\\/\\\/www.altominho.tv\\\/site\\\/#\\\/schema\\\/person\\\/4e536851627d7914baf3dac752b6af22\"},\"headline\":\"Antigos estudantes do IPVC desenvolvem App que aposta na sustentabilidade para o setor t\u00eaxtil\",\"datePublished\":\"2024-10-24T10:58:02+00:00\",\"dateModified\":\"2024-10-24T10:58:04+00:00\",\"mainEntityOfPage\":{\"@id\":\"https:\\\/\\\/www.altominho.tv\\\/site\\\/2024\\\/10\\\/24\\\/antigos-estudantes-do-ipvc-desenvolvem-app-que-aposta-na-sustentabilidade-para-o-setor-textil\\\/\"},\"wordCount\":538,\"image\":{\"@id\":\"https:\\\/\\\/www.altominho.tv\\\/site\\\/2024\\\/10\\\/24\\\/antigos-estudantes-do-ipvc-desenvolvem-app-que-aposta-na-sustentabilidade-para-o-setor-textil\\\/#primaryimage\"},\"thumbnailUrl\":\"https:\\\/\\\/www.altominho.tv\\\/site\\\/wp-content\\\/uploads\\\/2024\\\/10\\\/estudantes-IPVC.jpg\",\"keywords\":[\"Educa\u00e7\u00e3o\"],\"articleSection\":[\"Viana do Castelo\"],\"inLanguage\":\"pt-PT\",\"copyrightYear\":\"2024\",\"copyrightHolder\":{\"@id\":\"https:\\\/\\\/www.altominho.tv\\\/site\\\/#organization\"}},{\"@type\":\"WebPage\",\"@id\":\"https:\\\/\\\/www.altominho.tv\\\/site\\\/2024\\\/10\\\/24\\\/antigos-estudantes-do-ipvc-desenvolvem-app-que-aposta-na-sustentabilidade-para-o-setor-textil\\\/\",\"url\":\"https:\\\/\\\/www.altominho.tv\\\/site\\\/2024\\\/10\\\/24\\\/antigos-estudantes-do-ipvc-desenvolvem-app-que-aposta-na-sustentabilidade-para-o-setor-textil\\\/\",\"name\":\"Antigos estudantes do IPVC desenvolvem App que aposta na sustentabilidade para o setor t\u00eaxtil\",\"isPartOf\":{\"@id\":\"https:\\\/\\\/www.altominho.tv\\\/site\\\/#website\"},\"primaryImageOfPage\":{\"@id\":\"https:\\\/\\\/www.altominho.tv\\\/site\\\/2024\\\/10\\\/24\\\/antigos-estudantes-do-ipvc-desenvolvem-app-que-aposta-na-sustentabilidade-para-o-setor-textil\\\/#primaryimage\"},\"image\":{\"@id\":\"https:\\\/\\\/www.altominho.tv\\\/site\\\/2024\\\/10\\\/24\\\/antigos-estudantes-do-ipvc-desenvolvem-app-que-aposta-na-sustentabilidade-para-o-setor-textil\\\/#primaryimage\"},\"thumbnailUrl\":\"https:\\\/\\\/www.altominho.tv\\\/site\\\/wp-content\\\/uploads\\\/2024\\\/10\\\/estudantes-IPVC.jpg\",\"datePublished\":\"2024-10-24T10:58:02+00:00\",\"dateModified\":\"2024-10-24T10:58:04+00:00\",\"author\":{\"@id\":\"https:\\\/\\\/www.altominho.tv\\\/site\\\/#\\\/schema\\\/person\\\/4e536851627d7914baf3dac752b6af22\"},\"description\":\"Dois antigos alunos do Polit\u00e9cnico de Viana do Castelo desenvolveram uma aplica\u00e7\u00e3o que pretende incentivar a sustentabilidade no setor t\u00eaxtil, promovendo a economia circular atrav\u00e9s da valoriza\u00e7\u00e3o das pe\u00e7as de roupa. A cada a\u00e7\u00e3o sustent\u00e1vel, como a repara\u00e7\u00e3o ou a doa\u00e7\u00e3o de vestu\u00e1rio, os utilizadores acumulam pontos que podem ser trocados por vouchers em lojas parceiras.\",\"breadcrumb\":{\"@id\":\"https:\\\/\\\/www.altominho.tv\\\/site\\\/2024\\\/10\\\/24\\\/antigos-estudantes-do-ipvc-desenvolvem-app-que-aposta-na-sustentabilidade-para-o-setor-textil\\\/#breadcrumb\"},\"inLanguage\":\"pt-PT\",\"potentialAction\":[{\"@type\":\"ReadAction\",\"target\":[\"https:\\\/\\\/www.altominho.tv\\\/site\\\/2024\\\/10\\\/24\\\/antigos-estudantes-do-ipvc-desenvolvem-app-que-aposta-na-sustentabilidade-para-o-setor-textil\\\/\"]}]},{\"@type\":\"ImageObject\",\"inLanguage\":\"pt-PT\",\"@id\":\"https:\\\/\\\/www.altominho.tv\\\/site\\\/2024\\\/10\\\/24\\\/antigos-estudantes-do-ipvc-desenvolvem-app-que-aposta-na-sustentabilidade-para-o-setor-textil\\\/#primaryimage\",\"url\":\"https:\\\/\\\/www.altominho.tv\\\/site\\\/wp-content\\\/uploads\\\/2024\\\/10\\\/estudantes-IPVC.jpg\",\"contentUrl\":\"https:\\\/\\\/www.altominho.tv\\\/site\\\/wp-content\\\/uploads\\\/2024\\\/10\\\/estudantes-IPVC.jpg\",\"width\":2000,\"height\":1125},{\"@type\":\"BreadcrumbList\",\"@id\":\"https:\\\/\\\/www.altominho.tv\\\/site\\\/2024\\\/10\\\/24\\\/antigos-estudantes-do-ipvc-desenvolvem-app-que-aposta-na-sustentabilidade-para-o-setor-textil\\\/#breadcrumb\",\"itemListElement\":[{\"@type\":\"ListItem\",\"position\":1,\"name\":\"In\u00edcio\",\"item\":\"https:\\\/\\\/www.altominho.tv\\\/site\\\/\"},{\"@type\":\"ListItem\",\"position\":2,\"name\":\"Antigos estudantes do IPVC desenvolvem App que aposta na sustentabilidade para o setor t\u00eaxtil\"}]},{\"@type\":\"WebSite\",\"@id\":\"https:\\\/\\\/www.altominho.tv\\\/site\\\/#website\",\"url\":\"https:\\\/\\\/www.altominho.tv\\\/site\\\/\",\"name\":\"Altominho.tv\",\"description\":\"A sua regi\u00e3o \u00e0 dist\u00e2ncia de um clique...\",\"potentialAction\":[{\"@type\":\"SearchAction\",\"target\":{\"@type\":\"EntryPoint\",\"urlTemplate\":\"https:\\\/\\\/www.altominho.tv\\\/site\\\/?s={search_term_string}\"},\"query-input\":{\"@type\":\"PropertyValueSpecification\",\"valueRequired\":true,\"valueName\":\"search_term_string\"}}],\"inLanguage\":\"pt-PT\"},{\"@type\":\"Person\",\"@id\":\"https:\\\/\\\/www.altominho.tv\\\/site\\\/#\\\/schema\\\/person\\\/4e536851627d7914baf3dac752b6af22\",\"name\":\"Altominho.tv\",\"image\":{\"@type\":\"ImageObject\",\"inLanguage\":\"pt-PT\",\"@id\":\"https:\\\/\\\/www.altominho.tv\\\/site\\\/wp-content\\\/uploads\\\/2019\\\/11\\\/Logo_Avatar_2-150x150.jpg\",\"url\":\"https:\\\/\\\/www.altominho.tv\\\/site\\\/wp-content\\\/uploads\\\/2019\\\/11\\\/Logo_Avatar_2-150x150.jpg\",\"contentUrl\":\"https:\\\/\\\/www.altominho.tv\\\/site\\\/wp-content\\\/uploads\\\/2019\\\/11\\\/Logo_Avatar_2-150x150.jpg\",\"caption\":\"Altominho.tv\"},\"url\":\"https:\\\/\\\/www.altominho.tv\\\/site\\\/author\\\/altominhotv-tecnico\\\/\"}]}<\/script>\n<!-- \/ Yoast SEO Premium plugin. -->","yoast_head_json":{"title":"Antigos estudantes do IPVC desenvolvem App que aposta na sustentabilidade para o setor t\u00eaxtil","description":"Dois antigos alunos do Polit\u00e9cnico de Viana do Castelo desenvolveram uma aplica\u00e7\u00e3o que pretende incentivar a sustentabilidade no setor t\u00eaxtil, promovendo a economia circular atrav\u00e9s da valoriza\u00e7\u00e3o das pe\u00e7as de roupa. A cada a\u00e7\u00e3o sustent\u00e1vel, como a repara\u00e7\u00e3o ou a doa\u00e7\u00e3o de vestu\u00e1rio, os utilizadores acumulam pontos que podem ser trocados por vouchers em lojas parceiras.","robots":{"index":"index","follow":"follow","max-snippet":"max-snippet:-1","max-image-preview":"max-image-preview:large","max-video-preview":"max-video-preview:-1"},"canonical":"https:\/\/www.altominho.tv\/site\/2024\/10\/24\/antigos-estudantes-do-ipvc-desenvolvem-app-que-aposta-na-sustentabilidade-para-o-setor-textil\/","og_locale":"pt_PT","og_type":"article","og_title":"Antigos estudantes do IPVC desenvolvem App que aposta na sustentabilidade para o setor t\u00eaxtil","og_description":"Dois antigos alunos do Polit\u00e9cnico de Viana do Castelo desenvolveram uma aplica\u00e7\u00e3o que pretende incentivar a sustentabilidade no setor t\u00eaxtil, promovendo a economia circular atrav\u00e9s da valoriza\u00e7\u00e3o das pe\u00e7as de roupa. A cada a\u00e7\u00e3o sustent\u00e1vel, como a repara\u00e7\u00e3o ou a doa\u00e7\u00e3o de vestu\u00e1rio, os utilizadores acumulam pontos que podem ser trocados por vouchers em lojas parceiras.","og_url":"https:\/\/www.altominho.tv\/site\/2024\/10\/24\/antigos-estudantes-do-ipvc-desenvolvem-app-que-aposta-na-sustentabilidade-para-o-setor-textil\/","og_site_name":"Altominho.tv","article_publisher":"https:\/\/www.facebook.com\/altominhotv","article_published_time":"2024-10-24T10:58:02+00:00","article_modified_time":"2024-10-24T10:58:04+00:00","og_image":[{"width":2000,"height":1125,"url":"https:\/\/www.altominho.tv\/site\/wp-content\/uploads\/2024\/10\/estudantes-IPVC.jpg","type":"image\/jpeg"}],"author":"Altominho.tv","twitter_card":"summary_large_image","twitter_creator":"@altominhoTV","twitter_site":"@altominhoTV","twitter_misc":{"Escrito por":"Altominho.tv","Tempo estimado de leitura":"3 minutos"},"schema":{"@context":"https:\/\/schema.org","@graph":[{"@type":"Article","@id":"https:\/\/www.altominho.tv\/site\/2024\/10\/24\/antigos-estudantes-do-ipvc-desenvolvem-app-que-aposta-na-sustentabilidade-para-o-setor-textil\/#article","isPartOf":{"@id":"https:\/\/www.altominho.tv\/site\/2024\/10\/24\/antigos-estudantes-do-ipvc-desenvolvem-app-que-aposta-na-sustentabilidade-para-o-setor-textil\/"},"author":{"name":"Altominho.tv","@id":"https:\/\/www.altominho.tv\/site\/#\/schema\/person\/4e536851627d7914baf3dac752b6af22"},"headline":"Antigos estudantes do IPVC desenvolvem App que aposta na sustentabilidade para o setor t\u00eaxtil","datePublished":"2024-10-24T10:58:02+00:00","dateModified":"2024-10-24T10:58:04+00:00","mainEntityOfPage":{"@id":"https:\/\/www.altominho.tv\/site\/2024\/10\/24\/antigos-estudantes-do-ipvc-desenvolvem-app-que-aposta-na-sustentabilidade-para-o-setor-textil\/"},"wordCount":538,"image":{"@id":"https:\/\/www.altominho.tv\/site\/2024\/10\/24\/antigos-estudantes-do-ipvc-desenvolvem-app-que-aposta-na-sustentabilidade-para-o-setor-textil\/#primaryimage"},"thumbnailUrl":"https:\/\/www.altominho.tv\/site\/wp-content\/uploads\/2024\/10\/estudantes-IPVC.jpg","keywords":["Educa\u00e7\u00e3o"],"articleSection":["Viana do Castelo"],"inLanguage":"pt-PT","copyrightYear":"2024","copyrightHolder":{"@id":"https:\/\/www.altominho.tv\/site\/#organization"}},{"@type":"WebPage","@id":"https:\/\/www.altominho.tv\/site\/2024\/10\/24\/antigos-estudantes-do-ipvc-desenvolvem-app-que-aposta-na-sustentabilidade-para-o-setor-textil\/","url":"https:\/\/www.altominho.tv\/site\/2024\/10\/24\/antigos-estudantes-do-ipvc-desenvolvem-app-que-aposta-na-sustentabilidade-para-o-setor-textil\/","name":"Antigos estudantes do IPVC desenvolvem App que aposta na sustentabilidade para o setor t\u00eaxtil","isPartOf":{"@id":"https:\/\/www.altominho.tv\/site\/#website"},"primaryImageOfPage":{"@id":"https:\/\/www.altominho.tv\/site\/2024\/10\/24\/antigos-estudantes-do-ipvc-desenvolvem-app-que-aposta-na-sustentabilidade-para-o-setor-textil\/#primaryimage"},"image":{"@id":"https:\/\/www.altominho.tv\/site\/2024\/10\/24\/antigos-estudantes-do-ipvc-desenvolvem-app-que-aposta-na-sustentabilidade-para-o-setor-textil\/#primaryimage"},"thumbnailUrl":"https:\/\/www.altominho.tv\/site\/wp-content\/uploads\/2024\/10\/estudantes-IPVC.jpg","datePublished":"2024-10-24T10:58:02+00:00","dateModified":"2024-10-24T10:58:04+00:00","author":{"@id":"https:\/\/www.altominho.tv\/site\/#\/schema\/person\/4e536851627d7914baf3dac752b6af22"},"description":"Dois antigos alunos do Polit\u00e9cnico de Viana do Castelo desenvolveram uma aplica\u00e7\u00e3o que pretende incentivar a sustentabilidade no setor t\u00eaxtil, promovendo a economia circular atrav\u00e9s da valoriza\u00e7\u00e3o das pe\u00e7as de roupa. A cada a\u00e7\u00e3o sustent\u00e1vel, como a repara\u00e7\u00e3o ou a doa\u00e7\u00e3o de vestu\u00e1rio, os utilizadores acumulam pontos que podem ser trocados por vouchers em lojas parceiras.","breadcrumb":{"@id":"https:\/\/www.altominho.tv\/site\/2024\/10\/24\/antigos-estudantes-do-ipvc-desenvolvem-app-que-aposta-na-sustentabilidade-para-o-setor-textil\/#breadcrumb"},"inLanguage":"pt-PT","potentialAction":[{"@type":"ReadAction","target":["https:\/\/www.altominho.tv\/site\/2024\/10\/24\/antigos-estudantes-do-ipvc-desenvolvem-app-que-aposta-na-sustentabilidade-para-o-setor-textil\/"]}]},{"@type":"ImageObject","inLanguage":"pt-PT","@id":"https:\/\/www.altominho.tv\/site\/2024\/10\/24\/antigos-estudantes-do-ipvc-desenvolvem-app-que-aposta-na-sustentabilidade-para-o-setor-textil\/#primaryimage","url":"https:\/\/www.altominho.tv\/site\/wp-content\/uploads\/2024\/10\/estudantes-IPVC.jpg","contentUrl":"https:\/\/www.altominho.tv\/site\/wp-content\/uploads\/2024\/10\/estudantes-IPVC.jpg","width":2000,"height":1125},{"@type":"BreadcrumbList","@id":"https:\/\/www.altominho.tv\/site\/2024\/10\/24\/antigos-estudantes-do-ipvc-desenvolvem-app-que-aposta-na-sustentabilidade-para-o-setor-textil\/#breadcrumb","itemListElement":[{"@type":"ListItem","position":1,"name":"In\u00edcio","item":"https:\/\/www.altominho.tv\/site\/"},{"@type":"ListItem","position":2,"name":"Antigos estudantes do IPVC desenvolvem App que aposta na sustentabilidade para o setor t\u00eaxtil"}]},{"@type":"WebSite","@id":"https:\/\/www.altominho.tv\/site\/#website","url":"https:\/\/www.altominho.tv\/site\/","name":"Altominho.tv","description":"A sua regi\u00e3o \u00e0 dist\u00e2ncia de um clique...","potentialAction":[{"@type":"SearchAction","target":{"@type":"EntryPoint","urlTemplate":"https:\/\/www.altominho.tv\/site\/?s={search_term_string}"},"query-input":{"@type":"PropertyValueSpecification","valueRequired":true,"valueName":"search_term_string"}}],"inLanguage":"pt-PT"},{"@type":"Person","@id":"https:\/\/www.altominho.tv\/site\/#\/schema\/person\/4e536851627d7914baf3dac752b6af22","name":"Altominho.tv","image":{"@type":"ImageObject","inLanguage":"pt-PT","@id":"https:\/\/www.altominho.tv\/site\/wp-content\/uploads\/2019\/11\/Logo_Avatar_2-150x150.jpg","url":"https:\/\/www.altominho.tv\/site\/wp-content\/uploads\/2019\/11\/Logo_Avatar_2-150x150.jpg","contentUrl":"https:\/\/www.altominho.tv\/site\/wp-content\/uploads\/2019\/11\/Logo_Avatar_2-150x150.jpg","caption":"Altominho.tv"},"url":"https:\/\/www.altominho.tv\/site\/author\/altominhotv-tecnico\/"}]}},"_links":{"self":[{"href":"https:\/\/www.altominho.tv\/site\/wp-json\/wp\/v2\/posts\/111786","targetHints":{"allow":["GET"]}}],"collection":[{"href":"https:\/\/www.altominho.tv\/site\/wp-json\/wp\/v2\/posts"}],"about":[{"href":"https:\/\/www.altominho.tv\/site\/wp-json\/wp\/v2\/types\/post"}],"author":[{"embeddable":true,"href":"https:\/\/www.altominho.tv\/site\/wp-json\/wp\/v2\/users\/1"}],"replies":[{"embeddable":true,"href":"https:\/\/www.altominho.tv\/site\/wp-json\/wp\/v2\/comments?post=111786"}],"version-history":[{"count":1,"href":"https:\/\/www.altominho.tv\/site\/wp-json\/wp\/v2\/posts\/111786\/revisions"}],"predecessor-version":[{"id":111788,"href":"https:\/\/www.altominho.tv\/site\/wp-json\/wp\/v2\/posts\/111786\/revisions\/111788"}],"wp:featuredmedia":[{"embeddable":true,"href":"https:\/\/www.altominho.tv\/site\/wp-json\/wp\/v2\/media\/111787"}],"wp:attachment":[{"href":"https:\/\/www.altominho.tv\/site\/wp-json\/wp\/v2\/media?parent=111786"}],"wp:term":[{"taxonomy":"category","embeddable":true,"href":"https:\/\/www.altominho.tv\/site\/wp-json\/wp\/v2\/categories?post=111786"},{"taxonomy":"post_tag","embeddable":true,"href":"https:\/\/www.altominho.tv\/site\/wp-json\/wp\/v2\/tags?post=111786"}],"curies":[{"name":"wp","href":"https:\/\/api.w.org\/{rel}","templated":true}]}}