{"id":111738,"date":"2024-10-22T15:58:07","date_gmt":"2024-10-22T14:58:07","guid":{"rendered":"https:\/\/www.altominho.tv\/site\/?p=111738"},"modified":"2024-10-22T16:03:37","modified_gmt":"2024-10-22T15:03:37","slug":"populacao-de-miranda-junta-em-cavada-da-terra-para-semear-centeio","status":"publish","type":"post","link":"https:\/\/www.altominho.tv\/site\/2024\/10\/22\/populacao-de-miranda-junta-em-cavada-da-terra-para-semear-centeio\/","title":{"rendered":"Popula\u00e7\u00e3o de Miranda junta em cavada da terra para semear centeio"},"content":{"rendered":"<p>Os habitantes de Miranda, aldeia serrana de Arcos de Valdevez, v\u00e3o juntar-se, no dia 27, para recriarem, pela primeira vez, uma cavada da terra e sementeira do centeio, atividade agr\u00edcola antiga, feita manualmente e sempre \u201cem comunidade\u201d.<\/p>\n<p>Naquele dia, os tratores v\u00e3o dar lugar \u00e0s enxadas, que, levantadas com a for\u00e7a dos bra\u00e7os, abrem as leivas, onde s\u00e3o largadas as sementes do centeio. Os \u201clavradores\u201d v\u00e3o vestidos com as roupas que antigamente se usavam na lavoura e munidos de enxadas ao ombro.<\/p>\n<p>A atividade \u00e9 promovida pela Associa\u00e7\u00e3o Cultural, Recreativa e Desportiva (ACRD) de Miranda, &#8220;para preservar usos e costumes de outros tempos, sobretudo relacionados com a lavoura, o principal meio de sustento na freguesia, hoje com cerca de 250 habitantes, a maioria idosos e poucas crian\u00e7as&#8221;.<\/p>\n<p>\u201cMiranda era o celeiro do Alto Minho. \u00c9 uma aldeia com muitos terrenos, muitos ch\u00e3os[planos] e tem muita abund\u00e2ncia de \u00e1gua, prop\u00edcios para a produ\u00e7\u00e3o de trigo e centeio. Com a chegada do outono, chegavam as cavadas da terra para semear estes cereais\u201d, explicou a presidente da ACRD.<\/p>\n<p>Contactada pela ag\u00eancia Lusa, Alexandrina Cunha adiantou que a cavada da terra, era uma pr\u00e1tica muito usual, que foi desaparecendo com a introdu\u00e7\u00e3o das m\u00e1quinas agr\u00edcolas.<\/p>\n<p>\u201cAntigamente, os trabalhos agr\u00edcolas eram realizados em comunidade. Toda a gente participava. O que pretendemos com esta iniciativa \u00e9 relembrar a entreajuda.<\/p>\n<p>Juntavam-se os vizinhos e havia quase um cronograma. Hoje vamos todos ajudar o fulano, amanh\u00e3 o sicrano, era mesmo assim que funcionava esses trabalhos que acabavam por ser de conv\u00edvio e festa\u201d, contou.<\/p>\n<p>Tal como noutros tempos, \u201ca cavada da terra vai ter anima\u00e7\u00e3o, com a Rusga da Miranda, e merenda, como o t\u00edpico arroz de feij\u00e3o, acompanhado de uma boa malga de vinho&#8221;.<\/p>\n<p>A atividade, que vai acontecer a partir das 14h00, faz parte do projeto Reviver Tradi\u00e7\u00f5es que a ACRD de Miranda desenvolve desde 2016, com a recria\u00e7\u00e3o da malhada do centeio, a desfolhada, a ida ao moinho para moer os cereais e fazer o p\u00e3o de milho, a vindima, a rojoada \u00e0 moda antiga, a matan\u00e7a do porco, o domingo gordo.<\/p>\n<p>Alexandrina Cunha explicou que, segundo \u201co preceito cat\u00f3lico, fielmente seguido na freguesia, os dias que antecediam a Quaresma eram intitulados de dias gordos, dias de dizer adeus \u00e0 carne, visto que, se ia entrar num tempo de r\u00edgida abstin\u00eancia\u201d.<\/p>\n<p>\u201c\u00c9 muito interessante ver a envolv\u00eancia das pessoas nestas atividades, principalmente das pessoas mais velhas. Ao mesmo tempo que querem participar, sentem uma nostalgia e relembram mem\u00f3rias e momentos que para eles foram muito felizes.<\/p>\n<p>Alguns passavam fome, mas eram felizes nestes trabalhos\u201d, real\u00e7ou Alexandrina Cunha.<\/p>\n<p>A presidente da ACRD de Miranda destacou ainda \u201ca partilha intergeracional, com os mais velhos a ensinarem os mais jovens, contando as hist\u00f3rias e experi\u00eancias que viveram no passado\u201d.<\/p>\n<p>\u201cOs mais novos perguntam aos mais velhos quais s\u00e3o as suas melhores mem\u00f3rias, para que servem as alfaias e utens\u00edlios agr\u00edcolas, objetos que eles n\u00e3o veem atualmente. N\u00f3s vivemos muito na \u00e9poca do cimento e da tecnologia, s\u00f3 que n\u00e3o comemos isso. \u00c9 importante que eles saibam de onde v\u00eam os alimentos que eles comem\u201d, afirmou.<\/p>\n<p>Al\u00e9m de recriar v\u00e1rios trabalhos e v\u00e1rias tradi\u00e7\u00f5es da freguesia, registadas em v\u00eddeo, \u201cpara \u201cguardar e passar \u00e0s gera\u00e7\u00f5es futuras\u201d, a associa\u00e7\u00e3o tem vindo a recolher testemunhos dos mais antigos, imagens de materiais, antigas alfaias e objetos, para fazer uma exposi\u00e7\u00e3o e perpetuar os usos e costumes da aldeia.<\/p>\n<p>Outro dos projetos da associa\u00e7\u00e3o passa pela recupera\u00e7\u00e3o de pelo menos um dos mais de 30 moinhos da aldeia, para recriar a transforma\u00e7\u00e3o dos cereais.<\/p>\n","protected":false},"excerpt":{"rendered":"<p>Os habitantes de Miranda, aldeia serrana de Arcos de Valdevez, v\u00e3o juntar-se, no dia 27, para recriarem, pela primeira vez, uma cavada da terra e sementeira do centeio, atividade agr\u00edcola antiga, feita manualmente e sempre \u201cem comunidade\u201d. Naquele dia, os tratores v\u00e3o dar lugar \u00e0s enxadas, que, levantadas com a for\u00e7a dos bra\u00e7os, abrem as [&hellip;]<\/p>\n","protected":false},"author":13,"featured_media":111740,"comment_status":"closed","ping_status":"closed","sticky":false,"template":"","format":"standard","meta":{"_exactmetrics_skip_tracking":false,"_exactmetrics_sitenote_active":false,"_exactmetrics_sitenote_note":"","_exactmetrics_sitenote_category":0,"footnotes":""},"categories":[2],"tags":[19],"class_list":["post-111738","post","type-post","status-publish","format-standard","has-post-thumbnail","hentry","category-arcos-de-valdevez","tag-cultura"],"yoast_head":"<!-- This site is optimized with the Yoast SEO Premium plugin v27.4 (Yoast SEO v27.4) - https:\/\/yoast.com\/product\/yoast-seo-premium-wordpress\/ -->\n<title>Popula\u00e7\u00e3o de Miranda junta em cavada da terra para semear centeio<\/title>\n<meta name=\"description\" content=\"Os habitantes de Miranda, aldeia serrana de Arcos de Valdevez, v\u00e3o juntar-se, no dia 27, para recriarem, pela primeira vez, uma cavada da terra e sementeira do centeio, atividade agr\u00edcola antiga, feita manualmente e sempre \u201cem comunidade\u201d.\" \/>\n<meta name=\"robots\" content=\"index, follow, max-snippet:-1, max-image-preview:large, max-video-preview:-1\" \/>\n<link rel=\"canonical\" href=\"https:\/\/www.altominho.tv\/site\/2024\/10\/22\/populacao-de-miranda-junta-em-cavada-da-terra-para-semear-centeio\/\" \/>\n<meta property=\"og:locale\" content=\"pt_PT\" \/>\n<meta property=\"og:type\" content=\"article\" \/>\n<meta property=\"og:title\" content=\"Popula\u00e7\u00e3o de Miranda junta em cavada da terra para semear centeio\" \/>\n<meta property=\"og:description\" content=\"Os habitantes de Miranda, aldeia serrana de Arcos de Valdevez, v\u00e3o juntar-se, no dia 27, para recriarem, pela primeira vez, uma cavada da terra e sementeira do centeio, atividade agr\u00edcola antiga, feita manualmente e sempre \u201cem comunidade\u201d.\" \/>\n<meta property=\"og:url\" content=\"https:\/\/www.altominho.tv\/site\/2024\/10\/22\/populacao-de-miranda-junta-em-cavada-da-terra-para-semear-centeio\/\" \/>\n<meta property=\"og:site_name\" content=\"Altominho.tv\" \/>\n<meta property=\"article:publisher\" content=\"https:\/\/www.facebook.com\/altominhotv\" \/>\n<meta property=\"article:published_time\" content=\"2024-10-22T14:58:07+00:00\" \/>\n<meta property=\"article:modified_time\" content=\"2024-10-22T15:03:37+00:00\" \/>\n<meta property=\"og:image\" content=\"https:\/\/www.altominho.tv\/site\/wp-content\/uploads\/2024\/10\/centeio.jpg\" \/>\n\t<meta property=\"og:image:width\" content=\"2000\" \/>\n\t<meta property=\"og:image:height\" content=\"1125\" \/>\n\t<meta property=\"og:image:type\" content=\"image\/jpeg\" \/>\n<meta name=\"author\" content=\"Lusa\" \/>\n<meta name=\"twitter:card\" content=\"summary_large_image\" \/>\n<meta name=\"twitter:creator\" content=\"@altominhoTV\" \/>\n<meta name=\"twitter:site\" content=\"@altominhoTV\" \/>\n<meta name=\"twitter:label1\" content=\"Escrito por\" \/>\n\t<meta name=\"twitter:data1\" content=\"Lusa\" \/>\n\t<meta name=\"twitter:label2\" content=\"Tempo estimado de leitura\" \/>\n\t<meta name=\"twitter:data2\" content=\"4 minutos\" \/>\n<script type=\"application\/ld+json\" class=\"yoast-schema-graph\">{\"@context\":\"https:\\\/\\\/schema.org\",\"@graph\":[{\"@type\":\"Article\",\"@id\":\"https:\\\/\\\/www.altominho.tv\\\/site\\\/2024\\\/10\\\/22\\\/populacao-de-miranda-junta-em-cavada-da-terra-para-semear-centeio\\\/#article\",\"isPartOf\":{\"@id\":\"https:\\\/\\\/www.altominho.tv\\\/site\\\/2024\\\/10\\\/22\\\/populacao-de-miranda-junta-em-cavada-da-terra-para-semear-centeio\\\/\"},\"author\":{\"name\":\"Lusa\",\"@id\":\"https:\\\/\\\/www.altominho.tv\\\/site\\\/#\\\/schema\\\/person\\\/63f693da3e1899361cbe955c46f3232e\"},\"headline\":\"Popula\u00e7\u00e3o de Miranda junta em cavada da terra para semear centeio\",\"datePublished\":\"2024-10-22T14:58:07+00:00\",\"dateModified\":\"2024-10-22T15:03:37+00:00\",\"mainEntityOfPage\":{\"@id\":\"https:\\\/\\\/www.altominho.tv\\\/site\\\/2024\\\/10\\\/22\\\/populacao-de-miranda-junta-em-cavada-da-terra-para-semear-centeio\\\/\"},\"wordCount\":647,\"image\":{\"@id\":\"https:\\\/\\\/www.altominho.tv\\\/site\\\/2024\\\/10\\\/22\\\/populacao-de-miranda-junta-em-cavada-da-terra-para-semear-centeio\\\/#primaryimage\"},\"thumbnailUrl\":\"https:\\\/\\\/www.altominho.tv\\\/site\\\/wp-content\\\/uploads\\\/2024\\\/10\\\/centeio.jpg\",\"keywords\":[\"Cultura\"],\"articleSection\":[\"Arcos de Valdevez\"],\"inLanguage\":\"pt-PT\",\"copyrightYear\":\"2024\",\"copyrightHolder\":{\"@id\":\"https:\\\/\\\/www.altominho.tv\\\/site\\\/#organization\"}},{\"@type\":\"WebPage\",\"@id\":\"https:\\\/\\\/www.altominho.tv\\\/site\\\/2024\\\/10\\\/22\\\/populacao-de-miranda-junta-em-cavada-da-terra-para-semear-centeio\\\/\",\"url\":\"https:\\\/\\\/www.altominho.tv\\\/site\\\/2024\\\/10\\\/22\\\/populacao-de-miranda-junta-em-cavada-da-terra-para-semear-centeio\\\/\",\"name\":\"Popula\u00e7\u00e3o de Miranda junta em cavada da terra para semear centeio\",\"isPartOf\":{\"@id\":\"https:\\\/\\\/www.altominho.tv\\\/site\\\/#website\"},\"primaryImageOfPage\":{\"@id\":\"https:\\\/\\\/www.altominho.tv\\\/site\\\/2024\\\/10\\\/22\\\/populacao-de-miranda-junta-em-cavada-da-terra-para-semear-centeio\\\/#primaryimage\"},\"image\":{\"@id\":\"https:\\\/\\\/www.altominho.tv\\\/site\\\/2024\\\/10\\\/22\\\/populacao-de-miranda-junta-em-cavada-da-terra-para-semear-centeio\\\/#primaryimage\"},\"thumbnailUrl\":\"https:\\\/\\\/www.altominho.tv\\\/site\\\/wp-content\\\/uploads\\\/2024\\\/10\\\/centeio.jpg\",\"datePublished\":\"2024-10-22T14:58:07+00:00\",\"dateModified\":\"2024-10-22T15:03:37+00:00\",\"author\":{\"@id\":\"https:\\\/\\\/www.altominho.tv\\\/site\\\/#\\\/schema\\\/person\\\/63f693da3e1899361cbe955c46f3232e\"},\"description\":\"Os habitantes de Miranda, aldeia serrana de Arcos de Valdevez, v\u00e3o juntar-se, no dia 27, para recriarem, pela primeira vez, uma cavada da terra e sementeira do centeio, atividade agr\u00edcola antiga, feita manualmente e sempre \u201cem comunidade\u201d.\",\"breadcrumb\":{\"@id\":\"https:\\\/\\\/www.altominho.tv\\\/site\\\/2024\\\/10\\\/22\\\/populacao-de-miranda-junta-em-cavada-da-terra-para-semear-centeio\\\/#breadcrumb\"},\"inLanguage\":\"pt-PT\",\"potentialAction\":[{\"@type\":\"ReadAction\",\"target\":[\"https:\\\/\\\/www.altominho.tv\\\/site\\\/2024\\\/10\\\/22\\\/populacao-de-miranda-junta-em-cavada-da-terra-para-semear-centeio\\\/\"]}]},{\"@type\":\"ImageObject\",\"inLanguage\":\"pt-PT\",\"@id\":\"https:\\\/\\\/www.altominho.tv\\\/site\\\/2024\\\/10\\\/22\\\/populacao-de-miranda-junta-em-cavada-da-terra-para-semear-centeio\\\/#primaryimage\",\"url\":\"https:\\\/\\\/www.altominho.tv\\\/site\\\/wp-content\\\/uploads\\\/2024\\\/10\\\/centeio.jpg\",\"contentUrl\":\"https:\\\/\\\/www.altominho.tv\\\/site\\\/wp-content\\\/uploads\\\/2024\\\/10\\\/centeio.jpg\",\"width\":2000,\"height\":1125},{\"@type\":\"BreadcrumbList\",\"@id\":\"https:\\\/\\\/www.altominho.tv\\\/site\\\/2024\\\/10\\\/22\\\/populacao-de-miranda-junta-em-cavada-da-terra-para-semear-centeio\\\/#breadcrumb\",\"itemListElement\":[{\"@type\":\"ListItem\",\"position\":1,\"name\":\"In\u00edcio\",\"item\":\"https:\\\/\\\/www.altominho.tv\\\/site\\\/\"},{\"@type\":\"ListItem\",\"position\":2,\"name\":\"Popula\u00e7\u00e3o de Miranda junta em cavada da terra para semear centeio\"}]},{\"@type\":\"WebSite\",\"@id\":\"https:\\\/\\\/www.altominho.tv\\\/site\\\/#website\",\"url\":\"https:\\\/\\\/www.altominho.tv\\\/site\\\/\",\"name\":\"Altominho.tv\",\"description\":\"A sua regi\u00e3o \u00e0 dist\u00e2ncia de um clique...\",\"potentialAction\":[{\"@type\":\"SearchAction\",\"target\":{\"@type\":\"EntryPoint\",\"urlTemplate\":\"https:\\\/\\\/www.altominho.tv\\\/site\\\/?s={search_term_string}\"},\"query-input\":{\"@type\":\"PropertyValueSpecification\",\"valueRequired\":true,\"valueName\":\"search_term_string\"}}],\"inLanguage\":\"pt-PT\"},{\"@type\":\"Person\",\"@id\":\"https:\\\/\\\/www.altominho.tv\\\/site\\\/#\\\/schema\\\/person\\\/63f693da3e1899361cbe955c46f3232e\",\"name\":\"Lusa\",\"image\":{\"@type\":\"ImageObject\",\"inLanguage\":\"pt-PT\",\"@id\":\"https:\\\/\\\/www.altominho.tv\\\/site\\\/wp-content\\\/uploads\\\/2019\\\/08\\\/LUSA_Logo.gif\",\"url\":\"https:\\\/\\\/www.altominho.tv\\\/site\\\/wp-content\\\/uploads\\\/2019\\\/08\\\/LUSA_Logo.gif\",\"contentUrl\":\"https:\\\/\\\/www.altominho.tv\\\/site\\\/wp-content\\\/uploads\\\/2019\\\/08\\\/LUSA_Logo.gif\",\"caption\":\"Lusa\"},\"sameAs\":[\"http:\\\/\\\/\\\/\\\/www.altominho.tv\\\/site\"],\"url\":\"https:\\\/\\\/www.altominho.tv\\\/site\\\/author\\\/lusa\\\/\"}]}<\/script>\n<!-- \/ Yoast SEO Premium plugin. -->","yoast_head_json":{"title":"Popula\u00e7\u00e3o de Miranda junta em cavada da terra para semear centeio","description":"Os habitantes de Miranda, aldeia serrana de Arcos de Valdevez, v\u00e3o juntar-se, no dia 27, para recriarem, pela primeira vez, uma cavada da terra e sementeira do centeio, atividade agr\u00edcola antiga, feita manualmente e sempre \u201cem comunidade\u201d.","robots":{"index":"index","follow":"follow","max-snippet":"max-snippet:-1","max-image-preview":"max-image-preview:large","max-video-preview":"max-video-preview:-1"},"canonical":"https:\/\/www.altominho.tv\/site\/2024\/10\/22\/populacao-de-miranda-junta-em-cavada-da-terra-para-semear-centeio\/","og_locale":"pt_PT","og_type":"article","og_title":"Popula\u00e7\u00e3o de Miranda junta em cavada da terra para semear centeio","og_description":"Os habitantes de Miranda, aldeia serrana de Arcos de Valdevez, v\u00e3o juntar-se, no dia 27, para recriarem, pela primeira vez, uma cavada da terra e sementeira do centeio, atividade agr\u00edcola antiga, feita manualmente e sempre \u201cem comunidade\u201d.","og_url":"https:\/\/www.altominho.tv\/site\/2024\/10\/22\/populacao-de-miranda-junta-em-cavada-da-terra-para-semear-centeio\/","og_site_name":"Altominho.tv","article_publisher":"https:\/\/www.facebook.com\/altominhotv","article_published_time":"2024-10-22T14:58:07+00:00","article_modified_time":"2024-10-22T15:03:37+00:00","og_image":[{"width":2000,"height":1125,"url":"https:\/\/www.altominho.tv\/site\/wp-content\/uploads\/2024\/10\/centeio.jpg","type":"image\/jpeg"}],"author":"Lusa","twitter_card":"summary_large_image","twitter_creator":"@altominhoTV","twitter_site":"@altominhoTV","twitter_misc":{"Escrito por":"Lusa","Tempo estimado de leitura":"4 minutos"},"schema":{"@context":"https:\/\/schema.org","@graph":[{"@type":"Article","@id":"https:\/\/www.altominho.tv\/site\/2024\/10\/22\/populacao-de-miranda-junta-em-cavada-da-terra-para-semear-centeio\/#article","isPartOf":{"@id":"https:\/\/www.altominho.tv\/site\/2024\/10\/22\/populacao-de-miranda-junta-em-cavada-da-terra-para-semear-centeio\/"},"author":{"name":"Lusa","@id":"https:\/\/www.altominho.tv\/site\/#\/schema\/person\/63f693da3e1899361cbe955c46f3232e"},"headline":"Popula\u00e7\u00e3o de Miranda junta em cavada da terra para semear centeio","datePublished":"2024-10-22T14:58:07+00:00","dateModified":"2024-10-22T15:03:37+00:00","mainEntityOfPage":{"@id":"https:\/\/www.altominho.tv\/site\/2024\/10\/22\/populacao-de-miranda-junta-em-cavada-da-terra-para-semear-centeio\/"},"wordCount":647,"image":{"@id":"https:\/\/www.altominho.tv\/site\/2024\/10\/22\/populacao-de-miranda-junta-em-cavada-da-terra-para-semear-centeio\/#primaryimage"},"thumbnailUrl":"https:\/\/www.altominho.tv\/site\/wp-content\/uploads\/2024\/10\/centeio.jpg","keywords":["Cultura"],"articleSection":["Arcos de Valdevez"],"inLanguage":"pt-PT","copyrightYear":"2024","copyrightHolder":{"@id":"https:\/\/www.altominho.tv\/site\/#organization"}},{"@type":"WebPage","@id":"https:\/\/www.altominho.tv\/site\/2024\/10\/22\/populacao-de-miranda-junta-em-cavada-da-terra-para-semear-centeio\/","url":"https:\/\/www.altominho.tv\/site\/2024\/10\/22\/populacao-de-miranda-junta-em-cavada-da-terra-para-semear-centeio\/","name":"Popula\u00e7\u00e3o de Miranda junta em cavada da terra para semear centeio","isPartOf":{"@id":"https:\/\/www.altominho.tv\/site\/#website"},"primaryImageOfPage":{"@id":"https:\/\/www.altominho.tv\/site\/2024\/10\/22\/populacao-de-miranda-junta-em-cavada-da-terra-para-semear-centeio\/#primaryimage"},"image":{"@id":"https:\/\/www.altominho.tv\/site\/2024\/10\/22\/populacao-de-miranda-junta-em-cavada-da-terra-para-semear-centeio\/#primaryimage"},"thumbnailUrl":"https:\/\/www.altominho.tv\/site\/wp-content\/uploads\/2024\/10\/centeio.jpg","datePublished":"2024-10-22T14:58:07+00:00","dateModified":"2024-10-22T15:03:37+00:00","author":{"@id":"https:\/\/www.altominho.tv\/site\/#\/schema\/person\/63f693da3e1899361cbe955c46f3232e"},"description":"Os habitantes de Miranda, aldeia serrana de Arcos de Valdevez, v\u00e3o juntar-se, no dia 27, para recriarem, pela primeira vez, uma cavada da terra e sementeira do centeio, atividade agr\u00edcola antiga, feita manualmente e sempre \u201cem comunidade\u201d.","breadcrumb":{"@id":"https:\/\/www.altominho.tv\/site\/2024\/10\/22\/populacao-de-miranda-junta-em-cavada-da-terra-para-semear-centeio\/#breadcrumb"},"inLanguage":"pt-PT","potentialAction":[{"@type":"ReadAction","target":["https:\/\/www.altominho.tv\/site\/2024\/10\/22\/populacao-de-miranda-junta-em-cavada-da-terra-para-semear-centeio\/"]}]},{"@type":"ImageObject","inLanguage":"pt-PT","@id":"https:\/\/www.altominho.tv\/site\/2024\/10\/22\/populacao-de-miranda-junta-em-cavada-da-terra-para-semear-centeio\/#primaryimage","url":"https:\/\/www.altominho.tv\/site\/wp-content\/uploads\/2024\/10\/centeio.jpg","contentUrl":"https:\/\/www.altominho.tv\/site\/wp-content\/uploads\/2024\/10\/centeio.jpg","width":2000,"height":1125},{"@type":"BreadcrumbList","@id":"https:\/\/www.altominho.tv\/site\/2024\/10\/22\/populacao-de-miranda-junta-em-cavada-da-terra-para-semear-centeio\/#breadcrumb","itemListElement":[{"@type":"ListItem","position":1,"name":"In\u00edcio","item":"https:\/\/www.altominho.tv\/site\/"},{"@type":"ListItem","position":2,"name":"Popula\u00e7\u00e3o de Miranda junta em cavada da terra para semear centeio"}]},{"@type":"WebSite","@id":"https:\/\/www.altominho.tv\/site\/#website","url":"https:\/\/www.altominho.tv\/site\/","name":"Altominho.tv","description":"A sua regi\u00e3o \u00e0 dist\u00e2ncia de um clique...","potentialAction":[{"@type":"SearchAction","target":{"@type":"EntryPoint","urlTemplate":"https:\/\/www.altominho.tv\/site\/?s={search_term_string}"},"query-input":{"@type":"PropertyValueSpecification","valueRequired":true,"valueName":"search_term_string"}}],"inLanguage":"pt-PT"},{"@type":"Person","@id":"https:\/\/www.altominho.tv\/site\/#\/schema\/person\/63f693da3e1899361cbe955c46f3232e","name":"Lusa","image":{"@type":"ImageObject","inLanguage":"pt-PT","@id":"https:\/\/www.altominho.tv\/site\/wp-content\/uploads\/2019\/08\/LUSA_Logo.gif","url":"https:\/\/www.altominho.tv\/site\/wp-content\/uploads\/2019\/08\/LUSA_Logo.gif","contentUrl":"https:\/\/www.altominho.tv\/site\/wp-content\/uploads\/2019\/08\/LUSA_Logo.gif","caption":"Lusa"},"sameAs":["http:\/\/\/\/www.altominho.tv\/site"],"url":"https:\/\/www.altominho.tv\/site\/author\/lusa\/"}]}},"_links":{"self":[{"href":"https:\/\/www.altominho.tv\/site\/wp-json\/wp\/v2\/posts\/111738","targetHints":{"allow":["GET"]}}],"collection":[{"href":"https:\/\/www.altominho.tv\/site\/wp-json\/wp\/v2\/posts"}],"about":[{"href":"https:\/\/www.altominho.tv\/site\/wp-json\/wp\/v2\/types\/post"}],"author":[{"embeddable":true,"href":"https:\/\/www.altominho.tv\/site\/wp-json\/wp\/v2\/users\/13"}],"replies":[{"embeddable":true,"href":"https:\/\/www.altominho.tv\/site\/wp-json\/wp\/v2\/comments?post=111738"}],"version-history":[{"count":1,"href":"https:\/\/www.altominho.tv\/site\/wp-json\/wp\/v2\/posts\/111738\/revisions"}],"predecessor-version":[{"id":111741,"href":"https:\/\/www.altominho.tv\/site\/wp-json\/wp\/v2\/posts\/111738\/revisions\/111741"}],"wp:featuredmedia":[{"embeddable":true,"href":"https:\/\/www.altominho.tv\/site\/wp-json\/wp\/v2\/media\/111740"}],"wp:attachment":[{"href":"https:\/\/www.altominho.tv\/site\/wp-json\/wp\/v2\/media?parent=111738"}],"wp:term":[{"taxonomy":"category","embeddable":true,"href":"https:\/\/www.altominho.tv\/site\/wp-json\/wp\/v2\/categories?post=111738"},{"taxonomy":"post_tag","embeddable":true,"href":"https:\/\/www.altominho.tv\/site\/wp-json\/wp\/v2\/tags?post=111738"}],"curies":[{"name":"wp","href":"https:\/\/api.w.org\/{rel}","templated":true}]}}