{"id":111734,"date":"2024-10-22T15:51:42","date_gmt":"2024-10-22T14:51:42","guid":{"rendered":"https:\/\/www.altominho.tv\/site\/?p=111734"},"modified":"2024-10-22T15:51:45","modified_gmt":"2024-10-22T14:51:45","slug":"estao-abertas-as-candidaturas-para-dois-fins-de-semana-de-mercado-de-natal-em-cerveira","status":"publish","type":"post","link":"https:\/\/www.altominho.tv\/site\/2024\/10\/22\/estao-abertas-as-candidaturas-para-dois-fins-de-semana-de-mercado-de-natal-em-cerveira\/","title":{"rendered":"Est\u00e3o abertas as candidaturas para dois fins-de-semana de Mercado de Natal em Cerveira"},"content":{"rendered":"\n<p>Vila Nova de Cerveira e Natal. O local e a quadra festiva completamente ligados por um evento, anualmente, dinamizado pela C\u00e2mara Municipal e que j\u00e1 integra o roteiro de visita obrigat\u00f3ria de milhares de pessoas imbu\u00eddas pelo esp\u00edrito natal\u00edcio. O Mercado de Natal de Cerveira 2024 vai espalhar magia ao longo de dois fins-de-semana prolongados. Inscri\u00e7\u00f5es para participa\u00e7\u00e3o de expositores decorrem entre hoje e 8 de novembro.<\/p>\n\n\n\n<p>A \u00e9poca mais m\u00e1gica do ano volta a ser comemorada em Cerveira com atividades para mi\u00fados e gra\u00fados, mantendo o car\u00e1ter inovador e surpreendente a que j\u00e1 nos habituou. Assim, um dos momentos marcantes da vasta programa\u00e7\u00e3o natal\u00edcia promovida pela autarquia \u00e9 o Mercado de Natal que, este ano, decorre de 5 a 8 e de 13 a 15 de dezembro. S\u00e3o dois fins-de-semana consecutivos, pois na edi\u00e7\u00e3o anterior, o frenesim positivo com as atividades propostas levou muitas pessoas a pedir o prolongamento do evento, o que viria acontecer e a revelar-se um sucesso.<\/p>\n\n\n\n<p>Podem participar artes\u00e3os, feirantes, comerciantes, associa\u00e7\u00f5es locais ou outras quaisquer entidades, desde que se enquadrem nos objetivos natal\u00edcios definidos. Os interessados devem consultar as Normas de Participa\u00e7\u00e3o e formalizar a sua participa\u00e7\u00e3o, junto dos servi\u00e7os da cultura da autarquia, presencialmente, via correio postal, ou atrav\u00e9s de correio eletr\u00f3nico para\u00a0candidatura.eventos@cm-vncerveira.pt\u00a0(com o limite m\u00e1ximo e capacidade de rece\u00e7\u00e3o de 7 MB).<\/p>\n\n\n\n<p>Al\u00e9m do alargamento do Mercado de Natal no calend\u00e1rio, a programa\u00e7\u00e3o natal\u00edcia de Vila Nova de Cerveira conta ainda com o momento singular de Ligar as Luzes, agendado para 30 de novembro, um espet\u00e1culo de teatro alusivo \u00e0 quadra e um Concerto de Natal.<\/p>\n","protected":false},"excerpt":{"rendered":"<p>Vila Nova de Cerveira e Natal. O local e a quadra festiva completamente ligados por um evento, anualmente, dinamizado pela C\u00e2mara Municipal e que j\u00e1 integra o roteiro de visita obrigat\u00f3ria de milhares de pessoas imbu\u00eddas pelo esp\u00edrito natal\u00edcio. O Mercado de Natal de Cerveira 2024 vai espalhar magia ao longo de dois fins-de-semana prolongados. [&hellip;]<\/p>\n","protected":false},"author":1,"featured_media":111735,"comment_status":"closed","ping_status":"closed","sticky":false,"template":"","format":"standard","meta":{"_exactmetrics_skip_tracking":false,"_exactmetrics_sitenote_active":false,"_exactmetrics_sitenote_note":"","_exactmetrics_sitenote_category":0,"footnotes":""},"categories":[15],"tags":[27],"class_list":["post-111734","post","type-post","status-publish","format-standard","has-post-thumbnail","hentry","category-vila-nova-de-cerveira","tag-sociedade"],"yoast_head":"<!-- This site is optimized with the Yoast SEO Premium plugin v27.5 (Yoast SEO v27.5) - https:\/\/yoast.com\/product\/yoast-seo-premium-wordpress\/ -->\n<title>Est\u00e3o abertas as candidaturas para dois fins-de-semana de Mercado de Natal em Cerveira<\/title>\n<meta name=\"robots\" content=\"index, follow, max-snippet:-1, max-image-preview:large, max-video-preview:-1\" \/>\n<link rel=\"canonical\" href=\"https:\/\/www.altominho.tv\/site\/2024\/10\/22\/estao-abertas-as-candidaturas-para-dois-fins-de-semana-de-mercado-de-natal-em-cerveira\/\" \/>\n<meta property=\"og:locale\" content=\"pt_PT\" \/>\n<meta property=\"og:type\" content=\"article\" \/>\n<meta property=\"og:title\" content=\"Est\u00e3o abertas as candidaturas para dois fins-de-semana de Mercado de Natal em Cerveira\" \/>\n<meta property=\"og:description\" content=\"Vila Nova de Cerveira e Natal. O local e a quadra festiva completamente ligados por um evento, anualmente, dinamizado pela C\u00e2mara Municipal e que j\u00e1 integra o roteiro de visita obrigat\u00f3ria de milhares de pessoas imbu\u00eddas pelo esp\u00edrito natal\u00edcio. O Mercado de Natal de Cerveira 2024 vai espalhar magia ao longo de dois fins-de-semana prolongados. [&hellip;]\" \/>\n<meta property=\"og:url\" content=\"https:\/\/www.altominho.tv\/site\/2024\/10\/22\/estao-abertas-as-candidaturas-para-dois-fins-de-semana-de-mercado-de-natal-em-cerveira\/\" \/>\n<meta property=\"og:site_name\" content=\"Altominho.tv\" \/>\n<meta property=\"article:publisher\" content=\"https:\/\/www.facebook.com\/altominhotv\" \/>\n<meta property=\"article:published_time\" content=\"2024-10-22T14:51:42+00:00\" \/>\n<meta property=\"article:modified_time\" content=\"2024-10-22T14:51:45+00:00\" \/>\n<meta property=\"og:image\" content=\"https:\/\/www.altominho.tv\/site\/wp-content\/uploads\/2024\/10\/Natal-Cerveira.jpg\" \/>\n\t<meta property=\"og:image:width\" content=\"1920\" \/>\n\t<meta property=\"og:image:height\" content=\"1080\" \/>\n\t<meta property=\"og:image:type\" content=\"image\/jpeg\" \/>\n<meta name=\"author\" content=\"Altominho.tv\" \/>\n<meta name=\"twitter:card\" content=\"summary_large_image\" \/>\n<meta name=\"twitter:creator\" content=\"@altominhoTV\" \/>\n<meta name=\"twitter:site\" content=\"@altominhoTV\" \/>\n<meta name=\"twitter:label1\" content=\"Escrito por\" \/>\n\t<meta name=\"twitter:data1\" content=\"Altominho.tv\" \/>\n\t<meta name=\"twitter:label2\" content=\"Tempo estimado de leitura\" \/>\n\t<meta name=\"twitter:data2\" content=\"2 minutos\" \/>\n<script type=\"application\/ld+json\" class=\"yoast-schema-graph\">{\"@context\":\"https:\\\/\\\/schema.org\",\"@graph\":[{\"@type\":\"Article\",\"@id\":\"https:\\\/\\\/www.altominho.tv\\\/site\\\/2024\\\/10\\\/22\\\/estao-abertas-as-candidaturas-para-dois-fins-de-semana-de-mercado-de-natal-em-cerveira\\\/#article\",\"isPartOf\":{\"@id\":\"https:\\\/\\\/www.altominho.tv\\\/site\\\/2024\\\/10\\\/22\\\/estao-abertas-as-candidaturas-para-dois-fins-de-semana-de-mercado-de-natal-em-cerveira\\\/\"},\"author\":{\"name\":\"Altominho.tv\",\"@id\":\"https:\\\/\\\/www.altominho.tv\\\/site\\\/#\\\/schema\\\/person\\\/4e536851627d7914baf3dac752b6af22\"},\"headline\":\"Est\u00e3o abertas as candidaturas para dois fins-de-semana de Mercado de Natal em Cerveira\",\"datePublished\":\"2024-10-22T14:51:42+00:00\",\"dateModified\":\"2024-10-22T14:51:45+00:00\",\"mainEntityOfPage\":{\"@id\":\"https:\\\/\\\/www.altominho.tv\\\/site\\\/2024\\\/10\\\/22\\\/estao-abertas-as-candidaturas-para-dois-fins-de-semana-de-mercado-de-natal-em-cerveira\\\/\"},\"wordCount\":303,\"image\":{\"@id\":\"https:\\\/\\\/www.altominho.tv\\\/site\\\/2024\\\/10\\\/22\\\/estao-abertas-as-candidaturas-para-dois-fins-de-semana-de-mercado-de-natal-em-cerveira\\\/#primaryimage\"},\"thumbnailUrl\":\"https:\\\/\\\/www.altominho.tv\\\/site\\\/wp-content\\\/uploads\\\/2024\\\/10\\\/Natal-Cerveira.jpg\",\"keywords\":[\"Sociedade\"],\"articleSection\":[\"Vila Nova de Cerveira\"],\"inLanguage\":\"pt-PT\",\"copyrightYear\":\"2024\",\"copyrightHolder\":{\"@id\":\"https:\\\/\\\/www.altominho.tv\\\/site\\\/#organization\"}},{\"@type\":\"WebPage\",\"@id\":\"https:\\\/\\\/www.altominho.tv\\\/site\\\/2024\\\/10\\\/22\\\/estao-abertas-as-candidaturas-para-dois-fins-de-semana-de-mercado-de-natal-em-cerveira\\\/\",\"url\":\"https:\\\/\\\/www.altominho.tv\\\/site\\\/2024\\\/10\\\/22\\\/estao-abertas-as-candidaturas-para-dois-fins-de-semana-de-mercado-de-natal-em-cerveira\\\/\",\"name\":\"Est\u00e3o abertas as candidaturas para dois fins-de-semana de Mercado de Natal em Cerveira\",\"isPartOf\":{\"@id\":\"https:\\\/\\\/www.altominho.tv\\\/site\\\/#website\"},\"primaryImageOfPage\":{\"@id\":\"https:\\\/\\\/www.altominho.tv\\\/site\\\/2024\\\/10\\\/22\\\/estao-abertas-as-candidaturas-para-dois-fins-de-semana-de-mercado-de-natal-em-cerveira\\\/#primaryimage\"},\"image\":{\"@id\":\"https:\\\/\\\/www.altominho.tv\\\/site\\\/2024\\\/10\\\/22\\\/estao-abertas-as-candidaturas-para-dois-fins-de-semana-de-mercado-de-natal-em-cerveira\\\/#primaryimage\"},\"thumbnailUrl\":\"https:\\\/\\\/www.altominho.tv\\\/site\\\/wp-content\\\/uploads\\\/2024\\\/10\\\/Natal-Cerveira.jpg\",\"datePublished\":\"2024-10-22T14:51:42+00:00\",\"dateModified\":\"2024-10-22T14:51:45+00:00\",\"author\":{\"@id\":\"https:\\\/\\\/www.altominho.tv\\\/site\\\/#\\\/schema\\\/person\\\/4e536851627d7914baf3dac752b6af22\"},\"breadcrumb\":{\"@id\":\"https:\\\/\\\/www.altominho.tv\\\/site\\\/2024\\\/10\\\/22\\\/estao-abertas-as-candidaturas-para-dois-fins-de-semana-de-mercado-de-natal-em-cerveira\\\/#breadcrumb\"},\"inLanguage\":\"pt-PT\",\"potentialAction\":[{\"@type\":\"ReadAction\",\"target\":[\"https:\\\/\\\/www.altominho.tv\\\/site\\\/2024\\\/10\\\/22\\\/estao-abertas-as-candidaturas-para-dois-fins-de-semana-de-mercado-de-natal-em-cerveira\\\/\"]}]},{\"@type\":\"ImageObject\",\"inLanguage\":\"pt-PT\",\"@id\":\"https:\\\/\\\/www.altominho.tv\\\/site\\\/2024\\\/10\\\/22\\\/estao-abertas-as-candidaturas-para-dois-fins-de-semana-de-mercado-de-natal-em-cerveira\\\/#primaryimage\",\"url\":\"https:\\\/\\\/www.altominho.tv\\\/site\\\/wp-content\\\/uploads\\\/2024\\\/10\\\/Natal-Cerveira.jpg\",\"contentUrl\":\"https:\\\/\\\/www.altominho.tv\\\/site\\\/wp-content\\\/uploads\\\/2024\\\/10\\\/Natal-Cerveira.jpg\",\"width\":1920,\"height\":1080},{\"@type\":\"BreadcrumbList\",\"@id\":\"https:\\\/\\\/www.altominho.tv\\\/site\\\/2024\\\/10\\\/22\\\/estao-abertas-as-candidaturas-para-dois-fins-de-semana-de-mercado-de-natal-em-cerveira\\\/#breadcrumb\",\"itemListElement\":[{\"@type\":\"ListItem\",\"position\":1,\"name\":\"In\u00edcio\",\"item\":\"https:\\\/\\\/www.altominho.tv\\\/site\\\/\"},{\"@type\":\"ListItem\",\"position\":2,\"name\":\"Est\u00e3o abertas as candidaturas para dois fins-de-semana de Mercado de Natal em Cerveira\"}]},{\"@type\":\"WebSite\",\"@id\":\"https:\\\/\\\/www.altominho.tv\\\/site\\\/#website\",\"url\":\"https:\\\/\\\/www.altominho.tv\\\/site\\\/\",\"name\":\"Altominho.tv\",\"description\":\"A sua regi\u00e3o \u00e0 dist\u00e2ncia de um clique...\",\"potentialAction\":[{\"@type\":\"SearchAction\",\"target\":{\"@type\":\"EntryPoint\",\"urlTemplate\":\"https:\\\/\\\/www.altominho.tv\\\/site\\\/?s={search_term_string}\"},\"query-input\":{\"@type\":\"PropertyValueSpecification\",\"valueRequired\":true,\"valueName\":\"search_term_string\"}}],\"inLanguage\":\"pt-PT\"},{\"@type\":\"Person\",\"@id\":\"https:\\\/\\\/www.altominho.tv\\\/site\\\/#\\\/schema\\\/person\\\/4e536851627d7914baf3dac752b6af22\",\"name\":\"Altominho.tv\",\"image\":{\"@type\":\"ImageObject\",\"inLanguage\":\"pt-PT\",\"@id\":\"https:\\\/\\\/www.altominho.tv\\\/site\\\/wp-content\\\/uploads\\\/2019\\\/11\\\/Logo_Avatar_2-150x150.jpg\",\"url\":\"https:\\\/\\\/www.altominho.tv\\\/site\\\/wp-content\\\/uploads\\\/2019\\\/11\\\/Logo_Avatar_2-150x150.jpg\",\"contentUrl\":\"https:\\\/\\\/www.altominho.tv\\\/site\\\/wp-content\\\/uploads\\\/2019\\\/11\\\/Logo_Avatar_2-150x150.jpg\",\"caption\":\"Altominho.tv\"},\"url\":\"https:\\\/\\\/www.altominho.tv\\\/site\\\/author\\\/altominhotv-tecnico\\\/\"}]}<\/script>\n<!-- \/ Yoast SEO Premium plugin. -->","yoast_head_json":{"title":"Est\u00e3o abertas as candidaturas para dois fins-de-semana de Mercado de Natal em Cerveira","robots":{"index":"index","follow":"follow","max-snippet":"max-snippet:-1","max-image-preview":"max-image-preview:large","max-video-preview":"max-video-preview:-1"},"canonical":"https:\/\/www.altominho.tv\/site\/2024\/10\/22\/estao-abertas-as-candidaturas-para-dois-fins-de-semana-de-mercado-de-natal-em-cerveira\/","og_locale":"pt_PT","og_type":"article","og_title":"Est\u00e3o abertas as candidaturas para dois fins-de-semana de Mercado de Natal em Cerveira","og_description":"Vila Nova de Cerveira e Natal. O local e a quadra festiva completamente ligados por um evento, anualmente, dinamizado pela C\u00e2mara Municipal e que j\u00e1 integra o roteiro de visita obrigat\u00f3ria de milhares de pessoas imbu\u00eddas pelo esp\u00edrito natal\u00edcio. O Mercado de Natal de Cerveira 2024 vai espalhar magia ao longo de dois fins-de-semana prolongados. [&hellip;]","og_url":"https:\/\/www.altominho.tv\/site\/2024\/10\/22\/estao-abertas-as-candidaturas-para-dois-fins-de-semana-de-mercado-de-natal-em-cerveira\/","og_site_name":"Altominho.tv","article_publisher":"https:\/\/www.facebook.com\/altominhotv","article_published_time":"2024-10-22T14:51:42+00:00","article_modified_time":"2024-10-22T14:51:45+00:00","og_image":[{"width":1920,"height":1080,"url":"https:\/\/www.altominho.tv\/site\/wp-content\/uploads\/2024\/10\/Natal-Cerveira.jpg","type":"image\/jpeg"}],"author":"Altominho.tv","twitter_card":"summary_large_image","twitter_creator":"@altominhoTV","twitter_site":"@altominhoTV","twitter_misc":{"Escrito por":"Altominho.tv","Tempo estimado de leitura":"2 minutos"},"schema":{"@context":"https:\/\/schema.org","@graph":[{"@type":"Article","@id":"https:\/\/www.altominho.tv\/site\/2024\/10\/22\/estao-abertas-as-candidaturas-para-dois-fins-de-semana-de-mercado-de-natal-em-cerveira\/#article","isPartOf":{"@id":"https:\/\/www.altominho.tv\/site\/2024\/10\/22\/estao-abertas-as-candidaturas-para-dois-fins-de-semana-de-mercado-de-natal-em-cerveira\/"},"author":{"name":"Altominho.tv","@id":"https:\/\/www.altominho.tv\/site\/#\/schema\/person\/4e536851627d7914baf3dac752b6af22"},"headline":"Est\u00e3o abertas as candidaturas para dois fins-de-semana de Mercado de Natal em Cerveira","datePublished":"2024-10-22T14:51:42+00:00","dateModified":"2024-10-22T14:51:45+00:00","mainEntityOfPage":{"@id":"https:\/\/www.altominho.tv\/site\/2024\/10\/22\/estao-abertas-as-candidaturas-para-dois-fins-de-semana-de-mercado-de-natal-em-cerveira\/"},"wordCount":303,"image":{"@id":"https:\/\/www.altominho.tv\/site\/2024\/10\/22\/estao-abertas-as-candidaturas-para-dois-fins-de-semana-de-mercado-de-natal-em-cerveira\/#primaryimage"},"thumbnailUrl":"https:\/\/www.altominho.tv\/site\/wp-content\/uploads\/2024\/10\/Natal-Cerveira.jpg","keywords":["Sociedade"],"articleSection":["Vila Nova de Cerveira"],"inLanguage":"pt-PT","copyrightYear":"2024","copyrightHolder":{"@id":"https:\/\/www.altominho.tv\/site\/#organization"}},{"@type":"WebPage","@id":"https:\/\/www.altominho.tv\/site\/2024\/10\/22\/estao-abertas-as-candidaturas-para-dois-fins-de-semana-de-mercado-de-natal-em-cerveira\/","url":"https:\/\/www.altominho.tv\/site\/2024\/10\/22\/estao-abertas-as-candidaturas-para-dois-fins-de-semana-de-mercado-de-natal-em-cerveira\/","name":"Est\u00e3o abertas as candidaturas para dois fins-de-semana de Mercado de Natal em Cerveira","isPartOf":{"@id":"https:\/\/www.altominho.tv\/site\/#website"},"primaryImageOfPage":{"@id":"https:\/\/www.altominho.tv\/site\/2024\/10\/22\/estao-abertas-as-candidaturas-para-dois-fins-de-semana-de-mercado-de-natal-em-cerveira\/#primaryimage"},"image":{"@id":"https:\/\/www.altominho.tv\/site\/2024\/10\/22\/estao-abertas-as-candidaturas-para-dois-fins-de-semana-de-mercado-de-natal-em-cerveira\/#primaryimage"},"thumbnailUrl":"https:\/\/www.altominho.tv\/site\/wp-content\/uploads\/2024\/10\/Natal-Cerveira.jpg","datePublished":"2024-10-22T14:51:42+00:00","dateModified":"2024-10-22T14:51:45+00:00","author":{"@id":"https:\/\/www.altominho.tv\/site\/#\/schema\/person\/4e536851627d7914baf3dac752b6af22"},"breadcrumb":{"@id":"https:\/\/www.altominho.tv\/site\/2024\/10\/22\/estao-abertas-as-candidaturas-para-dois-fins-de-semana-de-mercado-de-natal-em-cerveira\/#breadcrumb"},"inLanguage":"pt-PT","potentialAction":[{"@type":"ReadAction","target":["https:\/\/www.altominho.tv\/site\/2024\/10\/22\/estao-abertas-as-candidaturas-para-dois-fins-de-semana-de-mercado-de-natal-em-cerveira\/"]}]},{"@type":"ImageObject","inLanguage":"pt-PT","@id":"https:\/\/www.altominho.tv\/site\/2024\/10\/22\/estao-abertas-as-candidaturas-para-dois-fins-de-semana-de-mercado-de-natal-em-cerveira\/#primaryimage","url":"https:\/\/www.altominho.tv\/site\/wp-content\/uploads\/2024\/10\/Natal-Cerveira.jpg","contentUrl":"https:\/\/www.altominho.tv\/site\/wp-content\/uploads\/2024\/10\/Natal-Cerveira.jpg","width":1920,"height":1080},{"@type":"BreadcrumbList","@id":"https:\/\/www.altominho.tv\/site\/2024\/10\/22\/estao-abertas-as-candidaturas-para-dois-fins-de-semana-de-mercado-de-natal-em-cerveira\/#breadcrumb","itemListElement":[{"@type":"ListItem","position":1,"name":"In\u00edcio","item":"https:\/\/www.altominho.tv\/site\/"},{"@type":"ListItem","position":2,"name":"Est\u00e3o abertas as candidaturas para dois fins-de-semana de Mercado de Natal em Cerveira"}]},{"@type":"WebSite","@id":"https:\/\/www.altominho.tv\/site\/#website","url":"https:\/\/www.altominho.tv\/site\/","name":"Altominho.tv","description":"A sua regi\u00e3o \u00e0 dist\u00e2ncia de um clique...","potentialAction":[{"@type":"SearchAction","target":{"@type":"EntryPoint","urlTemplate":"https:\/\/www.altominho.tv\/site\/?s={search_term_string}"},"query-input":{"@type":"PropertyValueSpecification","valueRequired":true,"valueName":"search_term_string"}}],"inLanguage":"pt-PT"},{"@type":"Person","@id":"https:\/\/www.altominho.tv\/site\/#\/schema\/person\/4e536851627d7914baf3dac752b6af22","name":"Altominho.tv","image":{"@type":"ImageObject","inLanguage":"pt-PT","@id":"https:\/\/www.altominho.tv\/site\/wp-content\/uploads\/2019\/11\/Logo_Avatar_2-150x150.jpg","url":"https:\/\/www.altominho.tv\/site\/wp-content\/uploads\/2019\/11\/Logo_Avatar_2-150x150.jpg","contentUrl":"https:\/\/www.altominho.tv\/site\/wp-content\/uploads\/2019\/11\/Logo_Avatar_2-150x150.jpg","caption":"Altominho.tv"},"url":"https:\/\/www.altominho.tv\/site\/author\/altominhotv-tecnico\/"}]}},"_links":{"self":[{"href":"https:\/\/www.altominho.tv\/site\/wp-json\/wp\/v2\/posts\/111734","targetHints":{"allow":["GET"]}}],"collection":[{"href":"https:\/\/www.altominho.tv\/site\/wp-json\/wp\/v2\/posts"}],"about":[{"href":"https:\/\/www.altominho.tv\/site\/wp-json\/wp\/v2\/types\/post"}],"author":[{"embeddable":true,"href":"https:\/\/www.altominho.tv\/site\/wp-json\/wp\/v2\/users\/1"}],"replies":[{"embeddable":true,"href":"https:\/\/www.altominho.tv\/site\/wp-json\/wp\/v2\/comments?post=111734"}],"version-history":[{"count":2,"href":"https:\/\/www.altominho.tv\/site\/wp-json\/wp\/v2\/posts\/111734\/revisions"}],"predecessor-version":[{"id":111737,"href":"https:\/\/www.altominho.tv\/site\/wp-json\/wp\/v2\/posts\/111734\/revisions\/111737"}],"wp:featuredmedia":[{"embeddable":true,"href":"https:\/\/www.altominho.tv\/site\/wp-json\/wp\/v2\/media\/111735"}],"wp:attachment":[{"href":"https:\/\/www.altominho.tv\/site\/wp-json\/wp\/v2\/media?parent=111734"}],"wp:term":[{"taxonomy":"category","embeddable":true,"href":"https:\/\/www.altominho.tv\/site\/wp-json\/wp\/v2\/categories?post=111734"},{"taxonomy":"post_tag","embeddable":true,"href":"https:\/\/www.altominho.tv\/site\/wp-json\/wp\/v2\/tags?post=111734"}],"curies":[{"name":"wp","href":"https:\/\/api.w.org\/{rel}","templated":true}]}}