{"id":111717,"date":"2024-10-22T10:33:44","date_gmt":"2024-10-22T09:33:44","guid":{"rendered":"https:\/\/www.altominho.tv\/site\/?p=111717"},"modified":"2024-10-22T10:33:46","modified_gmt":"2024-10-22T09:33:46","slug":"arcos-de-valdevez-lanca-concurso-para-residencia-de-estudantes-do-politecnico","status":"publish","type":"post","link":"https:\/\/www.altominho.tv\/site\/2024\/10\/22\/arcos-de-valdevez-lanca-concurso-para-residencia-de-estudantes-do-politecnico\/","title":{"rendered":"Arcos de Valdevez lan\u00e7a concurso para resid\u00eancia de estudantes do polit\u00e9cnico"},"content":{"rendered":"<p>A C\u00e2mara de Arcos de Valdevez lan\u00e7ou hoje o concurso p\u00fablico para transformar a antiga escola prim\u00e1ria de Guilhadeses em resid\u00eancia para estudantes do Instituto Polit\u00e9cnico de Viana do Castelo (IPVC), por cerca de um milh\u00e3o de euros.<\/p>\n<p>De acordo com o an\u00fancio hoje publicado em Di\u00e1rio da Rep\u00fablica, o prazo de execu\u00e7\u00e3o da empreitada, com um pre\u00e7o base de 1.080.000 euros, \u00e9 de 300 dias e a apresenta\u00e7\u00e3o de propostas termina no dia 18 de novembro.<\/p>\n<p>Os concorrentes s\u00e3o obrigados a manter as propostas 120 dias a contar do termo do prazo para a apresenta\u00e7\u00e3o das propostas.<\/p>\n<p>Em agosto, a autarquia anunciou que a empreitada prev\u00ea a recupera\u00e7\u00e3o do edif\u00edcio existente, mantendo as suas caracter\u00edsticas arquitet\u00f3nicas e ampliando o seu corpo principal.<\/p>\n<p>O projeto contempla a cria\u00e7\u00e3o de 16 quartos com capacidade para 27 camas distribu\u00eddas por cinco quartos individuais (incluindo quarto para pessoas com mobilidade condicionada) e 11 quartos duplos.<\/p>\n<p>Os restantes espa\u00e7os de apoio est\u00e3o destinados \u00e0 copa, sala de refei\u00e7\u00f5es, rece\u00e7\u00e3o, lavandaria, sala de pessoal, sala de conv\u00edvio, sala de m\u00e1quinas, duas salas de estudo, gabinete de gest\u00e3o e seguran\u00e7a e lavandaria.<\/p>\n<p>No ano letivo 2019\/2020, o IPVC, atrav\u00e9s da Escola Superior de Tecnologia e Gest\u00e3o (ESTG), em parceria com a C\u00e2mara Municipal, abriu um curso superior no Polo de Arcos de Valdevez, onde j\u00e1 leciona o Curso T\u00e9cnico Superior Profissional (CTEsP) de manuten\u00e7\u00e3o mec\u00e2nica.<\/p>\n<p>A forma\u00e7\u00e3o, com cerca de 40 alunos, \u201cfunciona em estreita articula\u00e7\u00e3o com empresas do setor autom\u00f3vel a operar na regi\u00e3o e com o CiTin, o \u00fanico Centro de Tecnologia e Inova\u00e7\u00e3o, localizado em Arcos de Valdevez\u201d.<\/p>\n<p>As aulas presenciais decorrem nas instala\u00e7\u00f5es da ESTG e no polo em Arcos de Valdevez instalado InovArcos \u2013 Centro de Inova\u00e7\u00e3o e Conhecimento de Arcos de Valdevez.<\/p>\n<p>Segundo o IPVC, o curso \u201cpretende responder \u00e0s necessidades das empresas na regi\u00e3o, n\u00e3o apenas para a reconvers\u00e3o e requalifica\u00e7\u00e3o dos seus quadros, mas tamb\u00e9m para promover a forma\u00e7\u00e3o de novos quadros que necessitem de especializa\u00e7\u00e3o\u201d.<\/p>\n","protected":false},"excerpt":{"rendered":"<p>A C\u00e2mara de Arcos de Valdevez lan\u00e7ou hoje o concurso p\u00fablico para transformar a antiga escola prim\u00e1ria de Guilhadeses em resid\u00eancia para estudantes do Instituto Polit\u00e9cnico de Viana do Castelo (IPVC), por cerca de um milh\u00e3o de euros. De acordo com o an\u00fancio hoje publicado em Di\u00e1rio da Rep\u00fablica, o prazo de execu\u00e7\u00e3o da empreitada, [&hellip;]<\/p>\n","protected":false},"author":13,"featured_media":111719,"comment_status":"closed","ping_status":"closed","sticky":false,"template":"","format":"standard","meta":{"_exactmetrics_skip_tracking":false,"_exactmetrics_sitenote_active":false,"_exactmetrics_sitenote_note":"","_exactmetrics_sitenote_category":0,"footnotes":""},"categories":[2],"tags":[22],"class_list":["post-111717","post","type-post","status-publish","format-standard","has-post-thumbnail","hentry","category-arcos-de-valdevez","tag-educacao"],"yoast_head":"<!-- This site is optimized with the Yoast SEO Premium plugin v27.4 (Yoast SEO v27.4) - https:\/\/yoast.com\/product\/yoast-seo-premium-wordpress\/ -->\n<title>Arcos de Valdevez lan\u00e7a concurso para resid\u00eancia de estudantes do polit\u00e9cnico<\/title>\n<meta name=\"description\" content=\"A C\u00e2mara de Arcos de Valdevez lan\u00e7ou hoje o concurso p\u00fablico para transformar a antiga escola prim\u00e1ria de Guilhadeses em resid\u00eancia para estudantes do Instituto Polit\u00e9cnico de Viana do Castelo (IPVC), por cerca de um milh\u00e3o de euros.\" \/>\n<meta name=\"robots\" content=\"index, follow, max-snippet:-1, max-image-preview:large, max-video-preview:-1\" \/>\n<link rel=\"canonical\" href=\"https:\/\/www.altominho.tv\/site\/2024\/10\/22\/arcos-de-valdevez-lanca-concurso-para-residencia-de-estudantes-do-politecnico\/\" \/>\n<meta property=\"og:locale\" content=\"pt_PT\" \/>\n<meta property=\"og:type\" content=\"article\" \/>\n<meta property=\"og:title\" content=\"Arcos de Valdevez lan\u00e7a concurso para resid\u00eancia de estudantes do polit\u00e9cnico\" \/>\n<meta property=\"og:description\" content=\"A C\u00e2mara de Arcos de Valdevez lan\u00e7ou hoje o concurso p\u00fablico para transformar a antiga escola prim\u00e1ria de Guilhadeses em resid\u00eancia para estudantes do Instituto Polit\u00e9cnico de Viana do Castelo (IPVC), por cerca de um milh\u00e3o de euros.\" \/>\n<meta property=\"og:url\" content=\"https:\/\/www.altominho.tv\/site\/2024\/10\/22\/arcos-de-valdevez-lanca-concurso-para-residencia-de-estudantes-do-politecnico\/\" \/>\n<meta property=\"og:site_name\" content=\"Altominho.tv\" \/>\n<meta property=\"article:publisher\" content=\"https:\/\/www.facebook.com\/altominhotv\" \/>\n<meta property=\"article:published_time\" content=\"2024-10-22T09:33:44+00:00\" \/>\n<meta property=\"article:modified_time\" content=\"2024-10-22T09:33:46+00:00\" \/>\n<meta property=\"og:image\" content=\"https:\/\/www.altominho.tv\/site\/wp-content\/uploads\/2024\/10\/guilhadeses.jpg\" \/>\n\t<meta property=\"og:image:width\" content=\"2000\" \/>\n\t<meta property=\"og:image:height\" content=\"1125\" \/>\n\t<meta property=\"og:image:type\" content=\"image\/jpeg\" \/>\n<meta name=\"author\" content=\"Lusa\" \/>\n<meta name=\"twitter:card\" content=\"summary_large_image\" \/>\n<meta name=\"twitter:creator\" content=\"@altominhoTV\" \/>\n<meta name=\"twitter:site\" content=\"@altominhoTV\" \/>\n<meta name=\"twitter:label1\" content=\"Escrito por\" \/>\n\t<meta name=\"twitter:data1\" content=\"Lusa\" \/>\n\t<meta name=\"twitter:label2\" content=\"Tempo estimado de leitura\" \/>\n\t<meta name=\"twitter:data2\" content=\"3 minutos\" \/>\n<script type=\"application\/ld+json\" class=\"yoast-schema-graph\">{\"@context\":\"https:\\\/\\\/schema.org\",\"@graph\":[{\"@type\":\"Article\",\"@id\":\"https:\\\/\\\/www.altominho.tv\\\/site\\\/2024\\\/10\\\/22\\\/arcos-de-valdevez-lanca-concurso-para-residencia-de-estudantes-do-politecnico\\\/#article\",\"isPartOf\":{\"@id\":\"https:\\\/\\\/www.altominho.tv\\\/site\\\/2024\\\/10\\\/22\\\/arcos-de-valdevez-lanca-concurso-para-residencia-de-estudantes-do-politecnico\\\/\"},\"author\":{\"name\":\"Lusa\",\"@id\":\"https:\\\/\\\/www.altominho.tv\\\/site\\\/#\\\/schema\\\/person\\\/63f693da3e1899361cbe955c46f3232e\"},\"headline\":\"Arcos de Valdevez lan\u00e7a concurso para resid\u00eancia de estudantes do polit\u00e9cnico\",\"datePublished\":\"2024-10-22T09:33:44+00:00\",\"dateModified\":\"2024-10-22T09:33:46+00:00\",\"mainEntityOfPage\":{\"@id\":\"https:\\\/\\\/www.altominho.tv\\\/site\\\/2024\\\/10\\\/22\\\/arcos-de-valdevez-lanca-concurso-para-residencia-de-estudantes-do-politecnico\\\/\"},\"wordCount\":379,\"image\":{\"@id\":\"https:\\\/\\\/www.altominho.tv\\\/site\\\/2024\\\/10\\\/22\\\/arcos-de-valdevez-lanca-concurso-para-residencia-de-estudantes-do-politecnico\\\/#primaryimage\"},\"thumbnailUrl\":\"https:\\\/\\\/www.altominho.tv\\\/site\\\/wp-content\\\/uploads\\\/2024\\\/10\\\/guilhadeses.jpg\",\"keywords\":[\"Educa\u00e7\u00e3o\"],\"articleSection\":[\"Arcos de Valdevez\"],\"inLanguage\":\"pt-PT\",\"copyrightYear\":\"2024\",\"copyrightHolder\":{\"@id\":\"https:\\\/\\\/www.altominho.tv\\\/site\\\/#organization\"}},{\"@type\":\"WebPage\",\"@id\":\"https:\\\/\\\/www.altominho.tv\\\/site\\\/2024\\\/10\\\/22\\\/arcos-de-valdevez-lanca-concurso-para-residencia-de-estudantes-do-politecnico\\\/\",\"url\":\"https:\\\/\\\/www.altominho.tv\\\/site\\\/2024\\\/10\\\/22\\\/arcos-de-valdevez-lanca-concurso-para-residencia-de-estudantes-do-politecnico\\\/\",\"name\":\"Arcos de Valdevez lan\u00e7a concurso para resid\u00eancia de estudantes do polit\u00e9cnico\",\"isPartOf\":{\"@id\":\"https:\\\/\\\/www.altominho.tv\\\/site\\\/#website\"},\"primaryImageOfPage\":{\"@id\":\"https:\\\/\\\/www.altominho.tv\\\/site\\\/2024\\\/10\\\/22\\\/arcos-de-valdevez-lanca-concurso-para-residencia-de-estudantes-do-politecnico\\\/#primaryimage\"},\"image\":{\"@id\":\"https:\\\/\\\/www.altominho.tv\\\/site\\\/2024\\\/10\\\/22\\\/arcos-de-valdevez-lanca-concurso-para-residencia-de-estudantes-do-politecnico\\\/#primaryimage\"},\"thumbnailUrl\":\"https:\\\/\\\/www.altominho.tv\\\/site\\\/wp-content\\\/uploads\\\/2024\\\/10\\\/guilhadeses.jpg\",\"datePublished\":\"2024-10-22T09:33:44+00:00\",\"dateModified\":\"2024-10-22T09:33:46+00:00\",\"author\":{\"@id\":\"https:\\\/\\\/www.altominho.tv\\\/site\\\/#\\\/schema\\\/person\\\/63f693da3e1899361cbe955c46f3232e\"},\"description\":\"A C\u00e2mara de Arcos de Valdevez lan\u00e7ou hoje o concurso p\u00fablico para transformar a antiga escola prim\u00e1ria de Guilhadeses em resid\u00eancia para estudantes do Instituto Polit\u00e9cnico de Viana do Castelo (IPVC), por cerca de um milh\u00e3o de euros.\",\"breadcrumb\":{\"@id\":\"https:\\\/\\\/www.altominho.tv\\\/site\\\/2024\\\/10\\\/22\\\/arcos-de-valdevez-lanca-concurso-para-residencia-de-estudantes-do-politecnico\\\/#breadcrumb\"},\"inLanguage\":\"pt-PT\",\"potentialAction\":[{\"@type\":\"ReadAction\",\"target\":[\"https:\\\/\\\/www.altominho.tv\\\/site\\\/2024\\\/10\\\/22\\\/arcos-de-valdevez-lanca-concurso-para-residencia-de-estudantes-do-politecnico\\\/\"]}]},{\"@type\":\"ImageObject\",\"inLanguage\":\"pt-PT\",\"@id\":\"https:\\\/\\\/www.altominho.tv\\\/site\\\/2024\\\/10\\\/22\\\/arcos-de-valdevez-lanca-concurso-para-residencia-de-estudantes-do-politecnico\\\/#primaryimage\",\"url\":\"https:\\\/\\\/www.altominho.tv\\\/site\\\/wp-content\\\/uploads\\\/2024\\\/10\\\/guilhadeses.jpg\",\"contentUrl\":\"https:\\\/\\\/www.altominho.tv\\\/site\\\/wp-content\\\/uploads\\\/2024\\\/10\\\/guilhadeses.jpg\",\"width\":2000,\"height\":1125},{\"@type\":\"BreadcrumbList\",\"@id\":\"https:\\\/\\\/www.altominho.tv\\\/site\\\/2024\\\/10\\\/22\\\/arcos-de-valdevez-lanca-concurso-para-residencia-de-estudantes-do-politecnico\\\/#breadcrumb\",\"itemListElement\":[{\"@type\":\"ListItem\",\"position\":1,\"name\":\"In\u00edcio\",\"item\":\"https:\\\/\\\/www.altominho.tv\\\/site\\\/\"},{\"@type\":\"ListItem\",\"position\":2,\"name\":\"Arcos de Valdevez lan\u00e7a concurso para resid\u00eancia de estudantes do polit\u00e9cnico\"}]},{\"@type\":\"WebSite\",\"@id\":\"https:\\\/\\\/www.altominho.tv\\\/site\\\/#website\",\"url\":\"https:\\\/\\\/www.altominho.tv\\\/site\\\/\",\"name\":\"Altominho.tv\",\"description\":\"A sua regi\u00e3o \u00e0 dist\u00e2ncia de um clique...\",\"potentialAction\":[{\"@type\":\"SearchAction\",\"target\":{\"@type\":\"EntryPoint\",\"urlTemplate\":\"https:\\\/\\\/www.altominho.tv\\\/site\\\/?s={search_term_string}\"},\"query-input\":{\"@type\":\"PropertyValueSpecification\",\"valueRequired\":true,\"valueName\":\"search_term_string\"}}],\"inLanguage\":\"pt-PT\"},{\"@type\":\"Person\",\"@id\":\"https:\\\/\\\/www.altominho.tv\\\/site\\\/#\\\/schema\\\/person\\\/63f693da3e1899361cbe955c46f3232e\",\"name\":\"Lusa\",\"image\":{\"@type\":\"ImageObject\",\"inLanguage\":\"pt-PT\",\"@id\":\"https:\\\/\\\/www.altominho.tv\\\/site\\\/wp-content\\\/uploads\\\/2019\\\/08\\\/LUSA_Logo.gif\",\"url\":\"https:\\\/\\\/www.altominho.tv\\\/site\\\/wp-content\\\/uploads\\\/2019\\\/08\\\/LUSA_Logo.gif\",\"contentUrl\":\"https:\\\/\\\/www.altominho.tv\\\/site\\\/wp-content\\\/uploads\\\/2019\\\/08\\\/LUSA_Logo.gif\",\"caption\":\"Lusa\"},\"sameAs\":[\"http:\\\/\\\/\\\/\\\/www.altominho.tv\\\/site\"],\"url\":\"https:\\\/\\\/www.altominho.tv\\\/site\\\/author\\\/lusa\\\/\"}]}<\/script>\n<!-- \/ Yoast SEO Premium plugin. -->","yoast_head_json":{"title":"Arcos de Valdevez lan\u00e7a concurso para resid\u00eancia de estudantes do polit\u00e9cnico","description":"A C\u00e2mara de Arcos de Valdevez lan\u00e7ou hoje o concurso p\u00fablico para transformar a antiga escola prim\u00e1ria de Guilhadeses em resid\u00eancia para estudantes do Instituto Polit\u00e9cnico de Viana do Castelo (IPVC), por cerca de um milh\u00e3o de euros.","robots":{"index":"index","follow":"follow","max-snippet":"max-snippet:-1","max-image-preview":"max-image-preview:large","max-video-preview":"max-video-preview:-1"},"canonical":"https:\/\/www.altominho.tv\/site\/2024\/10\/22\/arcos-de-valdevez-lanca-concurso-para-residencia-de-estudantes-do-politecnico\/","og_locale":"pt_PT","og_type":"article","og_title":"Arcos de Valdevez lan\u00e7a concurso para resid\u00eancia de estudantes do polit\u00e9cnico","og_description":"A C\u00e2mara de Arcos de Valdevez lan\u00e7ou hoje o concurso p\u00fablico para transformar a antiga escola prim\u00e1ria de Guilhadeses em resid\u00eancia para estudantes do Instituto Polit\u00e9cnico de Viana do Castelo (IPVC), por cerca de um milh\u00e3o de euros.","og_url":"https:\/\/www.altominho.tv\/site\/2024\/10\/22\/arcos-de-valdevez-lanca-concurso-para-residencia-de-estudantes-do-politecnico\/","og_site_name":"Altominho.tv","article_publisher":"https:\/\/www.facebook.com\/altominhotv","article_published_time":"2024-10-22T09:33:44+00:00","article_modified_time":"2024-10-22T09:33:46+00:00","og_image":[{"width":2000,"height":1125,"url":"https:\/\/www.altominho.tv\/site\/wp-content\/uploads\/2024\/10\/guilhadeses.jpg","type":"image\/jpeg"}],"author":"Lusa","twitter_card":"summary_large_image","twitter_creator":"@altominhoTV","twitter_site":"@altominhoTV","twitter_misc":{"Escrito por":"Lusa","Tempo estimado de leitura":"3 minutos"},"schema":{"@context":"https:\/\/schema.org","@graph":[{"@type":"Article","@id":"https:\/\/www.altominho.tv\/site\/2024\/10\/22\/arcos-de-valdevez-lanca-concurso-para-residencia-de-estudantes-do-politecnico\/#article","isPartOf":{"@id":"https:\/\/www.altominho.tv\/site\/2024\/10\/22\/arcos-de-valdevez-lanca-concurso-para-residencia-de-estudantes-do-politecnico\/"},"author":{"name":"Lusa","@id":"https:\/\/www.altominho.tv\/site\/#\/schema\/person\/63f693da3e1899361cbe955c46f3232e"},"headline":"Arcos de Valdevez lan\u00e7a concurso para resid\u00eancia de estudantes do polit\u00e9cnico","datePublished":"2024-10-22T09:33:44+00:00","dateModified":"2024-10-22T09:33:46+00:00","mainEntityOfPage":{"@id":"https:\/\/www.altominho.tv\/site\/2024\/10\/22\/arcos-de-valdevez-lanca-concurso-para-residencia-de-estudantes-do-politecnico\/"},"wordCount":379,"image":{"@id":"https:\/\/www.altominho.tv\/site\/2024\/10\/22\/arcos-de-valdevez-lanca-concurso-para-residencia-de-estudantes-do-politecnico\/#primaryimage"},"thumbnailUrl":"https:\/\/www.altominho.tv\/site\/wp-content\/uploads\/2024\/10\/guilhadeses.jpg","keywords":["Educa\u00e7\u00e3o"],"articleSection":["Arcos de Valdevez"],"inLanguage":"pt-PT","copyrightYear":"2024","copyrightHolder":{"@id":"https:\/\/www.altominho.tv\/site\/#organization"}},{"@type":"WebPage","@id":"https:\/\/www.altominho.tv\/site\/2024\/10\/22\/arcos-de-valdevez-lanca-concurso-para-residencia-de-estudantes-do-politecnico\/","url":"https:\/\/www.altominho.tv\/site\/2024\/10\/22\/arcos-de-valdevez-lanca-concurso-para-residencia-de-estudantes-do-politecnico\/","name":"Arcos de Valdevez lan\u00e7a concurso para resid\u00eancia de estudantes do polit\u00e9cnico","isPartOf":{"@id":"https:\/\/www.altominho.tv\/site\/#website"},"primaryImageOfPage":{"@id":"https:\/\/www.altominho.tv\/site\/2024\/10\/22\/arcos-de-valdevez-lanca-concurso-para-residencia-de-estudantes-do-politecnico\/#primaryimage"},"image":{"@id":"https:\/\/www.altominho.tv\/site\/2024\/10\/22\/arcos-de-valdevez-lanca-concurso-para-residencia-de-estudantes-do-politecnico\/#primaryimage"},"thumbnailUrl":"https:\/\/www.altominho.tv\/site\/wp-content\/uploads\/2024\/10\/guilhadeses.jpg","datePublished":"2024-10-22T09:33:44+00:00","dateModified":"2024-10-22T09:33:46+00:00","author":{"@id":"https:\/\/www.altominho.tv\/site\/#\/schema\/person\/63f693da3e1899361cbe955c46f3232e"},"description":"A C\u00e2mara de Arcos de Valdevez lan\u00e7ou hoje o concurso p\u00fablico para transformar a antiga escola prim\u00e1ria de Guilhadeses em resid\u00eancia para estudantes do Instituto Polit\u00e9cnico de Viana do Castelo (IPVC), por cerca de um milh\u00e3o de euros.","breadcrumb":{"@id":"https:\/\/www.altominho.tv\/site\/2024\/10\/22\/arcos-de-valdevez-lanca-concurso-para-residencia-de-estudantes-do-politecnico\/#breadcrumb"},"inLanguage":"pt-PT","potentialAction":[{"@type":"ReadAction","target":["https:\/\/www.altominho.tv\/site\/2024\/10\/22\/arcos-de-valdevez-lanca-concurso-para-residencia-de-estudantes-do-politecnico\/"]}]},{"@type":"ImageObject","inLanguage":"pt-PT","@id":"https:\/\/www.altominho.tv\/site\/2024\/10\/22\/arcos-de-valdevez-lanca-concurso-para-residencia-de-estudantes-do-politecnico\/#primaryimage","url":"https:\/\/www.altominho.tv\/site\/wp-content\/uploads\/2024\/10\/guilhadeses.jpg","contentUrl":"https:\/\/www.altominho.tv\/site\/wp-content\/uploads\/2024\/10\/guilhadeses.jpg","width":2000,"height":1125},{"@type":"BreadcrumbList","@id":"https:\/\/www.altominho.tv\/site\/2024\/10\/22\/arcos-de-valdevez-lanca-concurso-para-residencia-de-estudantes-do-politecnico\/#breadcrumb","itemListElement":[{"@type":"ListItem","position":1,"name":"In\u00edcio","item":"https:\/\/www.altominho.tv\/site\/"},{"@type":"ListItem","position":2,"name":"Arcos de Valdevez lan\u00e7a concurso para resid\u00eancia de estudantes do polit\u00e9cnico"}]},{"@type":"WebSite","@id":"https:\/\/www.altominho.tv\/site\/#website","url":"https:\/\/www.altominho.tv\/site\/","name":"Altominho.tv","description":"A sua regi\u00e3o \u00e0 dist\u00e2ncia de um clique...","potentialAction":[{"@type":"SearchAction","target":{"@type":"EntryPoint","urlTemplate":"https:\/\/www.altominho.tv\/site\/?s={search_term_string}"},"query-input":{"@type":"PropertyValueSpecification","valueRequired":true,"valueName":"search_term_string"}}],"inLanguage":"pt-PT"},{"@type":"Person","@id":"https:\/\/www.altominho.tv\/site\/#\/schema\/person\/63f693da3e1899361cbe955c46f3232e","name":"Lusa","image":{"@type":"ImageObject","inLanguage":"pt-PT","@id":"https:\/\/www.altominho.tv\/site\/wp-content\/uploads\/2019\/08\/LUSA_Logo.gif","url":"https:\/\/www.altominho.tv\/site\/wp-content\/uploads\/2019\/08\/LUSA_Logo.gif","contentUrl":"https:\/\/www.altominho.tv\/site\/wp-content\/uploads\/2019\/08\/LUSA_Logo.gif","caption":"Lusa"},"sameAs":["http:\/\/\/\/www.altominho.tv\/site"],"url":"https:\/\/www.altominho.tv\/site\/author\/lusa\/"}]}},"_links":{"self":[{"href":"https:\/\/www.altominho.tv\/site\/wp-json\/wp\/v2\/posts\/111717","targetHints":{"allow":["GET"]}}],"collection":[{"href":"https:\/\/www.altominho.tv\/site\/wp-json\/wp\/v2\/posts"}],"about":[{"href":"https:\/\/www.altominho.tv\/site\/wp-json\/wp\/v2\/types\/post"}],"author":[{"embeddable":true,"href":"https:\/\/www.altominho.tv\/site\/wp-json\/wp\/v2\/users\/13"}],"replies":[{"embeddable":true,"href":"https:\/\/www.altominho.tv\/site\/wp-json\/wp\/v2\/comments?post=111717"}],"version-history":[{"count":1,"href":"https:\/\/www.altominho.tv\/site\/wp-json\/wp\/v2\/posts\/111717\/revisions"}],"predecessor-version":[{"id":111720,"href":"https:\/\/www.altominho.tv\/site\/wp-json\/wp\/v2\/posts\/111717\/revisions\/111720"}],"wp:featuredmedia":[{"embeddable":true,"href":"https:\/\/www.altominho.tv\/site\/wp-json\/wp\/v2\/media\/111719"}],"wp:attachment":[{"href":"https:\/\/www.altominho.tv\/site\/wp-json\/wp\/v2\/media?parent=111717"}],"wp:term":[{"taxonomy":"category","embeddable":true,"href":"https:\/\/www.altominho.tv\/site\/wp-json\/wp\/v2\/categories?post=111717"},{"taxonomy":"post_tag","embeddable":true,"href":"https:\/\/www.altominho.tv\/site\/wp-json\/wp\/v2\/tags?post=111717"}],"curies":[{"name":"wp","href":"https:\/\/api.w.org\/{rel}","templated":true}]}}