{"id":111707,"date":"2024-10-22T09:26:56","date_gmt":"2024-10-22T08:26:56","guid":{"rendered":"https:\/\/www.altominho.tv\/site\/?p=111707"},"modified":"2024-10-22T09:26:58","modified_gmt":"2024-10-22T08:26:58","slug":"festival-vilar-de-mouros-da-weasel-sao-a-primeira-confirmacao-para-2025","status":"publish","type":"post","link":"https:\/\/www.altominho.tv\/site\/2024\/10\/22\/festival-vilar-de-mouros-da-weasel-sao-a-primeira-confirmacao-para-2025\/","title":{"rendered":"Festival Vilar de Mouros: Da Weasel s\u00e3o a primeira confirma\u00e7\u00e3o para 2025"},"content":{"rendered":"<p>Os Da Weasel s\u00e3o a primeira confirma\u00e7\u00e3o para a edi\u00e7\u00e3o de 2025 do Festival CA Vilar de Mouros.<\/p>\n<p><span data-contrast=\"auto\">&#8220;Audazes e irreverentes, os Da Weasel aterraram na cena musical h\u00e1 tr\u00eas d\u00e9cadas e Portugal nunca mais foi o mesmo.<\/span><span data-ccp-props=\"{}\">\u00a0<\/span><span data-contrast=\"auto\">23 anos depois, regressam a Vilar de Mouros, numa das \u00fanicas tr\u00eas datas confirmadas em 2025 \u2013 e a \u00fanica no Norte do pa\u00eds \u2013 para um concerto em que nos recordar\u00e3o que o trono ainda lhes pertence&#8221;, refere a organiza\u00e7\u00e3o.<\/span><\/p>\n<p><span data-contrast=\"auto\">Os Passes de tr\u00eas dias\u00a0 (100 euros) para a edi\u00e7\u00e3o de 2025 do CA Vilar de Mouros encontram-se j\u00e1 dispon\u00edveis, em exclusivo, no site da <\/span><a href=\"https:\/\/ocolectivo.us8.list-manage.com\/track\/click?u=fa88e9b27b8ef5962e4d6e1f4&amp;id=4a613653d4&amp;e=03f416665c\" target=\"_blank\" rel=\"noopener\"><span data-contrast=\"none\">See Tickets<\/span><\/a><span data-ccp-props=\"{}\"> .<\/span><\/p>\n<p><span data-ccp-props=\"{}\">O <\/span><span data-contrast=\"auto\">Festival CA Vilar de Mouros\u00a0regressa\u00a0nos dias\u00a021, 22 e 23 de Agosto de\u00a02025.<\/span><span data-ccp-props=\"{}\">\u00a0<\/span><\/p>\n","protected":false},"excerpt":{"rendered":"<p>Os Da Weasel s\u00e3o a primeira confirma\u00e7\u00e3o para a edi\u00e7\u00e3o de 2025 do Festival CA Vilar de Mouros. &#8220;Audazes e irreverentes, os Da Weasel aterraram na cena musical h\u00e1 tr\u00eas d\u00e9cadas e Portugal nunca mais foi o mesmo.\u00a023 anos depois, regressam a Vilar de Mouros, numa das \u00fanicas tr\u00eas datas confirmadas em 2025 \u2013 e [&hellip;]<\/p>\n","protected":false},"author":1,"featured_media":111709,"comment_status":"closed","ping_status":"closed","sticky":false,"template":"","format":"standard","meta":{"_exactmetrics_skip_tracking":false,"_exactmetrics_sitenote_active":false,"_exactmetrics_sitenote_note":"","_exactmetrics_sitenote_category":0,"footnotes":""},"categories":[7],"tags":[24],"class_list":["post-111707","post","type-post","status-publish","format-standard","has-post-thumbnail","hentry","category-caminha","tag-lazer"],"yoast_head":"<!-- This site is optimized with the Yoast SEO Premium plugin v27.5 (Yoast SEO v27.5) - https:\/\/yoast.com\/product\/yoast-seo-premium-wordpress\/ -->\n<title>Festival Vilar de Mouros: Da Weasel s\u00e3o a primeira confirma\u00e7\u00e3o para 2025<\/title>\n<meta name=\"description\" content=\"Os Da Weasel s\u00e3o a primeira confirma\u00e7\u00e3o para a edi\u00e7\u00e3o de 2025 do Festival CA Vilar de Mouros.\" \/>\n<meta name=\"robots\" content=\"index, follow, max-snippet:-1, max-image-preview:large, max-video-preview:-1\" \/>\n<link rel=\"canonical\" href=\"https:\/\/www.altominho.tv\/site\/2024\/10\/22\/festival-vilar-de-mouros-da-weasel-sao-a-primeira-confirmacao-para-2025\/\" \/>\n<meta property=\"og:locale\" content=\"pt_PT\" \/>\n<meta property=\"og:type\" content=\"article\" \/>\n<meta property=\"og:title\" content=\"Festival Vilar de Mouros: Da Weasel s\u00e3o a primeira confirma\u00e7\u00e3o para 2025\" \/>\n<meta property=\"og:description\" content=\"Os Da Weasel s\u00e3o a primeira confirma\u00e7\u00e3o para a edi\u00e7\u00e3o de 2025 do Festival CA Vilar de Mouros.\" \/>\n<meta property=\"og:url\" content=\"https:\/\/www.altominho.tv\/site\/2024\/10\/22\/festival-vilar-de-mouros-da-weasel-sao-a-primeira-confirmacao-para-2025\/\" \/>\n<meta property=\"og:site_name\" content=\"Altominho.tv\" \/>\n<meta property=\"article:publisher\" content=\"https:\/\/www.facebook.com\/altominhotv\" \/>\n<meta property=\"article:published_time\" content=\"2024-10-22T08:26:56+00:00\" \/>\n<meta property=\"article:modified_time\" content=\"2024-10-22T08:26:58+00:00\" \/>\n<meta property=\"og:image\" content=\"https:\/\/www.altominho.tv\/site\/wp-content\/uploads\/2024\/10\/Da-Weasel.jpg\" \/>\n\t<meta property=\"og:image:width\" content=\"2000\" \/>\n\t<meta property=\"og:image:height\" content=\"1125\" \/>\n\t<meta property=\"og:image:type\" content=\"image\/jpeg\" \/>\n<meta name=\"author\" content=\"Altominho.tv\" \/>\n<meta name=\"twitter:card\" content=\"summary_large_image\" \/>\n<meta name=\"twitter:creator\" content=\"@altominhoTV\" \/>\n<meta name=\"twitter:site\" content=\"@altominhoTV\" \/>\n<meta name=\"twitter:label1\" content=\"Escrito por\" \/>\n\t<meta name=\"twitter:data1\" content=\"Altominho.tv\" \/>\n\t<meta name=\"twitter:label2\" content=\"Tempo estimado de leitura\" \/>\n\t<meta name=\"twitter:data2\" content=\"1 minuto\" \/>\n<script type=\"application\/ld+json\" class=\"yoast-schema-graph\">{\"@context\":\"https:\\\/\\\/schema.org\",\"@graph\":[{\"@type\":\"Article\",\"@id\":\"https:\\\/\\\/www.altominho.tv\\\/site\\\/2024\\\/10\\\/22\\\/festival-vilar-de-mouros-da-weasel-sao-a-primeira-confirmacao-para-2025\\\/#article\",\"isPartOf\":{\"@id\":\"https:\\\/\\\/www.altominho.tv\\\/site\\\/2024\\\/10\\\/22\\\/festival-vilar-de-mouros-da-weasel-sao-a-primeira-confirmacao-para-2025\\\/\"},\"author\":{\"name\":\"Altominho.tv\",\"@id\":\"https:\\\/\\\/www.altominho.tv\\\/site\\\/#\\\/schema\\\/person\\\/4e536851627d7914baf3dac752b6af22\"},\"headline\":\"Festival Vilar de Mouros: Da Weasel s\u00e3o a primeira confirma\u00e7\u00e3o para 2025\",\"datePublished\":\"2024-10-22T08:26:56+00:00\",\"dateModified\":\"2024-10-22T08:26:58+00:00\",\"mainEntityOfPage\":{\"@id\":\"https:\\\/\\\/www.altominho.tv\\\/site\\\/2024\\\/10\\\/22\\\/festival-vilar-de-mouros-da-weasel-sao-a-primeira-confirmacao-para-2025\\\/\"},\"wordCount\":137,\"image\":{\"@id\":\"https:\\\/\\\/www.altominho.tv\\\/site\\\/2024\\\/10\\\/22\\\/festival-vilar-de-mouros-da-weasel-sao-a-primeira-confirmacao-para-2025\\\/#primaryimage\"},\"thumbnailUrl\":\"https:\\\/\\\/www.altominho.tv\\\/site\\\/wp-content\\\/uploads\\\/2024\\\/10\\\/Da-Weasel.jpg\",\"keywords\":[\"Lazer\"],\"articleSection\":[\"Caminha\"],\"inLanguage\":\"pt-PT\",\"copyrightYear\":\"2024\",\"copyrightHolder\":{\"@id\":\"https:\\\/\\\/www.altominho.tv\\\/site\\\/#organization\"}},{\"@type\":\"WebPage\",\"@id\":\"https:\\\/\\\/www.altominho.tv\\\/site\\\/2024\\\/10\\\/22\\\/festival-vilar-de-mouros-da-weasel-sao-a-primeira-confirmacao-para-2025\\\/\",\"url\":\"https:\\\/\\\/www.altominho.tv\\\/site\\\/2024\\\/10\\\/22\\\/festival-vilar-de-mouros-da-weasel-sao-a-primeira-confirmacao-para-2025\\\/\",\"name\":\"Festival Vilar de Mouros: Da Weasel s\u00e3o a primeira confirma\u00e7\u00e3o para 2025\",\"isPartOf\":{\"@id\":\"https:\\\/\\\/www.altominho.tv\\\/site\\\/#website\"},\"primaryImageOfPage\":{\"@id\":\"https:\\\/\\\/www.altominho.tv\\\/site\\\/2024\\\/10\\\/22\\\/festival-vilar-de-mouros-da-weasel-sao-a-primeira-confirmacao-para-2025\\\/#primaryimage\"},\"image\":{\"@id\":\"https:\\\/\\\/www.altominho.tv\\\/site\\\/2024\\\/10\\\/22\\\/festival-vilar-de-mouros-da-weasel-sao-a-primeira-confirmacao-para-2025\\\/#primaryimage\"},\"thumbnailUrl\":\"https:\\\/\\\/www.altominho.tv\\\/site\\\/wp-content\\\/uploads\\\/2024\\\/10\\\/Da-Weasel.jpg\",\"datePublished\":\"2024-10-22T08:26:56+00:00\",\"dateModified\":\"2024-10-22T08:26:58+00:00\",\"author\":{\"@id\":\"https:\\\/\\\/www.altominho.tv\\\/site\\\/#\\\/schema\\\/person\\\/4e536851627d7914baf3dac752b6af22\"},\"description\":\"Os Da Weasel s\u00e3o a primeira confirma\u00e7\u00e3o para a edi\u00e7\u00e3o de 2025 do Festival CA Vilar de Mouros.\",\"breadcrumb\":{\"@id\":\"https:\\\/\\\/www.altominho.tv\\\/site\\\/2024\\\/10\\\/22\\\/festival-vilar-de-mouros-da-weasel-sao-a-primeira-confirmacao-para-2025\\\/#breadcrumb\"},\"inLanguage\":\"pt-PT\",\"potentialAction\":[{\"@type\":\"ReadAction\",\"target\":[\"https:\\\/\\\/www.altominho.tv\\\/site\\\/2024\\\/10\\\/22\\\/festival-vilar-de-mouros-da-weasel-sao-a-primeira-confirmacao-para-2025\\\/\"]}]},{\"@type\":\"ImageObject\",\"inLanguage\":\"pt-PT\",\"@id\":\"https:\\\/\\\/www.altominho.tv\\\/site\\\/2024\\\/10\\\/22\\\/festival-vilar-de-mouros-da-weasel-sao-a-primeira-confirmacao-para-2025\\\/#primaryimage\",\"url\":\"https:\\\/\\\/www.altominho.tv\\\/site\\\/wp-content\\\/uploads\\\/2024\\\/10\\\/Da-Weasel.jpg\",\"contentUrl\":\"https:\\\/\\\/www.altominho.tv\\\/site\\\/wp-content\\\/uploads\\\/2024\\\/10\\\/Da-Weasel.jpg\",\"width\":2000,\"height\":1125},{\"@type\":\"BreadcrumbList\",\"@id\":\"https:\\\/\\\/www.altominho.tv\\\/site\\\/2024\\\/10\\\/22\\\/festival-vilar-de-mouros-da-weasel-sao-a-primeira-confirmacao-para-2025\\\/#breadcrumb\",\"itemListElement\":[{\"@type\":\"ListItem\",\"position\":1,\"name\":\"In\u00edcio\",\"item\":\"https:\\\/\\\/www.altominho.tv\\\/site\\\/\"},{\"@type\":\"ListItem\",\"position\":2,\"name\":\"Festival Vilar de Mouros: Da Weasel s\u00e3o a primeira confirma\u00e7\u00e3o para 2025\"}]},{\"@type\":\"WebSite\",\"@id\":\"https:\\\/\\\/www.altominho.tv\\\/site\\\/#website\",\"url\":\"https:\\\/\\\/www.altominho.tv\\\/site\\\/\",\"name\":\"Altominho.tv\",\"description\":\"A sua regi\u00e3o \u00e0 dist\u00e2ncia de um clique...\",\"potentialAction\":[{\"@type\":\"SearchAction\",\"target\":{\"@type\":\"EntryPoint\",\"urlTemplate\":\"https:\\\/\\\/www.altominho.tv\\\/site\\\/?s={search_term_string}\"},\"query-input\":{\"@type\":\"PropertyValueSpecification\",\"valueRequired\":true,\"valueName\":\"search_term_string\"}}],\"inLanguage\":\"pt-PT\"},{\"@type\":\"Person\",\"@id\":\"https:\\\/\\\/www.altominho.tv\\\/site\\\/#\\\/schema\\\/person\\\/4e536851627d7914baf3dac752b6af22\",\"name\":\"Altominho.tv\",\"image\":{\"@type\":\"ImageObject\",\"inLanguage\":\"pt-PT\",\"@id\":\"https:\\\/\\\/www.altominho.tv\\\/site\\\/wp-content\\\/uploads\\\/2019\\\/11\\\/Logo_Avatar_2-150x150.jpg\",\"url\":\"https:\\\/\\\/www.altominho.tv\\\/site\\\/wp-content\\\/uploads\\\/2019\\\/11\\\/Logo_Avatar_2-150x150.jpg\",\"contentUrl\":\"https:\\\/\\\/www.altominho.tv\\\/site\\\/wp-content\\\/uploads\\\/2019\\\/11\\\/Logo_Avatar_2-150x150.jpg\",\"caption\":\"Altominho.tv\"},\"url\":\"https:\\\/\\\/www.altominho.tv\\\/site\\\/author\\\/altominhotv-tecnico\\\/\"}]}<\/script>\n<!-- \/ Yoast SEO Premium plugin. -->","yoast_head_json":{"title":"Festival Vilar de Mouros: Da Weasel s\u00e3o a primeira confirma\u00e7\u00e3o para 2025","description":"Os Da Weasel s\u00e3o a primeira confirma\u00e7\u00e3o para a edi\u00e7\u00e3o de 2025 do Festival CA Vilar de Mouros.","robots":{"index":"index","follow":"follow","max-snippet":"max-snippet:-1","max-image-preview":"max-image-preview:large","max-video-preview":"max-video-preview:-1"},"canonical":"https:\/\/www.altominho.tv\/site\/2024\/10\/22\/festival-vilar-de-mouros-da-weasel-sao-a-primeira-confirmacao-para-2025\/","og_locale":"pt_PT","og_type":"article","og_title":"Festival Vilar de Mouros: Da Weasel s\u00e3o a primeira confirma\u00e7\u00e3o para 2025","og_description":"Os Da Weasel s\u00e3o a primeira confirma\u00e7\u00e3o para a edi\u00e7\u00e3o de 2025 do Festival CA Vilar de Mouros.","og_url":"https:\/\/www.altominho.tv\/site\/2024\/10\/22\/festival-vilar-de-mouros-da-weasel-sao-a-primeira-confirmacao-para-2025\/","og_site_name":"Altominho.tv","article_publisher":"https:\/\/www.facebook.com\/altominhotv","article_published_time":"2024-10-22T08:26:56+00:00","article_modified_time":"2024-10-22T08:26:58+00:00","og_image":[{"width":2000,"height":1125,"url":"https:\/\/www.altominho.tv\/site\/wp-content\/uploads\/2024\/10\/Da-Weasel.jpg","type":"image\/jpeg"}],"author":"Altominho.tv","twitter_card":"summary_large_image","twitter_creator":"@altominhoTV","twitter_site":"@altominhoTV","twitter_misc":{"Escrito por":"Altominho.tv","Tempo estimado de leitura":"1 minuto"},"schema":{"@context":"https:\/\/schema.org","@graph":[{"@type":"Article","@id":"https:\/\/www.altominho.tv\/site\/2024\/10\/22\/festival-vilar-de-mouros-da-weasel-sao-a-primeira-confirmacao-para-2025\/#article","isPartOf":{"@id":"https:\/\/www.altominho.tv\/site\/2024\/10\/22\/festival-vilar-de-mouros-da-weasel-sao-a-primeira-confirmacao-para-2025\/"},"author":{"name":"Altominho.tv","@id":"https:\/\/www.altominho.tv\/site\/#\/schema\/person\/4e536851627d7914baf3dac752b6af22"},"headline":"Festival Vilar de Mouros: Da Weasel s\u00e3o a primeira confirma\u00e7\u00e3o para 2025","datePublished":"2024-10-22T08:26:56+00:00","dateModified":"2024-10-22T08:26:58+00:00","mainEntityOfPage":{"@id":"https:\/\/www.altominho.tv\/site\/2024\/10\/22\/festival-vilar-de-mouros-da-weasel-sao-a-primeira-confirmacao-para-2025\/"},"wordCount":137,"image":{"@id":"https:\/\/www.altominho.tv\/site\/2024\/10\/22\/festival-vilar-de-mouros-da-weasel-sao-a-primeira-confirmacao-para-2025\/#primaryimage"},"thumbnailUrl":"https:\/\/www.altominho.tv\/site\/wp-content\/uploads\/2024\/10\/Da-Weasel.jpg","keywords":["Lazer"],"articleSection":["Caminha"],"inLanguage":"pt-PT","copyrightYear":"2024","copyrightHolder":{"@id":"https:\/\/www.altominho.tv\/site\/#organization"}},{"@type":"WebPage","@id":"https:\/\/www.altominho.tv\/site\/2024\/10\/22\/festival-vilar-de-mouros-da-weasel-sao-a-primeira-confirmacao-para-2025\/","url":"https:\/\/www.altominho.tv\/site\/2024\/10\/22\/festival-vilar-de-mouros-da-weasel-sao-a-primeira-confirmacao-para-2025\/","name":"Festival Vilar de Mouros: Da Weasel s\u00e3o a primeira confirma\u00e7\u00e3o para 2025","isPartOf":{"@id":"https:\/\/www.altominho.tv\/site\/#website"},"primaryImageOfPage":{"@id":"https:\/\/www.altominho.tv\/site\/2024\/10\/22\/festival-vilar-de-mouros-da-weasel-sao-a-primeira-confirmacao-para-2025\/#primaryimage"},"image":{"@id":"https:\/\/www.altominho.tv\/site\/2024\/10\/22\/festival-vilar-de-mouros-da-weasel-sao-a-primeira-confirmacao-para-2025\/#primaryimage"},"thumbnailUrl":"https:\/\/www.altominho.tv\/site\/wp-content\/uploads\/2024\/10\/Da-Weasel.jpg","datePublished":"2024-10-22T08:26:56+00:00","dateModified":"2024-10-22T08:26:58+00:00","author":{"@id":"https:\/\/www.altominho.tv\/site\/#\/schema\/person\/4e536851627d7914baf3dac752b6af22"},"description":"Os Da Weasel s\u00e3o a primeira confirma\u00e7\u00e3o para a edi\u00e7\u00e3o de 2025 do Festival CA Vilar de Mouros.","breadcrumb":{"@id":"https:\/\/www.altominho.tv\/site\/2024\/10\/22\/festival-vilar-de-mouros-da-weasel-sao-a-primeira-confirmacao-para-2025\/#breadcrumb"},"inLanguage":"pt-PT","potentialAction":[{"@type":"ReadAction","target":["https:\/\/www.altominho.tv\/site\/2024\/10\/22\/festival-vilar-de-mouros-da-weasel-sao-a-primeira-confirmacao-para-2025\/"]}]},{"@type":"ImageObject","inLanguage":"pt-PT","@id":"https:\/\/www.altominho.tv\/site\/2024\/10\/22\/festival-vilar-de-mouros-da-weasel-sao-a-primeira-confirmacao-para-2025\/#primaryimage","url":"https:\/\/www.altominho.tv\/site\/wp-content\/uploads\/2024\/10\/Da-Weasel.jpg","contentUrl":"https:\/\/www.altominho.tv\/site\/wp-content\/uploads\/2024\/10\/Da-Weasel.jpg","width":2000,"height":1125},{"@type":"BreadcrumbList","@id":"https:\/\/www.altominho.tv\/site\/2024\/10\/22\/festival-vilar-de-mouros-da-weasel-sao-a-primeira-confirmacao-para-2025\/#breadcrumb","itemListElement":[{"@type":"ListItem","position":1,"name":"In\u00edcio","item":"https:\/\/www.altominho.tv\/site\/"},{"@type":"ListItem","position":2,"name":"Festival Vilar de Mouros: Da Weasel s\u00e3o a primeira confirma\u00e7\u00e3o para 2025"}]},{"@type":"WebSite","@id":"https:\/\/www.altominho.tv\/site\/#website","url":"https:\/\/www.altominho.tv\/site\/","name":"Altominho.tv","description":"A sua regi\u00e3o \u00e0 dist\u00e2ncia de um clique...","potentialAction":[{"@type":"SearchAction","target":{"@type":"EntryPoint","urlTemplate":"https:\/\/www.altominho.tv\/site\/?s={search_term_string}"},"query-input":{"@type":"PropertyValueSpecification","valueRequired":true,"valueName":"search_term_string"}}],"inLanguage":"pt-PT"},{"@type":"Person","@id":"https:\/\/www.altominho.tv\/site\/#\/schema\/person\/4e536851627d7914baf3dac752b6af22","name":"Altominho.tv","image":{"@type":"ImageObject","inLanguage":"pt-PT","@id":"https:\/\/www.altominho.tv\/site\/wp-content\/uploads\/2019\/11\/Logo_Avatar_2-150x150.jpg","url":"https:\/\/www.altominho.tv\/site\/wp-content\/uploads\/2019\/11\/Logo_Avatar_2-150x150.jpg","contentUrl":"https:\/\/www.altominho.tv\/site\/wp-content\/uploads\/2019\/11\/Logo_Avatar_2-150x150.jpg","caption":"Altominho.tv"},"url":"https:\/\/www.altominho.tv\/site\/author\/altominhotv-tecnico\/"}]}},"_links":{"self":[{"href":"https:\/\/www.altominho.tv\/site\/wp-json\/wp\/v2\/posts\/111707","targetHints":{"allow":["GET"]}}],"collection":[{"href":"https:\/\/www.altominho.tv\/site\/wp-json\/wp\/v2\/posts"}],"about":[{"href":"https:\/\/www.altominho.tv\/site\/wp-json\/wp\/v2\/types\/post"}],"author":[{"embeddable":true,"href":"https:\/\/www.altominho.tv\/site\/wp-json\/wp\/v2\/users\/1"}],"replies":[{"embeddable":true,"href":"https:\/\/www.altominho.tv\/site\/wp-json\/wp\/v2\/comments?post=111707"}],"version-history":[{"count":1,"href":"https:\/\/www.altominho.tv\/site\/wp-json\/wp\/v2\/posts\/111707\/revisions"}],"predecessor-version":[{"id":111710,"href":"https:\/\/www.altominho.tv\/site\/wp-json\/wp\/v2\/posts\/111707\/revisions\/111710"}],"wp:featuredmedia":[{"embeddable":true,"href":"https:\/\/www.altominho.tv\/site\/wp-json\/wp\/v2\/media\/111709"}],"wp:attachment":[{"href":"https:\/\/www.altominho.tv\/site\/wp-json\/wp\/v2\/media?parent=111707"}],"wp:term":[{"taxonomy":"category","embeddable":true,"href":"https:\/\/www.altominho.tv\/site\/wp-json\/wp\/v2\/categories?post=111707"},{"taxonomy":"post_tag","embeddable":true,"href":"https:\/\/www.altominho.tv\/site\/wp-json\/wp\/v2\/tags?post=111707"}],"curies":[{"name":"wp","href":"https:\/\/api.w.org\/{rel}","templated":true}]}}