{"id":111695,"date":"2024-10-21T17:21:29","date_gmt":"2024-10-21T16:21:29","guid":{"rendered":"https:\/\/www.altominho.tv\/site\/?p=111695"},"modified":"2024-10-21T17:21:31","modified_gmt":"2024-10-21T16:21:31","slug":"viana-do-castelo-tem-55-medidas-para-enfrentar-alteracoes-climaticas-ate-2030","status":"publish","type":"post","link":"https:\/\/www.altominho.tv\/site\/2024\/10\/21\/viana-do-castelo-tem-55-medidas-para-enfrentar-alteracoes-climaticas-ate-2030\/","title":{"rendered":"Viana do Castelo tem 55 medidas para enfrentar altera\u00e7\u00f5es clim\u00e1ticas at\u00e9 2030"},"content":{"rendered":"<p>O Plano Municipal de A\u00e7\u00e3o Clim\u00e1tica de Viana do Castelo (PMACVC), que vigorar\u00e1 at\u00e9 2030, cont\u00e9m um total de 55 medidas para adaptar o territ\u00f3rio \u00e0s altera\u00e7\u00f5es clim\u00e1ticas, mitigar e capacitar o munic\u00edpio para os seus efeitos.<\/p>\n<p>O documento, com mais de 230 p\u00e1ginas, hoje consultado pela ag\u00eancia Lusa no s\u00edtio oficial da C\u00e2mara de Viana do Castelo na internet, a prop\u00f3sito da sua apresenta\u00e7\u00e3o p\u00fablica, ter\u00e7a-feira, \u00e0s 19h00, no sal\u00e3o nobre da autarquia, refere que as 55 medidas est\u00e3o distribu\u00eddas \u201cem fun\u00e7\u00e3o de tr\u00eas eixos estrat\u00e9gicos\u201d.<\/p>\n<p>Para a adapta\u00e7\u00e3o do territ\u00f3rio \u00e0s altera\u00e7\u00f5es clim\u00e1ticas, o plano, que foi aprovado por unanimidade em reuni\u00e3o camar\u00e1ria de 3 de setembro, entrou em consulta p\u00fablica no mesmo m\u00eas.<\/p>\n<p>\u201cA estrat\u00e9gia para a a\u00e7\u00e3o clim\u00e1tica apresentada no PMACVC preconiza um conjunto de medidas materiais (de interven\u00e7\u00f5es f\u00edsicas) e imateriais (desenvolvimento de estudos, a\u00e7\u00f5es sociais, elabora\u00e7\u00e3o de pol\u00edticas, etc)\u201d, refere o documento.<\/p>\n<p>As \u201cmedidas do PMACVC organizam-se em diferentes dom\u00ednios de a\u00e7\u00e3o priorit\u00e1rios, com \u00e1reas de atua\u00e7\u00e3o espec\u00edficas, como as florestas, recursos h\u00eddricos, conserva\u00e7\u00e3o da natureza, orla costeira, infraestrutura verde, edificado, ind\u00fastrias e servi\u00e7os, mobilidade, energia, sa\u00fade humana e, gest\u00e3o municipal\u201d.<\/p>\n<p>As medidas foram programadas consoante a sua prioridade de implementa\u00e7\u00e3o (elevada, m\u00e9dia, baixa), ou urg\u00eancia, e dura\u00e7\u00e3o estimada (curta, m\u00e9dia, longa), considerando-se o tempo de vig\u00eancia do PMACVC de 2024 a 2030.<\/p>\n<p>As medidas de prioridade elevada devem ser iniciadas no primeiro ano, as de prioridade m\u00e9dia devem arrancar entre o terceiro e o quarto anos e as de prioridade baixa devem ter lugar no quinto ano.<\/p>\n<p>J\u00e1 a dura\u00e7\u00e3o de implementa\u00e7\u00e3o estimada considera como dura\u00e7\u00e3o curta o per\u00edodo de dois anos, dura\u00e7\u00e3o m\u00e9dia o per\u00edodo de tr\u00eas anos e dura\u00e7\u00e3o longa o per\u00edodo de seis anos.<\/p>\n<p>A revis\u00e3o do plano, que deve ser efetuada ap\u00f3s 2030, contar\u00e1 com a atualiza\u00e7\u00e3o da base de dados e informa\u00e7\u00f5es sobre eventos clim\u00e1ticos extremos, bem como com a an\u00e1lise da capacidade de adapta\u00e7\u00e3o e resposta do concelho\u201d.<\/p>\n<p>A \u201crevis\u00e3o do plano ir\u00e1 beneficiar do conhecimento das dificuldades na execu\u00e7\u00e3o do plano, da resposta adaptativa do concelho e da avalia\u00e7\u00e3o dos resultados de implementa\u00e7\u00e3o do plano, permitindo estabelecer novas metas e prioridades de interven\u00e7\u00e3o\u201d.<\/p>\n<p>Para a execu\u00e7\u00e3o do plano est\u00e3o previstas candidaturas a v\u00e1rios instrumentos financeiros nacionais e europeus, sendo destacada a import\u00e2ncia de que \u201cmunic\u00edpio esteja ciente de que os programas destinados \u00e0s a\u00e7\u00f5es p\u00fablicas podem n\u00e3o cobrir 100% dos custos das medidas ou mesmo contribuir de forma retroativa aos gastos municipais\u201d.<\/p>\n<p>\u201cPor exemplo, o Fundo Ambiental, em algumas \u00e1reas de atua\u00e7\u00e3o, refere que a cobertura de 75% dos investimentos, de forma retroativa, na realiza\u00e7\u00e3o de alguns projetos. Assim, \u00e9 necess\u00e1rio que haja uma previs\u00e3o no or\u00e7amenta municipal de verbas para a a\u00e7\u00e3o clim\u00e1tica\u201d, salienta o documento.<\/p>\n<p>Em mar\u00e7o \u00faltimo, a C\u00e2mara de Viana do Castelo anunciou a instala\u00e7\u00e3o do Conselho Municipal de Ambiente e A\u00e7\u00e3o Clim\u00e1tica (CMAACVC).<\/p>\n<p>Trata-se de \u201cum \u00f3rg\u00e3o de reflex\u00e3o e consulta, constitu\u00eddo por 29 entidades do concelho, estabelecendo uma estrutura permanente de debate e participa\u00e7\u00e3o e promovendo uma resposta coerente nos dom\u00ednios do ambiente, conserva\u00e7\u00e3o da natureza e biodiversidade, ordenamento do territ\u00f3rio, gest\u00e3o dos recursos h\u00eddricos, pol\u00edtica de res\u00edduos\u201d.<\/p>\n<p>Viana do Castelo foi um dos 27 munic\u00edpios a participar da iniciativa ClimAdaPT.Local, tendo, em 2016, apresentado a sua Estrat\u00e9gia Municipal de Adapta\u00e7\u00e3o \u00e0s Altera\u00e7\u00f5es Clim\u00e1ticas (EMAACVC).<\/p>\n<p>A EMAACVC \u201cfocou-se na determina\u00e7\u00e3o dos riscos e vulnerabilidades territoriais, bem como na capacidade de resposta concelhia \u00e0s altera\u00e7\u00f5es clim\u00e1ticas\u201d.<\/p>\n<p>De acordo com a EMAACVC, \u201cas principais altera\u00e7\u00f5es clim\u00e1ticas projetadas para o concelho s\u00e3o a diminui\u00e7\u00e3o da precipita\u00e7\u00e3o m\u00e9dia anual, o aumento da temperatura m\u00e9dia anual, a subida do n\u00edvel do mar e o aumento dos fen\u00f3menos extremos de precipita\u00e7\u00e3o\u201d.<\/p>\n","protected":false},"excerpt":{"rendered":"<p>O Plano Municipal de A\u00e7\u00e3o Clim\u00e1tica de Viana do Castelo (PMACVC), que vigorar\u00e1 at\u00e9 2030, cont\u00e9m um total de 55 medidas para adaptar o territ\u00f3rio \u00e0s altera\u00e7\u00f5es clim\u00e1ticas, mitigar e capacitar o munic\u00edpio para os seus efeitos. O documento, com mais de 230 p\u00e1ginas, hoje consultado pela ag\u00eancia Lusa no s\u00edtio oficial da C\u00e2mara de [&hellip;]<\/p>\n","protected":false},"author":13,"featured_media":111696,"comment_status":"closed","ping_status":"closed","sticky":false,"template":"","format":"standard","meta":{"_exactmetrics_skip_tracking":false,"_exactmetrics_sitenote_active":false,"_exactmetrics_sitenote_note":"","_exactmetrics_sitenote_category":0,"footnotes":""},"categories":[14],"tags":[56336],"class_list":["post-111695","post","type-post","status-publish","format-standard","has-post-thumbnail","hentry","category-viana-do-castelo","tag-ambiente"],"yoast_head":"<!-- This site is optimized with the Yoast SEO Premium plugin v27.4 (Yoast SEO v27.4) - https:\/\/yoast.com\/product\/yoast-seo-premium-wordpress\/ -->\n<title>Viana do Castelo tem 55 medidas para enfrentar altera\u00e7\u00f5es clim\u00e1ticas at\u00e9 2030<\/title>\n<meta name=\"description\" content=\"O Plano Municipal de A\u00e7\u00e3o Clim\u00e1tica de Viana do Castelo (PMACVC), que vigorar\u00e1 at\u00e9 2030, cont\u00e9m um total de 55 medidas para adaptar o territ\u00f3rio \u00e0s altera\u00e7\u00f5es clim\u00e1ticas, mitigar e capacitar o munic\u00edpio para os seus efeitos.\" \/>\n<meta name=\"robots\" content=\"index, follow, max-snippet:-1, max-image-preview:large, max-video-preview:-1\" \/>\n<link rel=\"canonical\" href=\"https:\/\/www.altominho.tv\/site\/2024\/10\/21\/viana-do-castelo-tem-55-medidas-para-enfrentar-alteracoes-climaticas-ate-2030\/\" \/>\n<meta property=\"og:locale\" content=\"pt_PT\" \/>\n<meta property=\"og:type\" content=\"article\" \/>\n<meta property=\"og:title\" content=\"Viana do Castelo tem 55 medidas para enfrentar altera\u00e7\u00f5es clim\u00e1ticas at\u00e9 2030\" \/>\n<meta property=\"og:description\" content=\"O Plano Municipal de A\u00e7\u00e3o Clim\u00e1tica de Viana do Castelo (PMACVC), que vigorar\u00e1 at\u00e9 2030, cont\u00e9m um total de 55 medidas para adaptar o territ\u00f3rio \u00e0s altera\u00e7\u00f5es clim\u00e1ticas, mitigar e capacitar o munic\u00edpio para os seus efeitos.\" \/>\n<meta property=\"og:url\" content=\"https:\/\/www.altominho.tv\/site\/2024\/10\/21\/viana-do-castelo-tem-55-medidas-para-enfrentar-alteracoes-climaticas-ate-2030\/\" \/>\n<meta property=\"og:site_name\" content=\"Altominho.tv\" \/>\n<meta property=\"article:publisher\" content=\"https:\/\/www.facebook.com\/altominhotv\" \/>\n<meta property=\"article:published_time\" content=\"2024-10-21T16:21:29+00:00\" \/>\n<meta property=\"article:modified_time\" content=\"2024-10-21T16:21:31+00:00\" \/>\n<meta property=\"og:image\" content=\"https:\/\/www.altominho.tv\/site\/wp-content\/uploads\/2024\/10\/alteracoes-climaticas.jpg\" \/>\n\t<meta property=\"og:image:width\" content=\"2000\" \/>\n\t<meta property=\"og:image:height\" content=\"1125\" \/>\n\t<meta property=\"og:image:type\" content=\"image\/jpeg\" \/>\n<meta name=\"author\" content=\"Lusa\" \/>\n<meta name=\"twitter:card\" content=\"summary_large_image\" \/>\n<meta name=\"twitter:creator\" content=\"@altominhoTV\" \/>\n<meta name=\"twitter:site\" content=\"@altominhoTV\" \/>\n<meta name=\"twitter:label1\" content=\"Escrito por\" \/>\n\t<meta name=\"twitter:data1\" content=\"Lusa\" \/>\n\t<meta name=\"twitter:label2\" content=\"Tempo estimado de leitura\" \/>\n\t<meta name=\"twitter:data2\" content=\"4 minutos\" \/>\n<script type=\"application\/ld+json\" class=\"yoast-schema-graph\">{\"@context\":\"https:\\\/\\\/schema.org\",\"@graph\":[{\"@type\":\"Article\",\"@id\":\"https:\\\/\\\/www.altominho.tv\\\/site\\\/2024\\\/10\\\/21\\\/viana-do-castelo-tem-55-medidas-para-enfrentar-alteracoes-climaticas-ate-2030\\\/#article\",\"isPartOf\":{\"@id\":\"https:\\\/\\\/www.altominho.tv\\\/site\\\/2024\\\/10\\\/21\\\/viana-do-castelo-tem-55-medidas-para-enfrentar-alteracoes-climaticas-ate-2030\\\/\"},\"author\":{\"name\":\"Lusa\",\"@id\":\"https:\\\/\\\/www.altominho.tv\\\/site\\\/#\\\/schema\\\/person\\\/63f693da3e1899361cbe955c46f3232e\"},\"headline\":\"Viana do Castelo tem 55 medidas para enfrentar altera\u00e7\u00f5es clim\u00e1ticas at\u00e9 2030\",\"datePublished\":\"2024-10-21T16:21:29+00:00\",\"dateModified\":\"2024-10-21T16:21:31+00:00\",\"mainEntityOfPage\":{\"@id\":\"https:\\\/\\\/www.altominho.tv\\\/site\\\/2024\\\/10\\\/21\\\/viana-do-castelo-tem-55-medidas-para-enfrentar-alteracoes-climaticas-ate-2030\\\/\"},\"wordCount\":730,\"image\":{\"@id\":\"https:\\\/\\\/www.altominho.tv\\\/site\\\/2024\\\/10\\\/21\\\/viana-do-castelo-tem-55-medidas-para-enfrentar-alteracoes-climaticas-ate-2030\\\/#primaryimage\"},\"thumbnailUrl\":\"https:\\\/\\\/www.altominho.tv\\\/site\\\/wp-content\\\/uploads\\\/2024\\\/10\\\/alteracoes-climaticas.jpg\",\"keywords\":[\"Ambiente\"],\"articleSection\":[\"Viana do Castelo\"],\"inLanguage\":\"pt-PT\",\"copyrightYear\":\"2024\",\"copyrightHolder\":{\"@id\":\"https:\\\/\\\/www.altominho.tv\\\/site\\\/#organization\"}},{\"@type\":\"WebPage\",\"@id\":\"https:\\\/\\\/www.altominho.tv\\\/site\\\/2024\\\/10\\\/21\\\/viana-do-castelo-tem-55-medidas-para-enfrentar-alteracoes-climaticas-ate-2030\\\/\",\"url\":\"https:\\\/\\\/www.altominho.tv\\\/site\\\/2024\\\/10\\\/21\\\/viana-do-castelo-tem-55-medidas-para-enfrentar-alteracoes-climaticas-ate-2030\\\/\",\"name\":\"Viana do Castelo tem 55 medidas para enfrentar altera\u00e7\u00f5es clim\u00e1ticas at\u00e9 2030\",\"isPartOf\":{\"@id\":\"https:\\\/\\\/www.altominho.tv\\\/site\\\/#website\"},\"primaryImageOfPage\":{\"@id\":\"https:\\\/\\\/www.altominho.tv\\\/site\\\/2024\\\/10\\\/21\\\/viana-do-castelo-tem-55-medidas-para-enfrentar-alteracoes-climaticas-ate-2030\\\/#primaryimage\"},\"image\":{\"@id\":\"https:\\\/\\\/www.altominho.tv\\\/site\\\/2024\\\/10\\\/21\\\/viana-do-castelo-tem-55-medidas-para-enfrentar-alteracoes-climaticas-ate-2030\\\/#primaryimage\"},\"thumbnailUrl\":\"https:\\\/\\\/www.altominho.tv\\\/site\\\/wp-content\\\/uploads\\\/2024\\\/10\\\/alteracoes-climaticas.jpg\",\"datePublished\":\"2024-10-21T16:21:29+00:00\",\"dateModified\":\"2024-10-21T16:21:31+00:00\",\"author\":{\"@id\":\"https:\\\/\\\/www.altominho.tv\\\/site\\\/#\\\/schema\\\/person\\\/63f693da3e1899361cbe955c46f3232e\"},\"description\":\"O Plano Municipal de A\u00e7\u00e3o Clim\u00e1tica de Viana do Castelo (PMACVC), que vigorar\u00e1 at\u00e9 2030, cont\u00e9m um total de 55 medidas para adaptar o territ\u00f3rio \u00e0s altera\u00e7\u00f5es clim\u00e1ticas, mitigar e capacitar o munic\u00edpio para os seus efeitos.\",\"breadcrumb\":{\"@id\":\"https:\\\/\\\/www.altominho.tv\\\/site\\\/2024\\\/10\\\/21\\\/viana-do-castelo-tem-55-medidas-para-enfrentar-alteracoes-climaticas-ate-2030\\\/#breadcrumb\"},\"inLanguage\":\"pt-PT\",\"potentialAction\":[{\"@type\":\"ReadAction\",\"target\":[\"https:\\\/\\\/www.altominho.tv\\\/site\\\/2024\\\/10\\\/21\\\/viana-do-castelo-tem-55-medidas-para-enfrentar-alteracoes-climaticas-ate-2030\\\/\"]}]},{\"@type\":\"ImageObject\",\"inLanguage\":\"pt-PT\",\"@id\":\"https:\\\/\\\/www.altominho.tv\\\/site\\\/2024\\\/10\\\/21\\\/viana-do-castelo-tem-55-medidas-para-enfrentar-alteracoes-climaticas-ate-2030\\\/#primaryimage\",\"url\":\"https:\\\/\\\/www.altominho.tv\\\/site\\\/wp-content\\\/uploads\\\/2024\\\/10\\\/alteracoes-climaticas.jpg\",\"contentUrl\":\"https:\\\/\\\/www.altominho.tv\\\/site\\\/wp-content\\\/uploads\\\/2024\\\/10\\\/alteracoes-climaticas.jpg\",\"width\":2000,\"height\":1125},{\"@type\":\"BreadcrumbList\",\"@id\":\"https:\\\/\\\/www.altominho.tv\\\/site\\\/2024\\\/10\\\/21\\\/viana-do-castelo-tem-55-medidas-para-enfrentar-alteracoes-climaticas-ate-2030\\\/#breadcrumb\",\"itemListElement\":[{\"@type\":\"ListItem\",\"position\":1,\"name\":\"In\u00edcio\",\"item\":\"https:\\\/\\\/www.altominho.tv\\\/site\\\/\"},{\"@type\":\"ListItem\",\"position\":2,\"name\":\"Viana do Castelo tem 55 medidas para enfrentar altera\u00e7\u00f5es clim\u00e1ticas at\u00e9 2030\"}]},{\"@type\":\"WebSite\",\"@id\":\"https:\\\/\\\/www.altominho.tv\\\/site\\\/#website\",\"url\":\"https:\\\/\\\/www.altominho.tv\\\/site\\\/\",\"name\":\"Altominho.tv\",\"description\":\"A sua regi\u00e3o \u00e0 dist\u00e2ncia de um clique...\",\"potentialAction\":[{\"@type\":\"SearchAction\",\"target\":{\"@type\":\"EntryPoint\",\"urlTemplate\":\"https:\\\/\\\/www.altominho.tv\\\/site\\\/?s={search_term_string}\"},\"query-input\":{\"@type\":\"PropertyValueSpecification\",\"valueRequired\":true,\"valueName\":\"search_term_string\"}}],\"inLanguage\":\"pt-PT\"},{\"@type\":\"Person\",\"@id\":\"https:\\\/\\\/www.altominho.tv\\\/site\\\/#\\\/schema\\\/person\\\/63f693da3e1899361cbe955c46f3232e\",\"name\":\"Lusa\",\"image\":{\"@type\":\"ImageObject\",\"inLanguage\":\"pt-PT\",\"@id\":\"https:\\\/\\\/www.altominho.tv\\\/site\\\/wp-content\\\/uploads\\\/2019\\\/08\\\/LUSA_Logo.gif\",\"url\":\"https:\\\/\\\/www.altominho.tv\\\/site\\\/wp-content\\\/uploads\\\/2019\\\/08\\\/LUSA_Logo.gif\",\"contentUrl\":\"https:\\\/\\\/www.altominho.tv\\\/site\\\/wp-content\\\/uploads\\\/2019\\\/08\\\/LUSA_Logo.gif\",\"caption\":\"Lusa\"},\"sameAs\":[\"http:\\\/\\\/\\\/\\\/www.altominho.tv\\\/site\"],\"url\":\"https:\\\/\\\/www.altominho.tv\\\/site\\\/author\\\/lusa\\\/\"}]}<\/script>\n<!-- \/ Yoast SEO Premium plugin. -->","yoast_head_json":{"title":"Viana do Castelo tem 55 medidas para enfrentar altera\u00e7\u00f5es clim\u00e1ticas at\u00e9 2030","description":"O Plano Municipal de A\u00e7\u00e3o Clim\u00e1tica de Viana do Castelo (PMACVC), que vigorar\u00e1 at\u00e9 2030, cont\u00e9m um total de 55 medidas para adaptar o territ\u00f3rio \u00e0s altera\u00e7\u00f5es clim\u00e1ticas, mitigar e capacitar o munic\u00edpio para os seus efeitos.","robots":{"index":"index","follow":"follow","max-snippet":"max-snippet:-1","max-image-preview":"max-image-preview:large","max-video-preview":"max-video-preview:-1"},"canonical":"https:\/\/www.altominho.tv\/site\/2024\/10\/21\/viana-do-castelo-tem-55-medidas-para-enfrentar-alteracoes-climaticas-ate-2030\/","og_locale":"pt_PT","og_type":"article","og_title":"Viana do Castelo tem 55 medidas para enfrentar altera\u00e7\u00f5es clim\u00e1ticas at\u00e9 2030","og_description":"O Plano Municipal de A\u00e7\u00e3o Clim\u00e1tica de Viana do Castelo (PMACVC), que vigorar\u00e1 at\u00e9 2030, cont\u00e9m um total de 55 medidas para adaptar o territ\u00f3rio \u00e0s altera\u00e7\u00f5es clim\u00e1ticas, mitigar e capacitar o munic\u00edpio para os seus efeitos.","og_url":"https:\/\/www.altominho.tv\/site\/2024\/10\/21\/viana-do-castelo-tem-55-medidas-para-enfrentar-alteracoes-climaticas-ate-2030\/","og_site_name":"Altominho.tv","article_publisher":"https:\/\/www.facebook.com\/altominhotv","article_published_time":"2024-10-21T16:21:29+00:00","article_modified_time":"2024-10-21T16:21:31+00:00","og_image":[{"width":2000,"height":1125,"url":"https:\/\/www.altominho.tv\/site\/wp-content\/uploads\/2024\/10\/alteracoes-climaticas.jpg","type":"image\/jpeg"}],"author":"Lusa","twitter_card":"summary_large_image","twitter_creator":"@altominhoTV","twitter_site":"@altominhoTV","twitter_misc":{"Escrito por":"Lusa","Tempo estimado de leitura":"4 minutos"},"schema":{"@context":"https:\/\/schema.org","@graph":[{"@type":"Article","@id":"https:\/\/www.altominho.tv\/site\/2024\/10\/21\/viana-do-castelo-tem-55-medidas-para-enfrentar-alteracoes-climaticas-ate-2030\/#article","isPartOf":{"@id":"https:\/\/www.altominho.tv\/site\/2024\/10\/21\/viana-do-castelo-tem-55-medidas-para-enfrentar-alteracoes-climaticas-ate-2030\/"},"author":{"name":"Lusa","@id":"https:\/\/www.altominho.tv\/site\/#\/schema\/person\/63f693da3e1899361cbe955c46f3232e"},"headline":"Viana do Castelo tem 55 medidas para enfrentar altera\u00e7\u00f5es clim\u00e1ticas at\u00e9 2030","datePublished":"2024-10-21T16:21:29+00:00","dateModified":"2024-10-21T16:21:31+00:00","mainEntityOfPage":{"@id":"https:\/\/www.altominho.tv\/site\/2024\/10\/21\/viana-do-castelo-tem-55-medidas-para-enfrentar-alteracoes-climaticas-ate-2030\/"},"wordCount":730,"image":{"@id":"https:\/\/www.altominho.tv\/site\/2024\/10\/21\/viana-do-castelo-tem-55-medidas-para-enfrentar-alteracoes-climaticas-ate-2030\/#primaryimage"},"thumbnailUrl":"https:\/\/www.altominho.tv\/site\/wp-content\/uploads\/2024\/10\/alteracoes-climaticas.jpg","keywords":["Ambiente"],"articleSection":["Viana do Castelo"],"inLanguage":"pt-PT","copyrightYear":"2024","copyrightHolder":{"@id":"https:\/\/www.altominho.tv\/site\/#organization"}},{"@type":"WebPage","@id":"https:\/\/www.altominho.tv\/site\/2024\/10\/21\/viana-do-castelo-tem-55-medidas-para-enfrentar-alteracoes-climaticas-ate-2030\/","url":"https:\/\/www.altominho.tv\/site\/2024\/10\/21\/viana-do-castelo-tem-55-medidas-para-enfrentar-alteracoes-climaticas-ate-2030\/","name":"Viana do Castelo tem 55 medidas para enfrentar altera\u00e7\u00f5es clim\u00e1ticas at\u00e9 2030","isPartOf":{"@id":"https:\/\/www.altominho.tv\/site\/#website"},"primaryImageOfPage":{"@id":"https:\/\/www.altominho.tv\/site\/2024\/10\/21\/viana-do-castelo-tem-55-medidas-para-enfrentar-alteracoes-climaticas-ate-2030\/#primaryimage"},"image":{"@id":"https:\/\/www.altominho.tv\/site\/2024\/10\/21\/viana-do-castelo-tem-55-medidas-para-enfrentar-alteracoes-climaticas-ate-2030\/#primaryimage"},"thumbnailUrl":"https:\/\/www.altominho.tv\/site\/wp-content\/uploads\/2024\/10\/alteracoes-climaticas.jpg","datePublished":"2024-10-21T16:21:29+00:00","dateModified":"2024-10-21T16:21:31+00:00","author":{"@id":"https:\/\/www.altominho.tv\/site\/#\/schema\/person\/63f693da3e1899361cbe955c46f3232e"},"description":"O Plano Municipal de A\u00e7\u00e3o Clim\u00e1tica de Viana do Castelo (PMACVC), que vigorar\u00e1 at\u00e9 2030, cont\u00e9m um total de 55 medidas para adaptar o territ\u00f3rio \u00e0s altera\u00e7\u00f5es clim\u00e1ticas, mitigar e capacitar o munic\u00edpio para os seus efeitos.","breadcrumb":{"@id":"https:\/\/www.altominho.tv\/site\/2024\/10\/21\/viana-do-castelo-tem-55-medidas-para-enfrentar-alteracoes-climaticas-ate-2030\/#breadcrumb"},"inLanguage":"pt-PT","potentialAction":[{"@type":"ReadAction","target":["https:\/\/www.altominho.tv\/site\/2024\/10\/21\/viana-do-castelo-tem-55-medidas-para-enfrentar-alteracoes-climaticas-ate-2030\/"]}]},{"@type":"ImageObject","inLanguage":"pt-PT","@id":"https:\/\/www.altominho.tv\/site\/2024\/10\/21\/viana-do-castelo-tem-55-medidas-para-enfrentar-alteracoes-climaticas-ate-2030\/#primaryimage","url":"https:\/\/www.altominho.tv\/site\/wp-content\/uploads\/2024\/10\/alteracoes-climaticas.jpg","contentUrl":"https:\/\/www.altominho.tv\/site\/wp-content\/uploads\/2024\/10\/alteracoes-climaticas.jpg","width":2000,"height":1125},{"@type":"BreadcrumbList","@id":"https:\/\/www.altominho.tv\/site\/2024\/10\/21\/viana-do-castelo-tem-55-medidas-para-enfrentar-alteracoes-climaticas-ate-2030\/#breadcrumb","itemListElement":[{"@type":"ListItem","position":1,"name":"In\u00edcio","item":"https:\/\/www.altominho.tv\/site\/"},{"@type":"ListItem","position":2,"name":"Viana do Castelo tem 55 medidas para enfrentar altera\u00e7\u00f5es clim\u00e1ticas at\u00e9 2030"}]},{"@type":"WebSite","@id":"https:\/\/www.altominho.tv\/site\/#website","url":"https:\/\/www.altominho.tv\/site\/","name":"Altominho.tv","description":"A sua regi\u00e3o \u00e0 dist\u00e2ncia de um clique...","potentialAction":[{"@type":"SearchAction","target":{"@type":"EntryPoint","urlTemplate":"https:\/\/www.altominho.tv\/site\/?s={search_term_string}"},"query-input":{"@type":"PropertyValueSpecification","valueRequired":true,"valueName":"search_term_string"}}],"inLanguage":"pt-PT"},{"@type":"Person","@id":"https:\/\/www.altominho.tv\/site\/#\/schema\/person\/63f693da3e1899361cbe955c46f3232e","name":"Lusa","image":{"@type":"ImageObject","inLanguage":"pt-PT","@id":"https:\/\/www.altominho.tv\/site\/wp-content\/uploads\/2019\/08\/LUSA_Logo.gif","url":"https:\/\/www.altominho.tv\/site\/wp-content\/uploads\/2019\/08\/LUSA_Logo.gif","contentUrl":"https:\/\/www.altominho.tv\/site\/wp-content\/uploads\/2019\/08\/LUSA_Logo.gif","caption":"Lusa"},"sameAs":["http:\/\/\/\/www.altominho.tv\/site"],"url":"https:\/\/www.altominho.tv\/site\/author\/lusa\/"}]}},"_links":{"self":[{"href":"https:\/\/www.altominho.tv\/site\/wp-json\/wp\/v2\/posts\/111695","targetHints":{"allow":["GET"]}}],"collection":[{"href":"https:\/\/www.altominho.tv\/site\/wp-json\/wp\/v2\/posts"}],"about":[{"href":"https:\/\/www.altominho.tv\/site\/wp-json\/wp\/v2\/types\/post"}],"author":[{"embeddable":true,"href":"https:\/\/www.altominho.tv\/site\/wp-json\/wp\/v2\/users\/13"}],"replies":[{"embeddable":true,"href":"https:\/\/www.altominho.tv\/site\/wp-json\/wp\/v2\/comments?post=111695"}],"version-history":[{"count":1,"href":"https:\/\/www.altominho.tv\/site\/wp-json\/wp\/v2\/posts\/111695\/revisions"}],"predecessor-version":[{"id":111697,"href":"https:\/\/www.altominho.tv\/site\/wp-json\/wp\/v2\/posts\/111695\/revisions\/111697"}],"wp:featuredmedia":[{"embeddable":true,"href":"https:\/\/www.altominho.tv\/site\/wp-json\/wp\/v2\/media\/111696"}],"wp:attachment":[{"href":"https:\/\/www.altominho.tv\/site\/wp-json\/wp\/v2\/media?parent=111695"}],"wp:term":[{"taxonomy":"category","embeddable":true,"href":"https:\/\/www.altominho.tv\/site\/wp-json\/wp\/v2\/categories?post=111695"},{"taxonomy":"post_tag","embeddable":true,"href":"https:\/\/www.altominho.tv\/site\/wp-json\/wp\/v2\/tags?post=111695"}],"curies":[{"name":"wp","href":"https:\/\/api.w.org\/{rel}","templated":true}]}}