{"id":111608,"date":"2024-10-17T16:33:38","date_gmt":"2024-10-17T15:33:38","guid":{"rendered":"https:\/\/www.altominho.tv\/site\/?p=111608"},"modified":"2024-10-17T16:33:39","modified_gmt":"2024-10-17T15:33:39","slug":"tres-detidos-e-21-arguidos-por-alegado-furto-viciacao-e-desmantelamento-de-carros","status":"publish","type":"post","link":"https:\/\/www.altominho.tv\/site\/2024\/10\/17\/tres-detidos-e-21-arguidos-por-alegado-furto-viciacao-e-desmantelamento-de-carros\/","title":{"rendered":"Tr\u00eas detidos e 21 arguidos por alegado furto, vicia\u00e7\u00e3o e desmantelamento de carros"},"content":{"rendered":"<p>Tr\u00eas detidos e 21 arguidos \u00e9 o resultado da \u201cOpera\u00e7\u00e3o Blackout\u201d, que decorreu na quarta-feira em seis distritos visando \u201cdesmantelar um grupo\u201d que alegadamente se dedicava ao furto, vicia\u00e7\u00e3o e desmantelamento de autom\u00f3veis, anunciou hoje a PSP.<\/p>\n<p>A investiga\u00e7\u00e3o iniciada em 2021 nos distritos do Porto, Lisboa, Braga, Viana do Castelo, Coimbra e Santar\u00e9m, culminou na quarta-feira com a execu\u00e7\u00e3o de cerca de 40 buscas domicili\u00e1rias e n\u00e3o domicili\u00e1rias, indicou a PSP em comunicado.<\/p>\n<p>Segundo a Pol\u00edcia, a a\u00e7\u00e3o visou \u201cdesmantelar um grupo de indiv\u00edduos que com significativa express\u00e3o no litoral norte do pa\u00eds se dedicavam \u00e0 pr\u00e1tica dos crimes de furto, vicia\u00e7\u00e3o e desmantelamento de ve\u00edculos autom\u00f3veis\u201d.<\/p>\n<p>Neste contexto, contabiliza a nota de imprensa, foram feitas tr\u00eas deten\u00e7\u00f5es e \u201ca constitui\u00e7\u00e3o de arguido de 21 indiv\u00edduos identificados\u201d.<\/p>\n<p>Nas v\u00e1rias buscas realizadas foram apreendidos 54 mil euros, 15 telem\u00f3veis, v\u00e1rios equipamentos de inibi\u00e7\u00e3o de sinal GSM e GPS, localizadores GPS e diversos equipamentos eletr\u00f3nicos destinados \u00e0 descodifica\u00e7\u00e3o de ve\u00edculos (m\u00e1quinas de diagn\u00f3stico, computadores port\u00e1teis, \u2018tablets\u2019 com \u2018software\u2019 de descodifica\u00e7\u00e3o de centralinas, adaptadores de liga\u00e7\u00e3o a fichas OBD [sistema eletr\u00f3nico de autodiagn\u00f3stico de ve\u00edculos]), bem como v\u00e1rias chaves e componentes de ve\u00edculos autom\u00f3veis cuja proveni\u00eancia se suspeita ser resultado de furto, l\u00ea-se ainda.<\/p>\n<p>A PSP acrescenta que, das 26 viaturas apreendidas, uma delas foi \u201crecentemente furtada e ocultada em local destinado ao desmantelamento, tendo sido preservados os meios de prova atrav\u00e9s da Unidade de Pol\u00edcia T\u00e9cnica e Forense da Divis\u00e3o de Investiga\u00e7\u00e3o Criminal do Porto e acautelada a acomoda\u00e7\u00e3o daquelas viaturas em local vigiado para se proceder \u00e0 respetiva per\u00edcia t\u00e9cnica\u201d.<\/p>\n<p>Em causa est\u00e1 a pr\u00e1tica reiterada de crimes de furto, furto qualificado, receta\u00e7\u00e3o, falsifica\u00e7\u00e3o de documento e alguns crimes de burla relativa a seguros, representando j\u00e1 um conjunto alargado de furtos de ve\u00edculos autom\u00f3veis, das mais variadas marcas e modelos, ocorridos na via p\u00fablica, de \u00e2mbito transregional, de elevada especializa\u00e7\u00e3o t\u00e9cnica e com recurso a tecnologia sofisticada, descreve a Pol\u00edcia.<\/p>\n<p>\u201cO acesso a uma grande maioria dos ve\u00edculos furtados ocorria com recurso a dispositivos eletr\u00f3nicos atrav\u00e9s de tecnologia autom\u00f3vel e inform\u00e1tica, capaz de interagir com a unidade central do ve\u00edculo, descodificando e reprogramando-a a fim de garantir a sua plena utiliza\u00e7\u00e3o e subsequente oculta\u00e7\u00e3o para iniciar o processo de desmantelamento\u201d, continua o comunicado.<\/p>\n<p>A PSP assinala que, em alguns dos casos identificados, o desmantelamento das viaturas furtadas visou a recupera\u00e7\u00e3o de ve\u00edculos sinistrados e para a satisfa\u00e7\u00e3o de encomendas no mercado de venda ilegal de pe\u00e7as e componentes autom\u00f3veis.<\/p>\n<p>Esta opera\u00e7\u00e3o integra outra, de coopera\u00e7\u00e3o internacional, designada \u201cJad Mobile 7\u201d, que decorre simultaneamente em v\u00e1rios pa\u00edses da Uni\u00e3o Europeia (UE), e insere-se no Plano de A\u00e7\u00e3o Operacional gizado no seio da prioridade relativa \u00e0 Criminalidade Organizada contra a Propriedade, do projeto \u201cEMPACT\u201d da Europol.<\/p>\n<p>A PSP refere que esta a\u00e7\u00e3o \u00e9 liderada pela FRONTEX, que tem como colideres a Alemanha, Gr\u00e9cia, Pol\u00f3nia e Espanha com a participa\u00e7\u00e3o e apoio de outros estados-membros da UE, Portugal inclu\u00eddo, da Europol e da Interpol. O centro de coordena\u00e7\u00e3o da opera\u00e7\u00e3o est\u00e1 instalado em Vars\u00f3via, capital da Pol\u00f3nia.<\/p>\n","protected":false},"excerpt":{"rendered":"<p>Tr\u00eas detidos e 21 arguidos \u00e9 o resultado da \u201cOpera\u00e7\u00e3o Blackout\u201d, que decorreu na quarta-feira em seis distritos visando \u201cdesmantelar um grupo\u201d que alegadamente se dedicava ao furto, vicia\u00e7\u00e3o e desmantelamento de autom\u00f3veis, anunciou hoje a PSP. A investiga\u00e7\u00e3o iniciada em 2021 nos distritos do Porto, Lisboa, Braga, Viana do Castelo, Coimbra e Santar\u00e9m, culminou [&hellip;]<\/p>\n","protected":false},"author":13,"featured_media":90667,"comment_status":"closed","ping_status":"closed","sticky":false,"template":"","format":"standard","meta":{"_exactmetrics_skip_tracking":false,"_exactmetrics_sitenote_active":false,"_exactmetrics_sitenote_note":"","_exactmetrics_sitenote_category":0,"footnotes":""},"categories":[73],"tags":[27],"class_list":["post-111608","post","type-post","status-publish","format-standard","has-post-thumbnail","hentry","category-alto-minho","tag-sociedade"],"yoast_head":"<!-- This site is optimized with the Yoast SEO Premium plugin v27.4 (Yoast SEO v27.4) - https:\/\/yoast.com\/product\/yoast-seo-premium-wordpress\/ -->\n<title>Tr\u00eas detidos e 21 arguidos por alegado furto, vicia\u00e7\u00e3o e desmantelamento de carros<\/title>\n<meta name=\"description\" content=\"Tr\u00eas detidos e 21 arguidos \u00e9 o resultado da \u201cOpera\u00e7\u00e3o Blackout\u201d, que decorreu na quarta-feira em seis distritos visando \u201cdesmantelar um grupo\u201d que alegadamente se dedicava ao furto, vicia\u00e7\u00e3o e desmantelamento de autom\u00f3veis, anunciou hoje a PSP.\" \/>\n<meta name=\"robots\" content=\"index, follow, max-snippet:-1, max-image-preview:large, max-video-preview:-1\" \/>\n<link rel=\"canonical\" href=\"https:\/\/www.altominho.tv\/site\/2024\/10\/17\/tres-detidos-e-21-arguidos-por-alegado-furto-viciacao-e-desmantelamento-de-carros\/\" \/>\n<meta property=\"og:locale\" content=\"pt_PT\" \/>\n<meta property=\"og:type\" content=\"article\" \/>\n<meta property=\"og:title\" content=\"Tr\u00eas detidos e 21 arguidos por alegado furto, vicia\u00e7\u00e3o e desmantelamento de carros\" \/>\n<meta property=\"og:description\" content=\"Tr\u00eas detidos e 21 arguidos \u00e9 o resultado da \u201cOpera\u00e7\u00e3o Blackout\u201d, que decorreu na quarta-feira em seis distritos visando \u201cdesmantelar um grupo\u201d que alegadamente se dedicava ao furto, vicia\u00e7\u00e3o e desmantelamento de autom\u00f3veis, anunciou hoje a PSP.\" \/>\n<meta property=\"og:url\" content=\"https:\/\/www.altominho.tv\/site\/2024\/10\/17\/tres-detidos-e-21-arguidos-por-alegado-furto-viciacao-e-desmantelamento-de-carros\/\" \/>\n<meta property=\"og:site_name\" content=\"Altominho.tv\" \/>\n<meta property=\"article:publisher\" content=\"https:\/\/www.facebook.com\/altominhotv\" \/>\n<meta property=\"article:published_time\" content=\"2024-10-17T15:33:38+00:00\" \/>\n<meta property=\"article:modified_time\" content=\"2024-10-17T15:33:39+00:00\" \/>\n<meta property=\"og:image\" content=\"https:\/\/www.altominho.tv\/site\/wp-content\/uploads\/2023\/03\/PSP.jpeg\" \/>\n\t<meta property=\"og:image:width\" content=\"1141\" \/>\n\t<meta property=\"og:image:height\" content=\"626\" \/>\n\t<meta property=\"og:image:type\" content=\"image\/jpeg\" \/>\n<meta name=\"author\" content=\"Lusa\" \/>\n<meta name=\"twitter:card\" content=\"summary_large_image\" \/>\n<meta name=\"twitter:creator\" content=\"@altominhoTV\" \/>\n<meta name=\"twitter:site\" content=\"@altominhoTV\" \/>\n<meta name=\"twitter:label1\" content=\"Escrito por\" \/>\n\t<meta name=\"twitter:data1\" content=\"Lusa\" \/>\n\t<meta name=\"twitter:label2\" content=\"Tempo estimado de leitura\" \/>\n\t<meta name=\"twitter:data2\" content=\"3 minutos\" \/>\n<script type=\"application\/ld+json\" class=\"yoast-schema-graph\">{\"@context\":\"https:\\\/\\\/schema.org\",\"@graph\":[{\"@type\":\"Article\",\"@id\":\"https:\\\/\\\/www.altominho.tv\\\/site\\\/2024\\\/10\\\/17\\\/tres-detidos-e-21-arguidos-por-alegado-furto-viciacao-e-desmantelamento-de-carros\\\/#article\",\"isPartOf\":{\"@id\":\"https:\\\/\\\/www.altominho.tv\\\/site\\\/2024\\\/10\\\/17\\\/tres-detidos-e-21-arguidos-por-alegado-furto-viciacao-e-desmantelamento-de-carros\\\/\"},\"author\":{\"name\":\"Lusa\",\"@id\":\"https:\\\/\\\/www.altominho.tv\\\/site\\\/#\\\/schema\\\/person\\\/63f693da3e1899361cbe955c46f3232e\"},\"headline\":\"Tr\u00eas detidos e 21 arguidos por alegado furto, vicia\u00e7\u00e3o e desmantelamento de carros\",\"datePublished\":\"2024-10-17T15:33:38+00:00\",\"dateModified\":\"2024-10-17T15:33:39+00:00\",\"mainEntityOfPage\":{\"@id\":\"https:\\\/\\\/www.altominho.tv\\\/site\\\/2024\\\/10\\\/17\\\/tres-detidos-e-21-arguidos-por-alegado-furto-viciacao-e-desmantelamento-de-carros\\\/\"},\"wordCount\":592,\"image\":{\"@id\":\"https:\\\/\\\/www.altominho.tv\\\/site\\\/2024\\\/10\\\/17\\\/tres-detidos-e-21-arguidos-por-alegado-furto-viciacao-e-desmantelamento-de-carros\\\/#primaryimage\"},\"thumbnailUrl\":\"https:\\\/\\\/www.altominho.tv\\\/site\\\/wp-content\\\/uploads\\\/2023\\\/03\\\/PSP.jpeg\",\"keywords\":[\"Sociedade\"],\"articleSection\":[\"Alto Minho\"],\"inLanguage\":\"pt-PT\",\"copyrightYear\":\"2024\",\"copyrightHolder\":{\"@id\":\"https:\\\/\\\/www.altominho.tv\\\/site\\\/#organization\"}},{\"@type\":\"WebPage\",\"@id\":\"https:\\\/\\\/www.altominho.tv\\\/site\\\/2024\\\/10\\\/17\\\/tres-detidos-e-21-arguidos-por-alegado-furto-viciacao-e-desmantelamento-de-carros\\\/\",\"url\":\"https:\\\/\\\/www.altominho.tv\\\/site\\\/2024\\\/10\\\/17\\\/tres-detidos-e-21-arguidos-por-alegado-furto-viciacao-e-desmantelamento-de-carros\\\/\",\"name\":\"Tr\u00eas detidos e 21 arguidos por alegado furto, vicia\u00e7\u00e3o e desmantelamento de carros\",\"isPartOf\":{\"@id\":\"https:\\\/\\\/www.altominho.tv\\\/site\\\/#website\"},\"primaryImageOfPage\":{\"@id\":\"https:\\\/\\\/www.altominho.tv\\\/site\\\/2024\\\/10\\\/17\\\/tres-detidos-e-21-arguidos-por-alegado-furto-viciacao-e-desmantelamento-de-carros\\\/#primaryimage\"},\"image\":{\"@id\":\"https:\\\/\\\/www.altominho.tv\\\/site\\\/2024\\\/10\\\/17\\\/tres-detidos-e-21-arguidos-por-alegado-furto-viciacao-e-desmantelamento-de-carros\\\/#primaryimage\"},\"thumbnailUrl\":\"https:\\\/\\\/www.altominho.tv\\\/site\\\/wp-content\\\/uploads\\\/2023\\\/03\\\/PSP.jpeg\",\"datePublished\":\"2024-10-17T15:33:38+00:00\",\"dateModified\":\"2024-10-17T15:33:39+00:00\",\"author\":{\"@id\":\"https:\\\/\\\/www.altominho.tv\\\/site\\\/#\\\/schema\\\/person\\\/63f693da3e1899361cbe955c46f3232e\"},\"description\":\"Tr\u00eas detidos e 21 arguidos \u00e9 o resultado da \u201cOpera\u00e7\u00e3o Blackout\u201d, que decorreu na quarta-feira em seis distritos visando \u201cdesmantelar um grupo\u201d que alegadamente se dedicava ao furto, vicia\u00e7\u00e3o e desmantelamento de autom\u00f3veis, anunciou hoje a PSP.\",\"breadcrumb\":{\"@id\":\"https:\\\/\\\/www.altominho.tv\\\/site\\\/2024\\\/10\\\/17\\\/tres-detidos-e-21-arguidos-por-alegado-furto-viciacao-e-desmantelamento-de-carros\\\/#breadcrumb\"},\"inLanguage\":\"pt-PT\",\"potentialAction\":[{\"@type\":\"ReadAction\",\"target\":[\"https:\\\/\\\/www.altominho.tv\\\/site\\\/2024\\\/10\\\/17\\\/tres-detidos-e-21-arguidos-por-alegado-furto-viciacao-e-desmantelamento-de-carros\\\/\"]}]},{\"@type\":\"ImageObject\",\"inLanguage\":\"pt-PT\",\"@id\":\"https:\\\/\\\/www.altominho.tv\\\/site\\\/2024\\\/10\\\/17\\\/tres-detidos-e-21-arguidos-por-alegado-furto-viciacao-e-desmantelamento-de-carros\\\/#primaryimage\",\"url\":\"https:\\\/\\\/www.altominho.tv\\\/site\\\/wp-content\\\/uploads\\\/2023\\\/03\\\/PSP.jpeg\",\"contentUrl\":\"https:\\\/\\\/www.altominho.tv\\\/site\\\/wp-content\\\/uploads\\\/2023\\\/03\\\/PSP.jpeg\",\"width\":1141,\"height\":626},{\"@type\":\"BreadcrumbList\",\"@id\":\"https:\\\/\\\/www.altominho.tv\\\/site\\\/2024\\\/10\\\/17\\\/tres-detidos-e-21-arguidos-por-alegado-furto-viciacao-e-desmantelamento-de-carros\\\/#breadcrumb\",\"itemListElement\":[{\"@type\":\"ListItem\",\"position\":1,\"name\":\"In\u00edcio\",\"item\":\"https:\\\/\\\/www.altominho.tv\\\/site\\\/\"},{\"@type\":\"ListItem\",\"position\":2,\"name\":\"Tr\u00eas detidos e 21 arguidos por alegado furto, vicia\u00e7\u00e3o e desmantelamento de carros\"}]},{\"@type\":\"WebSite\",\"@id\":\"https:\\\/\\\/www.altominho.tv\\\/site\\\/#website\",\"url\":\"https:\\\/\\\/www.altominho.tv\\\/site\\\/\",\"name\":\"Altominho.tv\",\"description\":\"A sua regi\u00e3o \u00e0 dist\u00e2ncia de um clique...\",\"potentialAction\":[{\"@type\":\"SearchAction\",\"target\":{\"@type\":\"EntryPoint\",\"urlTemplate\":\"https:\\\/\\\/www.altominho.tv\\\/site\\\/?s={search_term_string}\"},\"query-input\":{\"@type\":\"PropertyValueSpecification\",\"valueRequired\":true,\"valueName\":\"search_term_string\"}}],\"inLanguage\":\"pt-PT\"},{\"@type\":\"Person\",\"@id\":\"https:\\\/\\\/www.altominho.tv\\\/site\\\/#\\\/schema\\\/person\\\/63f693da3e1899361cbe955c46f3232e\",\"name\":\"Lusa\",\"image\":{\"@type\":\"ImageObject\",\"inLanguage\":\"pt-PT\",\"@id\":\"https:\\\/\\\/www.altominho.tv\\\/site\\\/wp-content\\\/uploads\\\/2019\\\/08\\\/LUSA_Logo.gif\",\"url\":\"https:\\\/\\\/www.altominho.tv\\\/site\\\/wp-content\\\/uploads\\\/2019\\\/08\\\/LUSA_Logo.gif\",\"contentUrl\":\"https:\\\/\\\/www.altominho.tv\\\/site\\\/wp-content\\\/uploads\\\/2019\\\/08\\\/LUSA_Logo.gif\",\"caption\":\"Lusa\"},\"sameAs\":[\"http:\\\/\\\/\\\/\\\/www.altominho.tv\\\/site\"],\"url\":\"https:\\\/\\\/www.altominho.tv\\\/site\\\/author\\\/lusa\\\/\"}]}<\/script>\n<!-- \/ Yoast SEO Premium plugin. -->","yoast_head_json":{"title":"Tr\u00eas detidos e 21 arguidos por alegado furto, vicia\u00e7\u00e3o e desmantelamento de carros","description":"Tr\u00eas detidos e 21 arguidos \u00e9 o resultado da \u201cOpera\u00e7\u00e3o Blackout\u201d, que decorreu na quarta-feira em seis distritos visando \u201cdesmantelar um grupo\u201d que alegadamente se dedicava ao furto, vicia\u00e7\u00e3o e desmantelamento de autom\u00f3veis, anunciou hoje a PSP.","robots":{"index":"index","follow":"follow","max-snippet":"max-snippet:-1","max-image-preview":"max-image-preview:large","max-video-preview":"max-video-preview:-1"},"canonical":"https:\/\/www.altominho.tv\/site\/2024\/10\/17\/tres-detidos-e-21-arguidos-por-alegado-furto-viciacao-e-desmantelamento-de-carros\/","og_locale":"pt_PT","og_type":"article","og_title":"Tr\u00eas detidos e 21 arguidos por alegado furto, vicia\u00e7\u00e3o e desmantelamento de carros","og_description":"Tr\u00eas detidos e 21 arguidos \u00e9 o resultado da \u201cOpera\u00e7\u00e3o Blackout\u201d, que decorreu na quarta-feira em seis distritos visando \u201cdesmantelar um grupo\u201d que alegadamente se dedicava ao furto, vicia\u00e7\u00e3o e desmantelamento de autom\u00f3veis, anunciou hoje a PSP.","og_url":"https:\/\/www.altominho.tv\/site\/2024\/10\/17\/tres-detidos-e-21-arguidos-por-alegado-furto-viciacao-e-desmantelamento-de-carros\/","og_site_name":"Altominho.tv","article_publisher":"https:\/\/www.facebook.com\/altominhotv","article_published_time":"2024-10-17T15:33:38+00:00","article_modified_time":"2024-10-17T15:33:39+00:00","og_image":[{"width":1141,"height":626,"url":"https:\/\/www.altominho.tv\/site\/wp-content\/uploads\/2023\/03\/PSP.jpeg","type":"image\/jpeg"}],"author":"Lusa","twitter_card":"summary_large_image","twitter_creator":"@altominhoTV","twitter_site":"@altominhoTV","twitter_misc":{"Escrito por":"Lusa","Tempo estimado de leitura":"3 minutos"},"schema":{"@context":"https:\/\/schema.org","@graph":[{"@type":"Article","@id":"https:\/\/www.altominho.tv\/site\/2024\/10\/17\/tres-detidos-e-21-arguidos-por-alegado-furto-viciacao-e-desmantelamento-de-carros\/#article","isPartOf":{"@id":"https:\/\/www.altominho.tv\/site\/2024\/10\/17\/tres-detidos-e-21-arguidos-por-alegado-furto-viciacao-e-desmantelamento-de-carros\/"},"author":{"name":"Lusa","@id":"https:\/\/www.altominho.tv\/site\/#\/schema\/person\/63f693da3e1899361cbe955c46f3232e"},"headline":"Tr\u00eas detidos e 21 arguidos por alegado furto, vicia\u00e7\u00e3o e desmantelamento de carros","datePublished":"2024-10-17T15:33:38+00:00","dateModified":"2024-10-17T15:33:39+00:00","mainEntityOfPage":{"@id":"https:\/\/www.altominho.tv\/site\/2024\/10\/17\/tres-detidos-e-21-arguidos-por-alegado-furto-viciacao-e-desmantelamento-de-carros\/"},"wordCount":592,"image":{"@id":"https:\/\/www.altominho.tv\/site\/2024\/10\/17\/tres-detidos-e-21-arguidos-por-alegado-furto-viciacao-e-desmantelamento-de-carros\/#primaryimage"},"thumbnailUrl":"https:\/\/www.altominho.tv\/site\/wp-content\/uploads\/2023\/03\/PSP.jpeg","keywords":["Sociedade"],"articleSection":["Alto Minho"],"inLanguage":"pt-PT","copyrightYear":"2024","copyrightHolder":{"@id":"https:\/\/www.altominho.tv\/site\/#organization"}},{"@type":"WebPage","@id":"https:\/\/www.altominho.tv\/site\/2024\/10\/17\/tres-detidos-e-21-arguidos-por-alegado-furto-viciacao-e-desmantelamento-de-carros\/","url":"https:\/\/www.altominho.tv\/site\/2024\/10\/17\/tres-detidos-e-21-arguidos-por-alegado-furto-viciacao-e-desmantelamento-de-carros\/","name":"Tr\u00eas detidos e 21 arguidos por alegado furto, vicia\u00e7\u00e3o e desmantelamento de carros","isPartOf":{"@id":"https:\/\/www.altominho.tv\/site\/#website"},"primaryImageOfPage":{"@id":"https:\/\/www.altominho.tv\/site\/2024\/10\/17\/tres-detidos-e-21-arguidos-por-alegado-furto-viciacao-e-desmantelamento-de-carros\/#primaryimage"},"image":{"@id":"https:\/\/www.altominho.tv\/site\/2024\/10\/17\/tres-detidos-e-21-arguidos-por-alegado-furto-viciacao-e-desmantelamento-de-carros\/#primaryimage"},"thumbnailUrl":"https:\/\/www.altominho.tv\/site\/wp-content\/uploads\/2023\/03\/PSP.jpeg","datePublished":"2024-10-17T15:33:38+00:00","dateModified":"2024-10-17T15:33:39+00:00","author":{"@id":"https:\/\/www.altominho.tv\/site\/#\/schema\/person\/63f693da3e1899361cbe955c46f3232e"},"description":"Tr\u00eas detidos e 21 arguidos \u00e9 o resultado da \u201cOpera\u00e7\u00e3o Blackout\u201d, que decorreu na quarta-feira em seis distritos visando \u201cdesmantelar um grupo\u201d que alegadamente se dedicava ao furto, vicia\u00e7\u00e3o e desmantelamento de autom\u00f3veis, anunciou hoje a PSP.","breadcrumb":{"@id":"https:\/\/www.altominho.tv\/site\/2024\/10\/17\/tres-detidos-e-21-arguidos-por-alegado-furto-viciacao-e-desmantelamento-de-carros\/#breadcrumb"},"inLanguage":"pt-PT","potentialAction":[{"@type":"ReadAction","target":["https:\/\/www.altominho.tv\/site\/2024\/10\/17\/tres-detidos-e-21-arguidos-por-alegado-furto-viciacao-e-desmantelamento-de-carros\/"]}]},{"@type":"ImageObject","inLanguage":"pt-PT","@id":"https:\/\/www.altominho.tv\/site\/2024\/10\/17\/tres-detidos-e-21-arguidos-por-alegado-furto-viciacao-e-desmantelamento-de-carros\/#primaryimage","url":"https:\/\/www.altominho.tv\/site\/wp-content\/uploads\/2023\/03\/PSP.jpeg","contentUrl":"https:\/\/www.altominho.tv\/site\/wp-content\/uploads\/2023\/03\/PSP.jpeg","width":1141,"height":626},{"@type":"BreadcrumbList","@id":"https:\/\/www.altominho.tv\/site\/2024\/10\/17\/tres-detidos-e-21-arguidos-por-alegado-furto-viciacao-e-desmantelamento-de-carros\/#breadcrumb","itemListElement":[{"@type":"ListItem","position":1,"name":"In\u00edcio","item":"https:\/\/www.altominho.tv\/site\/"},{"@type":"ListItem","position":2,"name":"Tr\u00eas detidos e 21 arguidos por alegado furto, vicia\u00e7\u00e3o e desmantelamento de carros"}]},{"@type":"WebSite","@id":"https:\/\/www.altominho.tv\/site\/#website","url":"https:\/\/www.altominho.tv\/site\/","name":"Altominho.tv","description":"A sua regi\u00e3o \u00e0 dist\u00e2ncia de um clique...","potentialAction":[{"@type":"SearchAction","target":{"@type":"EntryPoint","urlTemplate":"https:\/\/www.altominho.tv\/site\/?s={search_term_string}"},"query-input":{"@type":"PropertyValueSpecification","valueRequired":true,"valueName":"search_term_string"}}],"inLanguage":"pt-PT"},{"@type":"Person","@id":"https:\/\/www.altominho.tv\/site\/#\/schema\/person\/63f693da3e1899361cbe955c46f3232e","name":"Lusa","image":{"@type":"ImageObject","inLanguage":"pt-PT","@id":"https:\/\/www.altominho.tv\/site\/wp-content\/uploads\/2019\/08\/LUSA_Logo.gif","url":"https:\/\/www.altominho.tv\/site\/wp-content\/uploads\/2019\/08\/LUSA_Logo.gif","contentUrl":"https:\/\/www.altominho.tv\/site\/wp-content\/uploads\/2019\/08\/LUSA_Logo.gif","caption":"Lusa"},"sameAs":["http:\/\/\/\/www.altominho.tv\/site"],"url":"https:\/\/www.altominho.tv\/site\/author\/lusa\/"}]}},"_links":{"self":[{"href":"https:\/\/www.altominho.tv\/site\/wp-json\/wp\/v2\/posts\/111608","targetHints":{"allow":["GET"]}}],"collection":[{"href":"https:\/\/www.altominho.tv\/site\/wp-json\/wp\/v2\/posts"}],"about":[{"href":"https:\/\/www.altominho.tv\/site\/wp-json\/wp\/v2\/types\/post"}],"author":[{"embeddable":true,"href":"https:\/\/www.altominho.tv\/site\/wp-json\/wp\/v2\/users\/13"}],"replies":[{"embeddable":true,"href":"https:\/\/www.altominho.tv\/site\/wp-json\/wp\/v2\/comments?post=111608"}],"version-history":[{"count":1,"href":"https:\/\/www.altominho.tv\/site\/wp-json\/wp\/v2\/posts\/111608\/revisions"}],"predecessor-version":[{"id":111609,"href":"https:\/\/www.altominho.tv\/site\/wp-json\/wp\/v2\/posts\/111608\/revisions\/111609"}],"wp:featuredmedia":[{"embeddable":true,"href":"https:\/\/www.altominho.tv\/site\/wp-json\/wp\/v2\/media\/90667"}],"wp:attachment":[{"href":"https:\/\/www.altominho.tv\/site\/wp-json\/wp\/v2\/media?parent=111608"}],"wp:term":[{"taxonomy":"category","embeddable":true,"href":"https:\/\/www.altominho.tv\/site\/wp-json\/wp\/v2\/categories?post=111608"},{"taxonomy":"post_tag","embeddable":true,"href":"https:\/\/www.altominho.tv\/site\/wp-json\/wp\/v2\/tags?post=111608"}],"curies":[{"name":"wp","href":"https:\/\/api.w.org\/{rel}","templated":true}]}}