{"id":111606,"date":"2024-10-17T15:21:26","date_gmt":"2024-10-17T14:21:26","guid":{"rendered":"https:\/\/www.altominho.tv\/site\/?p=111606"},"modified":"2024-10-17T15:21:28","modified_gmt":"2024-10-17T14:21:28","slug":"ren-respeita-decisao-de-supremo-tribunal-sobre-linha-de-alta-tensao-no-minho","status":"publish","type":"post","link":"https:\/\/www.altominho.tv\/site\/2024\/10\/17\/ren-respeita-decisao-de-supremo-tribunal-sobre-linha-de-alta-tensao-no-minho\/","title":{"rendered":"REN respeita decis\u00e3o de Supremo Tribunal sobre linha de alta tens\u00e3o no Minho"},"content":{"rendered":"<p>A Rede El\u00e9trica Nacional (REN) afirmou hoje que vai \u201crespeitar a decis\u00e3o\u201d do Supremo Tribunal Administrativo, que remeteu para a primeira inst\u00e2ncia uma provid\u00eancia cautelar contra a linha de alta tens\u00e3o Ponte de Lima-Fontefria (Galiza).<\/p>\n<p>\u201cA REN vai, obviamente, e como sempre, respeitar a decis\u00e3o judicial\u201d, disse \u00e0 Lusa fonte oficial da el\u00e9trica nacional.<\/p>\n<p>Num ac\u00f3rd\u00e3o a que a Lusa teve acesso na quarta-feira, o Supremo Tribunal Administrativo (STA) aceitou o recurso de munic\u00edpios do Alto Minho, pedindo ao tribunal de primeira inst\u00e2ncia que avalie a provid\u00eancia cautelar apresentada por munic\u00edpios do Alto Minho.<\/p>\n<p>\u201cAcordam [\u2026] em conceder provimento ao recurso, em revogar o ac\u00f3rd\u00e3o recorrido e em determinar a baixa dos autos ao tribunal de primeira inst\u00e2ncia para o seu normal prosseguimento, se nada mais obstar\u201d, refere o documento.<\/p>\n<p>Nesta a\u00e7\u00e3o, que come\u00e7ou no Tribunal Administrativo e Fiscal de Braga (TAFB), os munic\u00edpios de Mon\u00e7\u00e3o, Ponte de Lima, Ponte da Barca, Arcos de Valdevez e Melga\u00e7o interpuseram um \u201cprocesso cautelar para a suspens\u00e3o de efic\u00e1cia\u201d da Declara\u00e7\u00e3o de Impacto Ambiental (DIA) favor\u00e1vel ao projeto de constru\u00e7\u00e3o da linha de alta tens\u00e3o.<\/p>\n<p>As autarquias pretendiam ainda \u201ca intima\u00e7\u00e3o do Minist\u00e9rio do Ambiente para se abster de autorizar ou licenciar tal projeto\u201d.<\/p>\n<p>Para o STA, o recurso dos munic\u00edpios justifica-se por \u201cestarem em causa potenciais preju\u00edzos para valores fundamentais da sociedade, sejam eles a sa\u00fade, o ambiente ou o patrim\u00f3nio arquitet\u00f3nico\u201d.<\/p>\n<p>O STA considera ainda que o \u201cato que possibilita a constru\u00e7\u00e3o de uma linha de muita alta tens\u00e3o \u00e9 suscet\u00edvel de criar uma situa\u00e7\u00e3o de facto consumado e de causar preju\u00edzos irrepar\u00e1veis ou de dif\u00edcil repara\u00e7\u00e3o\u201d.<\/p>\n<p>No ac\u00f3rd\u00e3o datado de 26 de setembro, o STA lembra que, em junho de 2023, o TAFB proferiu despacho em que \u201cdispensou a produ\u00e7\u00e3o de prova testemunhal\u201d e proferiu senten\u00e7a em que \u201cjulgou improcedente a provid\u00eancia cautelar\u201d apresentada pelas c\u00e2maras municipais.<\/p>\n<p>O Tribunal Central Administrativo do Norte manteve a senten\u00e7a da primeira inst\u00e2ncia.<br \/>\nA \u201clinha Dupla Ponte de Lima &#8211; Fontefr\u00eda, Tro\u00e7o Portugu\u00eas, a 400 kV\u201d, recebeu em julho de 2023 parecer favor\u00e1vel condicionado no RECAPE &#8211; Relat\u00f3rio de Conformidade Ambiental do Projeto de Execu\u00e7\u00e3o e, em fevereiro de 2024, obteve a Decis\u00e3o de Conformidade Ambiental do Projeto de Execu\u00e7\u00e3o (DCAPE) da Ag\u00eancia Portuguesa do Ambiente (APA).<\/p>\n<p>Numa outra a\u00e7\u00e3o iniciada pelos munic\u00edpios a contestar o RECAPE, o TAFB declarou, em setembro, ineficaz a licen\u00e7a emitida pela Dire\u00e7\u00e3o-Geral de Energia e Geologia \u00e0 Rede El\u00e9trica Nacional (REN) para a instala\u00e7\u00e3o da linha de Alta Tens\u00e3o Ponte de Lima-Fontefria (Galiza).<\/p>\n<p>De acordo com o projeto apresentado, a linha abrange os concelhos de Vila Verde, no distrito de Braga, e Ponte de Lima, Ponte da Barca, Arcos de Valdevez, Mon\u00e7\u00e3o e Melga\u00e7o, no distrito de Viana do Castelo.<\/p>\n<p>A Lusa contactou tamb\u00e9m o minist\u00e9rio do Ambiente, mas n\u00e3o obteve resposta at\u00e9 ao momento.<\/p>\n","protected":false},"excerpt":{"rendered":"<p>A Rede El\u00e9trica Nacional (REN) afirmou hoje que vai \u201crespeitar a decis\u00e3o\u201d do Supremo Tribunal Administrativo, que remeteu para a primeira inst\u00e2ncia uma provid\u00eancia cautelar contra a linha de alta tens\u00e3o Ponte de Lima-Fontefria (Galiza). \u201cA REN vai, obviamente, e como sempre, respeitar a decis\u00e3o judicial\u201d, disse \u00e0 Lusa fonte oficial da el\u00e9trica nacional. Num [&hellip;]<\/p>\n","protected":false},"author":13,"featured_media":111583,"comment_status":"closed","ping_status":"closed","sticky":false,"template":"","format":"standard","meta":{"_exactmetrics_skip_tracking":false,"_exactmetrics_sitenote_active":false,"_exactmetrics_sitenote_note":"","_exactmetrics_sitenote_category":0,"footnotes":""},"categories":[73],"tags":[56326],"class_list":["post-111606","post","type-post","status-publish","format-standard","has-post-thumbnail","hentry","category-alto-minho","tag-politica"],"yoast_head":"<!-- This site is optimized with the Yoast SEO Premium plugin v27.4 (Yoast SEO v27.4) - https:\/\/yoast.com\/product\/yoast-seo-premium-wordpress\/ -->\n<title>REN respeita decis\u00e3o de Supremo Tribunal sobre linha de alta tens\u00e3o no Minho<\/title>\n<meta name=\"description\" content=\"A Rede El\u00e9trica Nacional (REN) afirmou hoje que vai \u201crespeitar a decis\u00e3o\u201d do Supremo Tribunal Administrativo, que remeteu para a primeira inst\u00e2ncia uma provid\u00eancia cautelar contra a linha de alta tens\u00e3o Ponte de Lima-Fontefria (Galiza).\" \/>\n<meta name=\"robots\" content=\"index, follow, max-snippet:-1, max-image-preview:large, max-video-preview:-1\" \/>\n<link rel=\"canonical\" href=\"https:\/\/www.altominho.tv\/site\/2024\/10\/17\/ren-respeita-decisao-de-supremo-tribunal-sobre-linha-de-alta-tensao-no-minho\/\" \/>\n<meta property=\"og:locale\" content=\"pt_PT\" \/>\n<meta property=\"og:type\" content=\"article\" \/>\n<meta property=\"og:title\" content=\"REN respeita decis\u00e3o de Supremo Tribunal sobre linha de alta tens\u00e3o no Minho\" \/>\n<meta property=\"og:description\" content=\"A Rede El\u00e9trica Nacional (REN) afirmou hoje que vai \u201crespeitar a decis\u00e3o\u201d do Supremo Tribunal Administrativo, que remeteu para a primeira inst\u00e2ncia uma provid\u00eancia cautelar contra a linha de alta tens\u00e3o Ponte de Lima-Fontefria (Galiza).\" \/>\n<meta property=\"og:url\" content=\"https:\/\/www.altominho.tv\/site\/2024\/10\/17\/ren-respeita-decisao-de-supremo-tribunal-sobre-linha-de-alta-tensao-no-minho\/\" \/>\n<meta property=\"og:site_name\" content=\"Altominho.tv\" \/>\n<meta property=\"article:publisher\" content=\"https:\/\/www.facebook.com\/altominhotv\" \/>\n<meta property=\"article:published_time\" content=\"2024-10-17T14:21:26+00:00\" \/>\n<meta property=\"article:modified_time\" content=\"2024-10-17T14:21:28+00:00\" \/>\n<meta property=\"og:image\" content=\"https:\/\/www.altominho.tv\/site\/wp-content\/uploads\/2024\/10\/linha-alta-tensao.jpg\" \/>\n\t<meta property=\"og:image:width\" content=\"1200\" \/>\n\t<meta property=\"og:image:height\" content=\"630\" \/>\n\t<meta property=\"og:image:type\" content=\"image\/jpeg\" \/>\n<meta name=\"author\" content=\"Lusa\" \/>\n<meta name=\"twitter:card\" content=\"summary_large_image\" \/>\n<meta name=\"twitter:creator\" content=\"@altominhoTV\" \/>\n<meta name=\"twitter:site\" content=\"@altominhoTV\" \/>\n<meta name=\"twitter:label1\" content=\"Escrito por\" \/>\n\t<meta name=\"twitter:data1\" content=\"Lusa\" \/>\n\t<meta name=\"twitter:label2\" content=\"Tempo estimado de leitura\" \/>\n\t<meta name=\"twitter:data2\" content=\"3 minutos\" \/>\n<script type=\"application\/ld+json\" class=\"yoast-schema-graph\">{\"@context\":\"https:\\\/\\\/schema.org\",\"@graph\":[{\"@type\":\"Article\",\"@id\":\"https:\\\/\\\/www.altominho.tv\\\/site\\\/2024\\\/10\\\/17\\\/ren-respeita-decisao-de-supremo-tribunal-sobre-linha-de-alta-tensao-no-minho\\\/#article\",\"isPartOf\":{\"@id\":\"https:\\\/\\\/www.altominho.tv\\\/site\\\/2024\\\/10\\\/17\\\/ren-respeita-decisao-de-supremo-tribunal-sobre-linha-de-alta-tensao-no-minho\\\/\"},\"author\":{\"name\":\"Lusa\",\"@id\":\"https:\\\/\\\/www.altominho.tv\\\/site\\\/#\\\/schema\\\/person\\\/63f693da3e1899361cbe955c46f3232e\"},\"headline\":\"REN respeita decis\u00e3o de Supremo Tribunal sobre linha de alta tens\u00e3o no Minho\",\"datePublished\":\"2024-10-17T14:21:26+00:00\",\"dateModified\":\"2024-10-17T14:21:28+00:00\",\"mainEntityOfPage\":{\"@id\":\"https:\\\/\\\/www.altominho.tv\\\/site\\\/2024\\\/10\\\/17\\\/ren-respeita-decisao-de-supremo-tribunal-sobre-linha-de-alta-tensao-no-minho\\\/\"},\"wordCount\":544,\"image\":{\"@id\":\"https:\\\/\\\/www.altominho.tv\\\/site\\\/2024\\\/10\\\/17\\\/ren-respeita-decisao-de-supremo-tribunal-sobre-linha-de-alta-tensao-no-minho\\\/#primaryimage\"},\"thumbnailUrl\":\"https:\\\/\\\/www.altominho.tv\\\/site\\\/wp-content\\\/uploads\\\/2024\\\/10\\\/linha-alta-tensao.jpg\",\"keywords\":[\"Pol\u00edtica\"],\"articleSection\":[\"Alto Minho\"],\"inLanguage\":\"pt-PT\",\"copyrightYear\":\"2024\",\"copyrightHolder\":{\"@id\":\"https:\\\/\\\/www.altominho.tv\\\/site\\\/#organization\"}},{\"@type\":\"WebPage\",\"@id\":\"https:\\\/\\\/www.altominho.tv\\\/site\\\/2024\\\/10\\\/17\\\/ren-respeita-decisao-de-supremo-tribunal-sobre-linha-de-alta-tensao-no-minho\\\/\",\"url\":\"https:\\\/\\\/www.altominho.tv\\\/site\\\/2024\\\/10\\\/17\\\/ren-respeita-decisao-de-supremo-tribunal-sobre-linha-de-alta-tensao-no-minho\\\/\",\"name\":\"REN respeita decis\u00e3o de Supremo Tribunal sobre linha de alta tens\u00e3o no Minho\",\"isPartOf\":{\"@id\":\"https:\\\/\\\/www.altominho.tv\\\/site\\\/#website\"},\"primaryImageOfPage\":{\"@id\":\"https:\\\/\\\/www.altominho.tv\\\/site\\\/2024\\\/10\\\/17\\\/ren-respeita-decisao-de-supremo-tribunal-sobre-linha-de-alta-tensao-no-minho\\\/#primaryimage\"},\"image\":{\"@id\":\"https:\\\/\\\/www.altominho.tv\\\/site\\\/2024\\\/10\\\/17\\\/ren-respeita-decisao-de-supremo-tribunal-sobre-linha-de-alta-tensao-no-minho\\\/#primaryimage\"},\"thumbnailUrl\":\"https:\\\/\\\/www.altominho.tv\\\/site\\\/wp-content\\\/uploads\\\/2024\\\/10\\\/linha-alta-tensao.jpg\",\"datePublished\":\"2024-10-17T14:21:26+00:00\",\"dateModified\":\"2024-10-17T14:21:28+00:00\",\"author\":{\"@id\":\"https:\\\/\\\/www.altominho.tv\\\/site\\\/#\\\/schema\\\/person\\\/63f693da3e1899361cbe955c46f3232e\"},\"description\":\"A Rede El\u00e9trica Nacional (REN) afirmou hoje que vai \u201crespeitar a decis\u00e3o\u201d do Supremo Tribunal Administrativo, que remeteu para a primeira inst\u00e2ncia uma provid\u00eancia cautelar contra a linha de alta tens\u00e3o Ponte de Lima-Fontefria (Galiza).\",\"breadcrumb\":{\"@id\":\"https:\\\/\\\/www.altominho.tv\\\/site\\\/2024\\\/10\\\/17\\\/ren-respeita-decisao-de-supremo-tribunal-sobre-linha-de-alta-tensao-no-minho\\\/#breadcrumb\"},\"inLanguage\":\"pt-PT\",\"potentialAction\":[{\"@type\":\"ReadAction\",\"target\":[\"https:\\\/\\\/www.altominho.tv\\\/site\\\/2024\\\/10\\\/17\\\/ren-respeita-decisao-de-supremo-tribunal-sobre-linha-de-alta-tensao-no-minho\\\/\"]}]},{\"@type\":\"ImageObject\",\"inLanguage\":\"pt-PT\",\"@id\":\"https:\\\/\\\/www.altominho.tv\\\/site\\\/2024\\\/10\\\/17\\\/ren-respeita-decisao-de-supremo-tribunal-sobre-linha-de-alta-tensao-no-minho\\\/#primaryimage\",\"url\":\"https:\\\/\\\/www.altominho.tv\\\/site\\\/wp-content\\\/uploads\\\/2024\\\/10\\\/linha-alta-tensao.jpg\",\"contentUrl\":\"https:\\\/\\\/www.altominho.tv\\\/site\\\/wp-content\\\/uploads\\\/2024\\\/10\\\/linha-alta-tensao.jpg\",\"width\":1200,\"height\":630},{\"@type\":\"BreadcrumbList\",\"@id\":\"https:\\\/\\\/www.altominho.tv\\\/site\\\/2024\\\/10\\\/17\\\/ren-respeita-decisao-de-supremo-tribunal-sobre-linha-de-alta-tensao-no-minho\\\/#breadcrumb\",\"itemListElement\":[{\"@type\":\"ListItem\",\"position\":1,\"name\":\"In\u00edcio\",\"item\":\"https:\\\/\\\/www.altominho.tv\\\/site\\\/\"},{\"@type\":\"ListItem\",\"position\":2,\"name\":\"REN respeita decis\u00e3o de Supremo Tribunal sobre linha de alta tens\u00e3o no Minho\"}]},{\"@type\":\"WebSite\",\"@id\":\"https:\\\/\\\/www.altominho.tv\\\/site\\\/#website\",\"url\":\"https:\\\/\\\/www.altominho.tv\\\/site\\\/\",\"name\":\"Altominho.tv\",\"description\":\"A sua regi\u00e3o \u00e0 dist\u00e2ncia de um clique...\",\"potentialAction\":[{\"@type\":\"SearchAction\",\"target\":{\"@type\":\"EntryPoint\",\"urlTemplate\":\"https:\\\/\\\/www.altominho.tv\\\/site\\\/?s={search_term_string}\"},\"query-input\":{\"@type\":\"PropertyValueSpecification\",\"valueRequired\":true,\"valueName\":\"search_term_string\"}}],\"inLanguage\":\"pt-PT\"},{\"@type\":\"Person\",\"@id\":\"https:\\\/\\\/www.altominho.tv\\\/site\\\/#\\\/schema\\\/person\\\/63f693da3e1899361cbe955c46f3232e\",\"name\":\"Lusa\",\"image\":{\"@type\":\"ImageObject\",\"inLanguage\":\"pt-PT\",\"@id\":\"https:\\\/\\\/www.altominho.tv\\\/site\\\/wp-content\\\/uploads\\\/2019\\\/08\\\/LUSA_Logo.gif\",\"url\":\"https:\\\/\\\/www.altominho.tv\\\/site\\\/wp-content\\\/uploads\\\/2019\\\/08\\\/LUSA_Logo.gif\",\"contentUrl\":\"https:\\\/\\\/www.altominho.tv\\\/site\\\/wp-content\\\/uploads\\\/2019\\\/08\\\/LUSA_Logo.gif\",\"caption\":\"Lusa\"},\"sameAs\":[\"http:\\\/\\\/\\\/\\\/www.altominho.tv\\\/site\"],\"url\":\"https:\\\/\\\/www.altominho.tv\\\/site\\\/author\\\/lusa\\\/\"}]}<\/script>\n<!-- \/ Yoast SEO Premium plugin. -->","yoast_head_json":{"title":"REN respeita decis\u00e3o de Supremo Tribunal sobre linha de alta tens\u00e3o no Minho","description":"A Rede El\u00e9trica Nacional (REN) afirmou hoje que vai \u201crespeitar a decis\u00e3o\u201d do Supremo Tribunal Administrativo, que remeteu para a primeira inst\u00e2ncia uma provid\u00eancia cautelar contra a linha de alta tens\u00e3o Ponte de Lima-Fontefria (Galiza).","robots":{"index":"index","follow":"follow","max-snippet":"max-snippet:-1","max-image-preview":"max-image-preview:large","max-video-preview":"max-video-preview:-1"},"canonical":"https:\/\/www.altominho.tv\/site\/2024\/10\/17\/ren-respeita-decisao-de-supremo-tribunal-sobre-linha-de-alta-tensao-no-minho\/","og_locale":"pt_PT","og_type":"article","og_title":"REN respeita decis\u00e3o de Supremo Tribunal sobre linha de alta tens\u00e3o no Minho","og_description":"A Rede El\u00e9trica Nacional (REN) afirmou hoje que vai \u201crespeitar a decis\u00e3o\u201d do Supremo Tribunal Administrativo, que remeteu para a primeira inst\u00e2ncia uma provid\u00eancia cautelar contra a linha de alta tens\u00e3o Ponte de Lima-Fontefria (Galiza).","og_url":"https:\/\/www.altominho.tv\/site\/2024\/10\/17\/ren-respeita-decisao-de-supremo-tribunal-sobre-linha-de-alta-tensao-no-minho\/","og_site_name":"Altominho.tv","article_publisher":"https:\/\/www.facebook.com\/altominhotv","article_published_time":"2024-10-17T14:21:26+00:00","article_modified_time":"2024-10-17T14:21:28+00:00","og_image":[{"width":1200,"height":630,"url":"https:\/\/www.altominho.tv\/site\/wp-content\/uploads\/2024\/10\/linha-alta-tensao.jpg","type":"image\/jpeg"}],"author":"Lusa","twitter_card":"summary_large_image","twitter_creator":"@altominhoTV","twitter_site":"@altominhoTV","twitter_misc":{"Escrito por":"Lusa","Tempo estimado de leitura":"3 minutos"},"schema":{"@context":"https:\/\/schema.org","@graph":[{"@type":"Article","@id":"https:\/\/www.altominho.tv\/site\/2024\/10\/17\/ren-respeita-decisao-de-supremo-tribunal-sobre-linha-de-alta-tensao-no-minho\/#article","isPartOf":{"@id":"https:\/\/www.altominho.tv\/site\/2024\/10\/17\/ren-respeita-decisao-de-supremo-tribunal-sobre-linha-de-alta-tensao-no-minho\/"},"author":{"name":"Lusa","@id":"https:\/\/www.altominho.tv\/site\/#\/schema\/person\/63f693da3e1899361cbe955c46f3232e"},"headline":"REN respeita decis\u00e3o de Supremo Tribunal sobre linha de alta tens\u00e3o no Minho","datePublished":"2024-10-17T14:21:26+00:00","dateModified":"2024-10-17T14:21:28+00:00","mainEntityOfPage":{"@id":"https:\/\/www.altominho.tv\/site\/2024\/10\/17\/ren-respeita-decisao-de-supremo-tribunal-sobre-linha-de-alta-tensao-no-minho\/"},"wordCount":544,"image":{"@id":"https:\/\/www.altominho.tv\/site\/2024\/10\/17\/ren-respeita-decisao-de-supremo-tribunal-sobre-linha-de-alta-tensao-no-minho\/#primaryimage"},"thumbnailUrl":"https:\/\/www.altominho.tv\/site\/wp-content\/uploads\/2024\/10\/linha-alta-tensao.jpg","keywords":["Pol\u00edtica"],"articleSection":["Alto Minho"],"inLanguage":"pt-PT","copyrightYear":"2024","copyrightHolder":{"@id":"https:\/\/www.altominho.tv\/site\/#organization"}},{"@type":"WebPage","@id":"https:\/\/www.altominho.tv\/site\/2024\/10\/17\/ren-respeita-decisao-de-supremo-tribunal-sobre-linha-de-alta-tensao-no-minho\/","url":"https:\/\/www.altominho.tv\/site\/2024\/10\/17\/ren-respeita-decisao-de-supremo-tribunal-sobre-linha-de-alta-tensao-no-minho\/","name":"REN respeita decis\u00e3o de Supremo Tribunal sobre linha de alta tens\u00e3o no Minho","isPartOf":{"@id":"https:\/\/www.altominho.tv\/site\/#website"},"primaryImageOfPage":{"@id":"https:\/\/www.altominho.tv\/site\/2024\/10\/17\/ren-respeita-decisao-de-supremo-tribunal-sobre-linha-de-alta-tensao-no-minho\/#primaryimage"},"image":{"@id":"https:\/\/www.altominho.tv\/site\/2024\/10\/17\/ren-respeita-decisao-de-supremo-tribunal-sobre-linha-de-alta-tensao-no-minho\/#primaryimage"},"thumbnailUrl":"https:\/\/www.altominho.tv\/site\/wp-content\/uploads\/2024\/10\/linha-alta-tensao.jpg","datePublished":"2024-10-17T14:21:26+00:00","dateModified":"2024-10-17T14:21:28+00:00","author":{"@id":"https:\/\/www.altominho.tv\/site\/#\/schema\/person\/63f693da3e1899361cbe955c46f3232e"},"description":"A Rede El\u00e9trica Nacional (REN) afirmou hoje que vai \u201crespeitar a decis\u00e3o\u201d do Supremo Tribunal Administrativo, que remeteu para a primeira inst\u00e2ncia uma provid\u00eancia cautelar contra a linha de alta tens\u00e3o Ponte de Lima-Fontefria (Galiza).","breadcrumb":{"@id":"https:\/\/www.altominho.tv\/site\/2024\/10\/17\/ren-respeita-decisao-de-supremo-tribunal-sobre-linha-de-alta-tensao-no-minho\/#breadcrumb"},"inLanguage":"pt-PT","potentialAction":[{"@type":"ReadAction","target":["https:\/\/www.altominho.tv\/site\/2024\/10\/17\/ren-respeita-decisao-de-supremo-tribunal-sobre-linha-de-alta-tensao-no-minho\/"]}]},{"@type":"ImageObject","inLanguage":"pt-PT","@id":"https:\/\/www.altominho.tv\/site\/2024\/10\/17\/ren-respeita-decisao-de-supremo-tribunal-sobre-linha-de-alta-tensao-no-minho\/#primaryimage","url":"https:\/\/www.altominho.tv\/site\/wp-content\/uploads\/2024\/10\/linha-alta-tensao.jpg","contentUrl":"https:\/\/www.altominho.tv\/site\/wp-content\/uploads\/2024\/10\/linha-alta-tensao.jpg","width":1200,"height":630},{"@type":"BreadcrumbList","@id":"https:\/\/www.altominho.tv\/site\/2024\/10\/17\/ren-respeita-decisao-de-supremo-tribunal-sobre-linha-de-alta-tensao-no-minho\/#breadcrumb","itemListElement":[{"@type":"ListItem","position":1,"name":"In\u00edcio","item":"https:\/\/www.altominho.tv\/site\/"},{"@type":"ListItem","position":2,"name":"REN respeita decis\u00e3o de Supremo Tribunal sobre linha de alta tens\u00e3o no Minho"}]},{"@type":"WebSite","@id":"https:\/\/www.altominho.tv\/site\/#website","url":"https:\/\/www.altominho.tv\/site\/","name":"Altominho.tv","description":"A sua regi\u00e3o \u00e0 dist\u00e2ncia de um clique...","potentialAction":[{"@type":"SearchAction","target":{"@type":"EntryPoint","urlTemplate":"https:\/\/www.altominho.tv\/site\/?s={search_term_string}"},"query-input":{"@type":"PropertyValueSpecification","valueRequired":true,"valueName":"search_term_string"}}],"inLanguage":"pt-PT"},{"@type":"Person","@id":"https:\/\/www.altominho.tv\/site\/#\/schema\/person\/63f693da3e1899361cbe955c46f3232e","name":"Lusa","image":{"@type":"ImageObject","inLanguage":"pt-PT","@id":"https:\/\/www.altominho.tv\/site\/wp-content\/uploads\/2019\/08\/LUSA_Logo.gif","url":"https:\/\/www.altominho.tv\/site\/wp-content\/uploads\/2019\/08\/LUSA_Logo.gif","contentUrl":"https:\/\/www.altominho.tv\/site\/wp-content\/uploads\/2019\/08\/LUSA_Logo.gif","caption":"Lusa"},"sameAs":["http:\/\/\/\/www.altominho.tv\/site"],"url":"https:\/\/www.altominho.tv\/site\/author\/lusa\/"}]}},"_links":{"self":[{"href":"https:\/\/www.altominho.tv\/site\/wp-json\/wp\/v2\/posts\/111606","targetHints":{"allow":["GET"]}}],"collection":[{"href":"https:\/\/www.altominho.tv\/site\/wp-json\/wp\/v2\/posts"}],"about":[{"href":"https:\/\/www.altominho.tv\/site\/wp-json\/wp\/v2\/types\/post"}],"author":[{"embeddable":true,"href":"https:\/\/www.altominho.tv\/site\/wp-json\/wp\/v2\/users\/13"}],"replies":[{"embeddable":true,"href":"https:\/\/www.altominho.tv\/site\/wp-json\/wp\/v2\/comments?post=111606"}],"version-history":[{"count":1,"href":"https:\/\/www.altominho.tv\/site\/wp-json\/wp\/v2\/posts\/111606\/revisions"}],"predecessor-version":[{"id":111607,"href":"https:\/\/www.altominho.tv\/site\/wp-json\/wp\/v2\/posts\/111606\/revisions\/111607"}],"wp:featuredmedia":[{"embeddable":true,"href":"https:\/\/www.altominho.tv\/site\/wp-json\/wp\/v2\/media\/111583"}],"wp:attachment":[{"href":"https:\/\/www.altominho.tv\/site\/wp-json\/wp\/v2\/media?parent=111606"}],"wp:term":[{"taxonomy":"category","embeddable":true,"href":"https:\/\/www.altominho.tv\/site\/wp-json\/wp\/v2\/categories?post=111606"},{"taxonomy":"post_tag","embeddable":true,"href":"https:\/\/www.altominho.tv\/site\/wp-json\/wp\/v2\/tags?post=111606"}],"curies":[{"name":"wp","href":"https:\/\/api.w.org\/{rel}","templated":true}]}}