{"id":111597,"date":"2024-10-17T13:46:33","date_gmt":"2024-10-17T12:46:33","guid":{"rendered":"https:\/\/www.altominho.tv\/site\/?p=111597"},"modified":"2024-10-17T13:46:37","modified_gmt":"2024-10-17T12:46:37","slug":"rui-teixeira-aponta-a-muita-e-diferente-burocracia-entre-paises-como-fator-impeditivo-de-maior-crescimento-da-cooperacao","status":"publish","type":"post","link":"https:\/\/www.altominho.tv\/site\/2024\/10\/17\/rui-teixeira-aponta-a-muita-e-diferente-burocracia-entre-paises-como-fator-impeditivo-de-maior-crescimento-da-cooperacao\/","title":{"rendered":"Rui Teixeira aponta a &#8220;muita e diferente burocracia entre pa\u00edses&#8221; como fator impeditivo de maior crescimento da coopera\u00e7\u00e3o"},"content":{"rendered":"<p>\u201cApesar da concerta\u00e7\u00e3o de vontades pol\u00edticas e de todas as ferramentas tecnol\u00f3gicas, ainda existe muita e diferente burocracia entre pa\u00edses, fator impeditivo de um maior crescimento da coopera\u00e7\u00e3o e de projetos comuns\u201d, afirmou Rui Teixeira.<\/p>\n<p>O diretor do AECT Rio Minho e Presidente da C\u00e2mara Municipal de Vila Nova de Cerveira participou, na ter\u00e7a-feira, no XIII Plen\u00e1rio da Comunidade de Trabalho Galiza-Norte de Portugal, no Porto, tendo destacado as prioridades para o futuro da coopera\u00e7\u00e3o, mas tamb\u00e9m enunciado os pontos fracos e as reivindica\u00e7\u00f5es que gostaria de ver debatidos na pr\u00f3xima Cimeira Ib\u00e9rica, agendada para 23 de outubro, em Faro.<\/p>\n<p>Na presen\u00e7a do Presidente da CCDR Norte, Ant\u00f3nio Cunha, e do Presidente da Xunta de Galicia, Alfonso Rueda, Rui Teixeira integrou a mesa-redonda dedicada ao \u2018Refor\u00e7o da Coopera\u00e7\u00e3o de Proximidade\u2019. Sublinhando que \u201ca proximidade sempre existiu, e saiu refor\u00e7ada com a ades\u00e3o \u00e0 CEE, e a constitui\u00e7\u00e3o das Eurocidades e dos AECT\u201d, o diretor do AECT Rio Minho e autarca cerveirense acredita que \u201ch\u00e1 necessidade e vontade de continuar o trabalho de coopera\u00e7\u00e3o e de proximidade, pelo que n\u00e3o se pode esquecer que a verdadeira proximidade \u00e9 a fronteira e \u00e9 a\u00ed onde devem ser investidos os financiamentos INTERREG e POCTEP\u201d.<\/p>\n<p>No cap\u00edtulo das prioridades para futuro, Rui Teixeira defendeu o desenvolvimento e o refor\u00e7o da coopera\u00e7\u00e3o e cria\u00e7\u00e3o de valor \u201catrav\u00e9s de projetos comuns na \u00e1rea da inova\u00e7\u00e3o, investiga\u00e7\u00e3o e desenvolvimento\u201d; e a mobilidade, nomeadamente \u201ca melhoria da frequ\u00eancia de comboios na linha do Alto Minho e as liga\u00e7\u00f5es rodovi\u00e1rias atrav\u00e9s do prolongamento da A28 at\u00e9 Valen\u00e7a, a melhoria da N13 e a ponte para As Neves\u201d.<\/p>\n<p>Mas como prioridade principal e de grande preocupa\u00e7\u00e3o, devido ao impacto social, econ\u00f3mico e ambiental, \u201ca defesa do Rio Minho, no que diz respeito ao seu caudal, limpeza, assoreamento e esp\u00e9cies inovadoras, deve ser assumida por todas as entidades, sobretudo numa altura em que a pr\u00f3xima cimeira ib\u00e9rica tem como tema central \u2018\u00c1gua um bem comum\u2019.<\/p>\n<p>Como pontos fracos e revindica\u00e7\u00f5es, Rui Teixeira apontou a \u201cmuita e diferente burocracia entre pa\u00edses, fator impeditivo de um maior crescimento da coopera\u00e7\u00e3o e de projetos comuns, sobretudo em \u00e1reas essenciais como a circula\u00e7\u00e3o de menores, quest\u00f5es relacionadas com o Rio Minho, mobilidade, educa\u00e7\u00e3o e sa\u00fade\u201d.<\/p>\n<p>Organizado pelo AECT Galiza Norte de Portugal, o XIII Plen\u00e1rio da Comunidade de Trabalho Galiza-Norte de Portugal, que reuniu esta ter\u00e7a-feira no Terminal de Cruzeiros de Leix\u00f5es, ainda debateu a prem\u00eancia da ado\u00e7\u00e3o do Estatuto do Trabalhador Transfronteiri\u00e7o pelos Governos de Portugal e Espanha.<\/p>\n<p>A 35.\u00aa Cimeira luso-espanhola vai realizar-se em 23 de outubro, em Faro, e ter\u00e1 como tema central \u2018\u00c1gua um bem comum\u2019, e contar\u00e1 com uma participa\u00e7\u00e3o alargada de 13 ministros de cada pa\u00eds, al\u00e9m dos dois chefes de Governo, Lu\u00eds Montenegro e Pedro S\u00e1nchez.<\/p>\n","protected":false},"excerpt":{"rendered":"<p>\u201cApesar da concerta\u00e7\u00e3o de vontades pol\u00edticas e de todas as ferramentas tecnol\u00f3gicas, ainda existe muita e diferente burocracia entre pa\u00edses, fator impeditivo de um maior crescimento da coopera\u00e7\u00e3o e de projetos comuns\u201d, afirmou Rui Teixeira. O diretor do AECT Rio Minho e Presidente da C\u00e2mara Municipal de Vila Nova de Cerveira participou, na ter\u00e7a-feira, no [&hellip;]<\/p>\n","protected":false},"author":1,"featured_media":111598,"comment_status":"closed","ping_status":"closed","sticky":false,"template":"","format":"standard","meta":{"_exactmetrics_skip_tracking":false,"_exactmetrics_sitenote_active":false,"_exactmetrics_sitenote_note":"","_exactmetrics_sitenote_category":0,"footnotes":""},"categories":[73],"tags":[56326],"class_list":["post-111597","post","type-post","status-publish","format-standard","has-post-thumbnail","hentry","category-alto-minho","tag-politica"],"yoast_head":"<!-- This site is optimized with the Yoast SEO Premium plugin v27.4 (Yoast SEO v27.4) - https:\/\/yoast.com\/product\/yoast-seo-premium-wordpress\/ -->\n<title>Rui Teixeira aponta a &quot;muita e diferente burocracia entre pa\u00edses&quot; como fator impeditivo de maior crescimento da coopera\u00e7\u00e3o<\/title>\n<meta name=\"description\" content=\"\u201cApesar da concerta\u00e7\u00e3o de vontades pol\u00edticas e de todas as ferramentas tecnol\u00f3gicas, ainda existe muita e diferente burocracia entre pa\u00edses, fator impeditivo de um maior crescimento da coopera\u00e7\u00e3o e de projetos comuns\u201d, afirmou Rui Teixeira.\" \/>\n<meta name=\"robots\" content=\"index, follow, max-snippet:-1, max-image-preview:large, max-video-preview:-1\" \/>\n<link rel=\"canonical\" href=\"https:\/\/www.altominho.tv\/site\/2024\/10\/17\/rui-teixeira-aponta-a-muita-e-diferente-burocracia-entre-paises-como-fator-impeditivo-de-maior-crescimento-da-cooperacao\/\" \/>\n<meta property=\"og:locale\" content=\"pt_PT\" \/>\n<meta property=\"og:type\" content=\"article\" \/>\n<meta property=\"og:title\" content=\"Rui Teixeira aponta a &quot;muita e diferente burocracia entre pa\u00edses&quot; como fator impeditivo de maior crescimento da coopera\u00e7\u00e3o\" \/>\n<meta property=\"og:description\" content=\"\u201cApesar da concerta\u00e7\u00e3o de vontades pol\u00edticas e de todas as ferramentas tecnol\u00f3gicas, ainda existe muita e diferente burocracia entre pa\u00edses, fator impeditivo de um maior crescimento da coopera\u00e7\u00e3o e de projetos comuns\u201d, afirmou Rui Teixeira.\" \/>\n<meta property=\"og:url\" content=\"https:\/\/www.altominho.tv\/site\/2024\/10\/17\/rui-teixeira-aponta-a-muita-e-diferente-burocracia-entre-paises-como-fator-impeditivo-de-maior-crescimento-da-cooperacao\/\" \/>\n<meta property=\"og:site_name\" content=\"Altominho.tv\" \/>\n<meta property=\"article:publisher\" content=\"https:\/\/www.facebook.com\/altominhotv\" \/>\n<meta property=\"article:published_time\" content=\"2024-10-17T12:46:33+00:00\" \/>\n<meta property=\"article:modified_time\" content=\"2024-10-17T12:46:37+00:00\" \/>\n<meta property=\"og:image\" content=\"https:\/\/www.altominho.tv\/site\/wp-content\/uploads\/2024\/10\/Rui-Teixeira.jpg\" \/>\n\t<meta property=\"og:image:width\" content=\"2000\" \/>\n\t<meta property=\"og:image:height\" content=\"1125\" \/>\n\t<meta property=\"og:image:type\" content=\"image\/jpeg\" \/>\n<meta name=\"author\" content=\"Altominho.tv\" \/>\n<meta name=\"twitter:card\" content=\"summary_large_image\" \/>\n<meta name=\"twitter:creator\" content=\"@altominhoTV\" \/>\n<meta name=\"twitter:site\" content=\"@altominhoTV\" \/>\n<meta name=\"twitter:label1\" content=\"Escrito por\" \/>\n\t<meta name=\"twitter:data1\" content=\"Altominho.tv\" \/>\n\t<meta name=\"twitter:label2\" content=\"Tempo estimado de leitura\" \/>\n\t<meta name=\"twitter:data2\" content=\"3 minutos\" \/>\n<script type=\"application\/ld+json\" class=\"yoast-schema-graph\">{\"@context\":\"https:\\\/\\\/schema.org\",\"@graph\":[{\"@type\":\"Article\",\"@id\":\"https:\\\/\\\/www.altominho.tv\\\/site\\\/2024\\\/10\\\/17\\\/rui-teixeira-aponta-a-muita-e-diferente-burocracia-entre-paises-como-fator-impeditivo-de-maior-crescimento-da-cooperacao\\\/#article\",\"isPartOf\":{\"@id\":\"https:\\\/\\\/www.altominho.tv\\\/site\\\/2024\\\/10\\\/17\\\/rui-teixeira-aponta-a-muita-e-diferente-burocracia-entre-paises-como-fator-impeditivo-de-maior-crescimento-da-cooperacao\\\/\"},\"author\":{\"name\":\"Altominho.tv\",\"@id\":\"https:\\\/\\\/www.altominho.tv\\\/site\\\/#\\\/schema\\\/person\\\/4e536851627d7914baf3dac752b6af22\"},\"headline\":\"Rui Teixeira aponta a &#8220;muita e diferente burocracia entre pa\u00edses&#8221; como fator impeditivo de maior crescimento da coopera\u00e7\u00e3o\",\"datePublished\":\"2024-10-17T12:46:33+00:00\",\"dateModified\":\"2024-10-17T12:46:37+00:00\",\"mainEntityOfPage\":{\"@id\":\"https:\\\/\\\/www.altominho.tv\\\/site\\\/2024\\\/10\\\/17\\\/rui-teixeira-aponta-a-muita-e-diferente-burocracia-entre-paises-como-fator-impeditivo-de-maior-crescimento-da-cooperacao\\\/\"},\"wordCount\":528,\"image\":{\"@id\":\"https:\\\/\\\/www.altominho.tv\\\/site\\\/2024\\\/10\\\/17\\\/rui-teixeira-aponta-a-muita-e-diferente-burocracia-entre-paises-como-fator-impeditivo-de-maior-crescimento-da-cooperacao\\\/#primaryimage\"},\"thumbnailUrl\":\"https:\\\/\\\/www.altominho.tv\\\/site\\\/wp-content\\\/uploads\\\/2024\\\/10\\\/Rui-Teixeira.jpg\",\"keywords\":[\"Pol\u00edtica\"],\"articleSection\":[\"Alto Minho\"],\"inLanguage\":\"pt-PT\",\"copyrightYear\":\"2024\",\"copyrightHolder\":{\"@id\":\"https:\\\/\\\/www.altominho.tv\\\/site\\\/#organization\"}},{\"@type\":\"WebPage\",\"@id\":\"https:\\\/\\\/www.altominho.tv\\\/site\\\/2024\\\/10\\\/17\\\/rui-teixeira-aponta-a-muita-e-diferente-burocracia-entre-paises-como-fator-impeditivo-de-maior-crescimento-da-cooperacao\\\/\",\"url\":\"https:\\\/\\\/www.altominho.tv\\\/site\\\/2024\\\/10\\\/17\\\/rui-teixeira-aponta-a-muita-e-diferente-burocracia-entre-paises-como-fator-impeditivo-de-maior-crescimento-da-cooperacao\\\/\",\"name\":\"Rui Teixeira aponta a \\\"muita e diferente burocracia entre pa\u00edses\\\" como fator impeditivo de maior crescimento da coopera\u00e7\u00e3o\",\"isPartOf\":{\"@id\":\"https:\\\/\\\/www.altominho.tv\\\/site\\\/#website\"},\"primaryImageOfPage\":{\"@id\":\"https:\\\/\\\/www.altominho.tv\\\/site\\\/2024\\\/10\\\/17\\\/rui-teixeira-aponta-a-muita-e-diferente-burocracia-entre-paises-como-fator-impeditivo-de-maior-crescimento-da-cooperacao\\\/#primaryimage\"},\"image\":{\"@id\":\"https:\\\/\\\/www.altominho.tv\\\/site\\\/2024\\\/10\\\/17\\\/rui-teixeira-aponta-a-muita-e-diferente-burocracia-entre-paises-como-fator-impeditivo-de-maior-crescimento-da-cooperacao\\\/#primaryimage\"},\"thumbnailUrl\":\"https:\\\/\\\/www.altominho.tv\\\/site\\\/wp-content\\\/uploads\\\/2024\\\/10\\\/Rui-Teixeira.jpg\",\"datePublished\":\"2024-10-17T12:46:33+00:00\",\"dateModified\":\"2024-10-17T12:46:37+00:00\",\"author\":{\"@id\":\"https:\\\/\\\/www.altominho.tv\\\/site\\\/#\\\/schema\\\/person\\\/4e536851627d7914baf3dac752b6af22\"},\"description\":\"\u201cApesar da concerta\u00e7\u00e3o de vontades pol\u00edticas e de todas as ferramentas tecnol\u00f3gicas, ainda existe muita e diferente burocracia entre pa\u00edses, fator impeditivo de um maior crescimento da coopera\u00e7\u00e3o e de projetos comuns\u201d, afirmou Rui Teixeira.\",\"breadcrumb\":{\"@id\":\"https:\\\/\\\/www.altominho.tv\\\/site\\\/2024\\\/10\\\/17\\\/rui-teixeira-aponta-a-muita-e-diferente-burocracia-entre-paises-como-fator-impeditivo-de-maior-crescimento-da-cooperacao\\\/#breadcrumb\"},\"inLanguage\":\"pt-PT\",\"potentialAction\":[{\"@type\":\"ReadAction\",\"target\":[\"https:\\\/\\\/www.altominho.tv\\\/site\\\/2024\\\/10\\\/17\\\/rui-teixeira-aponta-a-muita-e-diferente-burocracia-entre-paises-como-fator-impeditivo-de-maior-crescimento-da-cooperacao\\\/\"]}]},{\"@type\":\"ImageObject\",\"inLanguage\":\"pt-PT\",\"@id\":\"https:\\\/\\\/www.altominho.tv\\\/site\\\/2024\\\/10\\\/17\\\/rui-teixeira-aponta-a-muita-e-diferente-burocracia-entre-paises-como-fator-impeditivo-de-maior-crescimento-da-cooperacao\\\/#primaryimage\",\"url\":\"https:\\\/\\\/www.altominho.tv\\\/site\\\/wp-content\\\/uploads\\\/2024\\\/10\\\/Rui-Teixeira.jpg\",\"contentUrl\":\"https:\\\/\\\/www.altominho.tv\\\/site\\\/wp-content\\\/uploads\\\/2024\\\/10\\\/Rui-Teixeira.jpg\",\"width\":2000,\"height\":1125},{\"@type\":\"BreadcrumbList\",\"@id\":\"https:\\\/\\\/www.altominho.tv\\\/site\\\/2024\\\/10\\\/17\\\/rui-teixeira-aponta-a-muita-e-diferente-burocracia-entre-paises-como-fator-impeditivo-de-maior-crescimento-da-cooperacao\\\/#breadcrumb\",\"itemListElement\":[{\"@type\":\"ListItem\",\"position\":1,\"name\":\"In\u00edcio\",\"item\":\"https:\\\/\\\/www.altominho.tv\\\/site\\\/\"},{\"@type\":\"ListItem\",\"position\":2,\"name\":\"Rui Teixeira aponta a &#8220;muita e diferente burocracia entre pa\u00edses&#8221; como fator impeditivo de maior crescimento da coopera\u00e7\u00e3o\"}]},{\"@type\":\"WebSite\",\"@id\":\"https:\\\/\\\/www.altominho.tv\\\/site\\\/#website\",\"url\":\"https:\\\/\\\/www.altominho.tv\\\/site\\\/\",\"name\":\"Altominho.tv\",\"description\":\"A sua regi\u00e3o \u00e0 dist\u00e2ncia de um clique...\",\"potentialAction\":[{\"@type\":\"SearchAction\",\"target\":{\"@type\":\"EntryPoint\",\"urlTemplate\":\"https:\\\/\\\/www.altominho.tv\\\/site\\\/?s={search_term_string}\"},\"query-input\":{\"@type\":\"PropertyValueSpecification\",\"valueRequired\":true,\"valueName\":\"search_term_string\"}}],\"inLanguage\":\"pt-PT\"},{\"@type\":\"Person\",\"@id\":\"https:\\\/\\\/www.altominho.tv\\\/site\\\/#\\\/schema\\\/person\\\/4e536851627d7914baf3dac752b6af22\",\"name\":\"Altominho.tv\",\"image\":{\"@type\":\"ImageObject\",\"inLanguage\":\"pt-PT\",\"@id\":\"https:\\\/\\\/www.altominho.tv\\\/site\\\/wp-content\\\/uploads\\\/2019\\\/11\\\/Logo_Avatar_2-150x150.jpg\",\"url\":\"https:\\\/\\\/www.altominho.tv\\\/site\\\/wp-content\\\/uploads\\\/2019\\\/11\\\/Logo_Avatar_2-150x150.jpg\",\"contentUrl\":\"https:\\\/\\\/www.altominho.tv\\\/site\\\/wp-content\\\/uploads\\\/2019\\\/11\\\/Logo_Avatar_2-150x150.jpg\",\"caption\":\"Altominho.tv\"},\"url\":\"https:\\\/\\\/www.altominho.tv\\\/site\\\/author\\\/altominhotv-tecnico\\\/\"}]}<\/script>\n<!-- \/ Yoast SEO Premium plugin. -->","yoast_head_json":{"title":"Rui Teixeira aponta a \"muita e diferente burocracia entre pa\u00edses\" como fator impeditivo de maior crescimento da coopera\u00e7\u00e3o","description":"\u201cApesar da concerta\u00e7\u00e3o de vontades pol\u00edticas e de todas as ferramentas tecnol\u00f3gicas, ainda existe muita e diferente burocracia entre pa\u00edses, fator impeditivo de um maior crescimento da coopera\u00e7\u00e3o e de projetos comuns\u201d, afirmou Rui Teixeira.","robots":{"index":"index","follow":"follow","max-snippet":"max-snippet:-1","max-image-preview":"max-image-preview:large","max-video-preview":"max-video-preview:-1"},"canonical":"https:\/\/www.altominho.tv\/site\/2024\/10\/17\/rui-teixeira-aponta-a-muita-e-diferente-burocracia-entre-paises-como-fator-impeditivo-de-maior-crescimento-da-cooperacao\/","og_locale":"pt_PT","og_type":"article","og_title":"Rui Teixeira aponta a \"muita e diferente burocracia entre pa\u00edses\" como fator impeditivo de maior crescimento da coopera\u00e7\u00e3o","og_description":"\u201cApesar da concerta\u00e7\u00e3o de vontades pol\u00edticas e de todas as ferramentas tecnol\u00f3gicas, ainda existe muita e diferente burocracia entre pa\u00edses, fator impeditivo de um maior crescimento da coopera\u00e7\u00e3o e de projetos comuns\u201d, afirmou Rui Teixeira.","og_url":"https:\/\/www.altominho.tv\/site\/2024\/10\/17\/rui-teixeira-aponta-a-muita-e-diferente-burocracia-entre-paises-como-fator-impeditivo-de-maior-crescimento-da-cooperacao\/","og_site_name":"Altominho.tv","article_publisher":"https:\/\/www.facebook.com\/altominhotv","article_published_time":"2024-10-17T12:46:33+00:00","article_modified_time":"2024-10-17T12:46:37+00:00","og_image":[{"width":2000,"height":1125,"url":"https:\/\/www.altominho.tv\/site\/wp-content\/uploads\/2024\/10\/Rui-Teixeira.jpg","type":"image\/jpeg"}],"author":"Altominho.tv","twitter_card":"summary_large_image","twitter_creator":"@altominhoTV","twitter_site":"@altominhoTV","twitter_misc":{"Escrito por":"Altominho.tv","Tempo estimado de leitura":"3 minutos"},"schema":{"@context":"https:\/\/schema.org","@graph":[{"@type":"Article","@id":"https:\/\/www.altominho.tv\/site\/2024\/10\/17\/rui-teixeira-aponta-a-muita-e-diferente-burocracia-entre-paises-como-fator-impeditivo-de-maior-crescimento-da-cooperacao\/#article","isPartOf":{"@id":"https:\/\/www.altominho.tv\/site\/2024\/10\/17\/rui-teixeira-aponta-a-muita-e-diferente-burocracia-entre-paises-como-fator-impeditivo-de-maior-crescimento-da-cooperacao\/"},"author":{"name":"Altominho.tv","@id":"https:\/\/www.altominho.tv\/site\/#\/schema\/person\/4e536851627d7914baf3dac752b6af22"},"headline":"Rui Teixeira aponta a &#8220;muita e diferente burocracia entre pa\u00edses&#8221; como fator impeditivo de maior crescimento da coopera\u00e7\u00e3o","datePublished":"2024-10-17T12:46:33+00:00","dateModified":"2024-10-17T12:46:37+00:00","mainEntityOfPage":{"@id":"https:\/\/www.altominho.tv\/site\/2024\/10\/17\/rui-teixeira-aponta-a-muita-e-diferente-burocracia-entre-paises-como-fator-impeditivo-de-maior-crescimento-da-cooperacao\/"},"wordCount":528,"image":{"@id":"https:\/\/www.altominho.tv\/site\/2024\/10\/17\/rui-teixeira-aponta-a-muita-e-diferente-burocracia-entre-paises-como-fator-impeditivo-de-maior-crescimento-da-cooperacao\/#primaryimage"},"thumbnailUrl":"https:\/\/www.altominho.tv\/site\/wp-content\/uploads\/2024\/10\/Rui-Teixeira.jpg","keywords":["Pol\u00edtica"],"articleSection":["Alto Minho"],"inLanguage":"pt-PT","copyrightYear":"2024","copyrightHolder":{"@id":"https:\/\/www.altominho.tv\/site\/#organization"}},{"@type":"WebPage","@id":"https:\/\/www.altominho.tv\/site\/2024\/10\/17\/rui-teixeira-aponta-a-muita-e-diferente-burocracia-entre-paises-como-fator-impeditivo-de-maior-crescimento-da-cooperacao\/","url":"https:\/\/www.altominho.tv\/site\/2024\/10\/17\/rui-teixeira-aponta-a-muita-e-diferente-burocracia-entre-paises-como-fator-impeditivo-de-maior-crescimento-da-cooperacao\/","name":"Rui Teixeira aponta a \"muita e diferente burocracia entre pa\u00edses\" como fator impeditivo de maior crescimento da coopera\u00e7\u00e3o","isPartOf":{"@id":"https:\/\/www.altominho.tv\/site\/#website"},"primaryImageOfPage":{"@id":"https:\/\/www.altominho.tv\/site\/2024\/10\/17\/rui-teixeira-aponta-a-muita-e-diferente-burocracia-entre-paises-como-fator-impeditivo-de-maior-crescimento-da-cooperacao\/#primaryimage"},"image":{"@id":"https:\/\/www.altominho.tv\/site\/2024\/10\/17\/rui-teixeira-aponta-a-muita-e-diferente-burocracia-entre-paises-como-fator-impeditivo-de-maior-crescimento-da-cooperacao\/#primaryimage"},"thumbnailUrl":"https:\/\/www.altominho.tv\/site\/wp-content\/uploads\/2024\/10\/Rui-Teixeira.jpg","datePublished":"2024-10-17T12:46:33+00:00","dateModified":"2024-10-17T12:46:37+00:00","author":{"@id":"https:\/\/www.altominho.tv\/site\/#\/schema\/person\/4e536851627d7914baf3dac752b6af22"},"description":"\u201cApesar da concerta\u00e7\u00e3o de vontades pol\u00edticas e de todas as ferramentas tecnol\u00f3gicas, ainda existe muita e diferente burocracia entre pa\u00edses, fator impeditivo de um maior crescimento da coopera\u00e7\u00e3o e de projetos comuns\u201d, afirmou Rui Teixeira.","breadcrumb":{"@id":"https:\/\/www.altominho.tv\/site\/2024\/10\/17\/rui-teixeira-aponta-a-muita-e-diferente-burocracia-entre-paises-como-fator-impeditivo-de-maior-crescimento-da-cooperacao\/#breadcrumb"},"inLanguage":"pt-PT","potentialAction":[{"@type":"ReadAction","target":["https:\/\/www.altominho.tv\/site\/2024\/10\/17\/rui-teixeira-aponta-a-muita-e-diferente-burocracia-entre-paises-como-fator-impeditivo-de-maior-crescimento-da-cooperacao\/"]}]},{"@type":"ImageObject","inLanguage":"pt-PT","@id":"https:\/\/www.altominho.tv\/site\/2024\/10\/17\/rui-teixeira-aponta-a-muita-e-diferente-burocracia-entre-paises-como-fator-impeditivo-de-maior-crescimento-da-cooperacao\/#primaryimage","url":"https:\/\/www.altominho.tv\/site\/wp-content\/uploads\/2024\/10\/Rui-Teixeira.jpg","contentUrl":"https:\/\/www.altominho.tv\/site\/wp-content\/uploads\/2024\/10\/Rui-Teixeira.jpg","width":2000,"height":1125},{"@type":"BreadcrumbList","@id":"https:\/\/www.altominho.tv\/site\/2024\/10\/17\/rui-teixeira-aponta-a-muita-e-diferente-burocracia-entre-paises-como-fator-impeditivo-de-maior-crescimento-da-cooperacao\/#breadcrumb","itemListElement":[{"@type":"ListItem","position":1,"name":"In\u00edcio","item":"https:\/\/www.altominho.tv\/site\/"},{"@type":"ListItem","position":2,"name":"Rui Teixeira aponta a &#8220;muita e diferente burocracia entre pa\u00edses&#8221; como fator impeditivo de maior crescimento da coopera\u00e7\u00e3o"}]},{"@type":"WebSite","@id":"https:\/\/www.altominho.tv\/site\/#website","url":"https:\/\/www.altominho.tv\/site\/","name":"Altominho.tv","description":"A sua regi\u00e3o \u00e0 dist\u00e2ncia de um clique...","potentialAction":[{"@type":"SearchAction","target":{"@type":"EntryPoint","urlTemplate":"https:\/\/www.altominho.tv\/site\/?s={search_term_string}"},"query-input":{"@type":"PropertyValueSpecification","valueRequired":true,"valueName":"search_term_string"}}],"inLanguage":"pt-PT"},{"@type":"Person","@id":"https:\/\/www.altominho.tv\/site\/#\/schema\/person\/4e536851627d7914baf3dac752b6af22","name":"Altominho.tv","image":{"@type":"ImageObject","inLanguage":"pt-PT","@id":"https:\/\/www.altominho.tv\/site\/wp-content\/uploads\/2019\/11\/Logo_Avatar_2-150x150.jpg","url":"https:\/\/www.altominho.tv\/site\/wp-content\/uploads\/2019\/11\/Logo_Avatar_2-150x150.jpg","contentUrl":"https:\/\/www.altominho.tv\/site\/wp-content\/uploads\/2019\/11\/Logo_Avatar_2-150x150.jpg","caption":"Altominho.tv"},"url":"https:\/\/www.altominho.tv\/site\/author\/altominhotv-tecnico\/"}]}},"_links":{"self":[{"href":"https:\/\/www.altominho.tv\/site\/wp-json\/wp\/v2\/posts\/111597","targetHints":{"allow":["GET"]}}],"collection":[{"href":"https:\/\/www.altominho.tv\/site\/wp-json\/wp\/v2\/posts"}],"about":[{"href":"https:\/\/www.altominho.tv\/site\/wp-json\/wp\/v2\/types\/post"}],"author":[{"embeddable":true,"href":"https:\/\/www.altominho.tv\/site\/wp-json\/wp\/v2\/users\/1"}],"replies":[{"embeddable":true,"href":"https:\/\/www.altominho.tv\/site\/wp-json\/wp\/v2\/comments?post=111597"}],"version-history":[{"count":1,"href":"https:\/\/www.altominho.tv\/site\/wp-json\/wp\/v2\/posts\/111597\/revisions"}],"predecessor-version":[{"id":111599,"href":"https:\/\/www.altominho.tv\/site\/wp-json\/wp\/v2\/posts\/111597\/revisions\/111599"}],"wp:featuredmedia":[{"embeddable":true,"href":"https:\/\/www.altominho.tv\/site\/wp-json\/wp\/v2\/media\/111598"}],"wp:attachment":[{"href":"https:\/\/www.altominho.tv\/site\/wp-json\/wp\/v2\/media?parent=111597"}],"wp:term":[{"taxonomy":"category","embeddable":true,"href":"https:\/\/www.altominho.tv\/site\/wp-json\/wp\/v2\/categories?post=111597"},{"taxonomy":"post_tag","embeddable":true,"href":"https:\/\/www.altominho.tv\/site\/wp-json\/wp\/v2\/tags?post=111597"}],"curies":[{"name":"wp","href":"https:\/\/api.w.org\/{rel}","templated":true}]}}