{"id":11158,"date":"2018-03-29T10:36:53","date_gmt":"2018-03-29T10:36:53","guid":{"rendered":"http:\/\/www.altominho.tv\/site\/?p=11158"},"modified":"2018-03-29T10:36:53","modified_gmt":"2018-03-29T10:36:53","slug":"recriacao-de-mesa-de-pascoa-do-sec-xix-em-vila-praia-de-ancora","status":"publish","type":"post","link":"https:\/\/www.altominho.tv\/site\/2018\/03\/29\/recriacao-de-mesa-de-pascoa-do-sec-xix-em-vila-praia-de-ancora\/","title":{"rendered":"Recria\u00e7\u00e3o de mesa de P\u00e1scoa do S\u00e9c. XIX em Vila Praia de \u00c2ncora"},"content":{"rendered":"<p>Cerca de tr\u00eas dezenas de elementos do Grupo Etnogr\u00e1fico de Vila Praia de \u00c2ncora, vestidos a rigor, v\u00e3o recriar, este s\u00e1bado, uma Mesa de P\u00e1scoa de finais do s\u00e9culo XIX. Produtos regionais e tradicionais, h\u00e1bitos que j\u00e1 fazem parte da hist\u00f3ria, v\u00e3o estar literalmente \u201cem cima da mesa\u201d para serem degustados pelo grupo. Esta \u00e9 uma das novidades da edi\u00e7\u00e3o 2018 da Maior Mesa de P\u00e1scoa do Pa\u00eds, em Vila Praia de \u00c2ncora, s\u00e1bado, dia 31 de mar\u00e7o.<\/p>\n<p>O in\u00edcio do evento est\u00e1 marcado para as 10h00, mas ser\u00e1 pela hora de almo\u00e7o, 12h30, que o Grupo Etnogr\u00e1fico de Vila Praia de \u00c2ncora mergulha na hist\u00f3ria de viaja at\u00e9 aos usos e costumes de um \u201cS\u00e1bado de Aleluia no Vale do \u00c2ncora\u2019. Doces brancos, p\u00e3o de l\u00f3 am\u00eandoas, rebu\u00e7ados e outros sabores da \u00e9poca v\u00e3o ado\u00e7ar a refei\u00e7\u00e3o, que tamb\u00e9m conta com os v\u00e1rios enchidos que, nesta regi\u00e3o, acompanham a dieta desde tempos imemoriais. Destaque para a fruta, e mais exatamente para a laranja, que pelo s\u00e9culo XIX era s\u00edmbolo de partilha e abund\u00e2ncia, com a reparti\u00e7\u00e3o dos gomos do fruto. Havia ainda uma curiosidade, uma moeda escondida na laranja, destinada ao menino que transportava a caldeira da \u00e1gua benta ou ao p\u00e1roco.<\/p>\n<p>A arte sacra da \u00e9poca vai tamb\u00e9m marcar presen\u00e7a, j\u00e1 que era comum as fam\u00edlias terem pelo menos um orat\u00f3rio. \u00c0 porta das casas faziam-se tamb\u00e9m tapetes de flores, que n\u00e3o v\u00e3o faltar s\u00e1bado nesta recria\u00e7\u00e3o.<\/p>\n<p>A Maior Mesa de P\u00e1scoa do Pa\u00eds, por seu lado, j\u00e1 integra tamb\u00e9m a tradi\u00e7\u00e3o desta festa religiosa. Tem sempre centenas de metros de comprimento e, como habitualmente, vai estar recheada com os melhores produtos tradicionais, desde os doces aos salgados, passando pelos vinhos e o artesanato.<\/p>\n<p>A anima\u00e7\u00e3o est\u00e1 garantida, a partir da abertura do evento. Das 10h00 \u00e0s 19h00, os visitantes podem comprar as iguarias expostas, acompanhados das atua\u00e7\u00f5es do Grupo de Bombos de Vila Praia de \u00c2ncora,\u00a0 Grupo de Dan\u00e7as e Cantares Regionais do Orfe\u00e3o de Vila Praia de \u00c2ncora, Rancho das Lavradeiras de Orbac\u00e9m, Grupo Etnogr\u00e1fico de Vila Praia de \u00c2ncora, Academia de M\u00fasica Fernandes F\u00e3o, Associa\u00e7\u00e3o ADJ Vila Praia \u2013 Associa\u00e7\u00e3o Desportiva Juventude Vila Praia, Cavaquinhos da ARA &#8211; Associa\u00e7\u00e3o Recreativa e Cultural de Riba de \u00c2ncora, Gin\u00e1stica Kid\u2019s &#8211; Circuito de motricidade infantil | Patronato Nossa Senhora da Bonan\u00e7a e Be Fit e Aula de Zumba com Ivone Correia.<\/p>\n<p>A Maior Mesa de P\u00e1scoa do Pa\u00eds \u00e9 organizada pelo Movimento de Empres\u00e1rios do Concelho de Caminha, C\u00e2mara Municipal de Caminha e Junta de Freguesia de Vila Praia de \u00c2ncora.<\/p>\n<p>Tradicionalmente a Mesa enche a rua principal da Vila, mas este ano, dadas as condi\u00e7\u00f5es atmosf\u00e9ricas adversas e a previs\u00e3o de chuva, decorrer\u00e1 no Pavilh\u00e3o Municipal de Vila Praia de \u00c2ncora, junto \u00e0s Piscinas Municipais.<\/p>\n","protected":false},"excerpt":{"rendered":"<p>Cerca de tr\u00eas dezenas de elementos do Grupo Etnogr\u00e1fico de Vila Praia de \u00c2ncora, vestidos a rigor, v\u00e3o recriar, este s\u00e1bado, uma Mesa de P\u00e1scoa de finais do s\u00e9culo XIX. Produtos regionais e tradicionais, h\u00e1bitos que j\u00e1 fazem parte da hist\u00f3ria, v\u00e3o estar literalmente \u201cem cima da mesa\u201d para serem degustados pelo grupo. Esta \u00e9 [&hellip;]<\/p>\n","protected":false},"author":11,"featured_media":11054,"comment_status":"closed","ping_status":"closed","sticky":false,"template":"","format":"standard","meta":{"_exactmetrics_skip_tracking":false,"_exactmetrics_sitenote_active":false,"_exactmetrics_sitenote_note":"","_exactmetrics_sitenote_category":0,"footnotes":""},"categories":[7],"tags":[],"class_list":["post-11158","post","type-post","status-publish","format-standard","has-post-thumbnail","hentry","category-caminha"],"yoast_head":"<!-- This site is optimized with the Yoast SEO Premium plugin v27.5 (Yoast SEO v27.5) - https:\/\/yoast.com\/product\/yoast-seo-premium-wordpress\/ -->\n<title>Recria\u00e7\u00e3o de mesa de P\u00e1scoa do S\u00e9c. XIX em Vila Praia de \u00c2ncora<\/title>\n<meta name=\"robots\" content=\"index, follow, max-snippet:-1, max-image-preview:large, max-video-preview:-1\" \/>\n<link rel=\"canonical\" href=\"https:\/\/www.altominho.tv\/site\/2018\/03\/29\/recriacao-de-mesa-de-pascoa-do-sec-xix-em-vila-praia-de-ancora\/\" \/>\n<meta property=\"og:locale\" content=\"pt_PT\" \/>\n<meta property=\"og:type\" content=\"article\" \/>\n<meta property=\"og:title\" content=\"Recria\u00e7\u00e3o de mesa de P\u00e1scoa do S\u00e9c. XIX em Vila Praia de \u00c2ncora\" \/>\n<meta property=\"og:description\" content=\"Cerca de tr\u00eas dezenas de elementos do Grupo Etnogr\u00e1fico de Vila Praia de \u00c2ncora, vestidos a rigor, v\u00e3o recriar, este s\u00e1bado, uma Mesa de P\u00e1scoa de finais do s\u00e9culo XIX. Produtos regionais e tradicionais, h\u00e1bitos que j\u00e1 fazem parte da hist\u00f3ria, v\u00e3o estar literalmente \u201cem cima da mesa\u201d para serem degustados pelo grupo. Esta \u00e9 [&hellip;]\" \/>\n<meta property=\"og:url\" content=\"https:\/\/www.altominho.tv\/site\/2018\/03\/29\/recriacao-de-mesa-de-pascoa-do-sec-xix-em-vila-praia-de-ancora\/\" \/>\n<meta property=\"og:site_name\" content=\"Altominho.tv\" \/>\n<meta property=\"article:publisher\" content=\"https:\/\/www.facebook.com\/altominhotv\" \/>\n<meta property=\"article:published_time\" content=\"2018-03-29T10:36:53+00:00\" \/>\n<meta property=\"og:image\" content=\"https:\/\/www.altominho.tv\/site\/wp-content\/uploads\/2018\/03\/Maior-mesa-de-pa\u0301scoa.jpg\" \/>\n\t<meta property=\"og:image:width\" content=\"700\" \/>\n\t<meta property=\"og:image:height\" content=\"450\" \/>\n\t<meta property=\"og:image:type\" content=\"image\/jpeg\" \/>\n<meta name=\"author\" content=\"M\u00e1rcio Ferreira\" \/>\n<meta name=\"twitter:card\" content=\"summary_large_image\" \/>\n<meta name=\"twitter:creator\" content=\"@altominhoTV\" \/>\n<meta name=\"twitter:site\" content=\"@altominhoTV\" \/>\n<meta name=\"twitter:label1\" content=\"Escrito por\" \/>\n\t<meta name=\"twitter:data1\" content=\"M\u00e1rcio Ferreira\" \/>\n\t<meta name=\"twitter:label2\" content=\"Tempo estimado de leitura\" \/>\n\t<meta name=\"twitter:data2\" content=\"3 minutos\" \/>\n<script type=\"application\/ld+json\" class=\"yoast-schema-graph\">{\"@context\":\"https:\\\/\\\/schema.org\",\"@graph\":[{\"@type\":\"Article\",\"@id\":\"https:\\\/\\\/www.altominho.tv\\\/site\\\/2018\\\/03\\\/29\\\/recriacao-de-mesa-de-pascoa-do-sec-xix-em-vila-praia-de-ancora\\\/#article\",\"isPartOf\":{\"@id\":\"https:\\\/\\\/www.altominho.tv\\\/site\\\/2018\\\/03\\\/29\\\/recriacao-de-mesa-de-pascoa-do-sec-xix-em-vila-praia-de-ancora\\\/\"},\"author\":{\"name\":\"M\u00e1rcio Ferreira\",\"@id\":\"https:\\\/\\\/www.altominho.tv\\\/site\\\/#\\\/schema\\\/person\\\/f836e37082b5dabe9144f3eb724ed5a7\"},\"headline\":\"Recria\u00e7\u00e3o de mesa de P\u00e1scoa do S\u00e9c. XIX em Vila Praia de \u00c2ncora\",\"datePublished\":\"2018-03-29T10:36:53+00:00\",\"mainEntityOfPage\":{\"@id\":\"https:\\\/\\\/www.altominho.tv\\\/site\\\/2018\\\/03\\\/29\\\/recriacao-de-mesa-de-pascoa-do-sec-xix-em-vila-praia-de-ancora\\\/\"},\"wordCount\":536,\"image\":{\"@id\":\"https:\\\/\\\/www.altominho.tv\\\/site\\\/2018\\\/03\\\/29\\\/recriacao-de-mesa-de-pascoa-do-sec-xix-em-vila-praia-de-ancora\\\/#primaryimage\"},\"thumbnailUrl\":\"https:\\\/\\\/www.altominho.tv\\\/site\\\/wp-content\\\/uploads\\\/2018\\\/03\\\/Maior-mesa-de-pa\u0301scoa.jpg\",\"articleSection\":[\"Caminha\"],\"inLanguage\":\"pt-PT\",\"copyrightYear\":\"2018\",\"copyrightHolder\":{\"@id\":\"https:\\\/\\\/www.altominho.tv\\\/site\\\/#organization\"}},{\"@type\":\"WebPage\",\"@id\":\"https:\\\/\\\/www.altominho.tv\\\/site\\\/2018\\\/03\\\/29\\\/recriacao-de-mesa-de-pascoa-do-sec-xix-em-vila-praia-de-ancora\\\/\",\"url\":\"https:\\\/\\\/www.altominho.tv\\\/site\\\/2018\\\/03\\\/29\\\/recriacao-de-mesa-de-pascoa-do-sec-xix-em-vila-praia-de-ancora\\\/\",\"name\":\"Recria\u00e7\u00e3o de mesa de P\u00e1scoa do S\u00e9c. XIX em Vila Praia de \u00c2ncora\",\"isPartOf\":{\"@id\":\"https:\\\/\\\/www.altominho.tv\\\/site\\\/#website\"},\"primaryImageOfPage\":{\"@id\":\"https:\\\/\\\/www.altominho.tv\\\/site\\\/2018\\\/03\\\/29\\\/recriacao-de-mesa-de-pascoa-do-sec-xix-em-vila-praia-de-ancora\\\/#primaryimage\"},\"image\":{\"@id\":\"https:\\\/\\\/www.altominho.tv\\\/site\\\/2018\\\/03\\\/29\\\/recriacao-de-mesa-de-pascoa-do-sec-xix-em-vila-praia-de-ancora\\\/#primaryimage\"},\"thumbnailUrl\":\"https:\\\/\\\/www.altominho.tv\\\/site\\\/wp-content\\\/uploads\\\/2018\\\/03\\\/Maior-mesa-de-pa\u0301scoa.jpg\",\"datePublished\":\"2018-03-29T10:36:53+00:00\",\"author\":{\"@id\":\"https:\\\/\\\/www.altominho.tv\\\/site\\\/#\\\/schema\\\/person\\\/f836e37082b5dabe9144f3eb724ed5a7\"},\"breadcrumb\":{\"@id\":\"https:\\\/\\\/www.altominho.tv\\\/site\\\/2018\\\/03\\\/29\\\/recriacao-de-mesa-de-pascoa-do-sec-xix-em-vila-praia-de-ancora\\\/#breadcrumb\"},\"inLanguage\":\"pt-PT\",\"potentialAction\":[{\"@type\":\"ReadAction\",\"target\":[\"https:\\\/\\\/www.altominho.tv\\\/site\\\/2018\\\/03\\\/29\\\/recriacao-de-mesa-de-pascoa-do-sec-xix-em-vila-praia-de-ancora\\\/\"]}]},{\"@type\":\"ImageObject\",\"inLanguage\":\"pt-PT\",\"@id\":\"https:\\\/\\\/www.altominho.tv\\\/site\\\/2018\\\/03\\\/29\\\/recriacao-de-mesa-de-pascoa-do-sec-xix-em-vila-praia-de-ancora\\\/#primaryimage\",\"url\":\"https:\\\/\\\/www.altominho.tv\\\/site\\\/wp-content\\\/uploads\\\/2018\\\/03\\\/Maior-mesa-de-pa\u0301scoa.jpg\",\"contentUrl\":\"https:\\\/\\\/www.altominho.tv\\\/site\\\/wp-content\\\/uploads\\\/2018\\\/03\\\/Maior-mesa-de-pa\u0301scoa.jpg\",\"width\":700,\"height\":450},{\"@type\":\"BreadcrumbList\",\"@id\":\"https:\\\/\\\/www.altominho.tv\\\/site\\\/2018\\\/03\\\/29\\\/recriacao-de-mesa-de-pascoa-do-sec-xix-em-vila-praia-de-ancora\\\/#breadcrumb\",\"itemListElement\":[{\"@type\":\"ListItem\",\"position\":1,\"name\":\"In\u00edcio\",\"item\":\"https:\\\/\\\/www.altominho.tv\\\/site\\\/\"},{\"@type\":\"ListItem\",\"position\":2,\"name\":\"Recria\u00e7\u00e3o de mesa de P\u00e1scoa do S\u00e9c. XIX em Vila Praia de \u00c2ncora\"}]},{\"@type\":\"WebSite\",\"@id\":\"https:\\\/\\\/www.altominho.tv\\\/site\\\/#website\",\"url\":\"https:\\\/\\\/www.altominho.tv\\\/site\\\/\",\"name\":\"Altominho.tv\",\"description\":\"A sua regi\u00e3o \u00e0 dist\u00e2ncia de um clique...\",\"potentialAction\":[{\"@type\":\"SearchAction\",\"target\":{\"@type\":\"EntryPoint\",\"urlTemplate\":\"https:\\\/\\\/www.altominho.tv\\\/site\\\/?s={search_term_string}\"},\"query-input\":{\"@type\":\"PropertyValueSpecification\",\"valueRequired\":true,\"valueName\":\"search_term_string\"}}],\"inLanguage\":\"pt-PT\"},{\"@type\":\"Person\",\"@id\":\"https:\\\/\\\/www.altominho.tv\\\/site\\\/#\\\/schema\\\/person\\\/f836e37082b5dabe9144f3eb724ed5a7\",\"name\":\"M\u00e1rcio Ferreira\",\"image\":{\"@type\":\"ImageObject\",\"inLanguage\":\"pt-PT\",\"@id\":\"https:\\\/\\\/www.altominho.tv\\\/site\\\/wp-content\\\/uploads\\\/2017\\\/11\\\/Marcio-150x150.jpg\",\"url\":\"https:\\\/\\\/www.altominho.tv\\\/site\\\/wp-content\\\/uploads\\\/2017\\\/11\\\/Marcio-150x150.jpg\",\"contentUrl\":\"https:\\\/\\\/www.altominho.tv\\\/site\\\/wp-content\\\/uploads\\\/2017\\\/11\\\/Marcio-150x150.jpg\",\"caption\":\"M\u00e1rcio Ferreira\"},\"url\":\"https:\\\/\\\/www.altominho.tv\\\/site\\\/author\\\/marcioferreira\\\/\"}]}<\/script>\n<!-- \/ Yoast SEO Premium plugin. -->","yoast_head_json":{"title":"Recria\u00e7\u00e3o de mesa de P\u00e1scoa do S\u00e9c. XIX em Vila Praia de \u00c2ncora","robots":{"index":"index","follow":"follow","max-snippet":"max-snippet:-1","max-image-preview":"max-image-preview:large","max-video-preview":"max-video-preview:-1"},"canonical":"https:\/\/www.altominho.tv\/site\/2018\/03\/29\/recriacao-de-mesa-de-pascoa-do-sec-xix-em-vila-praia-de-ancora\/","og_locale":"pt_PT","og_type":"article","og_title":"Recria\u00e7\u00e3o de mesa de P\u00e1scoa do S\u00e9c. XIX em Vila Praia de \u00c2ncora","og_description":"Cerca de tr\u00eas dezenas de elementos do Grupo Etnogr\u00e1fico de Vila Praia de \u00c2ncora, vestidos a rigor, v\u00e3o recriar, este s\u00e1bado, uma Mesa de P\u00e1scoa de finais do s\u00e9culo XIX. Produtos regionais e tradicionais, h\u00e1bitos que j\u00e1 fazem parte da hist\u00f3ria, v\u00e3o estar literalmente \u201cem cima da mesa\u201d para serem degustados pelo grupo. Esta \u00e9 [&hellip;]","og_url":"https:\/\/www.altominho.tv\/site\/2018\/03\/29\/recriacao-de-mesa-de-pascoa-do-sec-xix-em-vila-praia-de-ancora\/","og_site_name":"Altominho.tv","article_publisher":"https:\/\/www.facebook.com\/altominhotv","article_published_time":"2018-03-29T10:36:53+00:00","og_image":[{"width":700,"height":450,"url":"https:\/\/www.altominho.tv\/site\/wp-content\/uploads\/2018\/03\/Maior-mesa-de-pa\u0301scoa.jpg","type":"image\/jpeg"}],"author":"M\u00e1rcio Ferreira","twitter_card":"summary_large_image","twitter_creator":"@altominhoTV","twitter_site":"@altominhoTV","twitter_misc":{"Escrito por":"M\u00e1rcio Ferreira","Tempo estimado de leitura":"3 minutos"},"schema":{"@context":"https:\/\/schema.org","@graph":[{"@type":"Article","@id":"https:\/\/www.altominho.tv\/site\/2018\/03\/29\/recriacao-de-mesa-de-pascoa-do-sec-xix-em-vila-praia-de-ancora\/#article","isPartOf":{"@id":"https:\/\/www.altominho.tv\/site\/2018\/03\/29\/recriacao-de-mesa-de-pascoa-do-sec-xix-em-vila-praia-de-ancora\/"},"author":{"name":"M\u00e1rcio Ferreira","@id":"https:\/\/www.altominho.tv\/site\/#\/schema\/person\/f836e37082b5dabe9144f3eb724ed5a7"},"headline":"Recria\u00e7\u00e3o de mesa de P\u00e1scoa do S\u00e9c. XIX em Vila Praia de \u00c2ncora","datePublished":"2018-03-29T10:36:53+00:00","mainEntityOfPage":{"@id":"https:\/\/www.altominho.tv\/site\/2018\/03\/29\/recriacao-de-mesa-de-pascoa-do-sec-xix-em-vila-praia-de-ancora\/"},"wordCount":536,"image":{"@id":"https:\/\/www.altominho.tv\/site\/2018\/03\/29\/recriacao-de-mesa-de-pascoa-do-sec-xix-em-vila-praia-de-ancora\/#primaryimage"},"thumbnailUrl":"https:\/\/www.altominho.tv\/site\/wp-content\/uploads\/2018\/03\/Maior-mesa-de-pa\u0301scoa.jpg","articleSection":["Caminha"],"inLanguage":"pt-PT","copyrightYear":"2018","copyrightHolder":{"@id":"https:\/\/www.altominho.tv\/site\/#organization"}},{"@type":"WebPage","@id":"https:\/\/www.altominho.tv\/site\/2018\/03\/29\/recriacao-de-mesa-de-pascoa-do-sec-xix-em-vila-praia-de-ancora\/","url":"https:\/\/www.altominho.tv\/site\/2018\/03\/29\/recriacao-de-mesa-de-pascoa-do-sec-xix-em-vila-praia-de-ancora\/","name":"Recria\u00e7\u00e3o de mesa de P\u00e1scoa do S\u00e9c. XIX em Vila Praia de \u00c2ncora","isPartOf":{"@id":"https:\/\/www.altominho.tv\/site\/#website"},"primaryImageOfPage":{"@id":"https:\/\/www.altominho.tv\/site\/2018\/03\/29\/recriacao-de-mesa-de-pascoa-do-sec-xix-em-vila-praia-de-ancora\/#primaryimage"},"image":{"@id":"https:\/\/www.altominho.tv\/site\/2018\/03\/29\/recriacao-de-mesa-de-pascoa-do-sec-xix-em-vila-praia-de-ancora\/#primaryimage"},"thumbnailUrl":"https:\/\/www.altominho.tv\/site\/wp-content\/uploads\/2018\/03\/Maior-mesa-de-pa\u0301scoa.jpg","datePublished":"2018-03-29T10:36:53+00:00","author":{"@id":"https:\/\/www.altominho.tv\/site\/#\/schema\/person\/f836e37082b5dabe9144f3eb724ed5a7"},"breadcrumb":{"@id":"https:\/\/www.altominho.tv\/site\/2018\/03\/29\/recriacao-de-mesa-de-pascoa-do-sec-xix-em-vila-praia-de-ancora\/#breadcrumb"},"inLanguage":"pt-PT","potentialAction":[{"@type":"ReadAction","target":["https:\/\/www.altominho.tv\/site\/2018\/03\/29\/recriacao-de-mesa-de-pascoa-do-sec-xix-em-vila-praia-de-ancora\/"]}]},{"@type":"ImageObject","inLanguage":"pt-PT","@id":"https:\/\/www.altominho.tv\/site\/2018\/03\/29\/recriacao-de-mesa-de-pascoa-do-sec-xix-em-vila-praia-de-ancora\/#primaryimage","url":"https:\/\/www.altominho.tv\/site\/wp-content\/uploads\/2018\/03\/Maior-mesa-de-pa\u0301scoa.jpg","contentUrl":"https:\/\/www.altominho.tv\/site\/wp-content\/uploads\/2018\/03\/Maior-mesa-de-pa\u0301scoa.jpg","width":700,"height":450},{"@type":"BreadcrumbList","@id":"https:\/\/www.altominho.tv\/site\/2018\/03\/29\/recriacao-de-mesa-de-pascoa-do-sec-xix-em-vila-praia-de-ancora\/#breadcrumb","itemListElement":[{"@type":"ListItem","position":1,"name":"In\u00edcio","item":"https:\/\/www.altominho.tv\/site\/"},{"@type":"ListItem","position":2,"name":"Recria\u00e7\u00e3o de mesa de P\u00e1scoa do S\u00e9c. XIX em Vila Praia de \u00c2ncora"}]},{"@type":"WebSite","@id":"https:\/\/www.altominho.tv\/site\/#website","url":"https:\/\/www.altominho.tv\/site\/","name":"Altominho.tv","description":"A sua regi\u00e3o \u00e0 dist\u00e2ncia de um clique...","potentialAction":[{"@type":"SearchAction","target":{"@type":"EntryPoint","urlTemplate":"https:\/\/www.altominho.tv\/site\/?s={search_term_string}"},"query-input":{"@type":"PropertyValueSpecification","valueRequired":true,"valueName":"search_term_string"}}],"inLanguage":"pt-PT"},{"@type":"Person","@id":"https:\/\/www.altominho.tv\/site\/#\/schema\/person\/f836e37082b5dabe9144f3eb724ed5a7","name":"M\u00e1rcio Ferreira","image":{"@type":"ImageObject","inLanguage":"pt-PT","@id":"https:\/\/www.altominho.tv\/site\/wp-content\/uploads\/2017\/11\/Marcio-150x150.jpg","url":"https:\/\/www.altominho.tv\/site\/wp-content\/uploads\/2017\/11\/Marcio-150x150.jpg","contentUrl":"https:\/\/www.altominho.tv\/site\/wp-content\/uploads\/2017\/11\/Marcio-150x150.jpg","caption":"M\u00e1rcio Ferreira"},"url":"https:\/\/www.altominho.tv\/site\/author\/marcioferreira\/"}]}},"_links":{"self":[{"href":"https:\/\/www.altominho.tv\/site\/wp-json\/wp\/v2\/posts\/11158","targetHints":{"allow":["GET"]}}],"collection":[{"href":"https:\/\/www.altominho.tv\/site\/wp-json\/wp\/v2\/posts"}],"about":[{"href":"https:\/\/www.altominho.tv\/site\/wp-json\/wp\/v2\/types\/post"}],"author":[{"embeddable":true,"href":"https:\/\/www.altominho.tv\/site\/wp-json\/wp\/v2\/users\/11"}],"replies":[{"embeddable":true,"href":"https:\/\/www.altominho.tv\/site\/wp-json\/wp\/v2\/comments?post=11158"}],"version-history":[{"count":0,"href":"https:\/\/www.altominho.tv\/site\/wp-json\/wp\/v2\/posts\/11158\/revisions"}],"wp:featuredmedia":[{"embeddable":true,"href":"https:\/\/www.altominho.tv\/site\/wp-json\/wp\/v2\/media\/11054"}],"wp:attachment":[{"href":"https:\/\/www.altominho.tv\/site\/wp-json\/wp\/v2\/media?parent=11158"}],"wp:term":[{"taxonomy":"category","embeddable":true,"href":"https:\/\/www.altominho.tv\/site\/wp-json\/wp\/v2\/categories?post=11158"},{"taxonomy":"post_tag","embeddable":true,"href":"https:\/\/www.altominho.tv\/site\/wp-json\/wp\/v2\/tags?post=11158"}],"curies":[{"name":"wp","href":"https:\/\/api.w.org\/{rel}","templated":true}]}}