{"id":111537,"date":"2024-10-16T10:03:50","date_gmt":"2024-10-16T09:03:50","guid":{"rendered":"https:\/\/www.altominho.tv\/site\/?p=111537"},"modified":"2024-10-16T10:03:53","modified_gmt":"2024-10-16T09:03:53","slug":"ponte-de-lima-assinala-dia-mundial-da-alimentacao","status":"publish","type":"post","link":"https:\/\/www.altominho.tv\/site\/2024\/10\/16\/ponte-de-lima-assinala-dia-mundial-da-alimentacao\/","title":{"rendered":"Ponte de Lima assinala Dia Mundial da Alimenta\u00e7\u00e3o"},"content":{"rendered":"\n<p>O Dia Mundial da Alimenta\u00e7\u00e3o, que se assinala esta quarta-feira, dia 16 de outubro, vai ser celebrado na Quinta de Pentieiros, em Ponte de Lima, com a presen\u00e7a de cerca de 40 alunos do Centro Educativo das Lagoas, EB1 e Jardim de Inf\u00e2ncia da Correlh\u00e3 e da Escola Secund\u00e1ria de Ponte de Lima, e 58 seniores das IPSS de CPS de Font\u00e3o, Lar de Santa Maria do Lima, CSP da Correlh\u00e3, ERPI C\u00f3nego Correia e ERPI Mons. Jos\u00e9 Gomes de Sousa e Centro de Dia.<\/p>\n\n\n\n<p>O Servi\u00e7o da \u00c1rea Protegida vai promover um conjunto de atividades dedicadas a um ingrediente que tem profundas ra\u00edzes na tradi\u00e7\u00e3o alimentar: a bolota.<\/p>\n\n\n\n<p>&#8220;Este fruto do carvalho, tantas vezes subestimado, \u00e9 um superalimento que oferece uma s\u00e9rie de benef\u00edcios nutricionais e que tem o potencial de contribuir significativamente para uma alimenta\u00e7\u00e3o equilibrada e sustent\u00e1vel&#8221;, deu nota o Munic\u00edpio.<\/p>\n\n\n\n<p>Neste dia, &#8220;vamos explorar a versatilidade da bolota atrav\u00e9s da confe\u00e7\u00e3o de cupcakes feitos com farinha de bolota. Esta atividade n\u00e3o s\u00f3 permite experimentar o sabor e os benef\u00edcios da bolota, mas tamb\u00e9m destacar como os ingredientes locais (muitas vezes esquecidos) podem ser transformados em deliciosas e nutritivas op\u00e7\u00f5es alimentares&#8221;.<\/p>\n\n\n\n<p>Recorde-se que esta efem\u00e9ride \u00e9 celebrada por todo o mundo.<\/p>\n\n\n\n<p>Nesta data, a ONU pretende sensibilizar toda a popula\u00e7\u00e3o para o problema da fome no mundo, chamar a aten\u00e7\u00e3o para a produ\u00e7\u00e3o agr\u00edcola, promover transfer\u00eancia de novas tecnologias para pa\u00edses em desenvolvimento, fortalecer a solidariedade na luta contra a fome, subnutri\u00e7\u00e3o e pobreza e encorajar a participa\u00e7\u00e3o da popula\u00e7\u00e3o rural, particularmente das\u00a0 mulheres, nas decis\u00f5es e atividades que influenciam as suas condi\u00e7\u00f5es de vida.<\/p>\n\n\n\n<p>Em 2024 as comemora\u00e7\u00f5es do Dia Mundial da Alimenta\u00e7\u00e3o t\u00eam como tema: \u201c Direito aos alimentos para uma vida e um futuro melhores \u201d.<\/p>\n","protected":false},"excerpt":{"rendered":"<p>O Dia Mundial da Alimenta\u00e7\u00e3o, que se assinala esta quarta-feira, dia 16 de outubro, vai ser celebrado na Quinta de Pentieiros, em Ponte de Lima, com a presen\u00e7a de cerca de 40 alunos do Centro Educativo das Lagoas, EB1 e Jardim de Inf\u00e2ncia da Correlh\u00e3 e da Escola Secund\u00e1ria de Ponte de Lima, e 58 [&hellip;]<\/p>\n","protected":false},"author":7,"featured_media":111538,"comment_status":"closed","ping_status":"closed","sticky":false,"template":"","format":"standard","meta":{"_exactmetrics_skip_tracking":false,"_exactmetrics_sitenote_active":false,"_exactmetrics_sitenote_note":"","_exactmetrics_sitenote_category":0,"footnotes":""},"categories":[12],"tags":[22,27],"class_list":["post-111537","post","type-post","status-publish","format-standard","has-post-thumbnail","hentry","category-ponte-de-lima","tag-educacao","tag-sociedade"],"yoast_head":"<!-- This site is optimized with the Yoast SEO Premium plugin v27.4 (Yoast SEO v27.4) - https:\/\/yoast.com\/product\/yoast-seo-premium-wordpress\/ -->\n<title>Ponte de Lima assinala Dia Mundial da Alimenta\u00e7\u00e3o<\/title>\n<meta name=\"description\" content=\"Ponte de Lima assinala esta quarta-feira o Dia Mundial da Alimenta\u00e7\u00e3o com v\u00e1rias iniciativas.\" \/>\n<meta name=\"robots\" content=\"index, follow, max-snippet:-1, max-image-preview:large, max-video-preview:-1\" \/>\n<link rel=\"canonical\" href=\"https:\/\/www.altominho.tv\/site\/2024\/10\/16\/ponte-de-lima-assinala-dia-mundial-da-alimentacao\/\" \/>\n<meta property=\"og:locale\" content=\"pt_PT\" \/>\n<meta property=\"og:type\" content=\"article\" \/>\n<meta property=\"og:title\" content=\"Ponte de Lima assinala Dia Mundial da Alimenta\u00e7\u00e3o\" \/>\n<meta property=\"og:description\" content=\"Ponte de Lima assinala esta quarta-feira o Dia Mundial da Alimenta\u00e7\u00e3o com v\u00e1rias iniciativas.\" \/>\n<meta property=\"og:url\" content=\"https:\/\/www.altominho.tv\/site\/2024\/10\/16\/ponte-de-lima-assinala-dia-mundial-da-alimentacao\/\" \/>\n<meta property=\"og:site_name\" content=\"Altominho.tv\" \/>\n<meta property=\"article:publisher\" content=\"https:\/\/www.facebook.com\/altominhotv\" \/>\n<meta property=\"article:published_time\" content=\"2024-10-16T09:03:50+00:00\" \/>\n<meta property=\"article:modified_time\" content=\"2024-10-16T09:03:53+00:00\" \/>\n<meta property=\"og:image\" content=\"https:\/\/www.altominho.tv\/site\/wp-content\/uploads\/2024\/10\/semana-da-alimentacao.jpg\" \/>\n\t<meta property=\"og:image:width\" content=\"740\" \/>\n\t<meta property=\"og:image:height\" content=\"416\" \/>\n\t<meta property=\"og:image:type\" content=\"image\/jpeg\" \/>\n<meta name=\"author\" content=\"Andreia Cunha\" \/>\n<meta name=\"twitter:card\" content=\"summary_large_image\" \/>\n<meta name=\"twitter:creator\" content=\"@altominhoTV\" \/>\n<meta name=\"twitter:site\" content=\"@altominhoTV\" \/>\n<meta name=\"twitter:label1\" content=\"Escrito por\" \/>\n\t<meta name=\"twitter:data1\" content=\"Andreia Cunha\" \/>\n\t<meta name=\"twitter:label2\" content=\"Tempo estimado de leitura\" \/>\n\t<meta name=\"twitter:data2\" content=\"2 minutos\" \/>\n<script type=\"application\/ld+json\" class=\"yoast-schema-graph\">{\"@context\":\"https:\\\/\\\/schema.org\",\"@graph\":[{\"@type\":\"Article\",\"@id\":\"https:\\\/\\\/www.altominho.tv\\\/site\\\/2024\\\/10\\\/16\\\/ponte-de-lima-assinala-dia-mundial-da-alimentacao\\\/#article\",\"isPartOf\":{\"@id\":\"https:\\\/\\\/www.altominho.tv\\\/site\\\/2024\\\/10\\\/16\\\/ponte-de-lima-assinala-dia-mundial-da-alimentacao\\\/\"},\"author\":{\"name\":\"Andreia Cunha\",\"@id\":\"https:\\\/\\\/www.altominho.tv\\\/site\\\/#\\\/schema\\\/person\\\/a0e4ef6d041f98ca284393d8f1d97153\"},\"headline\":\"Ponte de Lima assinala Dia Mundial da Alimenta\u00e7\u00e3o\",\"datePublished\":\"2024-10-16T09:03:50+00:00\",\"dateModified\":\"2024-10-16T09:03:53+00:00\",\"mainEntityOfPage\":{\"@id\":\"https:\\\/\\\/www.altominho.tv\\\/site\\\/2024\\\/10\\\/16\\\/ponte-de-lima-assinala-dia-mundial-da-alimentacao\\\/\"},\"wordCount\":328,\"image\":{\"@id\":\"https:\\\/\\\/www.altominho.tv\\\/site\\\/2024\\\/10\\\/16\\\/ponte-de-lima-assinala-dia-mundial-da-alimentacao\\\/#primaryimage\"},\"thumbnailUrl\":\"https:\\\/\\\/www.altominho.tv\\\/site\\\/wp-content\\\/uploads\\\/2024\\\/10\\\/semana-da-alimentacao.jpg\",\"keywords\":[\"Educa\u00e7\u00e3o\",\"Sociedade\"],\"articleSection\":[\"Ponte de Lima\"],\"inLanguage\":\"pt-PT\",\"copyrightYear\":\"2024\",\"copyrightHolder\":{\"@id\":\"https:\\\/\\\/www.altominho.tv\\\/site\\\/#organization\"}},{\"@type\":\"WebPage\",\"@id\":\"https:\\\/\\\/www.altominho.tv\\\/site\\\/2024\\\/10\\\/16\\\/ponte-de-lima-assinala-dia-mundial-da-alimentacao\\\/\",\"url\":\"https:\\\/\\\/www.altominho.tv\\\/site\\\/2024\\\/10\\\/16\\\/ponte-de-lima-assinala-dia-mundial-da-alimentacao\\\/\",\"name\":\"Ponte de Lima assinala Dia Mundial da Alimenta\u00e7\u00e3o\",\"isPartOf\":{\"@id\":\"https:\\\/\\\/www.altominho.tv\\\/site\\\/#website\"},\"primaryImageOfPage\":{\"@id\":\"https:\\\/\\\/www.altominho.tv\\\/site\\\/2024\\\/10\\\/16\\\/ponte-de-lima-assinala-dia-mundial-da-alimentacao\\\/#primaryimage\"},\"image\":{\"@id\":\"https:\\\/\\\/www.altominho.tv\\\/site\\\/2024\\\/10\\\/16\\\/ponte-de-lima-assinala-dia-mundial-da-alimentacao\\\/#primaryimage\"},\"thumbnailUrl\":\"https:\\\/\\\/www.altominho.tv\\\/site\\\/wp-content\\\/uploads\\\/2024\\\/10\\\/semana-da-alimentacao.jpg\",\"datePublished\":\"2024-10-16T09:03:50+00:00\",\"dateModified\":\"2024-10-16T09:03:53+00:00\",\"author\":{\"@id\":\"https:\\\/\\\/www.altominho.tv\\\/site\\\/#\\\/schema\\\/person\\\/a0e4ef6d041f98ca284393d8f1d97153\"},\"description\":\"Ponte de Lima assinala esta quarta-feira o Dia Mundial da Alimenta\u00e7\u00e3o com v\u00e1rias iniciativas.\",\"breadcrumb\":{\"@id\":\"https:\\\/\\\/www.altominho.tv\\\/site\\\/2024\\\/10\\\/16\\\/ponte-de-lima-assinala-dia-mundial-da-alimentacao\\\/#breadcrumb\"},\"inLanguage\":\"pt-PT\",\"potentialAction\":[{\"@type\":\"ReadAction\",\"target\":[\"https:\\\/\\\/www.altominho.tv\\\/site\\\/2024\\\/10\\\/16\\\/ponte-de-lima-assinala-dia-mundial-da-alimentacao\\\/\"]}]},{\"@type\":\"ImageObject\",\"inLanguage\":\"pt-PT\",\"@id\":\"https:\\\/\\\/www.altominho.tv\\\/site\\\/2024\\\/10\\\/16\\\/ponte-de-lima-assinala-dia-mundial-da-alimentacao\\\/#primaryimage\",\"url\":\"https:\\\/\\\/www.altominho.tv\\\/site\\\/wp-content\\\/uploads\\\/2024\\\/10\\\/semana-da-alimentacao.jpg\",\"contentUrl\":\"https:\\\/\\\/www.altominho.tv\\\/site\\\/wp-content\\\/uploads\\\/2024\\\/10\\\/semana-da-alimentacao.jpg\",\"width\":740,\"height\":416},{\"@type\":\"BreadcrumbList\",\"@id\":\"https:\\\/\\\/www.altominho.tv\\\/site\\\/2024\\\/10\\\/16\\\/ponte-de-lima-assinala-dia-mundial-da-alimentacao\\\/#breadcrumb\",\"itemListElement\":[{\"@type\":\"ListItem\",\"position\":1,\"name\":\"In\u00edcio\",\"item\":\"https:\\\/\\\/www.altominho.tv\\\/site\\\/\"},{\"@type\":\"ListItem\",\"position\":2,\"name\":\"Ponte de Lima assinala Dia Mundial da Alimenta\u00e7\u00e3o\"}]},{\"@type\":\"WebSite\",\"@id\":\"https:\\\/\\\/www.altominho.tv\\\/site\\\/#website\",\"url\":\"https:\\\/\\\/www.altominho.tv\\\/site\\\/\",\"name\":\"Altominho.tv\",\"description\":\"A sua regi\u00e3o \u00e0 dist\u00e2ncia de um clique...\",\"potentialAction\":[{\"@type\":\"SearchAction\",\"target\":{\"@type\":\"EntryPoint\",\"urlTemplate\":\"https:\\\/\\\/www.altominho.tv\\\/site\\\/?s={search_term_string}\"},\"query-input\":{\"@type\":\"PropertyValueSpecification\",\"valueRequired\":true,\"valueName\":\"search_term_string\"}}],\"inLanguage\":\"pt-PT\"},{\"@type\":\"Person\",\"@id\":\"https:\\\/\\\/www.altominho.tv\\\/site\\\/#\\\/schema\\\/person\\\/a0e4ef6d041f98ca284393d8f1d97153\",\"name\":\"Andreia Cunha\",\"image\":{\"@type\":\"ImageObject\",\"inLanguage\":\"pt-PT\",\"@id\":\"https:\\\/\\\/www.altominho.tv\\\/site\\\/wp-content\\\/uploads\\\/2017\\\/11\\\/Andreia_Cunha-1-150x150.jpg\",\"url\":\"https:\\\/\\\/www.altominho.tv\\\/site\\\/wp-content\\\/uploads\\\/2017\\\/11\\\/Andreia_Cunha-1-150x150.jpg\",\"contentUrl\":\"https:\\\/\\\/www.altominho.tv\\\/site\\\/wp-content\\\/uploads\\\/2017\\\/11\\\/Andreia_Cunha-1-150x150.jpg\",\"caption\":\"Andreia Cunha\"},\"url\":\"https:\\\/\\\/www.altominho.tv\\\/site\\\/author\\\/andreiacunha\\\/\"}]}<\/script>\n<!-- \/ Yoast SEO Premium plugin. -->","yoast_head_json":{"title":"Ponte de Lima assinala Dia Mundial da Alimenta\u00e7\u00e3o","description":"Ponte de Lima assinala esta quarta-feira o Dia Mundial da Alimenta\u00e7\u00e3o com v\u00e1rias iniciativas.","robots":{"index":"index","follow":"follow","max-snippet":"max-snippet:-1","max-image-preview":"max-image-preview:large","max-video-preview":"max-video-preview:-1"},"canonical":"https:\/\/www.altominho.tv\/site\/2024\/10\/16\/ponte-de-lima-assinala-dia-mundial-da-alimentacao\/","og_locale":"pt_PT","og_type":"article","og_title":"Ponte de Lima assinala Dia Mundial da Alimenta\u00e7\u00e3o","og_description":"Ponte de Lima assinala esta quarta-feira o Dia Mundial da Alimenta\u00e7\u00e3o com v\u00e1rias iniciativas.","og_url":"https:\/\/www.altominho.tv\/site\/2024\/10\/16\/ponte-de-lima-assinala-dia-mundial-da-alimentacao\/","og_site_name":"Altominho.tv","article_publisher":"https:\/\/www.facebook.com\/altominhotv","article_published_time":"2024-10-16T09:03:50+00:00","article_modified_time":"2024-10-16T09:03:53+00:00","og_image":[{"width":740,"height":416,"url":"https:\/\/www.altominho.tv\/site\/wp-content\/uploads\/2024\/10\/semana-da-alimentacao.jpg","type":"image\/jpeg"}],"author":"Andreia Cunha","twitter_card":"summary_large_image","twitter_creator":"@altominhoTV","twitter_site":"@altominhoTV","twitter_misc":{"Escrito por":"Andreia Cunha","Tempo estimado de leitura":"2 minutos"},"schema":{"@context":"https:\/\/schema.org","@graph":[{"@type":"Article","@id":"https:\/\/www.altominho.tv\/site\/2024\/10\/16\/ponte-de-lima-assinala-dia-mundial-da-alimentacao\/#article","isPartOf":{"@id":"https:\/\/www.altominho.tv\/site\/2024\/10\/16\/ponte-de-lima-assinala-dia-mundial-da-alimentacao\/"},"author":{"name":"Andreia Cunha","@id":"https:\/\/www.altominho.tv\/site\/#\/schema\/person\/a0e4ef6d041f98ca284393d8f1d97153"},"headline":"Ponte de Lima assinala Dia Mundial da Alimenta\u00e7\u00e3o","datePublished":"2024-10-16T09:03:50+00:00","dateModified":"2024-10-16T09:03:53+00:00","mainEntityOfPage":{"@id":"https:\/\/www.altominho.tv\/site\/2024\/10\/16\/ponte-de-lima-assinala-dia-mundial-da-alimentacao\/"},"wordCount":328,"image":{"@id":"https:\/\/www.altominho.tv\/site\/2024\/10\/16\/ponte-de-lima-assinala-dia-mundial-da-alimentacao\/#primaryimage"},"thumbnailUrl":"https:\/\/www.altominho.tv\/site\/wp-content\/uploads\/2024\/10\/semana-da-alimentacao.jpg","keywords":["Educa\u00e7\u00e3o","Sociedade"],"articleSection":["Ponte de Lima"],"inLanguage":"pt-PT","copyrightYear":"2024","copyrightHolder":{"@id":"https:\/\/www.altominho.tv\/site\/#organization"}},{"@type":"WebPage","@id":"https:\/\/www.altominho.tv\/site\/2024\/10\/16\/ponte-de-lima-assinala-dia-mundial-da-alimentacao\/","url":"https:\/\/www.altominho.tv\/site\/2024\/10\/16\/ponte-de-lima-assinala-dia-mundial-da-alimentacao\/","name":"Ponte de Lima assinala Dia Mundial da Alimenta\u00e7\u00e3o","isPartOf":{"@id":"https:\/\/www.altominho.tv\/site\/#website"},"primaryImageOfPage":{"@id":"https:\/\/www.altominho.tv\/site\/2024\/10\/16\/ponte-de-lima-assinala-dia-mundial-da-alimentacao\/#primaryimage"},"image":{"@id":"https:\/\/www.altominho.tv\/site\/2024\/10\/16\/ponte-de-lima-assinala-dia-mundial-da-alimentacao\/#primaryimage"},"thumbnailUrl":"https:\/\/www.altominho.tv\/site\/wp-content\/uploads\/2024\/10\/semana-da-alimentacao.jpg","datePublished":"2024-10-16T09:03:50+00:00","dateModified":"2024-10-16T09:03:53+00:00","author":{"@id":"https:\/\/www.altominho.tv\/site\/#\/schema\/person\/a0e4ef6d041f98ca284393d8f1d97153"},"description":"Ponte de Lima assinala esta quarta-feira o Dia Mundial da Alimenta\u00e7\u00e3o com v\u00e1rias iniciativas.","breadcrumb":{"@id":"https:\/\/www.altominho.tv\/site\/2024\/10\/16\/ponte-de-lima-assinala-dia-mundial-da-alimentacao\/#breadcrumb"},"inLanguage":"pt-PT","potentialAction":[{"@type":"ReadAction","target":["https:\/\/www.altominho.tv\/site\/2024\/10\/16\/ponte-de-lima-assinala-dia-mundial-da-alimentacao\/"]}]},{"@type":"ImageObject","inLanguage":"pt-PT","@id":"https:\/\/www.altominho.tv\/site\/2024\/10\/16\/ponte-de-lima-assinala-dia-mundial-da-alimentacao\/#primaryimage","url":"https:\/\/www.altominho.tv\/site\/wp-content\/uploads\/2024\/10\/semana-da-alimentacao.jpg","contentUrl":"https:\/\/www.altominho.tv\/site\/wp-content\/uploads\/2024\/10\/semana-da-alimentacao.jpg","width":740,"height":416},{"@type":"BreadcrumbList","@id":"https:\/\/www.altominho.tv\/site\/2024\/10\/16\/ponte-de-lima-assinala-dia-mundial-da-alimentacao\/#breadcrumb","itemListElement":[{"@type":"ListItem","position":1,"name":"In\u00edcio","item":"https:\/\/www.altominho.tv\/site\/"},{"@type":"ListItem","position":2,"name":"Ponte de Lima assinala Dia Mundial da Alimenta\u00e7\u00e3o"}]},{"@type":"WebSite","@id":"https:\/\/www.altominho.tv\/site\/#website","url":"https:\/\/www.altominho.tv\/site\/","name":"Altominho.tv","description":"A sua regi\u00e3o \u00e0 dist\u00e2ncia de um clique...","potentialAction":[{"@type":"SearchAction","target":{"@type":"EntryPoint","urlTemplate":"https:\/\/www.altominho.tv\/site\/?s={search_term_string}"},"query-input":{"@type":"PropertyValueSpecification","valueRequired":true,"valueName":"search_term_string"}}],"inLanguage":"pt-PT"},{"@type":"Person","@id":"https:\/\/www.altominho.tv\/site\/#\/schema\/person\/a0e4ef6d041f98ca284393d8f1d97153","name":"Andreia Cunha","image":{"@type":"ImageObject","inLanguage":"pt-PT","@id":"https:\/\/www.altominho.tv\/site\/wp-content\/uploads\/2017\/11\/Andreia_Cunha-1-150x150.jpg","url":"https:\/\/www.altominho.tv\/site\/wp-content\/uploads\/2017\/11\/Andreia_Cunha-1-150x150.jpg","contentUrl":"https:\/\/www.altominho.tv\/site\/wp-content\/uploads\/2017\/11\/Andreia_Cunha-1-150x150.jpg","caption":"Andreia Cunha"},"url":"https:\/\/www.altominho.tv\/site\/author\/andreiacunha\/"}]}},"_links":{"self":[{"href":"https:\/\/www.altominho.tv\/site\/wp-json\/wp\/v2\/posts\/111537","targetHints":{"allow":["GET"]}}],"collection":[{"href":"https:\/\/www.altominho.tv\/site\/wp-json\/wp\/v2\/posts"}],"about":[{"href":"https:\/\/www.altominho.tv\/site\/wp-json\/wp\/v2\/types\/post"}],"author":[{"embeddable":true,"href":"https:\/\/www.altominho.tv\/site\/wp-json\/wp\/v2\/users\/7"}],"replies":[{"embeddable":true,"href":"https:\/\/www.altominho.tv\/site\/wp-json\/wp\/v2\/comments?post=111537"}],"version-history":[{"count":1,"href":"https:\/\/www.altominho.tv\/site\/wp-json\/wp\/v2\/posts\/111537\/revisions"}],"predecessor-version":[{"id":111540,"href":"https:\/\/www.altominho.tv\/site\/wp-json\/wp\/v2\/posts\/111537\/revisions\/111540"}],"wp:featuredmedia":[{"embeddable":true,"href":"https:\/\/www.altominho.tv\/site\/wp-json\/wp\/v2\/media\/111538"}],"wp:attachment":[{"href":"https:\/\/www.altominho.tv\/site\/wp-json\/wp\/v2\/media?parent=111537"}],"wp:term":[{"taxonomy":"category","embeddable":true,"href":"https:\/\/www.altominho.tv\/site\/wp-json\/wp\/v2\/categories?post=111537"},{"taxonomy":"post_tag","embeddable":true,"href":"https:\/\/www.altominho.tv\/site\/wp-json\/wp\/v2\/tags?post=111537"}],"curies":[{"name":"wp","href":"https:\/\/api.w.org\/{rel}","templated":true}]}}