{"id":111491,"date":"2024-10-15T09:11:43","date_gmt":"2024-10-15T08:11:43","guid":{"rendered":"https:\/\/www.altominho.tv\/site\/?p=111491"},"modified":"2024-10-15T09:11:44","modified_gmt":"2024-10-15T08:11:44","slug":"valenca-alto-minho-escuteiros","status":"publish","type":"post","link":"https:\/\/www.altominho.tv\/site\/2024\/10\/15\/valenca-alto-minho-escuteiros\/","title":{"rendered":"Valen\u00e7a foi palco da abertura do ano escutista do Alto Minho com a presen\u00e7a de 1200 escuteiros dos 26 agrupamentos"},"content":{"rendered":"\n<p>Valen\u00e7a foi o palco da abertura do ano escutista 2024 \/ 2025 do Alto Minho com a presen\u00e7a de 1200 escuteiros, dos 26 agrupamentos do distrito, no \u00faltimo s\u00e1bado, dia 12 de outubro.<\/p>\n\n\n\n<p>Ao longo do dia a cidade e sobretudo a Fortaleza foram palco de um amplo conjunto de atividades promovidas pelas quatro sec\u00e7\u00f5es de cada um dos agrupamentos.<\/p>\n\n\n\n<p>No fim da tarde, a praceta do Bom Jesus, em frente \u00e0 Est\u00e1tua de S\u00e3o Teot\u00f3nio, foi o ponto de concentra\u00e7\u00e3o de todos os agrupamentos.<\/p>\n\n\n\n<p>Deste ponto at\u00e9 ao antigo Col\u00e9gio Portugu\u00eas decorreu o desfile de todas as sec\u00e7\u00f5es dos 26 agrupamentos do Alto Minho.<\/p>\n\n\n\n<p>Este foi o momento alto para os escuteiros e familiares e que cativou valencianos e turistas pela alegria e jovialidade que preencheu as avenidas da cidade.<\/p>\n\n\n\n<p>A cerim\u00f3nia de encerramento decorreu no largo frontal do antigo Col\u00e9gio Portugu\u00eas e terminou com os 1200 participantes a interpretar a \u201cCan\u00e7\u00e3o do Adeus\u201d.<\/p>\n\n\n\n<p>O presidente da C\u00e2mara Municipal, Jos\u00e9 Manuel Carpinteira e a vice-presidente Ana Paula Xavier, marcaram presen\u00e7a &#8220;neste dia grande do escutismo valenciano e do Alto Minho&#8221;.<\/p>\n\n\n\n<p>O presidente da C\u00e2mara destacou, na sua interven\u00e7\u00e3o, \u201co esp\u00edrito de voluntariado dos escuteiros, sempre presente nas grandes causas da nossa comunidade e os valores do movimento escutista, decisivos para a constru\u00e7\u00e3o de um mundo melhor, mais humanista e ambientalista.\u201d<\/p>\n\n\n\n<p>No ato, foi oferecido \u00e0 Chefe do Agrupamento 453 de Valen\u00e7a, Susana Carita, um quadro evocativo dos 50 anos de vida que o agrupamento valenciano est\u00e1 a celebrar.<\/p>\n\n\n\n<p>Na cerim\u00f3nia marcaram tamb\u00e9m presen\u00e7a os respons\u00e1veis nacionais e regionais do Corpo Nacional de Escutas.<\/p>\n\n\n\n<p>As atividades foram promovidas pela Junta Regional do CNE e pelo Agrupamento 453 de Valen\u00e7a e contaram com o apoio da C\u00e2mara Municipal de Valen\u00e7a.<\/p>\n","protected":false},"excerpt":{"rendered":"<p>Valen\u00e7a foi o palco da abertura do ano escutista 2024 \/ 2025 do Alto Minho com a presen\u00e7a de 1200 escuteiros, dos 26 agrupamentos do distrito, no \u00faltimo s\u00e1bado, dia 12 de outubro. Ao longo do dia a cidade e sobretudo a Fortaleza foram palco de um amplo conjunto de atividades promovidas pelas quatro sec\u00e7\u00f5es [&hellip;]<\/p>\n","protected":false},"author":7,"featured_media":111492,"comment_status":"closed","ping_status":"closed","sticky":false,"template":"","format":"standard","meta":{"_exactmetrics_skip_tracking":false,"_exactmetrics_sitenote_active":false,"_exactmetrics_sitenote_note":"","_exactmetrics_sitenote_category":0,"footnotes":""},"categories":[13],"tags":[27],"class_list":["post-111491","post","type-post","status-publish","format-standard","has-post-thumbnail","hentry","category-valenca","tag-sociedade"],"yoast_head":"<!-- This site is optimized with the Yoast SEO Premium plugin v27.5 (Yoast SEO v27.5) - https:\/\/yoast.com\/product\/yoast-seo-premium-wordpress\/ -->\n<title>Valen\u00e7a foi palco da abertura do ano escutista do Alto Minho com a presen\u00e7a de 1200 escuteiros dos 26 agrupamentos<\/title>\n<meta name=\"description\" content=\"Valen\u00e7a foi palco da abertura do ano escutista do Alto Minho com a presen\u00e7a de 1200 escuteiros dos 26 agrupamentos.\" \/>\n<meta name=\"robots\" content=\"index, follow, max-snippet:-1, max-image-preview:large, max-video-preview:-1\" \/>\n<link rel=\"canonical\" href=\"https:\/\/www.altominho.tv\/site\/2024\/10\/15\/valenca-alto-minho-escuteiros\/\" \/>\n<meta property=\"og:locale\" content=\"pt_PT\" \/>\n<meta property=\"og:type\" content=\"article\" \/>\n<meta property=\"og:title\" content=\"Valen\u00e7a foi palco da abertura do ano escutista do Alto Minho com a presen\u00e7a de 1200 escuteiros dos 26 agrupamentos\" \/>\n<meta property=\"og:description\" content=\"Valen\u00e7a foi palco da abertura do ano escutista do Alto Minho com a presen\u00e7a de 1200 escuteiros dos 26 agrupamentos.\" \/>\n<meta property=\"og:url\" content=\"https:\/\/www.altominho.tv\/site\/2024\/10\/15\/valenca-alto-minho-escuteiros\/\" \/>\n<meta property=\"og:site_name\" content=\"Altominho.tv\" \/>\n<meta property=\"article:publisher\" content=\"https:\/\/www.facebook.com\/altominhotv\" \/>\n<meta property=\"article:published_time\" content=\"2024-10-15T08:11:43+00:00\" \/>\n<meta property=\"article:modified_time\" content=\"2024-10-15T08:11:44+00:00\" \/>\n<meta property=\"og:image\" content=\"https:\/\/www.altominho.tv\/site\/wp-content\/uploads\/2024\/10\/escuteiros-valenca.jpg\" \/>\n\t<meta property=\"og:image:width\" content=\"960\" \/>\n\t<meta property=\"og:image:height\" content=\"640\" \/>\n\t<meta property=\"og:image:type\" content=\"image\/jpeg\" \/>\n<meta name=\"author\" content=\"Andreia Cunha\" \/>\n<meta name=\"twitter:card\" content=\"summary_large_image\" \/>\n<meta name=\"twitter:creator\" content=\"@altominhoTV\" \/>\n<meta name=\"twitter:site\" content=\"@altominhoTV\" \/>\n<meta name=\"twitter:label1\" content=\"Escrito por\" \/>\n\t<meta name=\"twitter:data1\" content=\"Andreia Cunha\" \/>\n\t<meta name=\"twitter:label2\" content=\"Tempo estimado de leitura\" \/>\n\t<meta name=\"twitter:data2\" content=\"2 minutos\" \/>\n<script type=\"application\/ld+json\" class=\"yoast-schema-graph\">{\"@context\":\"https:\\\/\\\/schema.org\",\"@graph\":[{\"@type\":\"Article\",\"@id\":\"https:\\\/\\\/www.altominho.tv\\\/site\\\/2024\\\/10\\\/15\\\/valenca-alto-minho-escuteiros\\\/#article\",\"isPartOf\":{\"@id\":\"https:\\\/\\\/www.altominho.tv\\\/site\\\/2024\\\/10\\\/15\\\/valenca-alto-minho-escuteiros\\\/\"},\"author\":{\"name\":\"Andreia Cunha\",\"@id\":\"https:\\\/\\\/www.altominho.tv\\\/site\\\/#\\\/schema\\\/person\\\/a0e4ef6d041f98ca284393d8f1d97153\"},\"headline\":\"Valen\u00e7a foi palco da abertura do ano escutista do Alto Minho com a presen\u00e7a de 1200 escuteiros dos 26 agrupamentos\",\"datePublished\":\"2024-10-15T08:11:43+00:00\",\"dateModified\":\"2024-10-15T08:11:44+00:00\",\"mainEntityOfPage\":{\"@id\":\"https:\\\/\\\/www.altominho.tv\\\/site\\\/2024\\\/10\\\/15\\\/valenca-alto-minho-escuteiros\\\/\"},\"wordCount\":325,\"image\":{\"@id\":\"https:\\\/\\\/www.altominho.tv\\\/site\\\/2024\\\/10\\\/15\\\/valenca-alto-minho-escuteiros\\\/#primaryimage\"},\"thumbnailUrl\":\"https:\\\/\\\/www.altominho.tv\\\/site\\\/wp-content\\\/uploads\\\/2024\\\/10\\\/escuteiros-valenca.jpg\",\"keywords\":[\"Sociedade\"],\"articleSection\":[\"Valen\u00e7a\"],\"inLanguage\":\"pt-PT\",\"copyrightYear\":\"2024\",\"copyrightHolder\":{\"@id\":\"https:\\\/\\\/www.altominho.tv\\\/site\\\/#organization\"}},{\"@type\":\"WebPage\",\"@id\":\"https:\\\/\\\/www.altominho.tv\\\/site\\\/2024\\\/10\\\/15\\\/valenca-alto-minho-escuteiros\\\/\",\"url\":\"https:\\\/\\\/www.altominho.tv\\\/site\\\/2024\\\/10\\\/15\\\/valenca-alto-minho-escuteiros\\\/\",\"name\":\"Valen\u00e7a foi palco da abertura do ano escutista do Alto Minho com a presen\u00e7a de 1200 escuteiros dos 26 agrupamentos\",\"isPartOf\":{\"@id\":\"https:\\\/\\\/www.altominho.tv\\\/site\\\/#website\"},\"primaryImageOfPage\":{\"@id\":\"https:\\\/\\\/www.altominho.tv\\\/site\\\/2024\\\/10\\\/15\\\/valenca-alto-minho-escuteiros\\\/#primaryimage\"},\"image\":{\"@id\":\"https:\\\/\\\/www.altominho.tv\\\/site\\\/2024\\\/10\\\/15\\\/valenca-alto-minho-escuteiros\\\/#primaryimage\"},\"thumbnailUrl\":\"https:\\\/\\\/www.altominho.tv\\\/site\\\/wp-content\\\/uploads\\\/2024\\\/10\\\/escuteiros-valenca.jpg\",\"datePublished\":\"2024-10-15T08:11:43+00:00\",\"dateModified\":\"2024-10-15T08:11:44+00:00\",\"author\":{\"@id\":\"https:\\\/\\\/www.altominho.tv\\\/site\\\/#\\\/schema\\\/person\\\/a0e4ef6d041f98ca284393d8f1d97153\"},\"description\":\"Valen\u00e7a foi palco da abertura do ano escutista do Alto Minho com a presen\u00e7a de 1200 escuteiros dos 26 agrupamentos.\",\"breadcrumb\":{\"@id\":\"https:\\\/\\\/www.altominho.tv\\\/site\\\/2024\\\/10\\\/15\\\/valenca-alto-minho-escuteiros\\\/#breadcrumb\"},\"inLanguage\":\"pt-PT\",\"potentialAction\":[{\"@type\":\"ReadAction\",\"target\":[\"https:\\\/\\\/www.altominho.tv\\\/site\\\/2024\\\/10\\\/15\\\/valenca-alto-minho-escuteiros\\\/\"]}]},{\"@type\":\"ImageObject\",\"inLanguage\":\"pt-PT\",\"@id\":\"https:\\\/\\\/www.altominho.tv\\\/site\\\/2024\\\/10\\\/15\\\/valenca-alto-minho-escuteiros\\\/#primaryimage\",\"url\":\"https:\\\/\\\/www.altominho.tv\\\/site\\\/wp-content\\\/uploads\\\/2024\\\/10\\\/escuteiros-valenca.jpg\",\"contentUrl\":\"https:\\\/\\\/www.altominho.tv\\\/site\\\/wp-content\\\/uploads\\\/2024\\\/10\\\/escuteiros-valenca.jpg\",\"width\":960,\"height\":640},{\"@type\":\"BreadcrumbList\",\"@id\":\"https:\\\/\\\/www.altominho.tv\\\/site\\\/2024\\\/10\\\/15\\\/valenca-alto-minho-escuteiros\\\/#breadcrumb\",\"itemListElement\":[{\"@type\":\"ListItem\",\"position\":1,\"name\":\"In\u00edcio\",\"item\":\"https:\\\/\\\/www.altominho.tv\\\/site\\\/\"},{\"@type\":\"ListItem\",\"position\":2,\"name\":\"Valen\u00e7a foi palco da abertura do ano escutista do Alto Minho com a presen\u00e7a de 1200 escuteiros dos 26 agrupamentos\"}]},{\"@type\":\"WebSite\",\"@id\":\"https:\\\/\\\/www.altominho.tv\\\/site\\\/#website\",\"url\":\"https:\\\/\\\/www.altominho.tv\\\/site\\\/\",\"name\":\"Altominho.tv\",\"description\":\"A sua regi\u00e3o \u00e0 dist\u00e2ncia de um clique...\",\"potentialAction\":[{\"@type\":\"SearchAction\",\"target\":{\"@type\":\"EntryPoint\",\"urlTemplate\":\"https:\\\/\\\/www.altominho.tv\\\/site\\\/?s={search_term_string}\"},\"query-input\":{\"@type\":\"PropertyValueSpecification\",\"valueRequired\":true,\"valueName\":\"search_term_string\"}}],\"inLanguage\":\"pt-PT\"},{\"@type\":\"Person\",\"@id\":\"https:\\\/\\\/www.altominho.tv\\\/site\\\/#\\\/schema\\\/person\\\/a0e4ef6d041f98ca284393d8f1d97153\",\"name\":\"Andreia Cunha\",\"image\":{\"@type\":\"ImageObject\",\"inLanguage\":\"pt-PT\",\"@id\":\"https:\\\/\\\/www.altominho.tv\\\/site\\\/wp-content\\\/uploads\\\/2017\\\/11\\\/Andreia_Cunha-1-150x150.jpg\",\"url\":\"https:\\\/\\\/www.altominho.tv\\\/site\\\/wp-content\\\/uploads\\\/2017\\\/11\\\/Andreia_Cunha-1-150x150.jpg\",\"contentUrl\":\"https:\\\/\\\/www.altominho.tv\\\/site\\\/wp-content\\\/uploads\\\/2017\\\/11\\\/Andreia_Cunha-1-150x150.jpg\",\"caption\":\"Andreia Cunha\"},\"url\":\"https:\\\/\\\/www.altominho.tv\\\/site\\\/author\\\/andreiacunha\\\/\"}]}<\/script>\n<!-- \/ Yoast SEO Premium plugin. -->","yoast_head_json":{"title":"Valen\u00e7a foi palco da abertura do ano escutista do Alto Minho com a presen\u00e7a de 1200 escuteiros dos 26 agrupamentos","description":"Valen\u00e7a foi palco da abertura do ano escutista do Alto Minho com a presen\u00e7a de 1200 escuteiros dos 26 agrupamentos.","robots":{"index":"index","follow":"follow","max-snippet":"max-snippet:-1","max-image-preview":"max-image-preview:large","max-video-preview":"max-video-preview:-1"},"canonical":"https:\/\/www.altominho.tv\/site\/2024\/10\/15\/valenca-alto-minho-escuteiros\/","og_locale":"pt_PT","og_type":"article","og_title":"Valen\u00e7a foi palco da abertura do ano escutista do Alto Minho com a presen\u00e7a de 1200 escuteiros dos 26 agrupamentos","og_description":"Valen\u00e7a foi palco da abertura do ano escutista do Alto Minho com a presen\u00e7a de 1200 escuteiros dos 26 agrupamentos.","og_url":"https:\/\/www.altominho.tv\/site\/2024\/10\/15\/valenca-alto-minho-escuteiros\/","og_site_name":"Altominho.tv","article_publisher":"https:\/\/www.facebook.com\/altominhotv","article_published_time":"2024-10-15T08:11:43+00:00","article_modified_time":"2024-10-15T08:11:44+00:00","og_image":[{"width":960,"height":640,"url":"https:\/\/www.altominho.tv\/site\/wp-content\/uploads\/2024\/10\/escuteiros-valenca.jpg","type":"image\/jpeg"}],"author":"Andreia Cunha","twitter_card":"summary_large_image","twitter_creator":"@altominhoTV","twitter_site":"@altominhoTV","twitter_misc":{"Escrito por":"Andreia Cunha","Tempo estimado de leitura":"2 minutos"},"schema":{"@context":"https:\/\/schema.org","@graph":[{"@type":"Article","@id":"https:\/\/www.altominho.tv\/site\/2024\/10\/15\/valenca-alto-minho-escuteiros\/#article","isPartOf":{"@id":"https:\/\/www.altominho.tv\/site\/2024\/10\/15\/valenca-alto-minho-escuteiros\/"},"author":{"name":"Andreia Cunha","@id":"https:\/\/www.altominho.tv\/site\/#\/schema\/person\/a0e4ef6d041f98ca284393d8f1d97153"},"headline":"Valen\u00e7a foi palco da abertura do ano escutista do Alto Minho com a presen\u00e7a de 1200 escuteiros dos 26 agrupamentos","datePublished":"2024-10-15T08:11:43+00:00","dateModified":"2024-10-15T08:11:44+00:00","mainEntityOfPage":{"@id":"https:\/\/www.altominho.tv\/site\/2024\/10\/15\/valenca-alto-minho-escuteiros\/"},"wordCount":325,"image":{"@id":"https:\/\/www.altominho.tv\/site\/2024\/10\/15\/valenca-alto-minho-escuteiros\/#primaryimage"},"thumbnailUrl":"https:\/\/www.altominho.tv\/site\/wp-content\/uploads\/2024\/10\/escuteiros-valenca.jpg","keywords":["Sociedade"],"articleSection":["Valen\u00e7a"],"inLanguage":"pt-PT","copyrightYear":"2024","copyrightHolder":{"@id":"https:\/\/www.altominho.tv\/site\/#organization"}},{"@type":"WebPage","@id":"https:\/\/www.altominho.tv\/site\/2024\/10\/15\/valenca-alto-minho-escuteiros\/","url":"https:\/\/www.altominho.tv\/site\/2024\/10\/15\/valenca-alto-minho-escuteiros\/","name":"Valen\u00e7a foi palco da abertura do ano escutista do Alto Minho com a presen\u00e7a de 1200 escuteiros dos 26 agrupamentos","isPartOf":{"@id":"https:\/\/www.altominho.tv\/site\/#website"},"primaryImageOfPage":{"@id":"https:\/\/www.altominho.tv\/site\/2024\/10\/15\/valenca-alto-minho-escuteiros\/#primaryimage"},"image":{"@id":"https:\/\/www.altominho.tv\/site\/2024\/10\/15\/valenca-alto-minho-escuteiros\/#primaryimage"},"thumbnailUrl":"https:\/\/www.altominho.tv\/site\/wp-content\/uploads\/2024\/10\/escuteiros-valenca.jpg","datePublished":"2024-10-15T08:11:43+00:00","dateModified":"2024-10-15T08:11:44+00:00","author":{"@id":"https:\/\/www.altominho.tv\/site\/#\/schema\/person\/a0e4ef6d041f98ca284393d8f1d97153"},"description":"Valen\u00e7a foi palco da abertura do ano escutista do Alto Minho com a presen\u00e7a de 1200 escuteiros dos 26 agrupamentos.","breadcrumb":{"@id":"https:\/\/www.altominho.tv\/site\/2024\/10\/15\/valenca-alto-minho-escuteiros\/#breadcrumb"},"inLanguage":"pt-PT","potentialAction":[{"@type":"ReadAction","target":["https:\/\/www.altominho.tv\/site\/2024\/10\/15\/valenca-alto-minho-escuteiros\/"]}]},{"@type":"ImageObject","inLanguage":"pt-PT","@id":"https:\/\/www.altominho.tv\/site\/2024\/10\/15\/valenca-alto-minho-escuteiros\/#primaryimage","url":"https:\/\/www.altominho.tv\/site\/wp-content\/uploads\/2024\/10\/escuteiros-valenca.jpg","contentUrl":"https:\/\/www.altominho.tv\/site\/wp-content\/uploads\/2024\/10\/escuteiros-valenca.jpg","width":960,"height":640},{"@type":"BreadcrumbList","@id":"https:\/\/www.altominho.tv\/site\/2024\/10\/15\/valenca-alto-minho-escuteiros\/#breadcrumb","itemListElement":[{"@type":"ListItem","position":1,"name":"In\u00edcio","item":"https:\/\/www.altominho.tv\/site\/"},{"@type":"ListItem","position":2,"name":"Valen\u00e7a foi palco da abertura do ano escutista do Alto Minho com a presen\u00e7a de 1200 escuteiros dos 26 agrupamentos"}]},{"@type":"WebSite","@id":"https:\/\/www.altominho.tv\/site\/#website","url":"https:\/\/www.altominho.tv\/site\/","name":"Altominho.tv","description":"A sua regi\u00e3o \u00e0 dist\u00e2ncia de um clique...","potentialAction":[{"@type":"SearchAction","target":{"@type":"EntryPoint","urlTemplate":"https:\/\/www.altominho.tv\/site\/?s={search_term_string}"},"query-input":{"@type":"PropertyValueSpecification","valueRequired":true,"valueName":"search_term_string"}}],"inLanguage":"pt-PT"},{"@type":"Person","@id":"https:\/\/www.altominho.tv\/site\/#\/schema\/person\/a0e4ef6d041f98ca284393d8f1d97153","name":"Andreia Cunha","image":{"@type":"ImageObject","inLanguage":"pt-PT","@id":"https:\/\/www.altominho.tv\/site\/wp-content\/uploads\/2017\/11\/Andreia_Cunha-1-150x150.jpg","url":"https:\/\/www.altominho.tv\/site\/wp-content\/uploads\/2017\/11\/Andreia_Cunha-1-150x150.jpg","contentUrl":"https:\/\/www.altominho.tv\/site\/wp-content\/uploads\/2017\/11\/Andreia_Cunha-1-150x150.jpg","caption":"Andreia Cunha"},"url":"https:\/\/www.altominho.tv\/site\/author\/andreiacunha\/"}]}},"_links":{"self":[{"href":"https:\/\/www.altominho.tv\/site\/wp-json\/wp\/v2\/posts\/111491","targetHints":{"allow":["GET"]}}],"collection":[{"href":"https:\/\/www.altominho.tv\/site\/wp-json\/wp\/v2\/posts"}],"about":[{"href":"https:\/\/www.altominho.tv\/site\/wp-json\/wp\/v2\/types\/post"}],"author":[{"embeddable":true,"href":"https:\/\/www.altominho.tv\/site\/wp-json\/wp\/v2\/users\/7"}],"replies":[{"embeddable":true,"href":"https:\/\/www.altominho.tv\/site\/wp-json\/wp\/v2\/comments?post=111491"}],"version-history":[{"count":1,"href":"https:\/\/www.altominho.tv\/site\/wp-json\/wp\/v2\/posts\/111491\/revisions"}],"predecessor-version":[{"id":111493,"href":"https:\/\/www.altominho.tv\/site\/wp-json\/wp\/v2\/posts\/111491\/revisions\/111493"}],"wp:featuredmedia":[{"embeddable":true,"href":"https:\/\/www.altominho.tv\/site\/wp-json\/wp\/v2\/media\/111492"}],"wp:attachment":[{"href":"https:\/\/www.altominho.tv\/site\/wp-json\/wp\/v2\/media?parent=111491"}],"wp:term":[{"taxonomy":"category","embeddable":true,"href":"https:\/\/www.altominho.tv\/site\/wp-json\/wp\/v2\/categories?post=111491"},{"taxonomy":"post_tag","embeddable":true,"href":"https:\/\/www.altominho.tv\/site\/wp-json\/wp\/v2\/tags?post=111491"}],"curies":[{"name":"wp","href":"https:\/\/api.w.org\/{rel}","templated":true}]}}