{"id":111488,"date":"2024-10-15T08:55:51","date_gmt":"2024-10-15T07:55:51","guid":{"rendered":"https:\/\/www.altominho.tv\/site\/?p=111488"},"modified":"2024-10-15T08:55:53","modified_gmt":"2024-10-15T07:55:53","slug":"ponte-de-lima-bombeiros-eletrao","status":"publish","type":"post","link":"https:\/\/www.altominho.tv\/site\/2024\/10\/15\/ponte-de-lima-bombeiros-eletrao\/","title":{"rendered":"Bombeiros de Ponte de Lima fazem parte do Top 20 da campanha Quartel Eletr\u00e3o"},"content":{"rendered":"\n<p>Na semana em que se assinala o Dia Internacional dos Res\u00edduos El\u00e9tricos (IEWD \u2013\u00a0<em>International E-Waste Day,\u00a0<\/em>na sigla original), efem\u00e9ride que se comemorou a 14 de outubro, a  C\u00e2mara de Ponte de Lima deu nota que apela a toda a popula\u00e7\u00e3o &#8220;para entregar os seus eletrodom\u00e9sticos usados no quartel dos Bombeiros Volunt\u00e1rios de Ponte de Lima,\u00a0at\u00e9 30 de novembro&#8221;.<\/p>\n\n\n\n<p>Esta campanha, promovida pela Eletr\u00e3o, \u00e9 uma forma de apoiar a miss\u00e3o dos bombeiros, empenhados na prote\u00e7\u00e3o da popula\u00e7\u00e3o e da biodiversidade.<\/p>\n\n\n\n<p>Por outro lado, os bombeiros d\u00e3o tamb\u00e9m o seu contributo para que eletrodom\u00e9sticos e outros equipamentos el\u00e9tricos usados n\u00e3o poluam o ambiente combatendo assim, em v\u00e1rias frentes, o aquecimento global.<\/p>\n\n\n\n<p>Os Bombeiros Volunt\u00e1rios de Ponte de Lima fazem parte do Top 20 \u2013 Pr\u00e9mio Absoluto da campanha Quartel Eletr\u00e3o, reunindo por isso, uma forte probabilidade de ser a pr\u00f3xima vencedora de um Ve\u00edculo Ligeiro de Combate a Inc\u00eandios.<\/p>\n\n\n\n<p>O Municipio de Ponte de Lima uniu-se a esta causa em 2023, entregando todos os Res\u00edduos de Equipamentos El\u00e9tricos e Eletr\u00f3nicos (REEE\u2019s) recolhidos, no seguimento da recolha gratuita porta-a-porta de Res\u00edduos Volumosos e Res\u00edduos de Equipamentos El\u00e9tricos e Eletr\u00f3nicos, no Quartel dos Bombeiros Volunt\u00e1rios de Ponte de Lima, contribuindo para a angaria\u00e7\u00e3o de maiores quantidades de REEE\u2019s e, desta forma, aumentando a possibilidade desta Corpora\u00e7\u00e3o se sagrar vencedora.<\/p>\n\n\n\n<p>&#8220;Com esta iniciativa ganha o ambiente, ganha a popula\u00e7\u00e3o, e ganha o concelho de Ponte de Lima dispondo de uma Associa\u00e7\u00e3o de Bombeiros Volunt\u00e1rios premiada\u00a0e com mais meios para ajudar quem mais precisa.\u00a0Para isso \u00e9 fundamental\u00a0o envolvimento da popula\u00e7\u00e3o e das empresas locais&#8221;.<\/p>\n\n\n\n<p>At\u00e9 30 de novembro pode ajudar os Bombeiros Volunt\u00e1rios de Ponte de Lima e entregar no Quartel os seus Res\u00edduos de Equipamentos El\u00e9tricos e Eletr\u00f3nicos. \u00a0<\/p>\n","protected":false},"excerpt":{"rendered":"<p>Na semana em que se assinala o Dia Internacional dos Res\u00edduos El\u00e9tricos (IEWD \u2013\u00a0International E-Waste Day,\u00a0na sigla original), efem\u00e9ride que se comemorou a 14 de outubro, a C\u00e2mara de Ponte de Lima deu nota que apela a toda a popula\u00e7\u00e3o &#8220;para entregar os seus eletrodom\u00e9sticos usados no quartel dos Bombeiros Volunt\u00e1rios de Ponte de Lima,\u00a0at\u00e9 [&hellip;]<\/p>\n","protected":false},"author":7,"featured_media":111489,"comment_status":"closed","ping_status":"closed","sticky":false,"template":"","format":"standard","meta":{"_exactmetrics_skip_tracking":false,"_exactmetrics_sitenote_active":false,"_exactmetrics_sitenote_note":"","_exactmetrics_sitenote_category":0,"footnotes":""},"categories":[12],"tags":[27],"class_list":["post-111488","post","type-post","status-publish","format-standard","has-post-thumbnail","hentry","category-ponte-de-lima","tag-sociedade"],"yoast_head":"<!-- This site is optimized with the Yoast SEO Premium plugin v27.4 (Yoast SEO v27.4) - https:\/\/yoast.com\/product\/yoast-seo-premium-wordpress\/ -->\n<title>Bombeiros de Ponte de Lima fazem parte do Top 20 da campanha Quartel Eletr\u00e3o<\/title>\n<meta name=\"description\" content=\"Os Bombeiros Volunt\u00e1rios de Ponte de Lima fazem parte do Top 20 da campanha Quartel Eletr\u00e3o.\" \/>\n<meta name=\"robots\" content=\"index, follow, max-snippet:-1, max-image-preview:large, max-video-preview:-1\" \/>\n<link rel=\"canonical\" href=\"https:\/\/www.altominho.tv\/site\/2024\/10\/15\/ponte-de-lima-bombeiros-eletrao\/\" \/>\n<meta property=\"og:locale\" content=\"pt_PT\" \/>\n<meta property=\"og:type\" content=\"article\" \/>\n<meta property=\"og:title\" content=\"Bombeiros de Ponte de Lima fazem parte do Top 20 da campanha Quartel Eletr\u00e3o\" \/>\n<meta property=\"og:description\" content=\"Os Bombeiros Volunt\u00e1rios de Ponte de Lima fazem parte do Top 20 da campanha Quartel Eletr\u00e3o.\" \/>\n<meta property=\"og:url\" content=\"https:\/\/www.altominho.tv\/site\/2024\/10\/15\/ponte-de-lima-bombeiros-eletrao\/\" \/>\n<meta property=\"og:site_name\" content=\"Altominho.tv\" \/>\n<meta property=\"article:publisher\" content=\"https:\/\/www.facebook.com\/altominhotv\" \/>\n<meta property=\"article:published_time\" content=\"2024-10-15T07:55:51+00:00\" \/>\n<meta property=\"article:modified_time\" content=\"2024-10-15T07:55:53+00:00\" \/>\n<meta property=\"og:image\" content=\"https:\/\/www.altominho.tv\/site\/wp-content\/uploads\/2024\/10\/quartel_electrao_1_1024_800.png\" \/>\n\t<meta property=\"og:image:width\" content=\"1024\" \/>\n\t<meta property=\"og:image:height\" content=\"536\" \/>\n\t<meta property=\"og:image:type\" content=\"image\/png\" \/>\n<meta name=\"author\" content=\"Andreia Cunha\" \/>\n<meta name=\"twitter:card\" content=\"summary_large_image\" \/>\n<meta name=\"twitter:creator\" content=\"@altominhoTV\" \/>\n<meta name=\"twitter:site\" content=\"@altominhoTV\" \/>\n<meta name=\"twitter:label1\" content=\"Escrito por\" \/>\n\t<meta name=\"twitter:data1\" content=\"Andreia Cunha\" \/>\n\t<meta name=\"twitter:label2\" content=\"Tempo estimado de leitura\" \/>\n\t<meta name=\"twitter:data2\" content=\"2 minutos\" \/>\n<script type=\"application\/ld+json\" class=\"yoast-schema-graph\">{\"@context\":\"https:\\\/\\\/schema.org\",\"@graph\":[{\"@type\":\"Article\",\"@id\":\"https:\\\/\\\/www.altominho.tv\\\/site\\\/2024\\\/10\\\/15\\\/ponte-de-lima-bombeiros-eletrao\\\/#article\",\"isPartOf\":{\"@id\":\"https:\\\/\\\/www.altominho.tv\\\/site\\\/2024\\\/10\\\/15\\\/ponte-de-lima-bombeiros-eletrao\\\/\"},\"author\":{\"name\":\"Andreia Cunha\",\"@id\":\"https:\\\/\\\/www.altominho.tv\\\/site\\\/#\\\/schema\\\/person\\\/a0e4ef6d041f98ca284393d8f1d97153\"},\"headline\":\"Bombeiros de Ponte de Lima fazem parte do Top 20 da campanha Quartel Eletr\u00e3o\",\"datePublished\":\"2024-10-15T07:55:51+00:00\",\"dateModified\":\"2024-10-15T07:55:53+00:00\",\"mainEntityOfPage\":{\"@id\":\"https:\\\/\\\/www.altominho.tv\\\/site\\\/2024\\\/10\\\/15\\\/ponte-de-lima-bombeiros-eletrao\\\/\"},\"wordCount\":338,\"image\":{\"@id\":\"https:\\\/\\\/www.altominho.tv\\\/site\\\/2024\\\/10\\\/15\\\/ponte-de-lima-bombeiros-eletrao\\\/#primaryimage\"},\"thumbnailUrl\":\"https:\\\/\\\/www.altominho.tv\\\/site\\\/wp-content\\\/uploads\\\/2024\\\/10\\\/quartel_electrao_1_1024_800.png\",\"keywords\":[\"Sociedade\"],\"articleSection\":[\"Ponte de Lima\"],\"inLanguage\":\"pt-PT\",\"copyrightYear\":\"2024\",\"copyrightHolder\":{\"@id\":\"https:\\\/\\\/www.altominho.tv\\\/site\\\/#organization\"}},{\"@type\":\"WebPage\",\"@id\":\"https:\\\/\\\/www.altominho.tv\\\/site\\\/2024\\\/10\\\/15\\\/ponte-de-lima-bombeiros-eletrao\\\/\",\"url\":\"https:\\\/\\\/www.altominho.tv\\\/site\\\/2024\\\/10\\\/15\\\/ponte-de-lima-bombeiros-eletrao\\\/\",\"name\":\"Bombeiros de Ponte de Lima fazem parte do Top 20 da campanha Quartel Eletr\u00e3o\",\"isPartOf\":{\"@id\":\"https:\\\/\\\/www.altominho.tv\\\/site\\\/#website\"},\"primaryImageOfPage\":{\"@id\":\"https:\\\/\\\/www.altominho.tv\\\/site\\\/2024\\\/10\\\/15\\\/ponte-de-lima-bombeiros-eletrao\\\/#primaryimage\"},\"image\":{\"@id\":\"https:\\\/\\\/www.altominho.tv\\\/site\\\/2024\\\/10\\\/15\\\/ponte-de-lima-bombeiros-eletrao\\\/#primaryimage\"},\"thumbnailUrl\":\"https:\\\/\\\/www.altominho.tv\\\/site\\\/wp-content\\\/uploads\\\/2024\\\/10\\\/quartel_electrao_1_1024_800.png\",\"datePublished\":\"2024-10-15T07:55:51+00:00\",\"dateModified\":\"2024-10-15T07:55:53+00:00\",\"author\":{\"@id\":\"https:\\\/\\\/www.altominho.tv\\\/site\\\/#\\\/schema\\\/person\\\/a0e4ef6d041f98ca284393d8f1d97153\"},\"description\":\"Os Bombeiros Volunt\u00e1rios de Ponte de Lima fazem parte do Top 20 da campanha Quartel Eletr\u00e3o.\",\"breadcrumb\":{\"@id\":\"https:\\\/\\\/www.altominho.tv\\\/site\\\/2024\\\/10\\\/15\\\/ponte-de-lima-bombeiros-eletrao\\\/#breadcrumb\"},\"inLanguage\":\"pt-PT\",\"potentialAction\":[{\"@type\":\"ReadAction\",\"target\":[\"https:\\\/\\\/www.altominho.tv\\\/site\\\/2024\\\/10\\\/15\\\/ponte-de-lima-bombeiros-eletrao\\\/\"]}]},{\"@type\":\"ImageObject\",\"inLanguage\":\"pt-PT\",\"@id\":\"https:\\\/\\\/www.altominho.tv\\\/site\\\/2024\\\/10\\\/15\\\/ponte-de-lima-bombeiros-eletrao\\\/#primaryimage\",\"url\":\"https:\\\/\\\/www.altominho.tv\\\/site\\\/wp-content\\\/uploads\\\/2024\\\/10\\\/quartel_electrao_1_1024_800.png\",\"contentUrl\":\"https:\\\/\\\/www.altominho.tv\\\/site\\\/wp-content\\\/uploads\\\/2024\\\/10\\\/quartel_electrao_1_1024_800.png\",\"width\":1024,\"height\":536},{\"@type\":\"BreadcrumbList\",\"@id\":\"https:\\\/\\\/www.altominho.tv\\\/site\\\/2024\\\/10\\\/15\\\/ponte-de-lima-bombeiros-eletrao\\\/#breadcrumb\",\"itemListElement\":[{\"@type\":\"ListItem\",\"position\":1,\"name\":\"In\u00edcio\",\"item\":\"https:\\\/\\\/www.altominho.tv\\\/site\\\/\"},{\"@type\":\"ListItem\",\"position\":2,\"name\":\"Bombeiros de Ponte de Lima fazem parte do Top 20 da campanha Quartel Eletr\u00e3o\"}]},{\"@type\":\"WebSite\",\"@id\":\"https:\\\/\\\/www.altominho.tv\\\/site\\\/#website\",\"url\":\"https:\\\/\\\/www.altominho.tv\\\/site\\\/\",\"name\":\"Altominho.tv\",\"description\":\"A sua regi\u00e3o \u00e0 dist\u00e2ncia de um clique...\",\"potentialAction\":[{\"@type\":\"SearchAction\",\"target\":{\"@type\":\"EntryPoint\",\"urlTemplate\":\"https:\\\/\\\/www.altominho.tv\\\/site\\\/?s={search_term_string}\"},\"query-input\":{\"@type\":\"PropertyValueSpecification\",\"valueRequired\":true,\"valueName\":\"search_term_string\"}}],\"inLanguage\":\"pt-PT\"},{\"@type\":\"Person\",\"@id\":\"https:\\\/\\\/www.altominho.tv\\\/site\\\/#\\\/schema\\\/person\\\/a0e4ef6d041f98ca284393d8f1d97153\",\"name\":\"Andreia Cunha\",\"image\":{\"@type\":\"ImageObject\",\"inLanguage\":\"pt-PT\",\"@id\":\"https:\\\/\\\/www.altominho.tv\\\/site\\\/wp-content\\\/uploads\\\/2017\\\/11\\\/Andreia_Cunha-1-150x150.jpg\",\"url\":\"https:\\\/\\\/www.altominho.tv\\\/site\\\/wp-content\\\/uploads\\\/2017\\\/11\\\/Andreia_Cunha-1-150x150.jpg\",\"contentUrl\":\"https:\\\/\\\/www.altominho.tv\\\/site\\\/wp-content\\\/uploads\\\/2017\\\/11\\\/Andreia_Cunha-1-150x150.jpg\",\"caption\":\"Andreia Cunha\"},\"url\":\"https:\\\/\\\/www.altominho.tv\\\/site\\\/author\\\/andreiacunha\\\/\"}]}<\/script>\n<!-- \/ Yoast SEO Premium plugin. -->","yoast_head_json":{"title":"Bombeiros de Ponte de Lima fazem parte do Top 20 da campanha Quartel Eletr\u00e3o","description":"Os Bombeiros Volunt\u00e1rios de Ponte de Lima fazem parte do Top 20 da campanha Quartel Eletr\u00e3o.","robots":{"index":"index","follow":"follow","max-snippet":"max-snippet:-1","max-image-preview":"max-image-preview:large","max-video-preview":"max-video-preview:-1"},"canonical":"https:\/\/www.altominho.tv\/site\/2024\/10\/15\/ponte-de-lima-bombeiros-eletrao\/","og_locale":"pt_PT","og_type":"article","og_title":"Bombeiros de Ponte de Lima fazem parte do Top 20 da campanha Quartel Eletr\u00e3o","og_description":"Os Bombeiros Volunt\u00e1rios de Ponte de Lima fazem parte do Top 20 da campanha Quartel Eletr\u00e3o.","og_url":"https:\/\/www.altominho.tv\/site\/2024\/10\/15\/ponte-de-lima-bombeiros-eletrao\/","og_site_name":"Altominho.tv","article_publisher":"https:\/\/www.facebook.com\/altominhotv","article_published_time":"2024-10-15T07:55:51+00:00","article_modified_time":"2024-10-15T07:55:53+00:00","og_image":[{"width":1024,"height":536,"url":"https:\/\/www.altominho.tv\/site\/wp-content\/uploads\/2024\/10\/quartel_electrao_1_1024_800.png","type":"image\/png"}],"author":"Andreia Cunha","twitter_card":"summary_large_image","twitter_creator":"@altominhoTV","twitter_site":"@altominhoTV","twitter_misc":{"Escrito por":"Andreia Cunha","Tempo estimado de leitura":"2 minutos"},"schema":{"@context":"https:\/\/schema.org","@graph":[{"@type":"Article","@id":"https:\/\/www.altominho.tv\/site\/2024\/10\/15\/ponte-de-lima-bombeiros-eletrao\/#article","isPartOf":{"@id":"https:\/\/www.altominho.tv\/site\/2024\/10\/15\/ponte-de-lima-bombeiros-eletrao\/"},"author":{"name":"Andreia Cunha","@id":"https:\/\/www.altominho.tv\/site\/#\/schema\/person\/a0e4ef6d041f98ca284393d8f1d97153"},"headline":"Bombeiros de Ponte de Lima fazem parte do Top 20 da campanha Quartel Eletr\u00e3o","datePublished":"2024-10-15T07:55:51+00:00","dateModified":"2024-10-15T07:55:53+00:00","mainEntityOfPage":{"@id":"https:\/\/www.altominho.tv\/site\/2024\/10\/15\/ponte-de-lima-bombeiros-eletrao\/"},"wordCount":338,"image":{"@id":"https:\/\/www.altominho.tv\/site\/2024\/10\/15\/ponte-de-lima-bombeiros-eletrao\/#primaryimage"},"thumbnailUrl":"https:\/\/www.altominho.tv\/site\/wp-content\/uploads\/2024\/10\/quartel_electrao_1_1024_800.png","keywords":["Sociedade"],"articleSection":["Ponte de Lima"],"inLanguage":"pt-PT","copyrightYear":"2024","copyrightHolder":{"@id":"https:\/\/www.altominho.tv\/site\/#organization"}},{"@type":"WebPage","@id":"https:\/\/www.altominho.tv\/site\/2024\/10\/15\/ponte-de-lima-bombeiros-eletrao\/","url":"https:\/\/www.altominho.tv\/site\/2024\/10\/15\/ponte-de-lima-bombeiros-eletrao\/","name":"Bombeiros de Ponte de Lima fazem parte do Top 20 da campanha Quartel Eletr\u00e3o","isPartOf":{"@id":"https:\/\/www.altominho.tv\/site\/#website"},"primaryImageOfPage":{"@id":"https:\/\/www.altominho.tv\/site\/2024\/10\/15\/ponte-de-lima-bombeiros-eletrao\/#primaryimage"},"image":{"@id":"https:\/\/www.altominho.tv\/site\/2024\/10\/15\/ponte-de-lima-bombeiros-eletrao\/#primaryimage"},"thumbnailUrl":"https:\/\/www.altominho.tv\/site\/wp-content\/uploads\/2024\/10\/quartel_electrao_1_1024_800.png","datePublished":"2024-10-15T07:55:51+00:00","dateModified":"2024-10-15T07:55:53+00:00","author":{"@id":"https:\/\/www.altominho.tv\/site\/#\/schema\/person\/a0e4ef6d041f98ca284393d8f1d97153"},"description":"Os Bombeiros Volunt\u00e1rios de Ponte de Lima fazem parte do Top 20 da campanha Quartel Eletr\u00e3o.","breadcrumb":{"@id":"https:\/\/www.altominho.tv\/site\/2024\/10\/15\/ponte-de-lima-bombeiros-eletrao\/#breadcrumb"},"inLanguage":"pt-PT","potentialAction":[{"@type":"ReadAction","target":["https:\/\/www.altominho.tv\/site\/2024\/10\/15\/ponte-de-lima-bombeiros-eletrao\/"]}]},{"@type":"ImageObject","inLanguage":"pt-PT","@id":"https:\/\/www.altominho.tv\/site\/2024\/10\/15\/ponte-de-lima-bombeiros-eletrao\/#primaryimage","url":"https:\/\/www.altominho.tv\/site\/wp-content\/uploads\/2024\/10\/quartel_electrao_1_1024_800.png","contentUrl":"https:\/\/www.altominho.tv\/site\/wp-content\/uploads\/2024\/10\/quartel_electrao_1_1024_800.png","width":1024,"height":536},{"@type":"BreadcrumbList","@id":"https:\/\/www.altominho.tv\/site\/2024\/10\/15\/ponte-de-lima-bombeiros-eletrao\/#breadcrumb","itemListElement":[{"@type":"ListItem","position":1,"name":"In\u00edcio","item":"https:\/\/www.altominho.tv\/site\/"},{"@type":"ListItem","position":2,"name":"Bombeiros de Ponte de Lima fazem parte do Top 20 da campanha Quartel Eletr\u00e3o"}]},{"@type":"WebSite","@id":"https:\/\/www.altominho.tv\/site\/#website","url":"https:\/\/www.altominho.tv\/site\/","name":"Altominho.tv","description":"A sua regi\u00e3o \u00e0 dist\u00e2ncia de um clique...","potentialAction":[{"@type":"SearchAction","target":{"@type":"EntryPoint","urlTemplate":"https:\/\/www.altominho.tv\/site\/?s={search_term_string}"},"query-input":{"@type":"PropertyValueSpecification","valueRequired":true,"valueName":"search_term_string"}}],"inLanguage":"pt-PT"},{"@type":"Person","@id":"https:\/\/www.altominho.tv\/site\/#\/schema\/person\/a0e4ef6d041f98ca284393d8f1d97153","name":"Andreia Cunha","image":{"@type":"ImageObject","inLanguage":"pt-PT","@id":"https:\/\/www.altominho.tv\/site\/wp-content\/uploads\/2017\/11\/Andreia_Cunha-1-150x150.jpg","url":"https:\/\/www.altominho.tv\/site\/wp-content\/uploads\/2017\/11\/Andreia_Cunha-1-150x150.jpg","contentUrl":"https:\/\/www.altominho.tv\/site\/wp-content\/uploads\/2017\/11\/Andreia_Cunha-1-150x150.jpg","caption":"Andreia Cunha"},"url":"https:\/\/www.altominho.tv\/site\/author\/andreiacunha\/"}]}},"_links":{"self":[{"href":"https:\/\/www.altominho.tv\/site\/wp-json\/wp\/v2\/posts\/111488","targetHints":{"allow":["GET"]}}],"collection":[{"href":"https:\/\/www.altominho.tv\/site\/wp-json\/wp\/v2\/posts"}],"about":[{"href":"https:\/\/www.altominho.tv\/site\/wp-json\/wp\/v2\/types\/post"}],"author":[{"embeddable":true,"href":"https:\/\/www.altominho.tv\/site\/wp-json\/wp\/v2\/users\/7"}],"replies":[{"embeddable":true,"href":"https:\/\/www.altominho.tv\/site\/wp-json\/wp\/v2\/comments?post=111488"}],"version-history":[{"count":1,"href":"https:\/\/www.altominho.tv\/site\/wp-json\/wp\/v2\/posts\/111488\/revisions"}],"predecessor-version":[{"id":111490,"href":"https:\/\/www.altominho.tv\/site\/wp-json\/wp\/v2\/posts\/111488\/revisions\/111490"}],"wp:featuredmedia":[{"embeddable":true,"href":"https:\/\/www.altominho.tv\/site\/wp-json\/wp\/v2\/media\/111489"}],"wp:attachment":[{"href":"https:\/\/www.altominho.tv\/site\/wp-json\/wp\/v2\/media?parent=111488"}],"wp:term":[{"taxonomy":"category","embeddable":true,"href":"https:\/\/www.altominho.tv\/site\/wp-json\/wp\/v2\/categories?post=111488"},{"taxonomy":"post_tag","embeddable":true,"href":"https:\/\/www.altominho.tv\/site\/wp-json\/wp\/v2\/tags?post=111488"}],"curies":[{"name":"wp","href":"https:\/\/api.w.org\/{rel}","templated":true}]}}