{"id":111484,"date":"2024-10-14T18:12:18","date_gmt":"2024-10-14T17:12:18","guid":{"rendered":"https:\/\/www.altominho.tv\/site\/?p=111484"},"modified":"2024-10-14T18:16:48","modified_gmt":"2024-10-14T17:16:48","slug":"alto-minho-tempo-chuva-2","status":"publish","type":"post","link":"https:\/\/www.altominho.tv\/site\/2024\/10\/14\/alto-minho-tempo-chuva-2\/","title":{"rendered":"Previs\u00f5es apontam para o regresso da chuva esta ter\u00e7a-feira"},"content":{"rendered":"\n<p>Segundo o Instituto Portugu\u00eas do Mar e da Atmosfera, a chuva estar\u00e1 de regresso \u00e0 regi\u00e3o do Alto Minho, esta ter\u00e7a-feira.<\/p>\n\n\n\n<p>As previs\u00f5es do IPMA apontam para o regresso da chuva e temperaturas a rondar os 14\u00ba de m\u00ednima e os 24\u00ba de m\u00e1xima.<\/p>\n\n\n\n<p>A chuva deve manter-se at\u00e9 o final desta semana. <\/p>\n","protected":false},"excerpt":{"rendered":"<p>Segundo o Instituto Portugu\u00eas do Mar e da Atmosfera, a chuva estar\u00e1 de regresso \u00e0 regi\u00e3o do Alto Minho, esta ter\u00e7a-feira. As previs\u00f5es do IPMA apontam para o regresso da chuva e temperaturas a rondar os 14\u00ba de m\u00ednima e os 24\u00ba de m\u00e1xima. A chuva deve manter-se at\u00e9 o final desta semana.<\/p>\n","protected":false},"author":7,"featured_media":111487,"comment_status":"closed","ping_status":"closed","sticky":false,"template":"","format":"standard","meta":{"_exactmetrics_skip_tracking":false,"_exactmetrics_sitenote_active":false,"_exactmetrics_sitenote_note":"","_exactmetrics_sitenote_category":0,"footnotes":""},"categories":[73],"tags":[27],"class_list":["post-111484","post","type-post","status-publish","format-standard","has-post-thumbnail","hentry","category-alto-minho","tag-sociedade"],"yoast_head":"<!-- This site is optimized with the Yoast SEO Premium plugin v27.5 (Yoast SEO v27.5) - https:\/\/yoast.com\/product\/yoast-seo-premium-wordpress\/ -->\n<title>Previs\u00f5es apontam para o regresso da chuva esta ter\u00e7a-feira<\/title>\n<meta name=\"description\" content=\"As previs\u00f5es apontam para o regresso da chuva esta ter\u00e7a-feira, a toda a regi\u00e3o do Alto Minho.\" \/>\n<meta name=\"robots\" content=\"index, follow, max-snippet:-1, max-image-preview:large, max-video-preview:-1\" \/>\n<link rel=\"canonical\" href=\"https:\/\/www.altominho.tv\/site\/2024\/10\/14\/alto-minho-tempo-chuva-2\/\" \/>\n<meta property=\"og:locale\" content=\"pt_PT\" \/>\n<meta property=\"og:type\" content=\"article\" \/>\n<meta property=\"og:title\" content=\"Previs\u00f5es apontam para o regresso da chuva esta ter\u00e7a-feira\" \/>\n<meta property=\"og:description\" content=\"As previs\u00f5es apontam para o regresso da chuva esta ter\u00e7a-feira, a toda a regi\u00e3o do Alto Minho.\" \/>\n<meta property=\"og:url\" content=\"https:\/\/www.altominho.tv\/site\/2024\/10\/14\/alto-minho-tempo-chuva-2\/\" \/>\n<meta property=\"og:site_name\" content=\"Altominho.tv\" \/>\n<meta property=\"article:publisher\" content=\"https:\/\/www.facebook.com\/altominhotv\" \/>\n<meta property=\"article:published_time\" content=\"2024-10-14T17:12:18+00:00\" \/>\n<meta property=\"article:modified_time\" content=\"2024-10-14T17:16:48+00:00\" \/>\n<meta property=\"og:image\" content=\"https:\/\/www.altominho.tv\/site\/wp-content\/uploads\/2024\/10\/chuva-tempo.jpg\" \/>\n\t<meta property=\"og:image:width\" content=\"640\" \/>\n\t<meta property=\"og:image:height\" content=\"424\" \/>\n\t<meta property=\"og:image:type\" content=\"image\/jpeg\" \/>\n<meta name=\"author\" content=\"Andreia Cunha\" \/>\n<meta name=\"twitter:card\" content=\"summary_large_image\" \/>\n<meta name=\"twitter:creator\" content=\"@altominhoTV\" \/>\n<meta name=\"twitter:site\" content=\"@altominhoTV\" \/>\n<meta name=\"twitter:label1\" content=\"Escrito por\" \/>\n\t<meta name=\"twitter:data1\" content=\"Andreia Cunha\" \/>\n\t<meta name=\"twitter:label2\" content=\"Tempo estimado de leitura\" \/>\n\t<meta name=\"twitter:data2\" content=\"1 minuto\" \/>\n<script type=\"application\/ld+json\" class=\"yoast-schema-graph\">{\"@context\":\"https:\\\/\\\/schema.org\",\"@graph\":[{\"@type\":\"Article\",\"@id\":\"https:\\\/\\\/www.altominho.tv\\\/site\\\/2024\\\/10\\\/14\\\/alto-minho-tempo-chuva-2\\\/#article\",\"isPartOf\":{\"@id\":\"https:\\\/\\\/www.altominho.tv\\\/site\\\/2024\\\/10\\\/14\\\/alto-minho-tempo-chuva-2\\\/\"},\"author\":{\"name\":\"Andreia Cunha\",\"@id\":\"https:\\\/\\\/www.altominho.tv\\\/site\\\/#\\\/schema\\\/person\\\/a0e4ef6d041f98ca284393d8f1d97153\"},\"headline\":\"Previs\u00f5es apontam para o regresso da chuva esta ter\u00e7a-feira\",\"datePublished\":\"2024-10-14T17:12:18+00:00\",\"dateModified\":\"2024-10-14T17:16:48+00:00\",\"mainEntityOfPage\":{\"@id\":\"https:\\\/\\\/www.altominho.tv\\\/site\\\/2024\\\/10\\\/14\\\/alto-minho-tempo-chuva-2\\\/\"},\"wordCount\":67,\"image\":{\"@id\":\"https:\\\/\\\/www.altominho.tv\\\/site\\\/2024\\\/10\\\/14\\\/alto-minho-tempo-chuva-2\\\/#primaryimage\"},\"thumbnailUrl\":\"https:\\\/\\\/www.altominho.tv\\\/site\\\/wp-content\\\/uploads\\\/2024\\\/10\\\/chuva-tempo.jpg\",\"keywords\":[\"Sociedade\"],\"articleSection\":[\"Alto Minho\"],\"inLanguage\":\"pt-PT\",\"copyrightYear\":\"2024\",\"copyrightHolder\":{\"@id\":\"https:\\\/\\\/www.altominho.tv\\\/site\\\/#organization\"}},{\"@type\":\"WebPage\",\"@id\":\"https:\\\/\\\/www.altominho.tv\\\/site\\\/2024\\\/10\\\/14\\\/alto-minho-tempo-chuva-2\\\/\",\"url\":\"https:\\\/\\\/www.altominho.tv\\\/site\\\/2024\\\/10\\\/14\\\/alto-minho-tempo-chuva-2\\\/\",\"name\":\"Previs\u00f5es apontam para o regresso da chuva esta ter\u00e7a-feira\",\"isPartOf\":{\"@id\":\"https:\\\/\\\/www.altominho.tv\\\/site\\\/#website\"},\"primaryImageOfPage\":{\"@id\":\"https:\\\/\\\/www.altominho.tv\\\/site\\\/2024\\\/10\\\/14\\\/alto-minho-tempo-chuva-2\\\/#primaryimage\"},\"image\":{\"@id\":\"https:\\\/\\\/www.altominho.tv\\\/site\\\/2024\\\/10\\\/14\\\/alto-minho-tempo-chuva-2\\\/#primaryimage\"},\"thumbnailUrl\":\"https:\\\/\\\/www.altominho.tv\\\/site\\\/wp-content\\\/uploads\\\/2024\\\/10\\\/chuva-tempo.jpg\",\"datePublished\":\"2024-10-14T17:12:18+00:00\",\"dateModified\":\"2024-10-14T17:16:48+00:00\",\"author\":{\"@id\":\"https:\\\/\\\/www.altominho.tv\\\/site\\\/#\\\/schema\\\/person\\\/a0e4ef6d041f98ca284393d8f1d97153\"},\"description\":\"As previs\u00f5es apontam para o regresso da chuva esta ter\u00e7a-feira, a toda a regi\u00e3o do Alto Minho.\",\"breadcrumb\":{\"@id\":\"https:\\\/\\\/www.altominho.tv\\\/site\\\/2024\\\/10\\\/14\\\/alto-minho-tempo-chuva-2\\\/#breadcrumb\"},\"inLanguage\":\"pt-PT\",\"potentialAction\":[{\"@type\":\"ReadAction\",\"target\":[\"https:\\\/\\\/www.altominho.tv\\\/site\\\/2024\\\/10\\\/14\\\/alto-minho-tempo-chuva-2\\\/\"]}]},{\"@type\":\"ImageObject\",\"inLanguage\":\"pt-PT\",\"@id\":\"https:\\\/\\\/www.altominho.tv\\\/site\\\/2024\\\/10\\\/14\\\/alto-minho-tempo-chuva-2\\\/#primaryimage\",\"url\":\"https:\\\/\\\/www.altominho.tv\\\/site\\\/wp-content\\\/uploads\\\/2024\\\/10\\\/chuva-tempo.jpg\",\"contentUrl\":\"https:\\\/\\\/www.altominho.tv\\\/site\\\/wp-content\\\/uploads\\\/2024\\\/10\\\/chuva-tempo.jpg\",\"width\":640,\"height\":424},{\"@type\":\"BreadcrumbList\",\"@id\":\"https:\\\/\\\/www.altominho.tv\\\/site\\\/2024\\\/10\\\/14\\\/alto-minho-tempo-chuva-2\\\/#breadcrumb\",\"itemListElement\":[{\"@type\":\"ListItem\",\"position\":1,\"name\":\"In\u00edcio\",\"item\":\"https:\\\/\\\/www.altominho.tv\\\/site\\\/\"},{\"@type\":\"ListItem\",\"position\":2,\"name\":\"Previs\u00f5es apontam para o regresso da chuva esta ter\u00e7a-feira\"}]},{\"@type\":\"WebSite\",\"@id\":\"https:\\\/\\\/www.altominho.tv\\\/site\\\/#website\",\"url\":\"https:\\\/\\\/www.altominho.tv\\\/site\\\/\",\"name\":\"Altominho.tv\",\"description\":\"A sua regi\u00e3o \u00e0 dist\u00e2ncia de um clique...\",\"potentialAction\":[{\"@type\":\"SearchAction\",\"target\":{\"@type\":\"EntryPoint\",\"urlTemplate\":\"https:\\\/\\\/www.altominho.tv\\\/site\\\/?s={search_term_string}\"},\"query-input\":{\"@type\":\"PropertyValueSpecification\",\"valueRequired\":true,\"valueName\":\"search_term_string\"}}],\"inLanguage\":\"pt-PT\"},{\"@type\":\"Person\",\"@id\":\"https:\\\/\\\/www.altominho.tv\\\/site\\\/#\\\/schema\\\/person\\\/a0e4ef6d041f98ca284393d8f1d97153\",\"name\":\"Andreia Cunha\",\"image\":{\"@type\":\"ImageObject\",\"inLanguage\":\"pt-PT\",\"@id\":\"https:\\\/\\\/www.altominho.tv\\\/site\\\/wp-content\\\/uploads\\\/2017\\\/11\\\/Andreia_Cunha-1-150x150.jpg\",\"url\":\"https:\\\/\\\/www.altominho.tv\\\/site\\\/wp-content\\\/uploads\\\/2017\\\/11\\\/Andreia_Cunha-1-150x150.jpg\",\"contentUrl\":\"https:\\\/\\\/www.altominho.tv\\\/site\\\/wp-content\\\/uploads\\\/2017\\\/11\\\/Andreia_Cunha-1-150x150.jpg\",\"caption\":\"Andreia Cunha\"},\"url\":\"https:\\\/\\\/www.altominho.tv\\\/site\\\/author\\\/andreiacunha\\\/\"}]}<\/script>\n<!-- \/ Yoast SEO Premium plugin. -->","yoast_head_json":{"title":"Previs\u00f5es apontam para o regresso da chuva esta ter\u00e7a-feira","description":"As previs\u00f5es apontam para o regresso da chuva esta ter\u00e7a-feira, a toda a regi\u00e3o do Alto Minho.","robots":{"index":"index","follow":"follow","max-snippet":"max-snippet:-1","max-image-preview":"max-image-preview:large","max-video-preview":"max-video-preview:-1"},"canonical":"https:\/\/www.altominho.tv\/site\/2024\/10\/14\/alto-minho-tempo-chuva-2\/","og_locale":"pt_PT","og_type":"article","og_title":"Previs\u00f5es apontam para o regresso da chuva esta ter\u00e7a-feira","og_description":"As previs\u00f5es apontam para o regresso da chuva esta ter\u00e7a-feira, a toda a regi\u00e3o do Alto Minho.","og_url":"https:\/\/www.altominho.tv\/site\/2024\/10\/14\/alto-minho-tempo-chuva-2\/","og_site_name":"Altominho.tv","article_publisher":"https:\/\/www.facebook.com\/altominhotv","article_published_time":"2024-10-14T17:12:18+00:00","article_modified_time":"2024-10-14T17:16:48+00:00","og_image":[{"width":640,"height":424,"url":"https:\/\/www.altominho.tv\/site\/wp-content\/uploads\/2024\/10\/chuva-tempo.jpg","type":"image\/jpeg"}],"author":"Andreia Cunha","twitter_card":"summary_large_image","twitter_creator":"@altominhoTV","twitter_site":"@altominhoTV","twitter_misc":{"Escrito por":"Andreia Cunha","Tempo estimado de leitura":"1 minuto"},"schema":{"@context":"https:\/\/schema.org","@graph":[{"@type":"Article","@id":"https:\/\/www.altominho.tv\/site\/2024\/10\/14\/alto-minho-tempo-chuva-2\/#article","isPartOf":{"@id":"https:\/\/www.altominho.tv\/site\/2024\/10\/14\/alto-minho-tempo-chuva-2\/"},"author":{"name":"Andreia Cunha","@id":"https:\/\/www.altominho.tv\/site\/#\/schema\/person\/a0e4ef6d041f98ca284393d8f1d97153"},"headline":"Previs\u00f5es apontam para o regresso da chuva esta ter\u00e7a-feira","datePublished":"2024-10-14T17:12:18+00:00","dateModified":"2024-10-14T17:16:48+00:00","mainEntityOfPage":{"@id":"https:\/\/www.altominho.tv\/site\/2024\/10\/14\/alto-minho-tempo-chuva-2\/"},"wordCount":67,"image":{"@id":"https:\/\/www.altominho.tv\/site\/2024\/10\/14\/alto-minho-tempo-chuva-2\/#primaryimage"},"thumbnailUrl":"https:\/\/www.altominho.tv\/site\/wp-content\/uploads\/2024\/10\/chuva-tempo.jpg","keywords":["Sociedade"],"articleSection":["Alto Minho"],"inLanguage":"pt-PT","copyrightYear":"2024","copyrightHolder":{"@id":"https:\/\/www.altominho.tv\/site\/#organization"}},{"@type":"WebPage","@id":"https:\/\/www.altominho.tv\/site\/2024\/10\/14\/alto-minho-tempo-chuva-2\/","url":"https:\/\/www.altominho.tv\/site\/2024\/10\/14\/alto-minho-tempo-chuva-2\/","name":"Previs\u00f5es apontam para o regresso da chuva esta ter\u00e7a-feira","isPartOf":{"@id":"https:\/\/www.altominho.tv\/site\/#website"},"primaryImageOfPage":{"@id":"https:\/\/www.altominho.tv\/site\/2024\/10\/14\/alto-minho-tempo-chuva-2\/#primaryimage"},"image":{"@id":"https:\/\/www.altominho.tv\/site\/2024\/10\/14\/alto-minho-tempo-chuva-2\/#primaryimage"},"thumbnailUrl":"https:\/\/www.altominho.tv\/site\/wp-content\/uploads\/2024\/10\/chuva-tempo.jpg","datePublished":"2024-10-14T17:12:18+00:00","dateModified":"2024-10-14T17:16:48+00:00","author":{"@id":"https:\/\/www.altominho.tv\/site\/#\/schema\/person\/a0e4ef6d041f98ca284393d8f1d97153"},"description":"As previs\u00f5es apontam para o regresso da chuva esta ter\u00e7a-feira, a toda a regi\u00e3o do Alto Minho.","breadcrumb":{"@id":"https:\/\/www.altominho.tv\/site\/2024\/10\/14\/alto-minho-tempo-chuva-2\/#breadcrumb"},"inLanguage":"pt-PT","potentialAction":[{"@type":"ReadAction","target":["https:\/\/www.altominho.tv\/site\/2024\/10\/14\/alto-minho-tempo-chuva-2\/"]}]},{"@type":"ImageObject","inLanguage":"pt-PT","@id":"https:\/\/www.altominho.tv\/site\/2024\/10\/14\/alto-minho-tempo-chuva-2\/#primaryimage","url":"https:\/\/www.altominho.tv\/site\/wp-content\/uploads\/2024\/10\/chuva-tempo.jpg","contentUrl":"https:\/\/www.altominho.tv\/site\/wp-content\/uploads\/2024\/10\/chuva-tempo.jpg","width":640,"height":424},{"@type":"BreadcrumbList","@id":"https:\/\/www.altominho.tv\/site\/2024\/10\/14\/alto-minho-tempo-chuva-2\/#breadcrumb","itemListElement":[{"@type":"ListItem","position":1,"name":"In\u00edcio","item":"https:\/\/www.altominho.tv\/site\/"},{"@type":"ListItem","position":2,"name":"Previs\u00f5es apontam para o regresso da chuva esta ter\u00e7a-feira"}]},{"@type":"WebSite","@id":"https:\/\/www.altominho.tv\/site\/#website","url":"https:\/\/www.altominho.tv\/site\/","name":"Altominho.tv","description":"A sua regi\u00e3o \u00e0 dist\u00e2ncia de um clique...","potentialAction":[{"@type":"SearchAction","target":{"@type":"EntryPoint","urlTemplate":"https:\/\/www.altominho.tv\/site\/?s={search_term_string}"},"query-input":{"@type":"PropertyValueSpecification","valueRequired":true,"valueName":"search_term_string"}}],"inLanguage":"pt-PT"},{"@type":"Person","@id":"https:\/\/www.altominho.tv\/site\/#\/schema\/person\/a0e4ef6d041f98ca284393d8f1d97153","name":"Andreia Cunha","image":{"@type":"ImageObject","inLanguage":"pt-PT","@id":"https:\/\/www.altominho.tv\/site\/wp-content\/uploads\/2017\/11\/Andreia_Cunha-1-150x150.jpg","url":"https:\/\/www.altominho.tv\/site\/wp-content\/uploads\/2017\/11\/Andreia_Cunha-1-150x150.jpg","contentUrl":"https:\/\/www.altominho.tv\/site\/wp-content\/uploads\/2017\/11\/Andreia_Cunha-1-150x150.jpg","caption":"Andreia Cunha"},"url":"https:\/\/www.altominho.tv\/site\/author\/andreiacunha\/"}]}},"_links":{"self":[{"href":"https:\/\/www.altominho.tv\/site\/wp-json\/wp\/v2\/posts\/111484","targetHints":{"allow":["GET"]}}],"collection":[{"href":"https:\/\/www.altominho.tv\/site\/wp-json\/wp\/v2\/posts"}],"about":[{"href":"https:\/\/www.altominho.tv\/site\/wp-json\/wp\/v2\/types\/post"}],"author":[{"embeddable":true,"href":"https:\/\/www.altominho.tv\/site\/wp-json\/wp\/v2\/users\/7"}],"replies":[{"embeddable":true,"href":"https:\/\/www.altominho.tv\/site\/wp-json\/wp\/v2\/comments?post=111484"}],"version-history":[{"count":1,"href":"https:\/\/www.altominho.tv\/site\/wp-json\/wp\/v2\/posts\/111484\/revisions"}],"predecessor-version":[{"id":111486,"href":"https:\/\/www.altominho.tv\/site\/wp-json\/wp\/v2\/posts\/111484\/revisions\/111486"}],"wp:featuredmedia":[{"embeddable":true,"href":"https:\/\/www.altominho.tv\/site\/wp-json\/wp\/v2\/media\/111487"}],"wp:attachment":[{"href":"https:\/\/www.altominho.tv\/site\/wp-json\/wp\/v2\/media?parent=111484"}],"wp:term":[{"taxonomy":"category","embeddable":true,"href":"https:\/\/www.altominho.tv\/site\/wp-json\/wp\/v2\/categories?post=111484"},{"taxonomy":"post_tag","embeddable":true,"href":"https:\/\/www.altominho.tv\/site\/wp-json\/wp\/v2\/tags?post=111484"}],"curies":[{"name":"wp","href":"https:\/\/api.w.org\/{rel}","templated":true}]}}