{"id":111435,"date":"2024-10-13T10:14:51","date_gmt":"2024-10-13T09:14:51","guid":{"rendered":"https:\/\/www.altominho.tv\/site\/?p=111435"},"modified":"2024-10-13T10:15:59","modified_gmt":"2024-10-13T09:15:59","slug":"2-leguas-da-contrasta-coloca-e-valenlca-e-tui-a-correr","status":"publish","type":"post","link":"https:\/\/www.altominho.tv\/site\/2024\/10\/13\/2-leguas-da-contrasta-coloca-e-valenlca-e-tui-a-correr\/","title":{"rendered":"&#8220;2 L\u00e9guas da Contrasta&#8221; coloca e Valen\u00e7a e Tui a correr"},"content":{"rendered":"<p>A segunda edi\u00e7\u00e3o de &#8220;2 L\u00e9guas da Contrasta&#8221; vai colocar Valen\u00e7a e Tui a correr no domingo, 20 de outubro.<\/p>\n<p>A prova vai-se desenvolver em quatro categorias e est\u00e1 aberta a todos os interessados mediante inscri\u00e7\u00e3o pr\u00e9via. O ponto de partida est\u00e1 marcado para a avenida da Juventude, em Valen\u00e7a.<\/p>\n<p>2 L\u00e9guas \u00e9 a prova rainha, com uma dist\u00e2ncia de 10 Kms, para atletas com mais de 18 anos. A sa\u00edda est\u00e1 marcada para as 10h15 da avenida da Juventude. A prova vai desenvolver-se pela avenida de Espanha, ponte centen\u00e1ria internacional, marginal do rio Minho, Centro Interfederado de Remo e Catedral de Tui. Deste ponto encaminha-se novamente para a ponte internacional, em dire\u00e7\u00e3o \u00e0 Fortaleza onde percorrer\u00e1 as principais ruas da zona hist\u00f3rica e terminar\u00e1 na avenida da Juventude. A inscri\u00e7\u00e3o \u00e9 obrigat\u00f3ria e tem um custo de 9 euros.<\/p>\n<p>Mini \u2013 L\u00e9gua est\u00e1 aberta a atletas dos 12 aos 17 anos, tem uma dist\u00e2ncia programada de 1,5 Km\u2019s vai decorrer na zona escolar e desportiva, Urgeira e parte da Ecopista. A sa\u00edda est\u00e1 programada para as 9h30. A inscri\u00e7\u00e3o \u00e9 gratuita, mas obrigat\u00f3ria.<\/p>\n<p>A L\u00e9guazinha est\u00e1 destinada aos mais jovens atletas, com idades entre os 7 e os 11 anos. A sa\u00edda est\u00e1 marcada para as 9h35 e vai ocorrer na Zona Escolar e Desportiva. A inscri\u00e7\u00e3o \u00e9 gratuita, mas obrigat\u00f3ria.<\/p>\n<p>Para o p\u00fablico em geral est\u00e1 programada uma caminhada, com cerca de 5 kms que sair\u00e1 da avenida da Juventude \u00e0s 10h00 que percorrer\u00e1 a avenida de Espanha, ponte internacional e os pontos mais emblem\u00e1ticos da Fortaleza. A inscri\u00e7\u00e3o \u00e9 gratuita, mas obrigat\u00f3ria.<\/p>\n<p>Esta segunda edi\u00e7\u00e3o de \u201c2 L\u00e9guas da Contrasta\u201d ter\u00e1 como madrinhas da prova as conceituadas atletas internacionais de atletismo Manuela Machado e Julia Vaquero.<\/p>\n<p>Os interessados dever\u00e3o fazer a sua inscri\u00e7\u00e3o no site <a href=\"http:\/\/www.2leguascontrasta.pt\/?fbclid=IwZXh0bgNhZW0CMTAAAR1Xm5V2juFWjl75YCrOhLWd_Itvfnxl6PIpWzdpW2uIEAKG8hi37GCLBcU_aem_Ya7MZHLe9oLHaxF-z5lSYw\" target=\"_blank\" rel=\"noopener\">www.2leguascontrasta.pt.<\/a><\/p>\n<p>A iniciativa \u00e9 da Associa\u00e7\u00e3o Desportiva Verdoejense. As provas contar\u00e3o, tamb\u00e9m, com o apoio da C\u00e2mara Municipal de Valen\u00e7a, da Junta de Freguesia de Verdoejo, da Uni\u00e3o de Freguesias de Ar\u00e3o, Valen\u00e7a e Cristelo Covo e do meio empresarial local.<\/p>\n","protected":false},"excerpt":{"rendered":"<p>A segunda edi\u00e7\u00e3o de &#8220;2 L\u00e9guas da Contrasta&#8221; vai colocar Valen\u00e7a e Tui a correr no domingo, 20 de outubro. A prova vai-se desenvolver em quatro categorias e est\u00e1 aberta a todos os interessados mediante inscri\u00e7\u00e3o pr\u00e9via. O ponto de partida est\u00e1 marcado para a avenida da Juventude, em Valen\u00e7a. 2 L\u00e9guas \u00e9 a prova [&hellip;]<\/p>\n","protected":false},"author":1,"featured_media":111436,"comment_status":"closed","ping_status":"closed","sticky":false,"template":"","format":"standard","meta":{"_exactmetrics_skip_tracking":false,"_exactmetrics_sitenote_active":false,"_exactmetrics_sitenote_note":"","_exactmetrics_sitenote_category":0,"footnotes":""},"categories":[13],"tags":[20],"class_list":["post-111435","post","type-post","status-publish","format-standard","has-post-thumbnail","hentry","category-valenca","tag-desporto"],"yoast_head":"<!-- This site is optimized with the Yoast SEO Premium plugin v27.5 (Yoast SEO v27.5) - https:\/\/yoast.com\/product\/yoast-seo-premium-wordpress\/ -->\n<title>&quot;2 L\u00e9guas da Contrasta&quot; coloca e Valen\u00e7a e Tui a correr<\/title>\n<meta name=\"description\" content=\"A segunda edi\u00e7\u00e3o de &quot;2 L\u00e9guas da Contrasta&quot; vai colocar Valen\u00e7a e Tui a correr no domingo, 20 de outubro.\" \/>\n<meta name=\"robots\" content=\"index, follow, max-snippet:-1, max-image-preview:large, max-video-preview:-1\" \/>\n<link rel=\"canonical\" href=\"https:\/\/www.altominho.tv\/site\/2024\/10\/13\/2-leguas-da-contrasta-coloca-e-valenlca-e-tui-a-correr\/\" \/>\n<meta property=\"og:locale\" content=\"pt_PT\" \/>\n<meta property=\"og:type\" content=\"article\" \/>\n<meta property=\"og:title\" content=\"&quot;2 L\u00e9guas da Contrasta&quot; coloca e Valen\u00e7a e Tui a correr\" \/>\n<meta property=\"og:description\" content=\"A segunda edi\u00e7\u00e3o de &quot;2 L\u00e9guas da Contrasta&quot; vai colocar Valen\u00e7a e Tui a correr no domingo, 20 de outubro.\" \/>\n<meta property=\"og:url\" content=\"https:\/\/www.altominho.tv\/site\/2024\/10\/13\/2-leguas-da-contrasta-coloca-e-valenlca-e-tui-a-correr\/\" \/>\n<meta property=\"og:site_name\" content=\"Altominho.tv\" \/>\n<meta property=\"article:publisher\" content=\"https:\/\/www.facebook.com\/altominhotv\" \/>\n<meta property=\"article:published_time\" content=\"2024-10-13T09:14:51+00:00\" \/>\n<meta property=\"article:modified_time\" content=\"2024-10-13T09:15:59+00:00\" \/>\n<meta property=\"og:image\" content=\"https:\/\/www.altominho.tv\/site\/wp-content\/uploads\/2024\/10\/2-leguas-de-contrasta.jpg\" \/>\n\t<meta property=\"og:image:width\" content=\"2000\" \/>\n\t<meta property=\"og:image:height\" content=\"1125\" \/>\n\t<meta property=\"og:image:type\" content=\"image\/jpeg\" \/>\n<meta name=\"author\" content=\"Altominho.tv\" \/>\n<meta name=\"twitter:card\" content=\"summary_large_image\" \/>\n<meta name=\"twitter:creator\" content=\"@altominhoTV\" \/>\n<meta name=\"twitter:site\" content=\"@altominhoTV\" \/>\n<meta name=\"twitter:label1\" content=\"Escrito por\" \/>\n\t<meta name=\"twitter:data1\" content=\"Altominho.tv\" \/>\n\t<meta name=\"twitter:label2\" content=\"Tempo estimado de leitura\" \/>\n\t<meta name=\"twitter:data2\" content=\"3 minutos\" \/>\n<script type=\"application\/ld+json\" class=\"yoast-schema-graph\">{\"@context\":\"https:\\\/\\\/schema.org\",\"@graph\":[{\"@type\":\"Article\",\"@id\":\"https:\\\/\\\/www.altominho.tv\\\/site\\\/2024\\\/10\\\/13\\\/2-leguas-da-contrasta-coloca-e-valenlca-e-tui-a-correr\\\/#article\",\"isPartOf\":{\"@id\":\"https:\\\/\\\/www.altominho.tv\\\/site\\\/2024\\\/10\\\/13\\\/2-leguas-da-contrasta-coloca-e-valenlca-e-tui-a-correr\\\/\"},\"author\":{\"name\":\"Altominho.tv\",\"@id\":\"https:\\\/\\\/www.altominho.tv\\\/site\\\/#\\\/schema\\\/person\\\/4e536851627d7914baf3dac752b6af22\"},\"headline\":\"&#8220;2 L\u00e9guas da Contrasta&#8221; coloca e Valen\u00e7a e Tui a correr\",\"datePublished\":\"2024-10-13T09:14:51+00:00\",\"dateModified\":\"2024-10-13T09:15:59+00:00\",\"mainEntityOfPage\":{\"@id\":\"https:\\\/\\\/www.altominho.tv\\\/site\\\/2024\\\/10\\\/13\\\/2-leguas-da-contrasta-coloca-e-valenlca-e-tui-a-correr\\\/\"},\"wordCount\":372,\"image\":{\"@id\":\"https:\\\/\\\/www.altominho.tv\\\/site\\\/2024\\\/10\\\/13\\\/2-leguas-da-contrasta-coloca-e-valenlca-e-tui-a-correr\\\/#primaryimage\"},\"thumbnailUrl\":\"https:\\\/\\\/www.altominho.tv\\\/site\\\/wp-content\\\/uploads\\\/2024\\\/10\\\/2-leguas-de-contrasta.jpg\",\"keywords\":[\"Desporto\"],\"articleSection\":[\"Valen\u00e7a\"],\"inLanguage\":\"pt-PT\",\"copyrightYear\":\"2024\",\"copyrightHolder\":{\"@id\":\"https:\\\/\\\/www.altominho.tv\\\/site\\\/#organization\"}},{\"@type\":\"WebPage\",\"@id\":\"https:\\\/\\\/www.altominho.tv\\\/site\\\/2024\\\/10\\\/13\\\/2-leguas-da-contrasta-coloca-e-valenlca-e-tui-a-correr\\\/\",\"url\":\"https:\\\/\\\/www.altominho.tv\\\/site\\\/2024\\\/10\\\/13\\\/2-leguas-da-contrasta-coloca-e-valenlca-e-tui-a-correr\\\/\",\"name\":\"\\\"2 L\u00e9guas da Contrasta\\\" coloca e Valen\u00e7a e Tui a correr\",\"isPartOf\":{\"@id\":\"https:\\\/\\\/www.altominho.tv\\\/site\\\/#website\"},\"primaryImageOfPage\":{\"@id\":\"https:\\\/\\\/www.altominho.tv\\\/site\\\/2024\\\/10\\\/13\\\/2-leguas-da-contrasta-coloca-e-valenlca-e-tui-a-correr\\\/#primaryimage\"},\"image\":{\"@id\":\"https:\\\/\\\/www.altominho.tv\\\/site\\\/2024\\\/10\\\/13\\\/2-leguas-da-contrasta-coloca-e-valenlca-e-tui-a-correr\\\/#primaryimage\"},\"thumbnailUrl\":\"https:\\\/\\\/www.altominho.tv\\\/site\\\/wp-content\\\/uploads\\\/2024\\\/10\\\/2-leguas-de-contrasta.jpg\",\"datePublished\":\"2024-10-13T09:14:51+00:00\",\"dateModified\":\"2024-10-13T09:15:59+00:00\",\"author\":{\"@id\":\"https:\\\/\\\/www.altominho.tv\\\/site\\\/#\\\/schema\\\/person\\\/4e536851627d7914baf3dac752b6af22\"},\"description\":\"A segunda edi\u00e7\u00e3o de \\\"2 L\u00e9guas da Contrasta\\\" vai colocar Valen\u00e7a e Tui a correr no domingo, 20 de outubro.\",\"breadcrumb\":{\"@id\":\"https:\\\/\\\/www.altominho.tv\\\/site\\\/2024\\\/10\\\/13\\\/2-leguas-da-contrasta-coloca-e-valenlca-e-tui-a-correr\\\/#breadcrumb\"},\"inLanguage\":\"pt-PT\",\"potentialAction\":[{\"@type\":\"ReadAction\",\"target\":[\"https:\\\/\\\/www.altominho.tv\\\/site\\\/2024\\\/10\\\/13\\\/2-leguas-da-contrasta-coloca-e-valenlca-e-tui-a-correr\\\/\"]}]},{\"@type\":\"ImageObject\",\"inLanguage\":\"pt-PT\",\"@id\":\"https:\\\/\\\/www.altominho.tv\\\/site\\\/2024\\\/10\\\/13\\\/2-leguas-da-contrasta-coloca-e-valenlca-e-tui-a-correr\\\/#primaryimage\",\"url\":\"https:\\\/\\\/www.altominho.tv\\\/site\\\/wp-content\\\/uploads\\\/2024\\\/10\\\/2-leguas-de-contrasta.jpg\",\"contentUrl\":\"https:\\\/\\\/www.altominho.tv\\\/site\\\/wp-content\\\/uploads\\\/2024\\\/10\\\/2-leguas-de-contrasta.jpg\",\"width\":2000,\"height\":1125},{\"@type\":\"BreadcrumbList\",\"@id\":\"https:\\\/\\\/www.altominho.tv\\\/site\\\/2024\\\/10\\\/13\\\/2-leguas-da-contrasta-coloca-e-valenlca-e-tui-a-correr\\\/#breadcrumb\",\"itemListElement\":[{\"@type\":\"ListItem\",\"position\":1,\"name\":\"In\u00edcio\",\"item\":\"https:\\\/\\\/www.altominho.tv\\\/site\\\/\"},{\"@type\":\"ListItem\",\"position\":2,\"name\":\"&#8220;2 L\u00e9guas da Contrasta&#8221; coloca e Valen\u00e7a e Tui a correr\"}]},{\"@type\":\"WebSite\",\"@id\":\"https:\\\/\\\/www.altominho.tv\\\/site\\\/#website\",\"url\":\"https:\\\/\\\/www.altominho.tv\\\/site\\\/\",\"name\":\"Altominho.tv\",\"description\":\"A sua regi\u00e3o \u00e0 dist\u00e2ncia de um clique...\",\"potentialAction\":[{\"@type\":\"SearchAction\",\"target\":{\"@type\":\"EntryPoint\",\"urlTemplate\":\"https:\\\/\\\/www.altominho.tv\\\/site\\\/?s={search_term_string}\"},\"query-input\":{\"@type\":\"PropertyValueSpecification\",\"valueRequired\":true,\"valueName\":\"search_term_string\"}}],\"inLanguage\":\"pt-PT\"},{\"@type\":\"Person\",\"@id\":\"https:\\\/\\\/www.altominho.tv\\\/site\\\/#\\\/schema\\\/person\\\/4e536851627d7914baf3dac752b6af22\",\"name\":\"Altominho.tv\",\"image\":{\"@type\":\"ImageObject\",\"inLanguage\":\"pt-PT\",\"@id\":\"https:\\\/\\\/www.altominho.tv\\\/site\\\/wp-content\\\/uploads\\\/2019\\\/11\\\/Logo_Avatar_2-150x150.jpg\",\"url\":\"https:\\\/\\\/www.altominho.tv\\\/site\\\/wp-content\\\/uploads\\\/2019\\\/11\\\/Logo_Avatar_2-150x150.jpg\",\"contentUrl\":\"https:\\\/\\\/www.altominho.tv\\\/site\\\/wp-content\\\/uploads\\\/2019\\\/11\\\/Logo_Avatar_2-150x150.jpg\",\"caption\":\"Altominho.tv\"},\"url\":\"https:\\\/\\\/www.altominho.tv\\\/site\\\/author\\\/altominhotv-tecnico\\\/\"}]}<\/script>\n<!-- \/ Yoast SEO Premium plugin. -->","yoast_head_json":{"title":"\"2 L\u00e9guas da Contrasta\" coloca e Valen\u00e7a e Tui a correr","description":"A segunda edi\u00e7\u00e3o de \"2 L\u00e9guas da Contrasta\" vai colocar Valen\u00e7a e Tui a correr no domingo, 20 de outubro.","robots":{"index":"index","follow":"follow","max-snippet":"max-snippet:-1","max-image-preview":"max-image-preview:large","max-video-preview":"max-video-preview:-1"},"canonical":"https:\/\/www.altominho.tv\/site\/2024\/10\/13\/2-leguas-da-contrasta-coloca-e-valenlca-e-tui-a-correr\/","og_locale":"pt_PT","og_type":"article","og_title":"\"2 L\u00e9guas da Contrasta\" coloca e Valen\u00e7a e Tui a correr","og_description":"A segunda edi\u00e7\u00e3o de \"2 L\u00e9guas da Contrasta\" vai colocar Valen\u00e7a e Tui a correr no domingo, 20 de outubro.","og_url":"https:\/\/www.altominho.tv\/site\/2024\/10\/13\/2-leguas-da-contrasta-coloca-e-valenlca-e-tui-a-correr\/","og_site_name":"Altominho.tv","article_publisher":"https:\/\/www.facebook.com\/altominhotv","article_published_time":"2024-10-13T09:14:51+00:00","article_modified_time":"2024-10-13T09:15:59+00:00","og_image":[{"width":2000,"height":1125,"url":"https:\/\/www.altominho.tv\/site\/wp-content\/uploads\/2024\/10\/2-leguas-de-contrasta.jpg","type":"image\/jpeg"}],"author":"Altominho.tv","twitter_card":"summary_large_image","twitter_creator":"@altominhoTV","twitter_site":"@altominhoTV","twitter_misc":{"Escrito por":"Altominho.tv","Tempo estimado de leitura":"3 minutos"},"schema":{"@context":"https:\/\/schema.org","@graph":[{"@type":"Article","@id":"https:\/\/www.altominho.tv\/site\/2024\/10\/13\/2-leguas-da-contrasta-coloca-e-valenlca-e-tui-a-correr\/#article","isPartOf":{"@id":"https:\/\/www.altominho.tv\/site\/2024\/10\/13\/2-leguas-da-contrasta-coloca-e-valenlca-e-tui-a-correr\/"},"author":{"name":"Altominho.tv","@id":"https:\/\/www.altominho.tv\/site\/#\/schema\/person\/4e536851627d7914baf3dac752b6af22"},"headline":"&#8220;2 L\u00e9guas da Contrasta&#8221; coloca e Valen\u00e7a e Tui a correr","datePublished":"2024-10-13T09:14:51+00:00","dateModified":"2024-10-13T09:15:59+00:00","mainEntityOfPage":{"@id":"https:\/\/www.altominho.tv\/site\/2024\/10\/13\/2-leguas-da-contrasta-coloca-e-valenlca-e-tui-a-correr\/"},"wordCount":372,"image":{"@id":"https:\/\/www.altominho.tv\/site\/2024\/10\/13\/2-leguas-da-contrasta-coloca-e-valenlca-e-tui-a-correr\/#primaryimage"},"thumbnailUrl":"https:\/\/www.altominho.tv\/site\/wp-content\/uploads\/2024\/10\/2-leguas-de-contrasta.jpg","keywords":["Desporto"],"articleSection":["Valen\u00e7a"],"inLanguage":"pt-PT","copyrightYear":"2024","copyrightHolder":{"@id":"https:\/\/www.altominho.tv\/site\/#organization"}},{"@type":"WebPage","@id":"https:\/\/www.altominho.tv\/site\/2024\/10\/13\/2-leguas-da-contrasta-coloca-e-valenlca-e-tui-a-correr\/","url":"https:\/\/www.altominho.tv\/site\/2024\/10\/13\/2-leguas-da-contrasta-coloca-e-valenlca-e-tui-a-correr\/","name":"\"2 L\u00e9guas da Contrasta\" coloca e Valen\u00e7a e Tui a correr","isPartOf":{"@id":"https:\/\/www.altominho.tv\/site\/#website"},"primaryImageOfPage":{"@id":"https:\/\/www.altominho.tv\/site\/2024\/10\/13\/2-leguas-da-contrasta-coloca-e-valenlca-e-tui-a-correr\/#primaryimage"},"image":{"@id":"https:\/\/www.altominho.tv\/site\/2024\/10\/13\/2-leguas-da-contrasta-coloca-e-valenlca-e-tui-a-correr\/#primaryimage"},"thumbnailUrl":"https:\/\/www.altominho.tv\/site\/wp-content\/uploads\/2024\/10\/2-leguas-de-contrasta.jpg","datePublished":"2024-10-13T09:14:51+00:00","dateModified":"2024-10-13T09:15:59+00:00","author":{"@id":"https:\/\/www.altominho.tv\/site\/#\/schema\/person\/4e536851627d7914baf3dac752b6af22"},"description":"A segunda edi\u00e7\u00e3o de \"2 L\u00e9guas da Contrasta\" vai colocar Valen\u00e7a e Tui a correr no domingo, 20 de outubro.","breadcrumb":{"@id":"https:\/\/www.altominho.tv\/site\/2024\/10\/13\/2-leguas-da-contrasta-coloca-e-valenlca-e-tui-a-correr\/#breadcrumb"},"inLanguage":"pt-PT","potentialAction":[{"@type":"ReadAction","target":["https:\/\/www.altominho.tv\/site\/2024\/10\/13\/2-leguas-da-contrasta-coloca-e-valenlca-e-tui-a-correr\/"]}]},{"@type":"ImageObject","inLanguage":"pt-PT","@id":"https:\/\/www.altominho.tv\/site\/2024\/10\/13\/2-leguas-da-contrasta-coloca-e-valenlca-e-tui-a-correr\/#primaryimage","url":"https:\/\/www.altominho.tv\/site\/wp-content\/uploads\/2024\/10\/2-leguas-de-contrasta.jpg","contentUrl":"https:\/\/www.altominho.tv\/site\/wp-content\/uploads\/2024\/10\/2-leguas-de-contrasta.jpg","width":2000,"height":1125},{"@type":"BreadcrumbList","@id":"https:\/\/www.altominho.tv\/site\/2024\/10\/13\/2-leguas-da-contrasta-coloca-e-valenlca-e-tui-a-correr\/#breadcrumb","itemListElement":[{"@type":"ListItem","position":1,"name":"In\u00edcio","item":"https:\/\/www.altominho.tv\/site\/"},{"@type":"ListItem","position":2,"name":"&#8220;2 L\u00e9guas da Contrasta&#8221; coloca e Valen\u00e7a e Tui a correr"}]},{"@type":"WebSite","@id":"https:\/\/www.altominho.tv\/site\/#website","url":"https:\/\/www.altominho.tv\/site\/","name":"Altominho.tv","description":"A sua regi\u00e3o \u00e0 dist\u00e2ncia de um clique...","potentialAction":[{"@type":"SearchAction","target":{"@type":"EntryPoint","urlTemplate":"https:\/\/www.altominho.tv\/site\/?s={search_term_string}"},"query-input":{"@type":"PropertyValueSpecification","valueRequired":true,"valueName":"search_term_string"}}],"inLanguage":"pt-PT"},{"@type":"Person","@id":"https:\/\/www.altominho.tv\/site\/#\/schema\/person\/4e536851627d7914baf3dac752b6af22","name":"Altominho.tv","image":{"@type":"ImageObject","inLanguage":"pt-PT","@id":"https:\/\/www.altominho.tv\/site\/wp-content\/uploads\/2019\/11\/Logo_Avatar_2-150x150.jpg","url":"https:\/\/www.altominho.tv\/site\/wp-content\/uploads\/2019\/11\/Logo_Avatar_2-150x150.jpg","contentUrl":"https:\/\/www.altominho.tv\/site\/wp-content\/uploads\/2019\/11\/Logo_Avatar_2-150x150.jpg","caption":"Altominho.tv"},"url":"https:\/\/www.altominho.tv\/site\/author\/altominhotv-tecnico\/"}]}},"_links":{"self":[{"href":"https:\/\/www.altominho.tv\/site\/wp-json\/wp\/v2\/posts\/111435","targetHints":{"allow":["GET"]}}],"collection":[{"href":"https:\/\/www.altominho.tv\/site\/wp-json\/wp\/v2\/posts"}],"about":[{"href":"https:\/\/www.altominho.tv\/site\/wp-json\/wp\/v2\/types\/post"}],"author":[{"embeddable":true,"href":"https:\/\/www.altominho.tv\/site\/wp-json\/wp\/v2\/users\/1"}],"replies":[{"embeddable":true,"href":"https:\/\/www.altominho.tv\/site\/wp-json\/wp\/v2\/comments?post=111435"}],"version-history":[{"count":2,"href":"https:\/\/www.altominho.tv\/site\/wp-json\/wp\/v2\/posts\/111435\/revisions"}],"predecessor-version":[{"id":111438,"href":"https:\/\/www.altominho.tv\/site\/wp-json\/wp\/v2\/posts\/111435\/revisions\/111438"}],"wp:featuredmedia":[{"embeddable":true,"href":"https:\/\/www.altominho.tv\/site\/wp-json\/wp\/v2\/media\/111436"}],"wp:attachment":[{"href":"https:\/\/www.altominho.tv\/site\/wp-json\/wp\/v2\/media?parent=111435"}],"wp:term":[{"taxonomy":"category","embeddable":true,"href":"https:\/\/www.altominho.tv\/site\/wp-json\/wp\/v2\/categories?post=111435"},{"taxonomy":"post_tag","embeddable":true,"href":"https:\/\/www.altominho.tv\/site\/wp-json\/wp\/v2\/tags?post=111435"}],"curies":[{"name":"wp","href":"https:\/\/api.w.org\/{rel}","templated":true}]}}