{"id":111375,"date":"2024-10-10T16:03:10","date_gmt":"2024-10-10T15:03:10","guid":{"rendered":"https:\/\/www.altominho.tv\/site\/?p=111375"},"modified":"2024-10-10T16:03:12","modified_gmt":"2024-10-10T15:03:12","slug":"viana-do-castelo-gastronomia-petiscos","status":"publish","type":"post","link":"https:\/\/www.altominho.tv\/site\/2024\/10\/10\/viana-do-castelo-gastronomia-petiscos\/","title":{"rendered":"Festival de Sopas e Petiscos est\u00e1 de regresso esta sexta e s\u00e1bado a Vila Nova de Anha"},"content":{"rendered":"\n<p>O Festival de Sopas e Petiscos est\u00e1 de regresso a Vila Nova de Anha, em Viana do Castelo, na pr\u00f3xima sexta e s\u00e1bado.<\/p>\n\n\n\n<p>Esta \u00e9 a segunda edi\u00e7\u00e3o do evento.<\/p>\n\n\n\n<p>A organiza\u00e7\u00e3o deu nota que &#8220;na pr\u00f3xima sexta-feira e s\u00e1bado, dias 11 e 12 de outubro, visite a Freguesia de Vila Nova de Anha e delicie-se com as propostas do nosso movimento associativo&#8221;.<\/p>\n\n\n\n<p>Sopas e petiscos, uma desfolhada tradicional, workshops e anima\u00e7\u00e3o musical fazem parte do programa.<\/p>\n\n\n\n<figure class=\"wp-block-image size-full\"><img loading=\"lazy\" decoding=\"async\" width=\"492\" height=\"488\" src=\"https:\/\/www.altominho.tv\/site\/wp-content\/uploads\/2024\/10\/Captura-de-Ecra-30.png\" alt=\"\" class=\"wp-image-111376\" srcset=\"https:\/\/www.altominho.tv\/site\/wp-content\/uploads\/2024\/10\/Captura-de-Ecra-30.png 492w, https:\/\/www.altominho.tv\/site\/wp-content\/uploads\/2024\/10\/Captura-de-Ecra-30-437x433.png 437w, https:\/\/www.altominho.tv\/site\/wp-content\/uploads\/2024\/10\/Captura-de-Ecra-30-150x150.png 150w, https:\/\/www.altominho.tv\/site\/wp-content\/uploads\/2024\/10\/Captura-de-Ecra-30-370x367.png 370w, https:\/\/www.altominho.tv\/site\/wp-content\/uploads\/2024\/10\/Captura-de-Ecra-30-270x268.png 270w\" sizes=\"auto, (max-width: 492px) 100vw, 492px\" \/><\/figure>\n","protected":false},"excerpt":{"rendered":"<p>O Festival de Sopas e Petiscos est\u00e1 de regresso a Vila Nova de Anha, em Viana do Castelo, na pr\u00f3xima sexta e s\u00e1bado. Esta \u00e9 a segunda edi\u00e7\u00e3o do evento. A organiza\u00e7\u00e3o deu nota que &#8220;na pr\u00f3xima sexta-feira e s\u00e1bado, dias 11 e 12 de outubro, visite a Freguesia de Vila Nova de Anha e [&hellip;]<\/p>\n","protected":false},"author":7,"featured_media":111377,"comment_status":"closed","ping_status":"closed","sticky":false,"template":"","format":"standard","meta":{"_exactmetrics_skip_tracking":false,"_exactmetrics_sitenote_active":false,"_exactmetrics_sitenote_note":"","_exactmetrics_sitenote_category":0,"footnotes":""},"categories":[14],"tags":[81],"class_list":["post-111375","post","type-post","status-publish","format-standard","has-post-thumbnail","hentry","category-viana-do-castelo","tag-gastronomia"],"yoast_head":"<!-- This site is optimized with the Yoast SEO Premium plugin v27.4 (Yoast SEO v27.4) - https:\/\/yoast.com\/product\/yoast-seo-premium-wordpress\/ -->\n<title>Festival de Sopas e Petiscos est\u00e1 de regresso esta sexta e s\u00e1bado a Vila Nova de Anha<\/title>\n<meta name=\"description\" content=\"O Festival de Sopas e Petiscos est\u00e1 de regresso este fim de semana a Vila Nova de Anha, em Viana do Castelo.\" \/>\n<meta name=\"robots\" content=\"index, follow, max-snippet:-1, max-image-preview:large, max-video-preview:-1\" \/>\n<link rel=\"canonical\" href=\"https:\/\/www.altominho.tv\/site\/2024\/10\/10\/viana-do-castelo-gastronomia-petiscos\/\" \/>\n<meta property=\"og:locale\" content=\"pt_PT\" \/>\n<meta property=\"og:type\" content=\"article\" \/>\n<meta property=\"og:title\" content=\"Festival de Sopas e Petiscos est\u00e1 de regresso esta sexta e s\u00e1bado a Vila Nova de Anha\" \/>\n<meta property=\"og:description\" content=\"O Festival de Sopas e Petiscos est\u00e1 de regresso este fim de semana a Vila Nova de Anha, em Viana do Castelo.\" \/>\n<meta property=\"og:url\" content=\"https:\/\/www.altominho.tv\/site\/2024\/10\/10\/viana-do-castelo-gastronomia-petiscos\/\" \/>\n<meta property=\"og:site_name\" content=\"Altominho.tv\" \/>\n<meta property=\"article:publisher\" content=\"https:\/\/www.facebook.com\/altominhotv\" \/>\n<meta property=\"article:published_time\" content=\"2024-10-10T15:03:10+00:00\" \/>\n<meta property=\"article:modified_time\" content=\"2024-10-10T15:03:12+00:00\" \/>\n<meta property=\"og:image\" content=\"https:\/\/www.altominho.tv\/site\/wp-content\/uploads\/2024\/10\/sopas.jpg\" \/>\n\t<meta property=\"og:image:width\" content=\"700\" \/>\n\t<meta property=\"og:image:height\" content=\"474\" \/>\n\t<meta property=\"og:image:type\" content=\"image\/jpeg\" \/>\n<meta name=\"author\" content=\"Andreia Cunha\" \/>\n<meta name=\"twitter:card\" content=\"summary_large_image\" \/>\n<meta name=\"twitter:creator\" content=\"@altominhoTV\" \/>\n<meta name=\"twitter:site\" content=\"@altominhoTV\" \/>\n<meta name=\"twitter:label1\" content=\"Escrito por\" \/>\n\t<meta name=\"twitter:data1\" content=\"Andreia Cunha\" \/>\n\t<meta name=\"twitter:label2\" content=\"Tempo estimado de leitura\" \/>\n\t<meta name=\"twitter:data2\" content=\"1 minuto\" \/>\n<script type=\"application\/ld+json\" class=\"yoast-schema-graph\">{\"@context\":\"https:\\\/\\\/schema.org\",\"@graph\":[{\"@type\":\"Article\",\"@id\":\"https:\\\/\\\/www.altominho.tv\\\/site\\\/2024\\\/10\\\/10\\\/viana-do-castelo-gastronomia-petiscos\\\/#article\",\"isPartOf\":{\"@id\":\"https:\\\/\\\/www.altominho.tv\\\/site\\\/2024\\\/10\\\/10\\\/viana-do-castelo-gastronomia-petiscos\\\/\"},\"author\":{\"name\":\"Andreia Cunha\",\"@id\":\"https:\\\/\\\/www.altominho.tv\\\/site\\\/#\\\/schema\\\/person\\\/a0e4ef6d041f98ca284393d8f1d97153\"},\"headline\":\"Festival de Sopas e Petiscos est\u00e1 de regresso esta sexta e s\u00e1bado a Vila Nova de Anha\",\"datePublished\":\"2024-10-10T15:03:10+00:00\",\"dateModified\":\"2024-10-10T15:03:12+00:00\",\"mainEntityOfPage\":{\"@id\":\"https:\\\/\\\/www.altominho.tv\\\/site\\\/2024\\\/10\\\/10\\\/viana-do-castelo-gastronomia-petiscos\\\/\"},\"wordCount\":99,\"image\":{\"@id\":\"https:\\\/\\\/www.altominho.tv\\\/site\\\/2024\\\/10\\\/10\\\/viana-do-castelo-gastronomia-petiscos\\\/#primaryimage\"},\"thumbnailUrl\":\"https:\\\/\\\/www.altominho.tv\\\/site\\\/wp-content\\\/uploads\\\/2024\\\/10\\\/sopas.jpg\",\"keywords\":[\"Gastronomia\"],\"articleSection\":[\"Viana do Castelo\"],\"inLanguage\":\"pt-PT\",\"copyrightYear\":\"2024\",\"copyrightHolder\":{\"@id\":\"https:\\\/\\\/www.altominho.tv\\\/site\\\/#organization\"}},{\"@type\":\"WebPage\",\"@id\":\"https:\\\/\\\/www.altominho.tv\\\/site\\\/2024\\\/10\\\/10\\\/viana-do-castelo-gastronomia-petiscos\\\/\",\"url\":\"https:\\\/\\\/www.altominho.tv\\\/site\\\/2024\\\/10\\\/10\\\/viana-do-castelo-gastronomia-petiscos\\\/\",\"name\":\"Festival de Sopas e Petiscos est\u00e1 de regresso esta sexta e s\u00e1bado a Vila Nova de Anha\",\"isPartOf\":{\"@id\":\"https:\\\/\\\/www.altominho.tv\\\/site\\\/#website\"},\"primaryImageOfPage\":{\"@id\":\"https:\\\/\\\/www.altominho.tv\\\/site\\\/2024\\\/10\\\/10\\\/viana-do-castelo-gastronomia-petiscos\\\/#primaryimage\"},\"image\":{\"@id\":\"https:\\\/\\\/www.altominho.tv\\\/site\\\/2024\\\/10\\\/10\\\/viana-do-castelo-gastronomia-petiscos\\\/#primaryimage\"},\"thumbnailUrl\":\"https:\\\/\\\/www.altominho.tv\\\/site\\\/wp-content\\\/uploads\\\/2024\\\/10\\\/sopas.jpg\",\"datePublished\":\"2024-10-10T15:03:10+00:00\",\"dateModified\":\"2024-10-10T15:03:12+00:00\",\"author\":{\"@id\":\"https:\\\/\\\/www.altominho.tv\\\/site\\\/#\\\/schema\\\/person\\\/a0e4ef6d041f98ca284393d8f1d97153\"},\"description\":\"O Festival de Sopas e Petiscos est\u00e1 de regresso este fim de semana a Vila Nova de Anha, em Viana do Castelo.\",\"breadcrumb\":{\"@id\":\"https:\\\/\\\/www.altominho.tv\\\/site\\\/2024\\\/10\\\/10\\\/viana-do-castelo-gastronomia-petiscos\\\/#breadcrumb\"},\"inLanguage\":\"pt-PT\",\"potentialAction\":[{\"@type\":\"ReadAction\",\"target\":[\"https:\\\/\\\/www.altominho.tv\\\/site\\\/2024\\\/10\\\/10\\\/viana-do-castelo-gastronomia-petiscos\\\/\"]}]},{\"@type\":\"ImageObject\",\"inLanguage\":\"pt-PT\",\"@id\":\"https:\\\/\\\/www.altominho.tv\\\/site\\\/2024\\\/10\\\/10\\\/viana-do-castelo-gastronomia-petiscos\\\/#primaryimage\",\"url\":\"https:\\\/\\\/www.altominho.tv\\\/site\\\/wp-content\\\/uploads\\\/2024\\\/10\\\/sopas.jpg\",\"contentUrl\":\"https:\\\/\\\/www.altominho.tv\\\/site\\\/wp-content\\\/uploads\\\/2024\\\/10\\\/sopas.jpg\",\"width\":700,\"height\":474,\"caption\":\"Imagem Ilustrativa\"},{\"@type\":\"BreadcrumbList\",\"@id\":\"https:\\\/\\\/www.altominho.tv\\\/site\\\/2024\\\/10\\\/10\\\/viana-do-castelo-gastronomia-petiscos\\\/#breadcrumb\",\"itemListElement\":[{\"@type\":\"ListItem\",\"position\":1,\"name\":\"In\u00edcio\",\"item\":\"https:\\\/\\\/www.altominho.tv\\\/site\\\/\"},{\"@type\":\"ListItem\",\"position\":2,\"name\":\"Festival de Sopas e Petiscos est\u00e1 de regresso esta sexta e s\u00e1bado a Vila Nova de Anha\"}]},{\"@type\":\"WebSite\",\"@id\":\"https:\\\/\\\/www.altominho.tv\\\/site\\\/#website\",\"url\":\"https:\\\/\\\/www.altominho.tv\\\/site\\\/\",\"name\":\"Altominho.tv\",\"description\":\"A sua regi\u00e3o \u00e0 dist\u00e2ncia de um clique...\",\"potentialAction\":[{\"@type\":\"SearchAction\",\"target\":{\"@type\":\"EntryPoint\",\"urlTemplate\":\"https:\\\/\\\/www.altominho.tv\\\/site\\\/?s={search_term_string}\"},\"query-input\":{\"@type\":\"PropertyValueSpecification\",\"valueRequired\":true,\"valueName\":\"search_term_string\"}}],\"inLanguage\":\"pt-PT\"},{\"@type\":\"Person\",\"@id\":\"https:\\\/\\\/www.altominho.tv\\\/site\\\/#\\\/schema\\\/person\\\/a0e4ef6d041f98ca284393d8f1d97153\",\"name\":\"Andreia Cunha\",\"image\":{\"@type\":\"ImageObject\",\"inLanguage\":\"pt-PT\",\"@id\":\"https:\\\/\\\/www.altominho.tv\\\/site\\\/wp-content\\\/uploads\\\/2017\\\/11\\\/Andreia_Cunha-1-150x150.jpg\",\"url\":\"https:\\\/\\\/www.altominho.tv\\\/site\\\/wp-content\\\/uploads\\\/2017\\\/11\\\/Andreia_Cunha-1-150x150.jpg\",\"contentUrl\":\"https:\\\/\\\/www.altominho.tv\\\/site\\\/wp-content\\\/uploads\\\/2017\\\/11\\\/Andreia_Cunha-1-150x150.jpg\",\"caption\":\"Andreia Cunha\"},\"url\":\"https:\\\/\\\/www.altominho.tv\\\/site\\\/author\\\/andreiacunha\\\/\"}]}<\/script>\n<!-- \/ Yoast SEO Premium plugin. -->","yoast_head_json":{"title":"Festival de Sopas e Petiscos est\u00e1 de regresso esta sexta e s\u00e1bado a Vila Nova de Anha","description":"O Festival de Sopas e Petiscos est\u00e1 de regresso este fim de semana a Vila Nova de Anha, em Viana do Castelo.","robots":{"index":"index","follow":"follow","max-snippet":"max-snippet:-1","max-image-preview":"max-image-preview:large","max-video-preview":"max-video-preview:-1"},"canonical":"https:\/\/www.altominho.tv\/site\/2024\/10\/10\/viana-do-castelo-gastronomia-petiscos\/","og_locale":"pt_PT","og_type":"article","og_title":"Festival de Sopas e Petiscos est\u00e1 de regresso esta sexta e s\u00e1bado a Vila Nova de Anha","og_description":"O Festival de Sopas e Petiscos est\u00e1 de regresso este fim de semana a Vila Nova de Anha, em Viana do Castelo.","og_url":"https:\/\/www.altominho.tv\/site\/2024\/10\/10\/viana-do-castelo-gastronomia-petiscos\/","og_site_name":"Altominho.tv","article_publisher":"https:\/\/www.facebook.com\/altominhotv","article_published_time":"2024-10-10T15:03:10+00:00","article_modified_time":"2024-10-10T15:03:12+00:00","og_image":[{"width":700,"height":474,"url":"https:\/\/www.altominho.tv\/site\/wp-content\/uploads\/2024\/10\/sopas.jpg","type":"image\/jpeg"}],"author":"Andreia Cunha","twitter_card":"summary_large_image","twitter_creator":"@altominhoTV","twitter_site":"@altominhoTV","twitter_misc":{"Escrito por":"Andreia Cunha","Tempo estimado de leitura":"1 minuto"},"schema":{"@context":"https:\/\/schema.org","@graph":[{"@type":"Article","@id":"https:\/\/www.altominho.tv\/site\/2024\/10\/10\/viana-do-castelo-gastronomia-petiscos\/#article","isPartOf":{"@id":"https:\/\/www.altominho.tv\/site\/2024\/10\/10\/viana-do-castelo-gastronomia-petiscos\/"},"author":{"name":"Andreia Cunha","@id":"https:\/\/www.altominho.tv\/site\/#\/schema\/person\/a0e4ef6d041f98ca284393d8f1d97153"},"headline":"Festival de Sopas e Petiscos est\u00e1 de regresso esta sexta e s\u00e1bado a Vila Nova de Anha","datePublished":"2024-10-10T15:03:10+00:00","dateModified":"2024-10-10T15:03:12+00:00","mainEntityOfPage":{"@id":"https:\/\/www.altominho.tv\/site\/2024\/10\/10\/viana-do-castelo-gastronomia-petiscos\/"},"wordCount":99,"image":{"@id":"https:\/\/www.altominho.tv\/site\/2024\/10\/10\/viana-do-castelo-gastronomia-petiscos\/#primaryimage"},"thumbnailUrl":"https:\/\/www.altominho.tv\/site\/wp-content\/uploads\/2024\/10\/sopas.jpg","keywords":["Gastronomia"],"articleSection":["Viana do Castelo"],"inLanguage":"pt-PT","copyrightYear":"2024","copyrightHolder":{"@id":"https:\/\/www.altominho.tv\/site\/#organization"}},{"@type":"WebPage","@id":"https:\/\/www.altominho.tv\/site\/2024\/10\/10\/viana-do-castelo-gastronomia-petiscos\/","url":"https:\/\/www.altominho.tv\/site\/2024\/10\/10\/viana-do-castelo-gastronomia-petiscos\/","name":"Festival de Sopas e Petiscos est\u00e1 de regresso esta sexta e s\u00e1bado a Vila Nova de Anha","isPartOf":{"@id":"https:\/\/www.altominho.tv\/site\/#website"},"primaryImageOfPage":{"@id":"https:\/\/www.altominho.tv\/site\/2024\/10\/10\/viana-do-castelo-gastronomia-petiscos\/#primaryimage"},"image":{"@id":"https:\/\/www.altominho.tv\/site\/2024\/10\/10\/viana-do-castelo-gastronomia-petiscos\/#primaryimage"},"thumbnailUrl":"https:\/\/www.altominho.tv\/site\/wp-content\/uploads\/2024\/10\/sopas.jpg","datePublished":"2024-10-10T15:03:10+00:00","dateModified":"2024-10-10T15:03:12+00:00","author":{"@id":"https:\/\/www.altominho.tv\/site\/#\/schema\/person\/a0e4ef6d041f98ca284393d8f1d97153"},"description":"O Festival de Sopas e Petiscos est\u00e1 de regresso este fim de semana a Vila Nova de Anha, em Viana do Castelo.","breadcrumb":{"@id":"https:\/\/www.altominho.tv\/site\/2024\/10\/10\/viana-do-castelo-gastronomia-petiscos\/#breadcrumb"},"inLanguage":"pt-PT","potentialAction":[{"@type":"ReadAction","target":["https:\/\/www.altominho.tv\/site\/2024\/10\/10\/viana-do-castelo-gastronomia-petiscos\/"]}]},{"@type":"ImageObject","inLanguage":"pt-PT","@id":"https:\/\/www.altominho.tv\/site\/2024\/10\/10\/viana-do-castelo-gastronomia-petiscos\/#primaryimage","url":"https:\/\/www.altominho.tv\/site\/wp-content\/uploads\/2024\/10\/sopas.jpg","contentUrl":"https:\/\/www.altominho.tv\/site\/wp-content\/uploads\/2024\/10\/sopas.jpg","width":700,"height":474,"caption":"Imagem Ilustrativa"},{"@type":"BreadcrumbList","@id":"https:\/\/www.altominho.tv\/site\/2024\/10\/10\/viana-do-castelo-gastronomia-petiscos\/#breadcrumb","itemListElement":[{"@type":"ListItem","position":1,"name":"In\u00edcio","item":"https:\/\/www.altominho.tv\/site\/"},{"@type":"ListItem","position":2,"name":"Festival de Sopas e Petiscos est\u00e1 de regresso esta sexta e s\u00e1bado a Vila Nova de Anha"}]},{"@type":"WebSite","@id":"https:\/\/www.altominho.tv\/site\/#website","url":"https:\/\/www.altominho.tv\/site\/","name":"Altominho.tv","description":"A sua regi\u00e3o \u00e0 dist\u00e2ncia de um clique...","potentialAction":[{"@type":"SearchAction","target":{"@type":"EntryPoint","urlTemplate":"https:\/\/www.altominho.tv\/site\/?s={search_term_string}"},"query-input":{"@type":"PropertyValueSpecification","valueRequired":true,"valueName":"search_term_string"}}],"inLanguage":"pt-PT"},{"@type":"Person","@id":"https:\/\/www.altominho.tv\/site\/#\/schema\/person\/a0e4ef6d041f98ca284393d8f1d97153","name":"Andreia Cunha","image":{"@type":"ImageObject","inLanguage":"pt-PT","@id":"https:\/\/www.altominho.tv\/site\/wp-content\/uploads\/2017\/11\/Andreia_Cunha-1-150x150.jpg","url":"https:\/\/www.altominho.tv\/site\/wp-content\/uploads\/2017\/11\/Andreia_Cunha-1-150x150.jpg","contentUrl":"https:\/\/www.altominho.tv\/site\/wp-content\/uploads\/2017\/11\/Andreia_Cunha-1-150x150.jpg","caption":"Andreia Cunha"},"url":"https:\/\/www.altominho.tv\/site\/author\/andreiacunha\/"}]}},"_links":{"self":[{"href":"https:\/\/www.altominho.tv\/site\/wp-json\/wp\/v2\/posts\/111375","targetHints":{"allow":["GET"]}}],"collection":[{"href":"https:\/\/www.altominho.tv\/site\/wp-json\/wp\/v2\/posts"}],"about":[{"href":"https:\/\/www.altominho.tv\/site\/wp-json\/wp\/v2\/types\/post"}],"author":[{"embeddable":true,"href":"https:\/\/www.altominho.tv\/site\/wp-json\/wp\/v2\/users\/7"}],"replies":[{"embeddable":true,"href":"https:\/\/www.altominho.tv\/site\/wp-json\/wp\/v2\/comments?post=111375"}],"version-history":[{"count":1,"href":"https:\/\/www.altominho.tv\/site\/wp-json\/wp\/v2\/posts\/111375\/revisions"}],"predecessor-version":[{"id":111378,"href":"https:\/\/www.altominho.tv\/site\/wp-json\/wp\/v2\/posts\/111375\/revisions\/111378"}],"wp:featuredmedia":[{"embeddable":true,"href":"https:\/\/www.altominho.tv\/site\/wp-json\/wp\/v2\/media\/111377"}],"wp:attachment":[{"href":"https:\/\/www.altominho.tv\/site\/wp-json\/wp\/v2\/media?parent=111375"}],"wp:term":[{"taxonomy":"category","embeddable":true,"href":"https:\/\/www.altominho.tv\/site\/wp-json\/wp\/v2\/categories?post=111375"},{"taxonomy":"post_tag","embeddable":true,"href":"https:\/\/www.altominho.tv\/site\/wp-json\/wp\/v2\/tags?post=111375"}],"curies":[{"name":"wp","href":"https:\/\/api.w.org\/{rel}","templated":true}]}}