{"id":111331,"date":"2024-10-10T09:11:55","date_gmt":"2024-10-10T08:11:55","guid":{"rendered":"https:\/\/www.altominho.tv\/site\/?p=111331"},"modified":"2024-10-10T09:11:57","modified_gmt":"2024-10-10T08:11:57","slug":"estudantes-brasileiras-completam-mestrado-no-ipvc-gracas-a-acordo-com-universidade-do-brasil","status":"publish","type":"post","link":"https:\/\/www.altominho.tv\/site\/2024\/10\/10\/estudantes-brasileiras-completam-mestrado-no-ipvc-gracas-a-acordo-com-universidade-do-brasil\/","title":{"rendered":"Estudantes brasileiras completam mestrado no IPVC gra\u00e7as a acordo com universidade do Brasil"},"content":{"rendered":"<p>O Polit\u00e9cnico de Viana do Castelo (IPVC) recebe, pela primeira vez, duas estudantes brasileiras ao abrigo de um acordo de Dupla Titula\u00e7\u00e3o com a Universidade do Extremo Sul Catarinense (UNESC).<\/p>\n<p>Eduarda Fraga Olivo e Mariane de Souza Pereira, estudantes do mestrado em Ci\u00eancia e Engenharia de Materiais da UNESC, chegaram ao IPVC para completar parte do Mestrado em Engenharia Mec\u00e2nica, Energia e Materiais, na Escola Superior de Tecnologia e Gest\u00e3o (ESTG-IPVC).<\/p>\n<p>A sua presen\u00e7a resulta de um acordo de coopera\u00e7\u00e3o internacional entre o IPVC e a UNESC, permitindo-lhes obter um diploma v\u00e1lido tanto na Uni\u00e3o Europeia como no Brasil.<\/p>\n<p>Estas estudantes j\u00e1 fazem parte da hist\u00f3ria das duas institui\u00e7\u00f5es por serem as primeiras a participar no programa de Dupla Titula\u00e7\u00e3o.<\/p>\n<p>Manuel Ribeiro, docente e investigador do Polit\u00e9cnico de Viana do Castelo, respons\u00e1vel por acompanhar as estudantes durante a sua estadia, expressou a sua satisfa\u00e7\u00e3o com esta etapa inovadora: \u201cA chegada da Eduarda e da Mariane ao Polit\u00e9cnico de Viana do Castelo simboliza o fortalecimento da nossa pol\u00edtica de internacionaliza\u00e7\u00e3o e abre portas para futuras trocas e aprendizagens m\u00fatuas. \u00c9 um privil\u00e9gio receber estudantes com o entusiasmo e a vontade de aprender que ambas demonstram, e acredito que esta experi\u00eancia ser\u00e1 extremamente enriquecedora para todos n\u00f3s.\u201d<\/p>\n<p>\u00c0 chegada ao Polit\u00e9cnico de Viana do Castelo, Eduarda Fraga Olivo n\u00e3o escondeu o entusiasmo: \u201cAs expectativas s\u00e3o altas, tudo \u00e9 novo para n\u00f3s. Esta oportunidade \u00e9 \u00fanica e toda a mobiliza\u00e7\u00e3o das duas institui\u00e7\u00f5es para tornar isto poss\u00edvel tem sido extremamente enriquecedora. Temos sido muito bem acolhidas por todos.\u201d<\/p>\n<p>Mariane de Souza Pereira partilhou o seu entusiasmo com o programa e a oportunidade de obter um diploma v\u00e1lido na Uni\u00e3o Europeia e no Brasil: \u201cEstou muito expectante com as disciplinas e em poder ter um diploma v\u00e1lido c\u00e1 e l\u00e1. Sabemos que os m\u00e9todos de ensino s\u00e3o diferentes, e penso que isso ir\u00e1 enriquecer bastante o nosso curr\u00edculo. Vamos ficar entre nove meses e um ano, o que \u00e9 um desafio, inclusive para as nossas fam\u00edlias, mas temos o apoio delas.\u201d<\/p>\n","protected":false},"excerpt":{"rendered":"<p>O Polit\u00e9cnico de Viana do Castelo (IPVC) recebe, pela primeira vez, duas estudantes brasileiras ao abrigo de um acordo de Dupla Titula\u00e7\u00e3o com a Universidade do Extremo Sul Catarinense (UNESC). Eduarda Fraga Olivo e Mariane de Souza Pereira, estudantes do mestrado em Ci\u00eancia e Engenharia de Materiais da UNESC, chegaram ao IPVC para completar parte [&hellip;]<\/p>\n","protected":false},"author":1,"featured_media":111332,"comment_status":"closed","ping_status":"closed","sticky":false,"template":"","format":"standard","meta":{"_exactmetrics_skip_tracking":false,"_exactmetrics_sitenote_active":false,"_exactmetrics_sitenote_note":"","_exactmetrics_sitenote_category":0,"footnotes":""},"categories":[14],"tags":[22],"class_list":["post-111331","post","type-post","status-publish","format-standard","has-post-thumbnail","hentry","category-viana-do-castelo","tag-educacao"],"yoast_head":"<!-- This site is optimized with the Yoast SEO Premium plugin v27.4 (Yoast SEO v27.4) - https:\/\/yoast.com\/product\/yoast-seo-premium-wordpress\/ -->\n<title>Estudantes brasileiras completam mestrado no IPVC gra\u00e7as a acordo com universidade do Brasil<\/title>\n<meta name=\"description\" content=\"O Polit\u00e9cnico de Viana do Castelo (IPVC) recebe, pela primeira vez, duas estudantes brasileiras ao abrigo de um acordo de Dupla Titula\u00e7\u00e3o com a Universidade do Extremo Sul Catarinense (UNESC).\" \/>\n<meta name=\"robots\" content=\"index, follow, max-snippet:-1, max-image-preview:large, max-video-preview:-1\" \/>\n<link rel=\"canonical\" href=\"https:\/\/www.altominho.tv\/site\/2024\/10\/10\/estudantes-brasileiras-completam-mestrado-no-ipvc-gracas-a-acordo-com-universidade-do-brasil\/\" \/>\n<meta property=\"og:locale\" content=\"pt_PT\" \/>\n<meta property=\"og:type\" content=\"article\" \/>\n<meta property=\"og:title\" content=\"Estudantes brasileiras completam mestrado no IPVC gra\u00e7as a acordo com universidade do Brasil\" \/>\n<meta property=\"og:description\" content=\"O Polit\u00e9cnico de Viana do Castelo (IPVC) recebe, pela primeira vez, duas estudantes brasileiras ao abrigo de um acordo de Dupla Titula\u00e7\u00e3o com a Universidade do Extremo Sul Catarinense (UNESC).\" \/>\n<meta property=\"og:url\" content=\"https:\/\/www.altominho.tv\/site\/2024\/10\/10\/estudantes-brasileiras-completam-mestrado-no-ipvc-gracas-a-acordo-com-universidade-do-brasil\/\" \/>\n<meta property=\"og:site_name\" content=\"Altominho.tv\" \/>\n<meta property=\"article:publisher\" content=\"https:\/\/www.facebook.com\/altominhotv\" \/>\n<meta property=\"article:published_time\" content=\"2024-10-10T08:11:55+00:00\" \/>\n<meta property=\"article:modified_time\" content=\"2024-10-10T08:11:57+00:00\" \/>\n<meta property=\"og:image\" content=\"https:\/\/www.altominho.tv\/site\/wp-content\/uploads\/2024\/10\/alunas-brasileiras-IPVC.jpg\" \/>\n\t<meta property=\"og:image:width\" content=\"2000\" \/>\n\t<meta property=\"og:image:height\" content=\"1125\" \/>\n\t<meta property=\"og:image:type\" content=\"image\/jpeg\" \/>\n<meta name=\"author\" content=\"Altominho.tv\" \/>\n<meta name=\"twitter:card\" content=\"summary_large_image\" \/>\n<meta name=\"twitter:creator\" content=\"@altominhoTV\" \/>\n<meta name=\"twitter:site\" content=\"@altominhoTV\" \/>\n<meta name=\"twitter:label1\" content=\"Escrito por\" \/>\n\t<meta name=\"twitter:data1\" content=\"Altominho.tv\" \/>\n\t<meta name=\"twitter:label2\" content=\"Tempo estimado de leitura\" \/>\n\t<meta name=\"twitter:data2\" content=\"3 minutos\" \/>\n<script type=\"application\/ld+json\" class=\"yoast-schema-graph\">{\"@context\":\"https:\\\/\\\/schema.org\",\"@graph\":[{\"@type\":\"Article\",\"@id\":\"https:\\\/\\\/www.altominho.tv\\\/site\\\/2024\\\/10\\\/10\\\/estudantes-brasileiras-completam-mestrado-no-ipvc-gracas-a-acordo-com-universidade-do-brasil\\\/#article\",\"isPartOf\":{\"@id\":\"https:\\\/\\\/www.altominho.tv\\\/site\\\/2024\\\/10\\\/10\\\/estudantes-brasileiras-completam-mestrado-no-ipvc-gracas-a-acordo-com-universidade-do-brasil\\\/\"},\"author\":{\"name\":\"Altominho.tv\",\"@id\":\"https:\\\/\\\/www.altominho.tv\\\/site\\\/#\\\/schema\\\/person\\\/4e536851627d7914baf3dac752b6af22\"},\"headline\":\"Estudantes brasileiras completam mestrado no IPVC gra\u00e7as a acordo com universidade do Brasil\",\"datePublished\":\"2024-10-10T08:11:55+00:00\",\"dateModified\":\"2024-10-10T08:11:57+00:00\",\"mainEntityOfPage\":{\"@id\":\"https:\\\/\\\/www.altominho.tv\\\/site\\\/2024\\\/10\\\/10\\\/estudantes-brasileiras-completam-mestrado-no-ipvc-gracas-a-acordo-com-universidade-do-brasil\\\/\"},\"wordCount\":382,\"image\":{\"@id\":\"https:\\\/\\\/www.altominho.tv\\\/site\\\/2024\\\/10\\\/10\\\/estudantes-brasileiras-completam-mestrado-no-ipvc-gracas-a-acordo-com-universidade-do-brasil\\\/#primaryimage\"},\"thumbnailUrl\":\"https:\\\/\\\/www.altominho.tv\\\/site\\\/wp-content\\\/uploads\\\/2024\\\/10\\\/alunas-brasileiras-IPVC.jpg\",\"keywords\":[\"Educa\u00e7\u00e3o\"],\"articleSection\":[\"Viana do Castelo\"],\"inLanguage\":\"pt-PT\",\"copyrightYear\":\"2024\",\"copyrightHolder\":{\"@id\":\"https:\\\/\\\/www.altominho.tv\\\/site\\\/#organization\"}},{\"@type\":\"WebPage\",\"@id\":\"https:\\\/\\\/www.altominho.tv\\\/site\\\/2024\\\/10\\\/10\\\/estudantes-brasileiras-completam-mestrado-no-ipvc-gracas-a-acordo-com-universidade-do-brasil\\\/\",\"url\":\"https:\\\/\\\/www.altominho.tv\\\/site\\\/2024\\\/10\\\/10\\\/estudantes-brasileiras-completam-mestrado-no-ipvc-gracas-a-acordo-com-universidade-do-brasil\\\/\",\"name\":\"Estudantes brasileiras completam mestrado no IPVC gra\u00e7as a acordo com universidade do Brasil\",\"isPartOf\":{\"@id\":\"https:\\\/\\\/www.altominho.tv\\\/site\\\/#website\"},\"primaryImageOfPage\":{\"@id\":\"https:\\\/\\\/www.altominho.tv\\\/site\\\/2024\\\/10\\\/10\\\/estudantes-brasileiras-completam-mestrado-no-ipvc-gracas-a-acordo-com-universidade-do-brasil\\\/#primaryimage\"},\"image\":{\"@id\":\"https:\\\/\\\/www.altominho.tv\\\/site\\\/2024\\\/10\\\/10\\\/estudantes-brasileiras-completam-mestrado-no-ipvc-gracas-a-acordo-com-universidade-do-brasil\\\/#primaryimage\"},\"thumbnailUrl\":\"https:\\\/\\\/www.altominho.tv\\\/site\\\/wp-content\\\/uploads\\\/2024\\\/10\\\/alunas-brasileiras-IPVC.jpg\",\"datePublished\":\"2024-10-10T08:11:55+00:00\",\"dateModified\":\"2024-10-10T08:11:57+00:00\",\"author\":{\"@id\":\"https:\\\/\\\/www.altominho.tv\\\/site\\\/#\\\/schema\\\/person\\\/4e536851627d7914baf3dac752b6af22\"},\"description\":\"O Polit\u00e9cnico de Viana do Castelo (IPVC) recebe, pela primeira vez, duas estudantes brasileiras ao abrigo de um acordo de Dupla Titula\u00e7\u00e3o com a Universidade do Extremo Sul Catarinense (UNESC).\",\"breadcrumb\":{\"@id\":\"https:\\\/\\\/www.altominho.tv\\\/site\\\/2024\\\/10\\\/10\\\/estudantes-brasileiras-completam-mestrado-no-ipvc-gracas-a-acordo-com-universidade-do-brasil\\\/#breadcrumb\"},\"inLanguage\":\"pt-PT\",\"potentialAction\":[{\"@type\":\"ReadAction\",\"target\":[\"https:\\\/\\\/www.altominho.tv\\\/site\\\/2024\\\/10\\\/10\\\/estudantes-brasileiras-completam-mestrado-no-ipvc-gracas-a-acordo-com-universidade-do-brasil\\\/\"]}]},{\"@type\":\"ImageObject\",\"inLanguage\":\"pt-PT\",\"@id\":\"https:\\\/\\\/www.altominho.tv\\\/site\\\/2024\\\/10\\\/10\\\/estudantes-brasileiras-completam-mestrado-no-ipvc-gracas-a-acordo-com-universidade-do-brasil\\\/#primaryimage\",\"url\":\"https:\\\/\\\/www.altominho.tv\\\/site\\\/wp-content\\\/uploads\\\/2024\\\/10\\\/alunas-brasileiras-IPVC.jpg\",\"contentUrl\":\"https:\\\/\\\/www.altominho.tv\\\/site\\\/wp-content\\\/uploads\\\/2024\\\/10\\\/alunas-brasileiras-IPVC.jpg\",\"width\":2000,\"height\":1125},{\"@type\":\"BreadcrumbList\",\"@id\":\"https:\\\/\\\/www.altominho.tv\\\/site\\\/2024\\\/10\\\/10\\\/estudantes-brasileiras-completam-mestrado-no-ipvc-gracas-a-acordo-com-universidade-do-brasil\\\/#breadcrumb\",\"itemListElement\":[{\"@type\":\"ListItem\",\"position\":1,\"name\":\"In\u00edcio\",\"item\":\"https:\\\/\\\/www.altominho.tv\\\/site\\\/\"},{\"@type\":\"ListItem\",\"position\":2,\"name\":\"Estudantes brasileiras completam mestrado no IPVC gra\u00e7as a acordo com universidade do Brasil\"}]},{\"@type\":\"WebSite\",\"@id\":\"https:\\\/\\\/www.altominho.tv\\\/site\\\/#website\",\"url\":\"https:\\\/\\\/www.altominho.tv\\\/site\\\/\",\"name\":\"Altominho.tv\",\"description\":\"A sua regi\u00e3o \u00e0 dist\u00e2ncia de um clique...\",\"potentialAction\":[{\"@type\":\"SearchAction\",\"target\":{\"@type\":\"EntryPoint\",\"urlTemplate\":\"https:\\\/\\\/www.altominho.tv\\\/site\\\/?s={search_term_string}\"},\"query-input\":{\"@type\":\"PropertyValueSpecification\",\"valueRequired\":true,\"valueName\":\"search_term_string\"}}],\"inLanguage\":\"pt-PT\"},{\"@type\":\"Person\",\"@id\":\"https:\\\/\\\/www.altominho.tv\\\/site\\\/#\\\/schema\\\/person\\\/4e536851627d7914baf3dac752b6af22\",\"name\":\"Altominho.tv\",\"image\":{\"@type\":\"ImageObject\",\"inLanguage\":\"pt-PT\",\"@id\":\"https:\\\/\\\/www.altominho.tv\\\/site\\\/wp-content\\\/uploads\\\/2019\\\/11\\\/Logo_Avatar_2-150x150.jpg\",\"url\":\"https:\\\/\\\/www.altominho.tv\\\/site\\\/wp-content\\\/uploads\\\/2019\\\/11\\\/Logo_Avatar_2-150x150.jpg\",\"contentUrl\":\"https:\\\/\\\/www.altominho.tv\\\/site\\\/wp-content\\\/uploads\\\/2019\\\/11\\\/Logo_Avatar_2-150x150.jpg\",\"caption\":\"Altominho.tv\"},\"url\":\"https:\\\/\\\/www.altominho.tv\\\/site\\\/author\\\/altominhotv-tecnico\\\/\"}]}<\/script>\n<!-- \/ Yoast SEO Premium plugin. -->","yoast_head_json":{"title":"Estudantes brasileiras completam mestrado no IPVC gra\u00e7as a acordo com universidade do Brasil","description":"O Polit\u00e9cnico de Viana do Castelo (IPVC) recebe, pela primeira vez, duas estudantes brasileiras ao abrigo de um acordo de Dupla Titula\u00e7\u00e3o com a Universidade do Extremo Sul Catarinense (UNESC).","robots":{"index":"index","follow":"follow","max-snippet":"max-snippet:-1","max-image-preview":"max-image-preview:large","max-video-preview":"max-video-preview:-1"},"canonical":"https:\/\/www.altominho.tv\/site\/2024\/10\/10\/estudantes-brasileiras-completam-mestrado-no-ipvc-gracas-a-acordo-com-universidade-do-brasil\/","og_locale":"pt_PT","og_type":"article","og_title":"Estudantes brasileiras completam mestrado no IPVC gra\u00e7as a acordo com universidade do Brasil","og_description":"O Polit\u00e9cnico de Viana do Castelo (IPVC) recebe, pela primeira vez, duas estudantes brasileiras ao abrigo de um acordo de Dupla Titula\u00e7\u00e3o com a Universidade do Extremo Sul Catarinense (UNESC).","og_url":"https:\/\/www.altominho.tv\/site\/2024\/10\/10\/estudantes-brasileiras-completam-mestrado-no-ipvc-gracas-a-acordo-com-universidade-do-brasil\/","og_site_name":"Altominho.tv","article_publisher":"https:\/\/www.facebook.com\/altominhotv","article_published_time":"2024-10-10T08:11:55+00:00","article_modified_time":"2024-10-10T08:11:57+00:00","og_image":[{"width":2000,"height":1125,"url":"https:\/\/www.altominho.tv\/site\/wp-content\/uploads\/2024\/10\/alunas-brasileiras-IPVC.jpg","type":"image\/jpeg"}],"author":"Altominho.tv","twitter_card":"summary_large_image","twitter_creator":"@altominhoTV","twitter_site":"@altominhoTV","twitter_misc":{"Escrito por":"Altominho.tv","Tempo estimado de leitura":"3 minutos"},"schema":{"@context":"https:\/\/schema.org","@graph":[{"@type":"Article","@id":"https:\/\/www.altominho.tv\/site\/2024\/10\/10\/estudantes-brasileiras-completam-mestrado-no-ipvc-gracas-a-acordo-com-universidade-do-brasil\/#article","isPartOf":{"@id":"https:\/\/www.altominho.tv\/site\/2024\/10\/10\/estudantes-brasileiras-completam-mestrado-no-ipvc-gracas-a-acordo-com-universidade-do-brasil\/"},"author":{"name":"Altominho.tv","@id":"https:\/\/www.altominho.tv\/site\/#\/schema\/person\/4e536851627d7914baf3dac752b6af22"},"headline":"Estudantes brasileiras completam mestrado no IPVC gra\u00e7as a acordo com universidade do Brasil","datePublished":"2024-10-10T08:11:55+00:00","dateModified":"2024-10-10T08:11:57+00:00","mainEntityOfPage":{"@id":"https:\/\/www.altominho.tv\/site\/2024\/10\/10\/estudantes-brasileiras-completam-mestrado-no-ipvc-gracas-a-acordo-com-universidade-do-brasil\/"},"wordCount":382,"image":{"@id":"https:\/\/www.altominho.tv\/site\/2024\/10\/10\/estudantes-brasileiras-completam-mestrado-no-ipvc-gracas-a-acordo-com-universidade-do-brasil\/#primaryimage"},"thumbnailUrl":"https:\/\/www.altominho.tv\/site\/wp-content\/uploads\/2024\/10\/alunas-brasileiras-IPVC.jpg","keywords":["Educa\u00e7\u00e3o"],"articleSection":["Viana do Castelo"],"inLanguage":"pt-PT","copyrightYear":"2024","copyrightHolder":{"@id":"https:\/\/www.altominho.tv\/site\/#organization"}},{"@type":"WebPage","@id":"https:\/\/www.altominho.tv\/site\/2024\/10\/10\/estudantes-brasileiras-completam-mestrado-no-ipvc-gracas-a-acordo-com-universidade-do-brasil\/","url":"https:\/\/www.altominho.tv\/site\/2024\/10\/10\/estudantes-brasileiras-completam-mestrado-no-ipvc-gracas-a-acordo-com-universidade-do-brasil\/","name":"Estudantes brasileiras completam mestrado no IPVC gra\u00e7as a acordo com universidade do Brasil","isPartOf":{"@id":"https:\/\/www.altominho.tv\/site\/#website"},"primaryImageOfPage":{"@id":"https:\/\/www.altominho.tv\/site\/2024\/10\/10\/estudantes-brasileiras-completam-mestrado-no-ipvc-gracas-a-acordo-com-universidade-do-brasil\/#primaryimage"},"image":{"@id":"https:\/\/www.altominho.tv\/site\/2024\/10\/10\/estudantes-brasileiras-completam-mestrado-no-ipvc-gracas-a-acordo-com-universidade-do-brasil\/#primaryimage"},"thumbnailUrl":"https:\/\/www.altominho.tv\/site\/wp-content\/uploads\/2024\/10\/alunas-brasileiras-IPVC.jpg","datePublished":"2024-10-10T08:11:55+00:00","dateModified":"2024-10-10T08:11:57+00:00","author":{"@id":"https:\/\/www.altominho.tv\/site\/#\/schema\/person\/4e536851627d7914baf3dac752b6af22"},"description":"O Polit\u00e9cnico de Viana do Castelo (IPVC) recebe, pela primeira vez, duas estudantes brasileiras ao abrigo de um acordo de Dupla Titula\u00e7\u00e3o com a Universidade do Extremo Sul Catarinense (UNESC).","breadcrumb":{"@id":"https:\/\/www.altominho.tv\/site\/2024\/10\/10\/estudantes-brasileiras-completam-mestrado-no-ipvc-gracas-a-acordo-com-universidade-do-brasil\/#breadcrumb"},"inLanguage":"pt-PT","potentialAction":[{"@type":"ReadAction","target":["https:\/\/www.altominho.tv\/site\/2024\/10\/10\/estudantes-brasileiras-completam-mestrado-no-ipvc-gracas-a-acordo-com-universidade-do-brasil\/"]}]},{"@type":"ImageObject","inLanguage":"pt-PT","@id":"https:\/\/www.altominho.tv\/site\/2024\/10\/10\/estudantes-brasileiras-completam-mestrado-no-ipvc-gracas-a-acordo-com-universidade-do-brasil\/#primaryimage","url":"https:\/\/www.altominho.tv\/site\/wp-content\/uploads\/2024\/10\/alunas-brasileiras-IPVC.jpg","contentUrl":"https:\/\/www.altominho.tv\/site\/wp-content\/uploads\/2024\/10\/alunas-brasileiras-IPVC.jpg","width":2000,"height":1125},{"@type":"BreadcrumbList","@id":"https:\/\/www.altominho.tv\/site\/2024\/10\/10\/estudantes-brasileiras-completam-mestrado-no-ipvc-gracas-a-acordo-com-universidade-do-brasil\/#breadcrumb","itemListElement":[{"@type":"ListItem","position":1,"name":"In\u00edcio","item":"https:\/\/www.altominho.tv\/site\/"},{"@type":"ListItem","position":2,"name":"Estudantes brasileiras completam mestrado no IPVC gra\u00e7as a acordo com universidade do Brasil"}]},{"@type":"WebSite","@id":"https:\/\/www.altominho.tv\/site\/#website","url":"https:\/\/www.altominho.tv\/site\/","name":"Altominho.tv","description":"A sua regi\u00e3o \u00e0 dist\u00e2ncia de um clique...","potentialAction":[{"@type":"SearchAction","target":{"@type":"EntryPoint","urlTemplate":"https:\/\/www.altominho.tv\/site\/?s={search_term_string}"},"query-input":{"@type":"PropertyValueSpecification","valueRequired":true,"valueName":"search_term_string"}}],"inLanguage":"pt-PT"},{"@type":"Person","@id":"https:\/\/www.altominho.tv\/site\/#\/schema\/person\/4e536851627d7914baf3dac752b6af22","name":"Altominho.tv","image":{"@type":"ImageObject","inLanguage":"pt-PT","@id":"https:\/\/www.altominho.tv\/site\/wp-content\/uploads\/2019\/11\/Logo_Avatar_2-150x150.jpg","url":"https:\/\/www.altominho.tv\/site\/wp-content\/uploads\/2019\/11\/Logo_Avatar_2-150x150.jpg","contentUrl":"https:\/\/www.altominho.tv\/site\/wp-content\/uploads\/2019\/11\/Logo_Avatar_2-150x150.jpg","caption":"Altominho.tv"},"url":"https:\/\/www.altominho.tv\/site\/author\/altominhotv-tecnico\/"}]}},"_links":{"self":[{"href":"https:\/\/www.altominho.tv\/site\/wp-json\/wp\/v2\/posts\/111331","targetHints":{"allow":["GET"]}}],"collection":[{"href":"https:\/\/www.altominho.tv\/site\/wp-json\/wp\/v2\/posts"}],"about":[{"href":"https:\/\/www.altominho.tv\/site\/wp-json\/wp\/v2\/types\/post"}],"author":[{"embeddable":true,"href":"https:\/\/www.altominho.tv\/site\/wp-json\/wp\/v2\/users\/1"}],"replies":[{"embeddable":true,"href":"https:\/\/www.altominho.tv\/site\/wp-json\/wp\/v2\/comments?post=111331"}],"version-history":[{"count":1,"href":"https:\/\/www.altominho.tv\/site\/wp-json\/wp\/v2\/posts\/111331\/revisions"}],"predecessor-version":[{"id":111333,"href":"https:\/\/www.altominho.tv\/site\/wp-json\/wp\/v2\/posts\/111331\/revisions\/111333"}],"wp:featuredmedia":[{"embeddable":true,"href":"https:\/\/www.altominho.tv\/site\/wp-json\/wp\/v2\/media\/111332"}],"wp:attachment":[{"href":"https:\/\/www.altominho.tv\/site\/wp-json\/wp\/v2\/media?parent=111331"}],"wp:term":[{"taxonomy":"category","embeddable":true,"href":"https:\/\/www.altominho.tv\/site\/wp-json\/wp\/v2\/categories?post=111331"},{"taxonomy":"post_tag","embeddable":true,"href":"https:\/\/www.altominho.tv\/site\/wp-json\/wp\/v2\/tags?post=111331"}],"curies":[{"name":"wp","href":"https:\/\/api.w.org\/{rel}","templated":true}]}}